{"id":186,"date":"2009-04-09T03:37:59","date_gmt":"2009-04-09T03:37:59","guid":{"rendered":"http:\/\/blogs.thesocialmedia.com\/leblogmoto\/2009\/04\/09\/moto-electrique-sommesnous-propres\/"},"modified":"2012-07-11T17:18:03","modified_gmt":"2012-07-11T17:18:03","slug":"moto-electrique-sommesnous-propres","status":"publish","type":"post","link":"https:\/\/blogs.thesocialmedia.com\/leblogmoto\/2009\/04\/09\/moto-electrique-sommesnous-propres\/","title":{"rendered":"Moto \u00e9lectrique &#8211; Sommes-nous propres?"},"content":{"rendered":"<p><a href=\"http:\/\/blogs.thesocialmedia.com\/leblogmoto\/files\/2012\/07\/6a00d83451b18369e20115700d2b4f970b-popup.png\"><img decoding=\"async\" alt=\"Propre1\" class=\"at-xid-6a00d83451b18369e20115700d2b4f970b \" src=\"http:\/\/blogs.thesocialmedia.com\/leblogmoto\/files\/2012\/07\/6a00d83451b18369e20115700d2b4f970b-500wi.jpg\" style=\"width: 470px\" \/><\/a> <\/p>\n<p>Les v\u00e9hicules hybrides ou tout \u00e9lectriques ne cessent de faire les manchettes, les nouveaux produits se bousculent et deviennent, moins objet de curiosit\u00e9, et plus des alternatives viables, pour qui ne rechigne pas trop sur le prix et les al\u00e9as que toutes nouveaut\u00e9s risque de rencontrer.<br \/>Le week-end dernier, <a href=\"http:\/\/www.zeromotorcycles.com\/\">Zero Motorcycles<\/a> pr\u00e9sentait le premier 24 heures d\u2019endurance pour hors route tout \u00e9lectrique. L\u2019\u00e9v\u00e9nement fut un succ\u00e8s, et d\u00e9montre que le jour n\u2019est peut-\u00eatre pas tr\u00e8s \u00e9loign\u00e9 o\u00f9 des engins \u00e0 propulsion, autre que le bon vieux moteur \u00e0 explosion, seront comp\u00e9titifs et accept\u00e9s en comp\u00e9tition.<\/p>\n<p> Le succ\u00e8s et l\u2019acceptation \u00abpopulaire\u00bb passent beaucoup par une visibilit\u00e9 sur les circuits, et l\u2019adage voulant que \u00abGagner le dimanche pour vendre le lundi\u00bb est toujours aussi efficace pour assurer la rentabilit\u00e9 d\u2019une entreprise.<br \/>Il y a des efforts et des objectifs de visibilit\u00e9 que m\u00eame le plus fut\u00e9 des publicitaires ne peut faire et atteindre. Il faut que la machine g\u00e9n\u00e8re du d\u00e9passement (et des d\u00e9passements aussi), de la sueur et de la gloire. Il ne leur suffira pas d\u2019exister, il leur faudra aussi \u00eatre performant et convaincre avant d\u2019\u00eatre accept\u00e9.<br \/>Mais au-del\u00e0 de l\u2019attrait de la nouveaut\u00e9 et de la diff\u00e9rence, demeure un produit de consommation qui, bien que \u00abpropre\u00bb, sollicite son lot de ressources pour sa production et son fonctionnement. Car en Europe, les v\u00e9hicules \u00e9lectriques roulent en fait au nucl\u00e9aire, et pire encore, c\u2019est au charbon qu\u2019ils carburent aux \u00c9tats-Unis. C\u2019est comme faire un pas en avant et deux en arri\u00e8re, cela pour le privil\u00e8ge et la bonne conscience de ne pas polluer, ou si peu, lors de l\u2019utilisation du produit.<br \/>Loin de moi l\u2019id\u00e9e de faire l\u2019apologie du statu quo, mais la question que je pose est la suivante: sommes-nous pr\u00eats et capables d\u2019\u00eatre propres?<\/p>\n<p><a href=\"http:\/\/clabedan.typepad.com\/.a\/6a00d83451b18369e201156f15f92f970c-popup\"><img decoding=\"async\" alt=\"Propre2\" class=\"at-xid-6a00d83451b18369e201156f15f92f970c \" src=\"http:\/\/blogs.thesocialmedia.com\/leblogmoto\/files\/2012\/07\/6a00d83451b18369e201156f15f92f970c-500wi.jpg\" style=\"width: 470px\" \/><\/a> <\/p>\n<p><a href=\"http:\/\/blogs.thesocialmedia.com\/leblogmoto\/files\/2012\/07\/6a00d83451b18369e201156f15f8ff970c-popup.png\"><img decoding=\"async\" alt=\"Propre3\" class=\"at-xid-6a00d83451b18369e201156f15f8ff970c \" src=\"http:\/\/blogs.thesocialmedia.com\/leblogmoto\/files\/2012\/07\/6a00d83451b18369e201156f15f8ff970c-500wi.jpg\" style=\"width: 470px\" \/><\/a> <\/p>\n<p><object height=\"436\" width=\"404\"><param name=\"movie\" value=\"http:\/\/c.brightcove.com\/services\/viewer\/federated_f9\/1813626064?isVid=1&amp;publisherID=1564549380\" \/><param name=\"bgcolor\" value=\"#FFFFFF\" \/><param name=\"flashVars\" value=\"videoId=18732867001&amp;playerID=1813626064&amp;domain=embed&amp;\" \/><param name=\"base\" value=\"http:\/\/admin.brightcove.com\" \/><param name=\"seamlesstabbing\" value=\"false\" \/><param name=\"allowFullScreen\" value=\"true\" \/><param name=\"swLiveConnect\" value=\"true\" \/><param name=\"allowScriptAccess\" value=\"always\" \/><embed height=\"436\" src=\"http:\/\/c.brightcove.com\/services\/viewer\/federated_f9\/1813626064?isVid=1&amp;publisherID=1564549380\" type=\"application\/x-shockwave-flash\" width=\"404\" \/><\/object><\/p>\n","protected":false},"excerpt":{"rendered":"<p>Les v\u00e9hicules hybrides ou tout \u00e9lectriques ne cessent de faire les manchettes, les nouveaux produits se bousculent et deviennent, moins objet de curiosit\u00e9, et plus des alternatives viables, pour qui ne rechigne pas trop sur le prix et les al\u00e9as que toutes nouveaut\u00e9s risque de rencontrer.Le week-end dernier, Zero Motorcycles pr\u00e9sentait le premier 24 heures [&hellip;]<\/p>\n","protected":false},"author":325,"featured_media":13211,"comment_status":"open","ping_status":"open","sticky":false,"template":"","format":"standard","meta":{"footnotes":""},"categories":[30,69,12],"tags":[],"class_list":["post-186","post","type-post","status-publish","format-standard","has-post-thumbnail","hentry","category-bio-carburantsvehicules-propres","category-endurance","category-videos"],"yoast_head":"<!-- This site is optimized with the Yoast SEO plugin v26.0 - https:\/\/yoast.com\/wordpress\/plugins\/seo\/ -->\n<title>Moto \u00e9lectrique - Sommes-nous propres? - leblogmoto.com<\/title>\n<meta name=\"robots\" content=\"index, follow, max-snippet:-1, max-image-preview:large, max-video-preview:-1\" \/>\n<link rel=\"canonical\" href=\"https:\/\/blogs.thesocialmedia.com\/leblogmoto\/2009\/04\/09\/moto-electrique-sommesnous-propres\/\" \/>\n<meta name=\"twitter:card\" content=\"summary_large_image\" \/>\n<meta name=\"twitter:title\" content=\"Moto \u00e9lectrique - Sommes-nous propres? - leblogmoto.com\" \/>\n<meta name=\"twitter:description\" content=\"Les v\u00e9hicules hybrides ou tout \u00e9lectriques ne cessent de faire les manchettes, les nouveaux produits se bousculent et deviennent, moins objet de curiosit\u00e9, et plus des alternatives viables, pour qui ne rechigne pas trop sur le prix et les al\u00e9as que toutes nouveaut\u00e9s risque de rencontrer.Le week-end dernier, Zero Motorcycles pr\u00e9sentait le premier 24 heures [&hellip;]\" \/>\n<meta name=\"twitter:image\" content=\"https:\/\/blogs.thesocialmedia.com\/leblogmoto\/files\/2012\/07\/6a00d83451b18369e20115700d2b4f970b-500wi.jpg\" \/>\n<meta name=\"twitter:label1\" content=\"\u00c9crit par\" \/>\n\t<meta name=\"twitter:data1\" content=\"jacques lesage\" \/>\n\t<meta name=\"twitter:label2\" content=\"Dur\u00e9e de lecture estim\u00e9e\" \/>\n\t<meta name=\"twitter:data2\" content=\"2 minutes\" \/>\n<script type=\"application\/ld+json\" class=\"yoast-schema-graph\">{\"@context\":\"https:\/\/schema.org\",\"@graph\":[{\"@type\":\"WebPage\",\"@id\":\"https:\/\/blogs.thesocialmedia.com\/leblogmoto\/2009\/04\/09\/moto-electrique-sommesnous-propres\/\",\"url\":\"https:\/\/blogs.thesocialmedia.com\/leblogmoto\/2009\/04\/09\/moto-electrique-sommesnous-propres\/\",\"name\":\"Moto \u00e9lectrique - Sommes-nous propres? - leblogmoto.com\",\"isPartOf\":{\"@id\":\"https:\/\/blogs.thesocialmedia.com\/leblogmoto\/#website\"},\"primaryImageOfPage\":{\"@id\":\"https:\/\/blogs.thesocialmedia.com\/leblogmoto\/2009\/04\/09\/moto-electrique-sommesnous-propres\/#primaryimage\"},\"image\":{\"@id\":\"https:\/\/blogs.thesocialmedia.com\/leblogmoto\/2009\/04\/09\/moto-electrique-sommesnous-propres\/#primaryimage\"},\"thumbnailUrl\":\"https:\/\/blogs.thesocialmedia.com\/leblogmoto\/files\/2012\/07\/6a00d83451b18369e20115700d2b4f970b-500wi.jpg\",\"datePublished\":\"2009-04-09T03:37:59+00:00\",\"dateModified\":\"2012-07-11T17:18:03+00:00\",\"author\":{\"@id\":\"https:\/\/blogs.thesocialmedia.com\/leblogmoto\/#\/schema\/person\/e82a0ca8a9a63d031586097a3ed58526\"},\"breadcrumb\":{\"@id\":\"https:\/\/blogs.thesocialmedia.com\/leblogmoto\/2009\/04\/09\/moto-electrique-sommesnous-propres\/#breadcrumb\"},\"inLanguage\":\"fr-FR\",\"potentialAction\":[{\"@type\":\"ReadAction\",\"target\":[\"https:\/\/blogs.thesocialmedia.com\/leblogmoto\/2009\/04\/09\/moto-electrique-sommesnous-propres\/\"]}]},{\"@type\":\"ImageObject\",\"inLanguage\":\"fr-FR\",\"@id\":\"https:\/\/blogs.thesocialmedia.com\/leblogmoto\/2009\/04\/09\/moto-electrique-sommesnous-propres\/#primaryimage\",\"url\":\"https:\/\/blogs.thesocialmedia.com\/leblogmoto\/files\/2012\/07\/6a00d83451b18369e20115700d2b4f970b-500wi.jpg\",\"contentUrl\":\"https:\/\/blogs.thesocialmedia.com\/leblogmoto\/files\/2012\/07\/6a00d83451b18369e20115700d2b4f970b-500wi.jpg\",\"width\":\"500\",\"height\":\"333\"},{\"@type\":\"BreadcrumbList\",\"@id\":\"https:\/\/blogs.thesocialmedia.com\/leblogmoto\/2009\/04\/09\/moto-electrique-sommesnous-propres\/#breadcrumb\",\"itemListElement\":[{\"@type\":\"ListItem\",\"position\":1,\"name\":\"Accueil\",\"item\":\"https:\/\/blogs.thesocialmedia.com\/leblogmoto\/\"},{\"@type\":\"ListItem\",\"position\":2,\"name\":\"Moto \u00e9lectrique &#8211; Sommes-nous propres?\"}]},{\"@type\":\"WebSite\",\"@id\":\"https:\/\/blogs.thesocialmedia.com\/leblogmoto\/#website\",\"url\":\"https:\/\/blogs.thesocialmedia.com\/leblogmoto\/\",\"name\":\"leblogmoto\",\"description\":\"Toute l&#039;actualit\u00e9 des 2 roues\",\"potentialAction\":[{\"@type\":\"SearchAction\",\"target\":{\"@type\":\"EntryPoint\",\"urlTemplate\":\"https:\/\/blogs.thesocialmedia.com\/leblogmoto\/?s={search_term_string}\"},\"query-input\":{\"@type\":\"PropertyValueSpecification\",\"valueRequired\":true,\"valueName\":\"search_term_string\"}}],\"inLanguage\":\"fr-FR\"},{\"@type\":\"Person\",\"@id\":\"https:\/\/blogs.thesocialmedia.com\/leblogmoto\/#\/schema\/person\/e82a0ca8a9a63d031586097a3ed58526\",\"name\":\"jacques lesage\",\"image\":{\"@type\":\"ImageObject\",\"inLanguage\":\"fr-FR\",\"@id\":\"https:\/\/blogs.thesocialmedia.com\/leblogmoto\/#\/schema\/person\/image\/\",\"url\":\"https:\/\/secure.gravatar.com\/avatar\/?s=96&d=mm&r=g\",\"contentUrl\":\"https:\/\/secure.gravatar.com\/avatar\/?s=96&d=mm&r=g\",\"caption\":\"jacques lesage\"},\"url\":\"https:\/\/blogs.thesocialmedia.com\/leblogmoto\/author\/jacques-lesage\/\"}]}<\/script>\n<!-- \/ Yoast SEO plugin. -->","yoast_head_json":{"title":"Moto \u00e9lectrique - Sommes-nous propres? - leblogmoto.com","robots":{"index":"index","follow":"follow","max-snippet":"max-snippet:-1","max-image-preview":"max-image-preview:large","max-video-preview":"max-video-preview:-1"},"canonical":"https:\/\/blogs.thesocialmedia.com\/leblogmoto\/2009\/04\/09\/moto-electrique-sommesnous-propres\/","twitter_card":"summary_large_image","twitter_title":"Moto \u00e9lectrique - Sommes-nous propres? - leblogmoto.com","twitter_description":"Les v\u00e9hicules hybrides ou tout \u00e9lectriques ne cessent de faire les manchettes, les nouveaux produits se bousculent et deviennent, moins objet de curiosit\u00e9, et plus des alternatives viables, pour qui ne rechigne pas trop sur le prix et les al\u00e9as que toutes nouveaut\u00e9s risque de rencontrer.Le week-end dernier, Zero Motorcycles pr\u00e9sentait le premier 24 heures [&hellip;]","twitter_image":"https:\/\/blogs.thesocialmedia.com\/leblogmoto\/files\/2012\/07\/6a00d83451b18369e20115700d2b4f970b-500wi.jpg","twitter_misc":{"\u00c9crit par":"jacques lesage","Dur\u00e9e de lecture estim\u00e9e":"2 minutes"},"schema":{"@context":"https:\/\/schema.org","@graph":[{"@type":"WebPage","@id":"https:\/\/blogs.thesocialmedia.com\/leblogmoto\/2009\/04\/09\/moto-electrique-sommesnous-propres\/","url":"https:\/\/blogs.thesocialmedia.com\/leblogmoto\/2009\/04\/09\/moto-electrique-sommesnous-propres\/","name":"Moto \u00e9lectrique - Sommes-nous propres? - leblogmoto.com","isPartOf":{"@id":"https:\/\/blogs.thesocialmedia.com\/leblogmoto\/#website"},"primaryImageOfPage":{"@id":"https:\/\/blogs.thesocialmedia.com\/leblogmoto\/2009\/04\/09\/moto-electrique-sommesnous-propres\/#primaryimage"},"image":{"@id":"https:\/\/blogs.thesocialmedia.com\/leblogmoto\/2009\/04\/09\/moto-electrique-sommesnous-propres\/#primaryimage"},"thumbnailUrl":"https:\/\/blogs.thesocialmedia.com\/leblogmoto\/files\/2012\/07\/6a00d83451b18369e20115700d2b4f970b-500wi.jpg","datePublished":"2009-04-09T03:37:59+00:00","dateModified":"2012-07-11T17:18:03+00:00","author":{"@id":"https:\/\/blogs.thesocialmedia.com\/leblogmoto\/#\/schema\/person\/e82a0ca8a9a63d031586097a3ed58526"},"breadcrumb":{"@id":"https:\/\/blogs.thesocialmedia.com\/leblogmoto\/2009\/04\/09\/moto-electrique-sommesnous-propres\/#breadcrumb"},"inLanguage":"fr-FR","potentialAction":[{"@type":"ReadAction","target":["https:\/\/blogs.thesocialmedia.com\/leblogmoto\/2009\/04\/09\/moto-electrique-sommesnous-propres\/"]}]},{"@type":"ImageObject","inLanguage":"fr-FR","@id":"https:\/\/blogs.thesocialmedia.com\/leblogmoto\/2009\/04\/09\/moto-electrique-sommesnous-propres\/#primaryimage","url":"https:\/\/blogs.thesocialmedia.com\/leblogmoto\/files\/2012\/07\/6a00d83451b18369e20115700d2b4f970b-500wi.jpg","contentUrl":"https:\/\/blogs.thesocialmedia.com\/leblogmoto\/files\/2012\/07\/6a00d83451b18369e20115700d2b4f970b-500wi.jpg","width":"500","height":"333"},{"@type":"BreadcrumbList","@id":"https:\/\/blogs.thesocialmedia.com\/leblogmoto\/2009\/04\/09\/moto-electrique-sommesnous-propres\/#breadcrumb","itemListElement":[{"@type":"ListItem","position":1,"name":"Accueil","item":"https:\/\/blogs.thesocialmedia.com\/leblogmoto\/"},{"@type":"ListItem","position":2,"name":"Moto \u00e9lectrique &#8211; Sommes-nous propres?"}]},{"@type":"WebSite","@id":"https:\/\/blogs.thesocialmedia.com\/leblogmoto\/#website","url":"https:\/\/blogs.thesocialmedia.com\/leblogmoto\/","name":"leblogmoto","description":"Toute l&#039;actualit\u00e9 des 2 roues","potentialAction":[{"@type":"SearchAction","target":{"@type":"EntryPoint","urlTemplate":"https:\/\/blogs.thesocialmedia.com\/leblogmoto\/?s={search_term_string}"},"query-input":{"@type":"PropertyValueSpecification","valueRequired":true,"valueName":"search_term_string"}}],"inLanguage":"fr-FR"},{"@type":"Person","@id":"https:\/\/blogs.thesocialmedia.com\/leblogmoto\/#\/schema\/person\/e82a0ca8a9a63d031586097a3ed58526","name":"jacques lesage","image":{"@type":"ImageObject","inLanguage":"fr-FR","@id":"https:\/\/blogs.thesocialmedia.com\/leblogmoto\/#\/schema\/person\/image\/","url":"https:\/\/secure.gravatar.com\/avatar\/?s=96&d=mm&r=g","contentUrl":"https:\/\/secure.gravatar.com\/avatar\/?s=96&d=mm&r=g","caption":"jacques lesage"},"url":"https:\/\/blogs.thesocialmedia.com\/leblogmoto\/author\/jacques-lesage\/"}]}},"_links":{"self":[{"href":"https:\/\/blogs.thesocialmedia.com\/leblogmoto\/wp-json\/wp\/v2\/posts\/186","targetHints":{"allow":["GET"]}}],"collection":[{"href":"https:\/\/blogs.thesocialmedia.com\/leblogmoto\/wp-json\/wp\/v2\/posts"}],"about":[{"href":"https:\/\/blogs.thesocialmedia.com\/leblogmoto\/wp-json\/wp\/v2\/types\/post"}],"author":[{"embeddable":true,"href":"https:\/\/blogs.thesocialmedia.com\/leblogmoto\/wp-json\/wp\/v2\/users\/325"}],"replies":[{"embeddable":true,"href":"https:\/\/blogs.thesocialmedia.com\/leblogmoto\/wp-json\/wp\/v2\/comments?post=186"}],"version-history":[{"count":2,"href":"https:\/\/blogs.thesocialmedia.com\/leblogmoto\/wp-json\/wp\/v2\/posts\/186\/revisions"}],"predecessor-version":[{"id":13216,"href":"https:\/\/blogs.thesocialmedia.com\/leblogmoto\/wp-json\/wp\/v2\/posts\/186\/revisions\/13216"}],"wp:featuredmedia":[{"embeddable":true,"href":"https:\/\/blogs.thesocialmedia.com\/leblogmoto\/wp-json\/wp\/v2\/media\/13211"}],"wp:attachment":[{"href":"https:\/\/blogs.thesocialmedia.com\/leblogmoto\/wp-json\/wp\/v2\/media?parent=186"}],"wp:term":[{"taxonomy":"category","embeddable":true,"href":"https:\/\/blogs.thesocialmedia.com\/leblogmoto\/wp-json\/wp\/v2\/categories?post=186"},{"taxonomy":"post_tag","embeddable":true,"href":"https:\/\/blogs.thesocialmedia.com\/leblogmoto\/wp-json\/wp\/v2\/tags?post=186"}],"curies":[{"name":"wp","href":"https:\/\/api.w.org\/{rel}","templated":true}]}}