{"id":1860,"date":"2006-05-09T21:58:18","date_gmt":"2006-05-09T21:58:18","guid":{"rendered":"http:\/\/blogs.thesocialmedia.com\/leblogmoto\/2006\/05\/09\/sbk-lagrive-se\/"},"modified":"2012-07-11T13:21:42","modified_gmt":"2012-07-11T13:21:42","slug":"sbk-lagrive-se","status":"publish","type":"post","link":"https:\/\/blogs.thesocialmedia.com\/leblogmoto\/2006\/05\/09\/sbk-lagrive-se\/","title":{"rendered":"SBK: LAGRIVE se pose"},"content":{"rendered":"<p><a href=\"http:\/\/www.leblogmoto.com\/2006\/05\/monza_superspor_1.html\"><img loading=\"lazy\" decoding=\"async\" height=\"352\" alt=\"Ind_1\" src=\"http:\/\/www.leblogmoto.com\/images\/ind_1.jpg\" width=\"250\"  \/>Un nouveau Fran\u00e7ais<\/a> va appara\u00eetre aux c\u00f4t\u00e9s de GIMBERT, FORET et LACONI. <strong>Matthieu LAGRIVE<\/strong>.<\/p>\n<p>L&rsquo;actuel soci\u00e8taire de SUZUKI en <a href=\"http:\/\/www.leblogmoto.com\/2006\/04\/le_mans_rien_ne.html\">endurance<\/a> change radicalement d&rsquo;option en int\u00e9grant le <strong>championnat du Monde SBK <\/strong>au sein d&rsquo;une structure \u00e9quip\u00e9e d&rsquo;une <strong>HONDA<\/strong> CBRR.<\/p>\n<p>Ce team, baptis\u00e9 <strong>Intermoto<\/strong>, est particuli\u00e8rement li\u00e9 \u00e0 celui de <strong>Klaffi<\/strong> qui fait courir <a href=\"http:\/\/www.leblogmoto.com\/2006\/05\/sbk_monza_bayli.html\">BARROS<\/a>. Il est de nationalit\u00e9 Tch\u00e8que.<\/p>\n<p>Des essais vont avoir lieu sur le circuit de BRNO pour un grand saut les <strong>27 et 28 mai<\/strong> prochains \u00e0 <strong>SILVERSTONE<\/strong>.<\/p>\n<p>Reste \u00e0 conna\u00eetre, \u00e0 pr\u00e9sent, la r\u00e9action de <strong>SUZUKI<\/strong>, chez qui il \u00e9tait un \u00e9l\u00e9ment de choix en championnat du Monde d&rsquo;Endurance.<\/p>\n<p>SOURCE: <a href=\"http:\/\/www.cybermotard.com\">www.cybermotard.com<\/a> <a href=\"http:\/\/philippe.typepad.com\/.shared\/image.html?\/photos\/uncategorized\/pubps22.jpg\"><\/a> <\/p>\n<p>&nbsp; &nbsp; <\/p>\n","protected":false},"excerpt":{"rendered":"<p>Un nouveau Fran\u00e7ais va appara\u00eetre aux c\u00f4t\u00e9s de GIMBERT, FORET et LACONI. Matthieu LAGRIVE. L&rsquo;actuel soci\u00e8taire de SUZUKI en endurance change radicalement d&rsquo;option en int\u00e9grant le championnat du Monde SBK au sein d&rsquo;une structure \u00e9quip\u00e9e d&rsquo;une HONDA CBRR. Ce team, baptis\u00e9 Intermoto, est particuli\u00e8rement li\u00e9 \u00e0 celui de Klaffi qui fait courir BARROS. Il est [&hellip;]<\/p>\n","protected":false},"author":336,"featured_media":0,"comment_status":"open","ping_status":"open","sticky":false,"template":"","format":"standard","meta":{"footnotes":""},"categories":[32,46],"tags":[],"class_list":["post-1860","post","type-post","status-publish","format-standard","hentry","category-sport-moto","category-superbike"],"yoast_head":"<!-- This site is optimized with the Yoast SEO plugin v26.0 - https:\/\/yoast.com\/wordpress\/plugins\/seo\/ -->\n<title>SBK: LAGRIVE se pose - leblogmoto.com<\/title>\n<meta name=\"robots\" content=\"index, follow, max-snippet:-1, max-image-preview:large, max-video-preview:-1\" \/>\n<link rel=\"canonical\" href=\"https:\/\/blogs.thesocialmedia.com\/leblogmoto\/2006\/05\/09\/sbk-lagrive-se\/\" \/>\n<meta name=\"twitter:card\" content=\"summary_large_image\" \/>\n<meta name=\"twitter:title\" content=\"SBK: LAGRIVE se pose - leblogmoto.com\" \/>\n<meta name=\"twitter:description\" content=\"Un nouveau Fran\u00e7ais va appara\u00eetre aux c\u00f4t\u00e9s de GIMBERT, FORET et LACONI. Matthieu LAGRIVE. L&rsquo;actuel soci\u00e8taire de SUZUKI en endurance change radicalement d&rsquo;option en int\u00e9grant le championnat du Monde SBK au sein d&rsquo;une structure \u00e9quip\u00e9e d&rsquo;une HONDA CBRR. Ce team, baptis\u00e9 Intermoto, est particuli\u00e8rement li\u00e9 \u00e0 celui de Klaffi qui fait courir BARROS. Il est [&hellip;]\" \/>\n<meta name=\"twitter:image\" content=\"http:\/\/www.leblogmoto.com\/images\/ind_1.jpg\" \/>\n<meta name=\"twitter:label1\" content=\"\u00c9crit par\" \/>\n\t<meta name=\"twitter:data1\" content=\"andre leconde\" \/>\n\t<meta name=\"twitter:label2\" content=\"Dur\u00e9e de lecture estim\u00e9e\" \/>\n\t<meta name=\"twitter:data2\" content=\"1 minute\" \/>\n<script type=\"application\/ld+json\" class=\"yoast-schema-graph\">{\"@context\":\"https:\/\/schema.org\",\"@graph\":[{\"@type\":\"WebPage\",\"@id\":\"https:\/\/blogs.thesocialmedia.com\/leblogmoto\/2006\/05\/09\/sbk-lagrive-se\/\",\"url\":\"https:\/\/blogs.thesocialmedia.com\/leblogmoto\/2006\/05\/09\/sbk-lagrive-se\/\",\"name\":\"SBK: LAGRIVE se pose - leblogmoto.com\",\"isPartOf\":{\"@id\":\"https:\/\/blogs.thesocialmedia.com\/leblogmoto\/#website\"},\"primaryImageOfPage\":{\"@id\":\"https:\/\/blogs.thesocialmedia.com\/leblogmoto\/2006\/05\/09\/sbk-lagrive-se\/#primaryimage\"},\"image\":{\"@id\":\"https:\/\/blogs.thesocialmedia.com\/leblogmoto\/2006\/05\/09\/sbk-lagrive-se\/#primaryimage\"},\"thumbnailUrl\":\"http:\/\/www.leblogmoto.com\/images\/ind_1.jpg\",\"datePublished\":\"2006-05-09T21:58:18+00:00\",\"dateModified\":\"2012-07-11T13:21:42+00:00\",\"author\":{\"@id\":\"https:\/\/blogs.thesocialmedia.com\/leblogmoto\/#\/schema\/person\/1a1dcfc7cec206573105eb4af91155c2\"},\"breadcrumb\":{\"@id\":\"https:\/\/blogs.thesocialmedia.com\/leblogmoto\/2006\/05\/09\/sbk-lagrive-se\/#breadcrumb\"},\"inLanguage\":\"fr-FR\",\"potentialAction\":[{\"@type\":\"ReadAction\",\"target\":[\"https:\/\/blogs.thesocialmedia.com\/leblogmoto\/2006\/05\/09\/sbk-lagrive-se\/\"]}]},{\"@type\":\"ImageObject\",\"inLanguage\":\"fr-FR\",\"@id\":\"https:\/\/blogs.thesocialmedia.com\/leblogmoto\/2006\/05\/09\/sbk-lagrive-se\/#primaryimage\",\"url\":\"http:\/\/www.leblogmoto.com\/images\/ind_1.jpg\",\"contentUrl\":\"http:\/\/www.leblogmoto.com\/images\/ind_1.jpg\"},{\"@type\":\"BreadcrumbList\",\"@id\":\"https:\/\/blogs.thesocialmedia.com\/leblogmoto\/2006\/05\/09\/sbk-lagrive-se\/#breadcrumb\",\"itemListElement\":[{\"@type\":\"ListItem\",\"position\":1,\"name\":\"Accueil\",\"item\":\"https:\/\/blogs.thesocialmedia.com\/leblogmoto\/\"},{\"@type\":\"ListItem\",\"position\":2,\"name\":\"SBK: LAGRIVE se pose\"}]},{\"@type\":\"WebSite\",\"@id\":\"https:\/\/blogs.thesocialmedia.com\/leblogmoto\/#website\",\"url\":\"https:\/\/blogs.thesocialmedia.com\/leblogmoto\/\",\"name\":\"leblogmoto\",\"description\":\"Toute l&#039;actualit\u00e9 des 2 roues\",\"potentialAction\":[{\"@type\":\"SearchAction\",\"target\":{\"@type\":\"EntryPoint\",\"urlTemplate\":\"https:\/\/blogs.thesocialmedia.com\/leblogmoto\/?s={search_term_string}\"},\"query-input\":{\"@type\":\"PropertyValueSpecification\",\"valueRequired\":true,\"valueName\":\"search_term_string\"}}],\"inLanguage\":\"fr-FR\"},{\"@type\":\"Person\",\"@id\":\"https:\/\/blogs.thesocialmedia.com\/leblogmoto\/#\/schema\/person\/1a1dcfc7cec206573105eb4af91155c2\",\"name\":\"andre leconde\",\"image\":{\"@type\":\"ImageObject\",\"inLanguage\":\"fr-FR\",\"@id\":\"https:\/\/blogs.thesocialmedia.com\/leblogmoto\/#\/schema\/person\/image\/\",\"url\":\"https:\/\/secure.gravatar.com\/avatar\/?s=96&d=mm&r=g\",\"contentUrl\":\"https:\/\/secure.gravatar.com\/avatar\/?s=96&d=mm&r=g\",\"caption\":\"andre leconde\"},\"url\":\"https:\/\/blogs.thesocialmedia.com\/leblogmoto\/author\/andre-leconde\/\"}]}<\/script>\n<!-- \/ Yoast SEO plugin. -->","yoast_head_json":{"title":"SBK: LAGRIVE se pose - leblogmoto.com","robots":{"index":"index","follow":"follow","max-snippet":"max-snippet:-1","max-image-preview":"max-image-preview:large","max-video-preview":"max-video-preview:-1"},"canonical":"https:\/\/blogs.thesocialmedia.com\/leblogmoto\/2006\/05\/09\/sbk-lagrive-se\/","twitter_card":"summary_large_image","twitter_title":"SBK: LAGRIVE se pose - leblogmoto.com","twitter_description":"Un nouveau Fran\u00e7ais va appara\u00eetre aux c\u00f4t\u00e9s de GIMBERT, FORET et LACONI. Matthieu LAGRIVE. L&rsquo;actuel soci\u00e8taire de SUZUKI en endurance change radicalement d&rsquo;option en int\u00e9grant le championnat du Monde SBK au sein d&rsquo;une structure \u00e9quip\u00e9e d&rsquo;une HONDA CBRR. Ce team, baptis\u00e9 Intermoto, est particuli\u00e8rement li\u00e9 \u00e0 celui de Klaffi qui fait courir BARROS. Il est [&hellip;]","twitter_image":"http:\/\/www.leblogmoto.com\/images\/ind_1.jpg","twitter_misc":{"\u00c9crit par":"andre leconde","Dur\u00e9e de lecture estim\u00e9e":"1 minute"},"schema":{"@context":"https:\/\/schema.org","@graph":[{"@type":"WebPage","@id":"https:\/\/blogs.thesocialmedia.com\/leblogmoto\/2006\/05\/09\/sbk-lagrive-se\/","url":"https:\/\/blogs.thesocialmedia.com\/leblogmoto\/2006\/05\/09\/sbk-lagrive-se\/","name":"SBK: LAGRIVE se pose - leblogmoto.com","isPartOf":{"@id":"https:\/\/blogs.thesocialmedia.com\/leblogmoto\/#website"},"primaryImageOfPage":{"@id":"https:\/\/blogs.thesocialmedia.com\/leblogmoto\/2006\/05\/09\/sbk-lagrive-se\/#primaryimage"},"image":{"@id":"https:\/\/blogs.thesocialmedia.com\/leblogmoto\/2006\/05\/09\/sbk-lagrive-se\/#primaryimage"},"thumbnailUrl":"http:\/\/www.leblogmoto.com\/images\/ind_1.jpg","datePublished":"2006-05-09T21:58:18+00:00","dateModified":"2012-07-11T13:21:42+00:00","author":{"@id":"https:\/\/blogs.thesocialmedia.com\/leblogmoto\/#\/schema\/person\/1a1dcfc7cec206573105eb4af91155c2"},"breadcrumb":{"@id":"https:\/\/blogs.thesocialmedia.com\/leblogmoto\/2006\/05\/09\/sbk-lagrive-se\/#breadcrumb"},"inLanguage":"fr-FR","potentialAction":[{"@type":"ReadAction","target":["https:\/\/blogs.thesocialmedia.com\/leblogmoto\/2006\/05\/09\/sbk-lagrive-se\/"]}]},{"@type":"ImageObject","inLanguage":"fr-FR","@id":"https:\/\/blogs.thesocialmedia.com\/leblogmoto\/2006\/05\/09\/sbk-lagrive-se\/#primaryimage","url":"http:\/\/www.leblogmoto.com\/images\/ind_1.jpg","contentUrl":"http:\/\/www.leblogmoto.com\/images\/ind_1.jpg"},{"@type":"BreadcrumbList","@id":"https:\/\/blogs.thesocialmedia.com\/leblogmoto\/2006\/05\/09\/sbk-lagrive-se\/#breadcrumb","itemListElement":[{"@type":"ListItem","position":1,"name":"Accueil","item":"https:\/\/blogs.thesocialmedia.com\/leblogmoto\/"},{"@type":"ListItem","position":2,"name":"SBK: LAGRIVE se pose"}]},{"@type":"WebSite","@id":"https:\/\/blogs.thesocialmedia.com\/leblogmoto\/#website","url":"https:\/\/blogs.thesocialmedia.com\/leblogmoto\/","name":"leblogmoto","description":"Toute l&#039;actualit\u00e9 des 2 roues","potentialAction":[{"@type":"SearchAction","target":{"@type":"EntryPoint","urlTemplate":"https:\/\/blogs.thesocialmedia.com\/leblogmoto\/?s={search_term_string}"},"query-input":{"@type":"PropertyValueSpecification","valueRequired":true,"valueName":"search_term_string"}}],"inLanguage":"fr-FR"},{"@type":"Person","@id":"https:\/\/blogs.thesocialmedia.com\/leblogmoto\/#\/schema\/person\/1a1dcfc7cec206573105eb4af91155c2","name":"andre leconde","image":{"@type":"ImageObject","inLanguage":"fr-FR","@id":"https:\/\/blogs.thesocialmedia.com\/leblogmoto\/#\/schema\/person\/image\/","url":"https:\/\/secure.gravatar.com\/avatar\/?s=96&d=mm&r=g","contentUrl":"https:\/\/secure.gravatar.com\/avatar\/?s=96&d=mm&r=g","caption":"andre leconde"},"url":"https:\/\/blogs.thesocialmedia.com\/leblogmoto\/author\/andre-leconde\/"}]}},"_links":{"self":[{"href":"https:\/\/blogs.thesocialmedia.com\/leblogmoto\/wp-json\/wp\/v2\/posts\/1860","targetHints":{"allow":["GET"]}}],"collection":[{"href":"https:\/\/blogs.thesocialmedia.com\/leblogmoto\/wp-json\/wp\/v2\/posts"}],"about":[{"href":"https:\/\/blogs.thesocialmedia.com\/leblogmoto\/wp-json\/wp\/v2\/types\/post"}],"author":[{"embeddable":true,"href":"https:\/\/blogs.thesocialmedia.com\/leblogmoto\/wp-json\/wp\/v2\/users\/336"}],"replies":[{"embeddable":true,"href":"https:\/\/blogs.thesocialmedia.com\/leblogmoto\/wp-json\/wp\/v2\/comments?post=1860"}],"version-history":[{"count":1,"href":"https:\/\/blogs.thesocialmedia.com\/leblogmoto\/wp-json\/wp\/v2\/posts\/1860\/revisions"}],"predecessor-version":[{"id":3316,"href":"https:\/\/blogs.thesocialmedia.com\/leblogmoto\/wp-json\/wp\/v2\/posts\/1860\/revisions\/3316"}],"wp:attachment":[{"href":"https:\/\/blogs.thesocialmedia.com\/leblogmoto\/wp-json\/wp\/v2\/media?parent=1860"}],"wp:term":[{"taxonomy":"category","embeddable":true,"href":"https:\/\/blogs.thesocialmedia.com\/leblogmoto\/wp-json\/wp\/v2\/categories?post=1860"},{"taxonomy":"post_tag","embeddable":true,"href":"https:\/\/blogs.thesocialmedia.com\/leblogmoto\/wp-json\/wp\/v2\/tags?post=1860"}],"curies":[{"name":"wp","href":"https:\/\/api.w.org\/{rel}","templated":true}]}}