{"id":1861,"date":"2006-05-08T12:37:35","date_gmt":"2006-05-08T12:37:35","guid":{"rendered":"http:\/\/blogs.thesocialmedia.com\/leblogmoto\/2006\/05\/08\/rossi-en-lice-p-2\/"},"modified":"2012-07-11T13:21:42","modified_gmt":"2012-07-11T13:21:42","slug":"rossi-en-lice-p-2","status":"publish","type":"post","link":"https:\/\/blogs.thesocialmedia.com\/leblogmoto\/2006\/05\/08\/rossi-en-lice-p-2\/","title":{"rendered":"ROSSI: En lice pour un nouveau titre"},"content":{"rendered":"<p><a href=\"http:\/\/clabedan.typepad.com\/.shared\/image.html?\/photos\/uncategorized\/mic_6075_1.jpg\"><img loading=\"lazy\" decoding=\"async\" height=\"166\" alt=\"Mic_6075_1\" src=\"http:\/\/www.leblogmoto.com\/images\/mic_6075_1.jpg\" width=\"250\"  \/><\/a> <a href=\"http:\/\/www.leblogmoto.com\/2006\/04\/ce_ntait_pas_la.html\">Valentino ROSSI<\/a> pourrait bien, le<strong> 22 mai<\/strong> prochain, d\u00e9crocher un nouveau titre. Mais honorifique celui-ci, bien qu&rsquo;il ferait plaisir \u00e0 tout le monde puisque le contexte dans lequel il sera attribu\u00e9 induira que le sport dans lequel il excelle sera, aussi, r\u00e9compens\u00e9.<\/p>\n<p>En substance, <a href=\"http:\/\/www.leblogmoto.com\/2006\/04\/rossi_on_pourra.html\">Valentino<\/a> va tout simplement porter sur ses solides \u00e9paules le monde de la comp\u00e9tition moto au <strong>troph\u00e9e Laur\u00e9us<\/strong>, prestigieuse r\u00e9compense du meilleur sportif de l&rsquo;ann\u00e9e, d\u00e9cern\u00e9e par un jury d&rsquo;anciennes gloires aux palmar\u00e9s bien fournis&#8230;&nbsp; <\/p>\n<p><a href=\"http:\/\/clabedan.typepad.com\/.shared\/image.html?\/photos\/uncategorized\/valentino20rossi.jpg\"><img loading=\"lazy\" decoding=\"async\" height=\"297\" alt=\"Valentino20rossi\" src=\"http:\/\/www.leblogmoto.com\/images\/valentino20rossi.jpg\" width=\"250\"  \/><\/a> Le Doctor sera d\u00e9partag\u00e9 entre cinq autres sportifs, dont <a href=\"http:\/\/www.leblogauto.com\/2006\/03\/rossi_dit_chich.html\">ALONSO<\/a>, FEDERER, Tiger WOODS, Lance ARMSTRONG et RONALDHINO. Le jury sera compos\u00e9 d&rsquo;INDURAIN, BALLESTEROS, TOMBA, FITTIPALDI, DOUILLET et <a href=\"http:\/\/www.leblogmoto.com\/2006\/04\/xlite_x801r_pou.html\">AGOSTINI<\/a>.<\/p>\n<p>Un beau combat hispano-italien s&rsquo;annonce. Le Fran\u00e7ais pourrait bien jouer les arbitres. Et il fait de la moto&#8230;<\/p>\n<p>SOURCE: <a href=\"http:\/\/www.motogp.com\/\">www.motogp.com<\/a> <\/p>\n","protected":false},"excerpt":{"rendered":"<p>Valentino ROSSI pourrait bien, le 22 mai prochain, d\u00e9crocher un nouveau titre. Mais honorifique celui-ci, bien qu&rsquo;il ferait plaisir \u00e0 tout le monde puisque le contexte dans lequel il sera attribu\u00e9 induira que le sport dans lequel il excelle sera, aussi, r\u00e9compens\u00e9. En substance, Valentino va tout simplement porter sur ses solides \u00e9paules le monde [&hellip;]<\/p>\n","protected":false},"author":336,"featured_media":0,"comment_status":"open","ping_status":"open","sticky":false,"template":"","format":"standard","meta":{"footnotes":""},"categories":[3,17,22,32],"tags":[],"class_list":["post-1861","post","type-post","status-publish","format-standard","hentry","category-actualite","category-divers","category-motogp","category-sport-moto"],"yoast_head":"<!-- This site is optimized with the Yoast SEO plugin v26.0 - https:\/\/yoast.com\/wordpress\/plugins\/seo\/ -->\n<title>ROSSI: En lice pour un nouveau titre - leblogmoto.com<\/title>\n<meta name=\"robots\" content=\"index, follow, max-snippet:-1, max-image-preview:large, max-video-preview:-1\" \/>\n<link rel=\"canonical\" href=\"https:\/\/blogs.thesocialmedia.com\/leblogmoto\/2006\/05\/08\/rossi-en-lice-p-2\/\" \/>\n<meta name=\"twitter:card\" content=\"summary_large_image\" \/>\n<meta name=\"twitter:title\" content=\"ROSSI: En lice pour un nouveau titre - leblogmoto.com\" \/>\n<meta name=\"twitter:description\" content=\"Valentino ROSSI pourrait bien, le 22 mai prochain, d\u00e9crocher un nouveau titre. Mais honorifique celui-ci, bien qu&rsquo;il ferait plaisir \u00e0 tout le monde puisque le contexte dans lequel il sera attribu\u00e9 induira que le sport dans lequel il excelle sera, aussi, r\u00e9compens\u00e9. En substance, Valentino va tout simplement porter sur ses solides \u00e9paules le monde [&hellip;]\" \/>\n<meta name=\"twitter:image\" content=\"http:\/\/www.leblogmoto.com\/images\/mic_6075_1.jpg\" \/>\n<meta name=\"twitter:label1\" content=\"\u00c9crit par\" \/>\n\t<meta name=\"twitter:data1\" content=\"andre leconde\" \/>\n\t<meta name=\"twitter:label2\" content=\"Dur\u00e9e de lecture estim\u00e9e\" \/>\n\t<meta name=\"twitter:data2\" content=\"1 minute\" \/>\n<script type=\"application\/ld+json\" class=\"yoast-schema-graph\">{\"@context\":\"https:\/\/schema.org\",\"@graph\":[{\"@type\":\"WebPage\",\"@id\":\"https:\/\/blogs.thesocialmedia.com\/leblogmoto\/2006\/05\/08\/rossi-en-lice-p-2\/\",\"url\":\"https:\/\/blogs.thesocialmedia.com\/leblogmoto\/2006\/05\/08\/rossi-en-lice-p-2\/\",\"name\":\"ROSSI: En lice pour un nouveau titre - leblogmoto.com\",\"isPartOf\":{\"@id\":\"https:\/\/blogs.thesocialmedia.com\/leblogmoto\/#website\"},\"primaryImageOfPage\":{\"@id\":\"https:\/\/blogs.thesocialmedia.com\/leblogmoto\/2006\/05\/08\/rossi-en-lice-p-2\/#primaryimage\"},\"image\":{\"@id\":\"https:\/\/blogs.thesocialmedia.com\/leblogmoto\/2006\/05\/08\/rossi-en-lice-p-2\/#primaryimage\"},\"thumbnailUrl\":\"http:\/\/www.leblogmoto.com\/images\/mic_6075_1.jpg\",\"datePublished\":\"2006-05-08T12:37:35+00:00\",\"dateModified\":\"2012-07-11T13:21:42+00:00\",\"author\":{\"@id\":\"https:\/\/blogs.thesocialmedia.com\/leblogmoto\/#\/schema\/person\/1a1dcfc7cec206573105eb4af91155c2\"},\"breadcrumb\":{\"@id\":\"https:\/\/blogs.thesocialmedia.com\/leblogmoto\/2006\/05\/08\/rossi-en-lice-p-2\/#breadcrumb\"},\"inLanguage\":\"fr-FR\",\"potentialAction\":[{\"@type\":\"ReadAction\",\"target\":[\"https:\/\/blogs.thesocialmedia.com\/leblogmoto\/2006\/05\/08\/rossi-en-lice-p-2\/\"]}]},{\"@type\":\"ImageObject\",\"inLanguage\":\"fr-FR\",\"@id\":\"https:\/\/blogs.thesocialmedia.com\/leblogmoto\/2006\/05\/08\/rossi-en-lice-p-2\/#primaryimage\",\"url\":\"http:\/\/www.leblogmoto.com\/images\/mic_6075_1.jpg\",\"contentUrl\":\"http:\/\/www.leblogmoto.com\/images\/mic_6075_1.jpg\"},{\"@type\":\"BreadcrumbList\",\"@id\":\"https:\/\/blogs.thesocialmedia.com\/leblogmoto\/2006\/05\/08\/rossi-en-lice-p-2\/#breadcrumb\",\"itemListElement\":[{\"@type\":\"ListItem\",\"position\":1,\"name\":\"Accueil\",\"item\":\"https:\/\/blogs.thesocialmedia.com\/leblogmoto\/\"},{\"@type\":\"ListItem\",\"position\":2,\"name\":\"ROSSI: En lice pour un nouveau titre\"}]},{\"@type\":\"WebSite\",\"@id\":\"https:\/\/blogs.thesocialmedia.com\/leblogmoto\/#website\",\"url\":\"https:\/\/blogs.thesocialmedia.com\/leblogmoto\/\",\"name\":\"leblogmoto\",\"description\":\"Toute l&#039;actualit\u00e9 des 2 roues\",\"potentialAction\":[{\"@type\":\"SearchAction\",\"target\":{\"@type\":\"EntryPoint\",\"urlTemplate\":\"https:\/\/blogs.thesocialmedia.com\/leblogmoto\/?s={search_term_string}\"},\"query-input\":{\"@type\":\"PropertyValueSpecification\",\"valueRequired\":true,\"valueName\":\"search_term_string\"}}],\"inLanguage\":\"fr-FR\"},{\"@type\":\"Person\",\"@id\":\"https:\/\/blogs.thesocialmedia.com\/leblogmoto\/#\/schema\/person\/1a1dcfc7cec206573105eb4af91155c2\",\"name\":\"andre leconde\",\"image\":{\"@type\":\"ImageObject\",\"inLanguage\":\"fr-FR\",\"@id\":\"https:\/\/blogs.thesocialmedia.com\/leblogmoto\/#\/schema\/person\/image\/\",\"url\":\"https:\/\/secure.gravatar.com\/avatar\/?s=96&d=mm&r=g\",\"contentUrl\":\"https:\/\/secure.gravatar.com\/avatar\/?s=96&d=mm&r=g\",\"caption\":\"andre leconde\"},\"url\":\"https:\/\/blogs.thesocialmedia.com\/leblogmoto\/author\/andre-leconde\/\"}]}<\/script>\n<!-- \/ Yoast SEO plugin. -->","yoast_head_json":{"title":"ROSSI: En lice pour un nouveau titre - leblogmoto.com","robots":{"index":"index","follow":"follow","max-snippet":"max-snippet:-1","max-image-preview":"max-image-preview:large","max-video-preview":"max-video-preview:-1"},"canonical":"https:\/\/blogs.thesocialmedia.com\/leblogmoto\/2006\/05\/08\/rossi-en-lice-p-2\/","twitter_card":"summary_large_image","twitter_title":"ROSSI: En lice pour un nouveau titre - leblogmoto.com","twitter_description":"Valentino ROSSI pourrait bien, le 22 mai prochain, d\u00e9crocher un nouveau titre. Mais honorifique celui-ci, bien qu&rsquo;il ferait plaisir \u00e0 tout le monde puisque le contexte dans lequel il sera attribu\u00e9 induira que le sport dans lequel il excelle sera, aussi, r\u00e9compens\u00e9. En substance, Valentino va tout simplement porter sur ses solides \u00e9paules le monde [&hellip;]","twitter_image":"http:\/\/www.leblogmoto.com\/images\/mic_6075_1.jpg","twitter_misc":{"\u00c9crit par":"andre leconde","Dur\u00e9e de lecture estim\u00e9e":"1 minute"},"schema":{"@context":"https:\/\/schema.org","@graph":[{"@type":"WebPage","@id":"https:\/\/blogs.thesocialmedia.com\/leblogmoto\/2006\/05\/08\/rossi-en-lice-p-2\/","url":"https:\/\/blogs.thesocialmedia.com\/leblogmoto\/2006\/05\/08\/rossi-en-lice-p-2\/","name":"ROSSI: En lice pour un nouveau titre - leblogmoto.com","isPartOf":{"@id":"https:\/\/blogs.thesocialmedia.com\/leblogmoto\/#website"},"primaryImageOfPage":{"@id":"https:\/\/blogs.thesocialmedia.com\/leblogmoto\/2006\/05\/08\/rossi-en-lice-p-2\/#primaryimage"},"image":{"@id":"https:\/\/blogs.thesocialmedia.com\/leblogmoto\/2006\/05\/08\/rossi-en-lice-p-2\/#primaryimage"},"thumbnailUrl":"http:\/\/www.leblogmoto.com\/images\/mic_6075_1.jpg","datePublished":"2006-05-08T12:37:35+00:00","dateModified":"2012-07-11T13:21:42+00:00","author":{"@id":"https:\/\/blogs.thesocialmedia.com\/leblogmoto\/#\/schema\/person\/1a1dcfc7cec206573105eb4af91155c2"},"breadcrumb":{"@id":"https:\/\/blogs.thesocialmedia.com\/leblogmoto\/2006\/05\/08\/rossi-en-lice-p-2\/#breadcrumb"},"inLanguage":"fr-FR","potentialAction":[{"@type":"ReadAction","target":["https:\/\/blogs.thesocialmedia.com\/leblogmoto\/2006\/05\/08\/rossi-en-lice-p-2\/"]}]},{"@type":"ImageObject","inLanguage":"fr-FR","@id":"https:\/\/blogs.thesocialmedia.com\/leblogmoto\/2006\/05\/08\/rossi-en-lice-p-2\/#primaryimage","url":"http:\/\/www.leblogmoto.com\/images\/mic_6075_1.jpg","contentUrl":"http:\/\/www.leblogmoto.com\/images\/mic_6075_1.jpg"},{"@type":"BreadcrumbList","@id":"https:\/\/blogs.thesocialmedia.com\/leblogmoto\/2006\/05\/08\/rossi-en-lice-p-2\/#breadcrumb","itemListElement":[{"@type":"ListItem","position":1,"name":"Accueil","item":"https:\/\/blogs.thesocialmedia.com\/leblogmoto\/"},{"@type":"ListItem","position":2,"name":"ROSSI: En lice pour un nouveau titre"}]},{"@type":"WebSite","@id":"https:\/\/blogs.thesocialmedia.com\/leblogmoto\/#website","url":"https:\/\/blogs.thesocialmedia.com\/leblogmoto\/","name":"leblogmoto","description":"Toute l&#039;actualit\u00e9 des 2 roues","potentialAction":[{"@type":"SearchAction","target":{"@type":"EntryPoint","urlTemplate":"https:\/\/blogs.thesocialmedia.com\/leblogmoto\/?s={search_term_string}"},"query-input":{"@type":"PropertyValueSpecification","valueRequired":true,"valueName":"search_term_string"}}],"inLanguage":"fr-FR"},{"@type":"Person","@id":"https:\/\/blogs.thesocialmedia.com\/leblogmoto\/#\/schema\/person\/1a1dcfc7cec206573105eb4af91155c2","name":"andre leconde","image":{"@type":"ImageObject","inLanguage":"fr-FR","@id":"https:\/\/blogs.thesocialmedia.com\/leblogmoto\/#\/schema\/person\/image\/","url":"https:\/\/secure.gravatar.com\/avatar\/?s=96&d=mm&r=g","contentUrl":"https:\/\/secure.gravatar.com\/avatar\/?s=96&d=mm&r=g","caption":"andre leconde"},"url":"https:\/\/blogs.thesocialmedia.com\/leblogmoto\/author\/andre-leconde\/"}]}},"_links":{"self":[{"href":"https:\/\/blogs.thesocialmedia.com\/leblogmoto\/wp-json\/wp\/v2\/posts\/1861","targetHints":{"allow":["GET"]}}],"collection":[{"href":"https:\/\/blogs.thesocialmedia.com\/leblogmoto\/wp-json\/wp\/v2\/posts"}],"about":[{"href":"https:\/\/blogs.thesocialmedia.com\/leblogmoto\/wp-json\/wp\/v2\/types\/post"}],"author":[{"embeddable":true,"href":"https:\/\/blogs.thesocialmedia.com\/leblogmoto\/wp-json\/wp\/v2\/users\/336"}],"replies":[{"embeddable":true,"href":"https:\/\/blogs.thesocialmedia.com\/leblogmoto\/wp-json\/wp\/v2\/comments?post=1861"}],"version-history":[{"count":1,"href":"https:\/\/blogs.thesocialmedia.com\/leblogmoto\/wp-json\/wp\/v2\/posts\/1861\/revisions"}],"predecessor-version":[{"id":3315,"href":"https:\/\/blogs.thesocialmedia.com\/leblogmoto\/wp-json\/wp\/v2\/posts\/1861\/revisions\/3315"}],"wp:attachment":[{"href":"https:\/\/blogs.thesocialmedia.com\/leblogmoto\/wp-json\/wp\/v2\/media?parent=1861"}],"wp:term":[{"taxonomy":"category","embeddable":true,"href":"https:\/\/blogs.thesocialmedia.com\/leblogmoto\/wp-json\/wp\/v2\/categories?post=1861"},{"taxonomy":"post_tag","embeddable":true,"href":"https:\/\/blogs.thesocialmedia.com\/leblogmoto\/wp-json\/wp\/v2\/tags?post=1861"}],"curies":[{"name":"wp","href":"https:\/\/api.w.org\/{rel}","templated":true}]}}