{"id":1863,"date":"2006-05-08T11:42:49","date_gmt":"2006-05-08T11:42:49","guid":{"rendered":"http:\/\/blogs.thesocialmedia.com\/leblogmoto\/2006\/05\/08\/derbi-mulhacen\/"},"modified":"2012-07-11T14:21:44","modified_gmt":"2012-07-11T14:21:44","slug":"derbi-mulhacen","status":"publish","type":"post","link":"https:\/\/blogs.thesocialmedia.com\/leblogmoto\/2006\/05\/08\/derbi-mulhacen\/","title":{"rendered":"DERBI Mulhacen: Bient\u00f4t en 125"},"content":{"rendered":"<p><a href=\"http:\/\/blogs.thesocialmedia.com\/leblogmoto\/files\/2012\/07\/vi2o0219kl.jpg\"><img loading=\"lazy\" decoding=\"async\" height=\"166\" alt=\"Vi2o0219kl\" src=\"http:\/\/www.leblogmoto.com\/images\/vi2o0219kl.jpg\" width=\"250\"  \/><\/a>Le &quot;<a href=\"http:\/\/www.leblogmoto.com\/2006\/01\/derbi_mulhacn_6.html\">Scrambler<\/a>&quot; ib\u00e9rique au bouilleur de <strong>XT 660<\/strong> est \u00e0 ce point acueilli favorablement que <a href=\"http:\/\/www.leblogmoto.com\/2006\/02\/2_temps_les_der.html\">DERBI<\/a> a d\u00e9cid\u00e9 de le sortir tr\u00e8s vite en <strong>125<\/strong> avec une m\u00e9canique maison.<\/p>\n<p>Le concept moto-loisir, polyvalente mais au caract\u00e8re affirm\u00e9 par une esth\u00e9tique d\u00e9call\u00e9e semble ainsi conna\u00eetre une audience exponentielle. <a href=\"http:\/\/www.leblogmoto.com\/2006\/04\/triumph_soigne_.html\">Triumph<\/a> a ressorti l&rsquo;id\u00e9e de ses cartons, YAMAHA la joue un peu diff\u00e9remment avec son <strong>MT-03<\/strong>, alors que, faut-il le rappeler, la premi\u00e8re du genre en concession est toujours accessible: la <strong>VOXAN Scrambler<\/strong>, justement.<\/p>\n<p>Bonne r\u00e9activit\u00e9 de <strong>DERBI<\/strong> donc qui est bien implant\u00e9 dans la cat\u00e9gorie <strong>125<\/strong>. Cette <strong>Mulhacen<\/strong> semble avoir toutes les qualit\u00e9s pour se multiplier \u00e0 court terme dans nos rue.<\/p>\n<p>SOURCE: <a href=\"http:\/\/www.raptorsandrockets.com\">www.raptorsandrockets.com<\/a>&nbsp; &nbsp;&nbsp; <\/p>\n","protected":false},"excerpt":{"rendered":"<p>Le &quot;Scrambler&quot; ib\u00e9rique au bouilleur de XT 660 est \u00e0 ce point acueilli favorablement que DERBI a d\u00e9cid\u00e9 de le sortir tr\u00e8s vite en 125 avec une m\u00e9canique maison. Le concept moto-loisir, polyvalente mais au caract\u00e8re affirm\u00e9 par une esth\u00e9tique d\u00e9call\u00e9e semble ainsi conna\u00eetre une audience exponentielle. Triumph a ressorti l&rsquo;id\u00e9e de ses cartons, YAMAHA [&hellip;]<\/p>\n","protected":false},"author":336,"featured_media":0,"comment_status":"open","ping_status":"open","sticky":false,"template":"","format":"standard","meta":{"footnotes":""},"categories":[83],"tags":[],"class_list":["post-1863","post","type-post","status-publish","format-standard","hentry","category-derbi"],"yoast_head":"<!-- This site is optimized with the Yoast SEO plugin v26.0 - https:\/\/yoast.com\/wordpress\/plugins\/seo\/ -->\n<title>DERBI Mulhacen: Bient\u00f4t en 125 - leblogmoto.com<\/title>\n<meta name=\"robots\" content=\"index, follow, max-snippet:-1, max-image-preview:large, max-video-preview:-1\" \/>\n<link rel=\"canonical\" href=\"https:\/\/blogs.thesocialmedia.com\/leblogmoto\/2006\/05\/08\/derbi-mulhacen\/\" \/>\n<meta name=\"twitter:card\" content=\"summary_large_image\" \/>\n<meta name=\"twitter:title\" content=\"DERBI Mulhacen: Bient\u00f4t en 125 - leblogmoto.com\" \/>\n<meta name=\"twitter:description\" content=\"Le &quot;Scrambler&quot; ib\u00e9rique au bouilleur de XT 660 est \u00e0 ce point acueilli favorablement que DERBI a d\u00e9cid\u00e9 de le sortir tr\u00e8s vite en 125 avec une m\u00e9canique maison. Le concept moto-loisir, polyvalente mais au caract\u00e8re affirm\u00e9 par une esth\u00e9tique d\u00e9call\u00e9e semble ainsi conna\u00eetre une audience exponentielle. Triumph a ressorti l&rsquo;id\u00e9e de ses cartons, YAMAHA [&hellip;]\" \/>\n<meta name=\"twitter:image\" content=\"http:\/\/www.leblogmoto.com\/images\/vi2o0219kl.jpg\" \/>\n<meta name=\"twitter:label1\" content=\"\u00c9crit par\" \/>\n\t<meta name=\"twitter:data1\" content=\"andre leconde\" \/>\n\t<meta name=\"twitter:label2\" content=\"Dur\u00e9e de lecture estim\u00e9e\" \/>\n\t<meta name=\"twitter:data2\" content=\"1 minute\" \/>\n<script type=\"application\/ld+json\" class=\"yoast-schema-graph\">{\"@context\":\"https:\/\/schema.org\",\"@graph\":[{\"@type\":\"WebPage\",\"@id\":\"https:\/\/blogs.thesocialmedia.com\/leblogmoto\/2006\/05\/08\/derbi-mulhacen\/\",\"url\":\"https:\/\/blogs.thesocialmedia.com\/leblogmoto\/2006\/05\/08\/derbi-mulhacen\/\",\"name\":\"DERBI Mulhacen: Bient\u00f4t en 125 - leblogmoto.com\",\"isPartOf\":{\"@id\":\"https:\/\/blogs.thesocialmedia.com\/leblogmoto\/#website\"},\"primaryImageOfPage\":{\"@id\":\"https:\/\/blogs.thesocialmedia.com\/leblogmoto\/2006\/05\/08\/derbi-mulhacen\/#primaryimage\"},\"image\":{\"@id\":\"https:\/\/blogs.thesocialmedia.com\/leblogmoto\/2006\/05\/08\/derbi-mulhacen\/#primaryimage\"},\"thumbnailUrl\":\"http:\/\/www.leblogmoto.com\/images\/vi2o0219kl.jpg\",\"datePublished\":\"2006-05-08T11:42:49+00:00\",\"dateModified\":\"2012-07-11T14:21:44+00:00\",\"author\":{\"@id\":\"https:\/\/blogs.thesocialmedia.com\/leblogmoto\/#\/schema\/person\/1a1dcfc7cec206573105eb4af91155c2\"},\"breadcrumb\":{\"@id\":\"https:\/\/blogs.thesocialmedia.com\/leblogmoto\/2006\/05\/08\/derbi-mulhacen\/#breadcrumb\"},\"inLanguage\":\"fr-FR\",\"potentialAction\":[{\"@type\":\"ReadAction\",\"target\":[\"https:\/\/blogs.thesocialmedia.com\/leblogmoto\/2006\/05\/08\/derbi-mulhacen\/\"]}]},{\"@type\":\"ImageObject\",\"inLanguage\":\"fr-FR\",\"@id\":\"https:\/\/blogs.thesocialmedia.com\/leblogmoto\/2006\/05\/08\/derbi-mulhacen\/#primaryimage\",\"url\":\"http:\/\/www.leblogmoto.com\/images\/vi2o0219kl.jpg\",\"contentUrl\":\"http:\/\/www.leblogmoto.com\/images\/vi2o0219kl.jpg\"},{\"@type\":\"BreadcrumbList\",\"@id\":\"https:\/\/blogs.thesocialmedia.com\/leblogmoto\/2006\/05\/08\/derbi-mulhacen\/#breadcrumb\",\"itemListElement\":[{\"@type\":\"ListItem\",\"position\":1,\"name\":\"Accueil\",\"item\":\"https:\/\/blogs.thesocialmedia.com\/leblogmoto\/\"},{\"@type\":\"ListItem\",\"position\":2,\"name\":\"DERBI Mulhacen: Bient\u00f4t en 125\"}]},{\"@type\":\"WebSite\",\"@id\":\"https:\/\/blogs.thesocialmedia.com\/leblogmoto\/#website\",\"url\":\"https:\/\/blogs.thesocialmedia.com\/leblogmoto\/\",\"name\":\"leblogmoto\",\"description\":\"Toute l&#039;actualit\u00e9 des 2 roues\",\"potentialAction\":[{\"@type\":\"SearchAction\",\"target\":{\"@type\":\"EntryPoint\",\"urlTemplate\":\"https:\/\/blogs.thesocialmedia.com\/leblogmoto\/?s={search_term_string}\"},\"query-input\":{\"@type\":\"PropertyValueSpecification\",\"valueRequired\":true,\"valueName\":\"search_term_string\"}}],\"inLanguage\":\"fr-FR\"},{\"@type\":\"Person\",\"@id\":\"https:\/\/blogs.thesocialmedia.com\/leblogmoto\/#\/schema\/person\/1a1dcfc7cec206573105eb4af91155c2\",\"name\":\"andre leconde\",\"image\":{\"@type\":\"ImageObject\",\"inLanguage\":\"fr-FR\",\"@id\":\"https:\/\/blogs.thesocialmedia.com\/leblogmoto\/#\/schema\/person\/image\/\",\"url\":\"https:\/\/secure.gravatar.com\/avatar\/?s=96&d=mm&r=g\",\"contentUrl\":\"https:\/\/secure.gravatar.com\/avatar\/?s=96&d=mm&r=g\",\"caption\":\"andre leconde\"},\"url\":\"https:\/\/blogs.thesocialmedia.com\/leblogmoto\/author\/andre-leconde\/\"}]}<\/script>\n<!-- \/ Yoast SEO plugin. -->","yoast_head_json":{"title":"DERBI Mulhacen: Bient\u00f4t en 125 - leblogmoto.com","robots":{"index":"index","follow":"follow","max-snippet":"max-snippet:-1","max-image-preview":"max-image-preview:large","max-video-preview":"max-video-preview:-1"},"canonical":"https:\/\/blogs.thesocialmedia.com\/leblogmoto\/2006\/05\/08\/derbi-mulhacen\/","twitter_card":"summary_large_image","twitter_title":"DERBI Mulhacen: Bient\u00f4t en 125 - leblogmoto.com","twitter_description":"Le &quot;Scrambler&quot; ib\u00e9rique au bouilleur de XT 660 est \u00e0 ce point acueilli favorablement que DERBI a d\u00e9cid\u00e9 de le sortir tr\u00e8s vite en 125 avec une m\u00e9canique maison. Le concept moto-loisir, polyvalente mais au caract\u00e8re affirm\u00e9 par une esth\u00e9tique d\u00e9call\u00e9e semble ainsi conna\u00eetre une audience exponentielle. Triumph a ressorti l&rsquo;id\u00e9e de ses cartons, YAMAHA [&hellip;]","twitter_image":"http:\/\/www.leblogmoto.com\/images\/vi2o0219kl.jpg","twitter_misc":{"\u00c9crit par":"andre leconde","Dur\u00e9e de lecture estim\u00e9e":"1 minute"},"schema":{"@context":"https:\/\/schema.org","@graph":[{"@type":"WebPage","@id":"https:\/\/blogs.thesocialmedia.com\/leblogmoto\/2006\/05\/08\/derbi-mulhacen\/","url":"https:\/\/blogs.thesocialmedia.com\/leblogmoto\/2006\/05\/08\/derbi-mulhacen\/","name":"DERBI Mulhacen: Bient\u00f4t en 125 - leblogmoto.com","isPartOf":{"@id":"https:\/\/blogs.thesocialmedia.com\/leblogmoto\/#website"},"primaryImageOfPage":{"@id":"https:\/\/blogs.thesocialmedia.com\/leblogmoto\/2006\/05\/08\/derbi-mulhacen\/#primaryimage"},"image":{"@id":"https:\/\/blogs.thesocialmedia.com\/leblogmoto\/2006\/05\/08\/derbi-mulhacen\/#primaryimage"},"thumbnailUrl":"http:\/\/www.leblogmoto.com\/images\/vi2o0219kl.jpg","datePublished":"2006-05-08T11:42:49+00:00","dateModified":"2012-07-11T14:21:44+00:00","author":{"@id":"https:\/\/blogs.thesocialmedia.com\/leblogmoto\/#\/schema\/person\/1a1dcfc7cec206573105eb4af91155c2"},"breadcrumb":{"@id":"https:\/\/blogs.thesocialmedia.com\/leblogmoto\/2006\/05\/08\/derbi-mulhacen\/#breadcrumb"},"inLanguage":"fr-FR","potentialAction":[{"@type":"ReadAction","target":["https:\/\/blogs.thesocialmedia.com\/leblogmoto\/2006\/05\/08\/derbi-mulhacen\/"]}]},{"@type":"ImageObject","inLanguage":"fr-FR","@id":"https:\/\/blogs.thesocialmedia.com\/leblogmoto\/2006\/05\/08\/derbi-mulhacen\/#primaryimage","url":"http:\/\/www.leblogmoto.com\/images\/vi2o0219kl.jpg","contentUrl":"http:\/\/www.leblogmoto.com\/images\/vi2o0219kl.jpg"},{"@type":"BreadcrumbList","@id":"https:\/\/blogs.thesocialmedia.com\/leblogmoto\/2006\/05\/08\/derbi-mulhacen\/#breadcrumb","itemListElement":[{"@type":"ListItem","position":1,"name":"Accueil","item":"https:\/\/blogs.thesocialmedia.com\/leblogmoto\/"},{"@type":"ListItem","position":2,"name":"DERBI Mulhacen: Bient\u00f4t en 125"}]},{"@type":"WebSite","@id":"https:\/\/blogs.thesocialmedia.com\/leblogmoto\/#website","url":"https:\/\/blogs.thesocialmedia.com\/leblogmoto\/","name":"leblogmoto","description":"Toute l&#039;actualit\u00e9 des 2 roues","potentialAction":[{"@type":"SearchAction","target":{"@type":"EntryPoint","urlTemplate":"https:\/\/blogs.thesocialmedia.com\/leblogmoto\/?s={search_term_string}"},"query-input":{"@type":"PropertyValueSpecification","valueRequired":true,"valueName":"search_term_string"}}],"inLanguage":"fr-FR"},{"@type":"Person","@id":"https:\/\/blogs.thesocialmedia.com\/leblogmoto\/#\/schema\/person\/1a1dcfc7cec206573105eb4af91155c2","name":"andre leconde","image":{"@type":"ImageObject","inLanguage":"fr-FR","@id":"https:\/\/blogs.thesocialmedia.com\/leblogmoto\/#\/schema\/person\/image\/","url":"https:\/\/secure.gravatar.com\/avatar\/?s=96&d=mm&r=g","contentUrl":"https:\/\/secure.gravatar.com\/avatar\/?s=96&d=mm&r=g","caption":"andre leconde"},"url":"https:\/\/blogs.thesocialmedia.com\/leblogmoto\/author\/andre-leconde\/"}]}},"_links":{"self":[{"href":"https:\/\/blogs.thesocialmedia.com\/leblogmoto\/wp-json\/wp\/v2\/posts\/1863","targetHints":{"allow":["GET"]}}],"collection":[{"href":"https:\/\/blogs.thesocialmedia.com\/leblogmoto\/wp-json\/wp\/v2\/posts"}],"about":[{"href":"https:\/\/blogs.thesocialmedia.com\/leblogmoto\/wp-json\/wp\/v2\/types\/post"}],"author":[{"embeddable":true,"href":"https:\/\/blogs.thesocialmedia.com\/leblogmoto\/wp-json\/wp\/v2\/users\/336"}],"replies":[{"embeddable":true,"href":"https:\/\/blogs.thesocialmedia.com\/leblogmoto\/wp-json\/wp\/v2\/comments?post=1863"}],"version-history":[{"count":2,"href":"https:\/\/blogs.thesocialmedia.com\/leblogmoto\/wp-json\/wp\/v2\/posts\/1863\/revisions"}],"predecessor-version":[{"id":7428,"href":"https:\/\/blogs.thesocialmedia.com\/leblogmoto\/wp-json\/wp\/v2\/posts\/1863\/revisions\/7428"}],"wp:attachment":[{"href":"https:\/\/blogs.thesocialmedia.com\/leblogmoto\/wp-json\/wp\/v2\/media?parent=1863"}],"wp:term":[{"taxonomy":"category","embeddable":true,"href":"https:\/\/blogs.thesocialmedia.com\/leblogmoto\/wp-json\/wp\/v2\/categories?post=1863"},{"taxonomy":"post_tag","embeddable":true,"href":"https:\/\/blogs.thesocialmedia.com\/leblogmoto\/wp-json\/wp\/v2\/tags?post=1863"}],"curies":[{"name":"wp","href":"https:\/\/api.w.org\/{rel}","templated":true}]}}