{"id":1864,"date":"2006-05-07T20:55:50","date_gmt":"2006-05-07T20:55:50","guid":{"rendered":"http:\/\/blogs.thesocialmedia.com\/leblogmoto\/2006\/05\/07\/sbk-monza-bayli\/"},"modified":"2012-07-11T14:21:43","modified_gmt":"2012-07-11T14:21:43","slug":"sbk-monza-bayli","status":"publish","type":"post","link":"https:\/\/blogs.thesocialmedia.com\/leblogmoto\/2006\/05\/07\/sbk-monza-bayli\/","title":{"rendered":"SBK MONZA: BAYLISSTIC, double d\u00e9tente"},"content":{"rendered":"<p><a href=\"http:\/\/blogs.thesocialmedia.com\/leblogmoto\/files\/2012\/07\/27444_news_1.jpg\"><img loading=\"lazy\" decoding=\"async\" height=\"314\" alt=\"27444_news_1\" src=\"http:\/\/www.leblogmoto.com\/images\/27444_news_1.jpg\" width=\"470\"  \/><\/a> Il les a achev\u00e9s sans piti\u00e9. Troy BAYLISS n&rsquo;a laiss\u00e9 aucun espoir \u00e0 ses adversaires lors de la manche du mondial SBK \u00e0 <a href=\"http:\/\/www.leblogmoto.com\/2006\/05\/monza_superspor_1.html\">MONZA<\/a>. <strong>Double victoire<\/strong>, devant <strong>BARROS<\/strong> et <strong>CORSER<\/strong> d&rsquo;abord, puis devant <strong>CORSER<\/strong> et <strong>HAGA<\/strong> ensuite.<\/p>\n<p><a href=\"http:\/\/www.leblogmoto.com\/2006\/05\/sbk_monza_a_cor.html\">Troy CORSER<\/a> est une nouvelle fois le perdant du week-end. V\u00e9loce en qualif, la <strong>SUZ<\/strong> n&rsquo;arrive pas \u00e0 suivre la <strong>DUCATI <\/strong>en course. <strong>Francis BATTA<\/strong> va devoir trouver quelque chose sous peine de voir tr\u00e8s vite les chances de son \u00e9quipe de garder la couronne mondiale s&rsquo;envoler. Par ailleurs, <strong>KAGAYAMA<\/strong> n&rsquo;a pas fini alors que <strong>FORET<\/strong> apprend toujours&#8230; <\/p>\n<p><a href=\"http:\/\/clabedan.typepad.com\/.shared\/image.html?\/photos\/uncategorized\/bayliss_narrowweb__300x4160.jpg\"><img loading=\"lazy\" decoding=\"async\" height=\"346\" alt=\"Bayliss_narrowweb__300x4160\" src=\"http:\/\/www.leblogmoto.com\/images\/bayliss_narrowweb__300x4160.jpg\" width=\"250\"  \/><\/a> <strong>Fabien FORET<\/strong> a termin\u00e9 les deux manches en treizi\u00e8me position. C\u00f4t\u00e9 DUCATI, <strong>LANZI<\/strong> a \u00e9t\u00e9 transparent une fois neuvi\u00e8me, puis onzi\u00e8me. <\/p>\n<p>Pour ce qui est de <strong>HONDA<\/strong>, quand <strong>BARROS<\/strong> r\u00e9ussira ses d\u00e9parts, il pourra briguer la victoire. Englu\u00e9 au d\u00e9part des deux manches vers la treizi\u00e8me place, le Br\u00e9silien a m\u00e9thodiquement remont\u00e9 pour accrocher une belle deuxi\u00e8me place en premi\u00e8re manche et une quatri\u00e8me dans la seconde. Pour les <strong>Ten Kate&rsquo;s Boys<\/strong> en convalescence, <strong>TOSELAND<\/strong> a lourdement chut\u00e9 dans le dernier tour du premier round alors qu&rsquo;il remontait vers le podium, puis s&rsquo;est inclin\u00e9 face \u00e0 BARROS \u00e0 la deuxi\u00e8me mi-temps, finissant cinqui\u00e8me. Pour <strong>MUGGERIDGE<\/strong>, ses sixi\u00e8me et septi\u00e8me place sont tr\u00e8s satisfaisantes.<\/p>\n<p>Bonne prestation des <strong>KAWA<\/strong>, mais jamais avec les m\u00eames pilotes. Une septi\u00e8me place pour <strong>LACONI<\/strong> d&rsquo;abord, puis une huiti\u00e8me pour <strong>NIETO<\/strong> ensuite. <\/p>\n<p>Au championnat, BAYLISS creuse; <strong>175<\/strong> points et cinq victoires contre <strong>139<\/strong> et deux victoires \u00e0 son compatriote. Suivent TOSELAND <strong>97<\/strong> et BARROS <strong>95<\/strong>.<\/p>\n","protected":false},"excerpt":{"rendered":"<p>Il les a achev\u00e9s sans piti\u00e9. Troy BAYLISS n&rsquo;a laiss\u00e9 aucun espoir \u00e0 ses adversaires lors de la manche du mondial SBK \u00e0 MONZA. Double victoire, devant BARROS et CORSER d&rsquo;abord, puis devant CORSER et HAGA ensuite. Troy CORSER est une nouvelle fois le perdant du week-end. V\u00e9loce en qualif, la SUZ n&rsquo;arrive pas \u00e0 [&hellip;]<\/p>\n","protected":false},"author":336,"featured_media":0,"comment_status":"open","ping_status":"open","sticky":false,"template":"","format":"standard","meta":{"footnotes":""},"categories":[32,46],"tags":[],"class_list":["post-1864","post","type-post","status-publish","format-standard","hentry","category-sport-moto","category-superbike"],"yoast_head":"<!-- This site is optimized with the Yoast SEO plugin v26.0 - https:\/\/yoast.com\/wordpress\/plugins\/seo\/ -->\n<title>SBK MONZA: BAYLISSTIC, double d\u00e9tente - leblogmoto.com<\/title>\n<meta name=\"robots\" content=\"index, follow, max-snippet:-1, max-image-preview:large, max-video-preview:-1\" \/>\n<link rel=\"canonical\" href=\"https:\/\/blogs.thesocialmedia.com\/leblogmoto\/2006\/05\/07\/sbk-monza-bayli\/\" \/>\n<meta name=\"twitter:card\" content=\"summary_large_image\" \/>\n<meta name=\"twitter:title\" content=\"SBK MONZA: BAYLISSTIC, double d\u00e9tente - leblogmoto.com\" \/>\n<meta name=\"twitter:description\" content=\"Il les a achev\u00e9s sans piti\u00e9. Troy BAYLISS n&rsquo;a laiss\u00e9 aucun espoir \u00e0 ses adversaires lors de la manche du mondial SBK \u00e0 MONZA. Double victoire, devant BARROS et CORSER d&rsquo;abord, puis devant CORSER et HAGA ensuite. Troy CORSER est une nouvelle fois le perdant du week-end. V\u00e9loce en qualif, la SUZ n&rsquo;arrive pas \u00e0 [&hellip;]\" \/>\n<meta name=\"twitter:image\" content=\"http:\/\/www.leblogmoto.com\/images\/27444_news_1.jpg\" \/>\n<meta name=\"twitter:label1\" content=\"\u00c9crit par\" \/>\n\t<meta name=\"twitter:data1\" content=\"andre leconde\" \/>\n\t<meta name=\"twitter:label2\" content=\"Dur\u00e9e de lecture estim\u00e9e\" \/>\n\t<meta name=\"twitter:data2\" content=\"1 minute\" \/>\n<script type=\"application\/ld+json\" class=\"yoast-schema-graph\">{\"@context\":\"https:\/\/schema.org\",\"@graph\":[{\"@type\":\"WebPage\",\"@id\":\"https:\/\/blogs.thesocialmedia.com\/leblogmoto\/2006\/05\/07\/sbk-monza-bayli\/\",\"url\":\"https:\/\/blogs.thesocialmedia.com\/leblogmoto\/2006\/05\/07\/sbk-monza-bayli\/\",\"name\":\"SBK MONZA: BAYLISSTIC, double d\u00e9tente - leblogmoto.com\",\"isPartOf\":{\"@id\":\"https:\/\/blogs.thesocialmedia.com\/leblogmoto\/#website\"},\"primaryImageOfPage\":{\"@id\":\"https:\/\/blogs.thesocialmedia.com\/leblogmoto\/2006\/05\/07\/sbk-monza-bayli\/#primaryimage\"},\"image\":{\"@id\":\"https:\/\/blogs.thesocialmedia.com\/leblogmoto\/2006\/05\/07\/sbk-monza-bayli\/#primaryimage\"},\"thumbnailUrl\":\"http:\/\/www.leblogmoto.com\/images\/27444_news_1.jpg\",\"datePublished\":\"2006-05-07T20:55:50+00:00\",\"dateModified\":\"2012-07-11T14:21:43+00:00\",\"author\":{\"@id\":\"https:\/\/blogs.thesocialmedia.com\/leblogmoto\/#\/schema\/person\/1a1dcfc7cec206573105eb4af91155c2\"},\"breadcrumb\":{\"@id\":\"https:\/\/blogs.thesocialmedia.com\/leblogmoto\/2006\/05\/07\/sbk-monza-bayli\/#breadcrumb\"},\"inLanguage\":\"fr-FR\",\"potentialAction\":[{\"@type\":\"ReadAction\",\"target\":[\"https:\/\/blogs.thesocialmedia.com\/leblogmoto\/2006\/05\/07\/sbk-monza-bayli\/\"]}]},{\"@type\":\"ImageObject\",\"inLanguage\":\"fr-FR\",\"@id\":\"https:\/\/blogs.thesocialmedia.com\/leblogmoto\/2006\/05\/07\/sbk-monza-bayli\/#primaryimage\",\"url\":\"http:\/\/www.leblogmoto.com\/images\/27444_news_1.jpg\",\"contentUrl\":\"http:\/\/www.leblogmoto.com\/images\/27444_news_1.jpg\"},{\"@type\":\"BreadcrumbList\",\"@id\":\"https:\/\/blogs.thesocialmedia.com\/leblogmoto\/2006\/05\/07\/sbk-monza-bayli\/#breadcrumb\",\"itemListElement\":[{\"@type\":\"ListItem\",\"position\":1,\"name\":\"Accueil\",\"item\":\"https:\/\/blogs.thesocialmedia.com\/leblogmoto\/\"},{\"@type\":\"ListItem\",\"position\":2,\"name\":\"SBK MONZA: BAYLISSTIC, double d\u00e9tente\"}]},{\"@type\":\"WebSite\",\"@id\":\"https:\/\/blogs.thesocialmedia.com\/leblogmoto\/#website\",\"url\":\"https:\/\/blogs.thesocialmedia.com\/leblogmoto\/\",\"name\":\"leblogmoto\",\"description\":\"Toute l&#039;actualit\u00e9 des 2 roues\",\"potentialAction\":[{\"@type\":\"SearchAction\",\"target\":{\"@type\":\"EntryPoint\",\"urlTemplate\":\"https:\/\/blogs.thesocialmedia.com\/leblogmoto\/?s={search_term_string}\"},\"query-input\":{\"@type\":\"PropertyValueSpecification\",\"valueRequired\":true,\"valueName\":\"search_term_string\"}}],\"inLanguage\":\"fr-FR\"},{\"@type\":\"Person\",\"@id\":\"https:\/\/blogs.thesocialmedia.com\/leblogmoto\/#\/schema\/person\/1a1dcfc7cec206573105eb4af91155c2\",\"name\":\"andre leconde\",\"image\":{\"@type\":\"ImageObject\",\"inLanguage\":\"fr-FR\",\"@id\":\"https:\/\/blogs.thesocialmedia.com\/leblogmoto\/#\/schema\/person\/image\/\",\"url\":\"https:\/\/secure.gravatar.com\/avatar\/?s=96&d=mm&r=g\",\"contentUrl\":\"https:\/\/secure.gravatar.com\/avatar\/?s=96&d=mm&r=g\",\"caption\":\"andre leconde\"},\"url\":\"https:\/\/blogs.thesocialmedia.com\/leblogmoto\/author\/andre-leconde\/\"}]}<\/script>\n<!-- \/ Yoast SEO plugin. -->","yoast_head_json":{"title":"SBK MONZA: BAYLISSTIC, double d\u00e9tente - leblogmoto.com","robots":{"index":"index","follow":"follow","max-snippet":"max-snippet:-1","max-image-preview":"max-image-preview:large","max-video-preview":"max-video-preview:-1"},"canonical":"https:\/\/blogs.thesocialmedia.com\/leblogmoto\/2006\/05\/07\/sbk-monza-bayli\/","twitter_card":"summary_large_image","twitter_title":"SBK MONZA: BAYLISSTIC, double d\u00e9tente - leblogmoto.com","twitter_description":"Il les a achev\u00e9s sans piti\u00e9. Troy BAYLISS n&rsquo;a laiss\u00e9 aucun espoir \u00e0 ses adversaires lors de la manche du mondial SBK \u00e0 MONZA. Double victoire, devant BARROS et CORSER d&rsquo;abord, puis devant CORSER et HAGA ensuite. Troy CORSER est une nouvelle fois le perdant du week-end. V\u00e9loce en qualif, la SUZ n&rsquo;arrive pas \u00e0 [&hellip;]","twitter_image":"http:\/\/www.leblogmoto.com\/images\/27444_news_1.jpg","twitter_misc":{"\u00c9crit par":"andre leconde","Dur\u00e9e de lecture estim\u00e9e":"1 minute"},"schema":{"@context":"https:\/\/schema.org","@graph":[{"@type":"WebPage","@id":"https:\/\/blogs.thesocialmedia.com\/leblogmoto\/2006\/05\/07\/sbk-monza-bayli\/","url":"https:\/\/blogs.thesocialmedia.com\/leblogmoto\/2006\/05\/07\/sbk-monza-bayli\/","name":"SBK MONZA: BAYLISSTIC, double d\u00e9tente - leblogmoto.com","isPartOf":{"@id":"https:\/\/blogs.thesocialmedia.com\/leblogmoto\/#website"},"primaryImageOfPage":{"@id":"https:\/\/blogs.thesocialmedia.com\/leblogmoto\/2006\/05\/07\/sbk-monza-bayli\/#primaryimage"},"image":{"@id":"https:\/\/blogs.thesocialmedia.com\/leblogmoto\/2006\/05\/07\/sbk-monza-bayli\/#primaryimage"},"thumbnailUrl":"http:\/\/www.leblogmoto.com\/images\/27444_news_1.jpg","datePublished":"2006-05-07T20:55:50+00:00","dateModified":"2012-07-11T14:21:43+00:00","author":{"@id":"https:\/\/blogs.thesocialmedia.com\/leblogmoto\/#\/schema\/person\/1a1dcfc7cec206573105eb4af91155c2"},"breadcrumb":{"@id":"https:\/\/blogs.thesocialmedia.com\/leblogmoto\/2006\/05\/07\/sbk-monza-bayli\/#breadcrumb"},"inLanguage":"fr-FR","potentialAction":[{"@type":"ReadAction","target":["https:\/\/blogs.thesocialmedia.com\/leblogmoto\/2006\/05\/07\/sbk-monza-bayli\/"]}]},{"@type":"ImageObject","inLanguage":"fr-FR","@id":"https:\/\/blogs.thesocialmedia.com\/leblogmoto\/2006\/05\/07\/sbk-monza-bayli\/#primaryimage","url":"http:\/\/www.leblogmoto.com\/images\/27444_news_1.jpg","contentUrl":"http:\/\/www.leblogmoto.com\/images\/27444_news_1.jpg"},{"@type":"BreadcrumbList","@id":"https:\/\/blogs.thesocialmedia.com\/leblogmoto\/2006\/05\/07\/sbk-monza-bayli\/#breadcrumb","itemListElement":[{"@type":"ListItem","position":1,"name":"Accueil","item":"https:\/\/blogs.thesocialmedia.com\/leblogmoto\/"},{"@type":"ListItem","position":2,"name":"SBK MONZA: BAYLISSTIC, double d\u00e9tente"}]},{"@type":"WebSite","@id":"https:\/\/blogs.thesocialmedia.com\/leblogmoto\/#website","url":"https:\/\/blogs.thesocialmedia.com\/leblogmoto\/","name":"leblogmoto","description":"Toute l&#039;actualit\u00e9 des 2 roues","potentialAction":[{"@type":"SearchAction","target":{"@type":"EntryPoint","urlTemplate":"https:\/\/blogs.thesocialmedia.com\/leblogmoto\/?s={search_term_string}"},"query-input":{"@type":"PropertyValueSpecification","valueRequired":true,"valueName":"search_term_string"}}],"inLanguage":"fr-FR"},{"@type":"Person","@id":"https:\/\/blogs.thesocialmedia.com\/leblogmoto\/#\/schema\/person\/1a1dcfc7cec206573105eb4af91155c2","name":"andre leconde","image":{"@type":"ImageObject","inLanguage":"fr-FR","@id":"https:\/\/blogs.thesocialmedia.com\/leblogmoto\/#\/schema\/person\/image\/","url":"https:\/\/secure.gravatar.com\/avatar\/?s=96&d=mm&r=g","contentUrl":"https:\/\/secure.gravatar.com\/avatar\/?s=96&d=mm&r=g","caption":"andre leconde"},"url":"https:\/\/blogs.thesocialmedia.com\/leblogmoto\/author\/andre-leconde\/"}]}},"_links":{"self":[{"href":"https:\/\/blogs.thesocialmedia.com\/leblogmoto\/wp-json\/wp\/v2\/posts\/1864","targetHints":{"allow":["GET"]}}],"collection":[{"href":"https:\/\/blogs.thesocialmedia.com\/leblogmoto\/wp-json\/wp\/v2\/posts"}],"about":[{"href":"https:\/\/blogs.thesocialmedia.com\/leblogmoto\/wp-json\/wp\/v2\/types\/post"}],"author":[{"embeddable":true,"href":"https:\/\/blogs.thesocialmedia.com\/leblogmoto\/wp-json\/wp\/v2\/users\/336"}],"replies":[{"embeddable":true,"href":"https:\/\/blogs.thesocialmedia.com\/leblogmoto\/wp-json\/wp\/v2\/comments?post=1864"}],"version-history":[{"count":2,"href":"https:\/\/blogs.thesocialmedia.com\/leblogmoto\/wp-json\/wp\/v2\/posts\/1864\/revisions"}],"predecessor-version":[{"id":7426,"href":"https:\/\/blogs.thesocialmedia.com\/leblogmoto\/wp-json\/wp\/v2\/posts\/1864\/revisions\/7426"}],"wp:attachment":[{"href":"https:\/\/blogs.thesocialmedia.com\/leblogmoto\/wp-json\/wp\/v2\/media?parent=1864"}],"wp:term":[{"taxonomy":"category","embeddable":true,"href":"https:\/\/blogs.thesocialmedia.com\/leblogmoto\/wp-json\/wp\/v2\/categories?post=1864"},{"taxonomy":"post_tag","embeddable":true,"href":"https:\/\/blogs.thesocialmedia.com\/leblogmoto\/wp-json\/wp\/v2\/tags?post=1864"}],"curies":[{"name":"wp","href":"https:\/\/api.w.org\/{rel}","templated":true}]}}