{"id":1865,"date":"2006-05-07T16:17:37","date_gmt":"2006-05-07T16:17:37","guid":{"rendered":"http:\/\/blogs.thesocialmedia.com\/leblogmoto\/2006\/05\/07\/monza-superspor-1\/"},"modified":"2012-07-11T14:21:41","modified_gmt":"2012-07-11T14:21:41","slug":"monza-superspor-1","status":"publish","type":"post","link":"https:\/\/blogs.thesocialmedia.com\/leblogmoto\/2006\/05\/07\/monza-superspor-1\/","title":{"rendered":"MONZA SuperSport: La premi\u00e8re de TIBERIO"},"content":{"rendered":"<p><a href=\"http:\/\/blogs.thesocialmedia.com\/leblogmoto\/files\/2012\/07\/dsc_5558.jpg\"><img loading=\"lazy\" decoding=\"async\" height=\"377\" alt=\"Dsc_5558\" src=\"http:\/\/www.leblogmoto.com\/images\/dsc_5558.jpg\" width=\"250\"  \/><\/a> A <strong>19 ans<\/strong>, <a href=\"http:\/\/www.leblogmoto.com\/2006\/02\/supersport_les_.html\">Yoann TIBERIO<\/a> au guidon de sa HONDA 600 CBRR du team <strong>Megabike<\/strong> a remport\u00e9, sur le circuit de <a href=\"http:\/\/www.leblogmoto.com\/2006\/05\/mathieu_gines_s.html\">MONZA<\/a>, sa premi\u00e8re victoire internationale.<\/p>\n<p>Profitant de l&rsquo;\u00e9tourderie du d\u00e9part de l&rsquo;intouchable <a href=\"http:\/\/www.leblogmoto.com\/2006\/05\/monza_superspor.html\">S\u00e9bastien CHARPENTIER<\/a>, il s&rsquo;est impos\u00e9 avec une r\u00e9elle autorit\u00e9 \u00e0 ses adversaires plus cap\u00e9s qu&rsquo;\u00e9taient <strong>CURTAIN<\/strong> et <strong>HARMS<\/strong>.<\/p>\n<p>Le premier cit\u00e9 voyait sa YAMAHA le trahir \u00e0 <strong>trois tours<\/strong> de l&rsquo;arriv\u00e9e alors qu&rsquo;il bataillait pour la victoire. <strong>HARMS<\/strong> n&rsquo;a ensuite rien pu faire quand Yoann a mis du gros gaz dans les derniers kilom\u00e8tres pour s&rsquo;adjuger d\u00e9finitivement la premi\u00e8re place.<\/p>\n<p><strong>CHARPENTIER<\/strong>, p\u00e9nalis\u00e9 d&rsquo;un &quot;<strong>ride-through<\/strong>&quot; pour son <strong>d\u00e9part anticip\u00e9<\/strong>, a ensuite donn\u00e9 un r\u00e9cital qui l&rsquo;a ramen\u00e9 sur le podium. Troisi\u00e8me, alors que CURTAIN, son plus proche rival au championnat, rate une occasion en or pour lui reprendre des points, le champion du Monde fait mieux que limiter la casse. Il accentue encore son capital&#8230;<\/p>\n<p><a href=\"http:\/\/clabedan.typepad.com\/.shared\/image.html?\/photos\/uncategorized\/med_1145648392_charpentier_valencia_frid.jpg\"><strong><img loading=\"lazy\" decoding=\"async\" height=\"165\" alt=\"Med_1145648392_charpentier_valencia_frid\" src=\"http:\/\/www.leblogmoto.com\/images\/med_1145648392_charpentier_valencia_frid.jpg\" width=\"250\"  \/><\/strong><\/a><strong>St\u00e9phane CHAMBON<\/strong> termine dixi\u00e8me, <strong>Maxime BERGER<\/strong> seizi\u00e8me, et <strong>LEBLANC<\/strong> vingt troisi\u00e8me.<\/p>\n<p>Au championnat, CHARPENTIER m\u00e9ne plus que jamais avec <strong>91<\/strong> points, devant CURTAIN <strong>60<\/strong>, HARMS <strong>52<\/strong>, et TIBERIO <strong>48<\/strong>.<\/p>\n<p>Yoann \u00e9clipse son chef de file FUJIWARA. Et le plateau du SuperSport peut se d\u00e9sesp\u00e8rer d&rsquo;apprendre qu&rsquo;\u00e0 pr\u00e9sent, pour les hymnes donn\u00e9s pour le podium, une marseillaise peut en cacher une autre.<\/p>\n","protected":false},"excerpt":{"rendered":"<p>A 19 ans, Yoann TIBERIO au guidon de sa HONDA 600 CBRR du team Megabike a remport\u00e9, sur le circuit de MONZA, sa premi\u00e8re victoire internationale. Profitant de l&rsquo;\u00e9tourderie du d\u00e9part de l&rsquo;intouchable S\u00e9bastien CHARPENTIER, il s&rsquo;est impos\u00e9 avec une r\u00e9elle autorit\u00e9 \u00e0 ses adversaires plus cap\u00e9s qu&rsquo;\u00e9taient CURTAIN et HARMS. Le premier cit\u00e9 voyait [&hellip;]<\/p>\n","protected":false},"author":336,"featured_media":0,"comment_status":"open","ping_status":"open","sticky":false,"template":"","format":"standard","meta":{"footnotes":""},"categories":[32,46],"tags":[],"class_list":["post-1865","post","type-post","status-publish","format-standard","hentry","category-sport-moto","category-superbike"],"yoast_head":"<!-- This site is optimized with the Yoast SEO plugin v26.0 - https:\/\/yoast.com\/wordpress\/plugins\/seo\/ -->\n<title>MONZA SuperSport: La premi\u00e8re de TIBERIO - leblogmoto.com<\/title>\n<meta name=\"robots\" content=\"index, follow, max-snippet:-1, max-image-preview:large, max-video-preview:-1\" \/>\n<link rel=\"canonical\" href=\"https:\/\/blogs.thesocialmedia.com\/leblogmoto\/2006\/05\/07\/monza-superspor-1\/\" \/>\n<meta name=\"twitter:card\" content=\"summary_large_image\" \/>\n<meta name=\"twitter:title\" content=\"MONZA SuperSport: La premi\u00e8re de TIBERIO - leblogmoto.com\" \/>\n<meta name=\"twitter:description\" content=\"A 19 ans, Yoann TIBERIO au guidon de sa HONDA 600 CBRR du team Megabike a remport\u00e9, sur le circuit de MONZA, sa premi\u00e8re victoire internationale. Profitant de l&rsquo;\u00e9tourderie du d\u00e9part de l&rsquo;intouchable S\u00e9bastien CHARPENTIER, il s&rsquo;est impos\u00e9 avec une r\u00e9elle autorit\u00e9 \u00e0 ses adversaires plus cap\u00e9s qu&rsquo;\u00e9taient CURTAIN et HARMS. Le premier cit\u00e9 voyait [&hellip;]\" \/>\n<meta name=\"twitter:image\" content=\"http:\/\/www.leblogmoto.com\/images\/dsc_5558.jpg\" \/>\n<meta name=\"twitter:label1\" content=\"\u00c9crit par\" \/>\n\t<meta name=\"twitter:data1\" content=\"andre leconde\" \/>\n\t<meta name=\"twitter:label2\" content=\"Dur\u00e9e de lecture estim\u00e9e\" \/>\n\t<meta name=\"twitter:data2\" content=\"1 minute\" \/>\n<script type=\"application\/ld+json\" class=\"yoast-schema-graph\">{\"@context\":\"https:\/\/schema.org\",\"@graph\":[{\"@type\":\"WebPage\",\"@id\":\"https:\/\/blogs.thesocialmedia.com\/leblogmoto\/2006\/05\/07\/monza-superspor-1\/\",\"url\":\"https:\/\/blogs.thesocialmedia.com\/leblogmoto\/2006\/05\/07\/monza-superspor-1\/\",\"name\":\"MONZA SuperSport: La premi\u00e8re de TIBERIO - leblogmoto.com\",\"isPartOf\":{\"@id\":\"https:\/\/blogs.thesocialmedia.com\/leblogmoto\/#website\"},\"primaryImageOfPage\":{\"@id\":\"https:\/\/blogs.thesocialmedia.com\/leblogmoto\/2006\/05\/07\/monza-superspor-1\/#primaryimage\"},\"image\":{\"@id\":\"https:\/\/blogs.thesocialmedia.com\/leblogmoto\/2006\/05\/07\/monza-superspor-1\/#primaryimage\"},\"thumbnailUrl\":\"http:\/\/www.leblogmoto.com\/images\/dsc_5558.jpg\",\"datePublished\":\"2006-05-07T16:17:37+00:00\",\"dateModified\":\"2012-07-11T14:21:41+00:00\",\"author\":{\"@id\":\"https:\/\/blogs.thesocialmedia.com\/leblogmoto\/#\/schema\/person\/1a1dcfc7cec206573105eb4af91155c2\"},\"breadcrumb\":{\"@id\":\"https:\/\/blogs.thesocialmedia.com\/leblogmoto\/2006\/05\/07\/monza-superspor-1\/#breadcrumb\"},\"inLanguage\":\"fr-FR\",\"potentialAction\":[{\"@type\":\"ReadAction\",\"target\":[\"https:\/\/blogs.thesocialmedia.com\/leblogmoto\/2006\/05\/07\/monza-superspor-1\/\"]}]},{\"@type\":\"ImageObject\",\"inLanguage\":\"fr-FR\",\"@id\":\"https:\/\/blogs.thesocialmedia.com\/leblogmoto\/2006\/05\/07\/monza-superspor-1\/#primaryimage\",\"url\":\"http:\/\/www.leblogmoto.com\/images\/dsc_5558.jpg\",\"contentUrl\":\"http:\/\/www.leblogmoto.com\/images\/dsc_5558.jpg\"},{\"@type\":\"BreadcrumbList\",\"@id\":\"https:\/\/blogs.thesocialmedia.com\/leblogmoto\/2006\/05\/07\/monza-superspor-1\/#breadcrumb\",\"itemListElement\":[{\"@type\":\"ListItem\",\"position\":1,\"name\":\"Accueil\",\"item\":\"https:\/\/blogs.thesocialmedia.com\/leblogmoto\/\"},{\"@type\":\"ListItem\",\"position\":2,\"name\":\"MONZA SuperSport: La premi\u00e8re de TIBERIO\"}]},{\"@type\":\"WebSite\",\"@id\":\"https:\/\/blogs.thesocialmedia.com\/leblogmoto\/#website\",\"url\":\"https:\/\/blogs.thesocialmedia.com\/leblogmoto\/\",\"name\":\"leblogmoto\",\"description\":\"Toute l&#039;actualit\u00e9 des 2 roues\",\"potentialAction\":[{\"@type\":\"SearchAction\",\"target\":{\"@type\":\"EntryPoint\",\"urlTemplate\":\"https:\/\/blogs.thesocialmedia.com\/leblogmoto\/?s={search_term_string}\"},\"query-input\":{\"@type\":\"PropertyValueSpecification\",\"valueRequired\":true,\"valueName\":\"search_term_string\"}}],\"inLanguage\":\"fr-FR\"},{\"@type\":\"Person\",\"@id\":\"https:\/\/blogs.thesocialmedia.com\/leblogmoto\/#\/schema\/person\/1a1dcfc7cec206573105eb4af91155c2\",\"name\":\"andre leconde\",\"image\":{\"@type\":\"ImageObject\",\"inLanguage\":\"fr-FR\",\"@id\":\"https:\/\/blogs.thesocialmedia.com\/leblogmoto\/#\/schema\/person\/image\/\",\"url\":\"https:\/\/secure.gravatar.com\/avatar\/?s=96&d=mm&r=g\",\"contentUrl\":\"https:\/\/secure.gravatar.com\/avatar\/?s=96&d=mm&r=g\",\"caption\":\"andre leconde\"},\"url\":\"https:\/\/blogs.thesocialmedia.com\/leblogmoto\/author\/andre-leconde\/\"}]}<\/script>\n<!-- \/ Yoast SEO plugin. -->","yoast_head_json":{"title":"MONZA SuperSport: La premi\u00e8re de TIBERIO - leblogmoto.com","robots":{"index":"index","follow":"follow","max-snippet":"max-snippet:-1","max-image-preview":"max-image-preview:large","max-video-preview":"max-video-preview:-1"},"canonical":"https:\/\/blogs.thesocialmedia.com\/leblogmoto\/2006\/05\/07\/monza-superspor-1\/","twitter_card":"summary_large_image","twitter_title":"MONZA SuperSport: La premi\u00e8re de TIBERIO - leblogmoto.com","twitter_description":"A 19 ans, Yoann TIBERIO au guidon de sa HONDA 600 CBRR du team Megabike a remport\u00e9, sur le circuit de MONZA, sa premi\u00e8re victoire internationale. Profitant de l&rsquo;\u00e9tourderie du d\u00e9part de l&rsquo;intouchable S\u00e9bastien CHARPENTIER, il s&rsquo;est impos\u00e9 avec une r\u00e9elle autorit\u00e9 \u00e0 ses adversaires plus cap\u00e9s qu&rsquo;\u00e9taient CURTAIN et HARMS. Le premier cit\u00e9 voyait [&hellip;]","twitter_image":"http:\/\/www.leblogmoto.com\/images\/dsc_5558.jpg","twitter_misc":{"\u00c9crit par":"andre leconde","Dur\u00e9e de lecture estim\u00e9e":"1 minute"},"schema":{"@context":"https:\/\/schema.org","@graph":[{"@type":"WebPage","@id":"https:\/\/blogs.thesocialmedia.com\/leblogmoto\/2006\/05\/07\/monza-superspor-1\/","url":"https:\/\/blogs.thesocialmedia.com\/leblogmoto\/2006\/05\/07\/monza-superspor-1\/","name":"MONZA SuperSport: La premi\u00e8re de TIBERIO - leblogmoto.com","isPartOf":{"@id":"https:\/\/blogs.thesocialmedia.com\/leblogmoto\/#website"},"primaryImageOfPage":{"@id":"https:\/\/blogs.thesocialmedia.com\/leblogmoto\/2006\/05\/07\/monza-superspor-1\/#primaryimage"},"image":{"@id":"https:\/\/blogs.thesocialmedia.com\/leblogmoto\/2006\/05\/07\/monza-superspor-1\/#primaryimage"},"thumbnailUrl":"http:\/\/www.leblogmoto.com\/images\/dsc_5558.jpg","datePublished":"2006-05-07T16:17:37+00:00","dateModified":"2012-07-11T14:21:41+00:00","author":{"@id":"https:\/\/blogs.thesocialmedia.com\/leblogmoto\/#\/schema\/person\/1a1dcfc7cec206573105eb4af91155c2"},"breadcrumb":{"@id":"https:\/\/blogs.thesocialmedia.com\/leblogmoto\/2006\/05\/07\/monza-superspor-1\/#breadcrumb"},"inLanguage":"fr-FR","potentialAction":[{"@type":"ReadAction","target":["https:\/\/blogs.thesocialmedia.com\/leblogmoto\/2006\/05\/07\/monza-superspor-1\/"]}]},{"@type":"ImageObject","inLanguage":"fr-FR","@id":"https:\/\/blogs.thesocialmedia.com\/leblogmoto\/2006\/05\/07\/monza-superspor-1\/#primaryimage","url":"http:\/\/www.leblogmoto.com\/images\/dsc_5558.jpg","contentUrl":"http:\/\/www.leblogmoto.com\/images\/dsc_5558.jpg"},{"@type":"BreadcrumbList","@id":"https:\/\/blogs.thesocialmedia.com\/leblogmoto\/2006\/05\/07\/monza-superspor-1\/#breadcrumb","itemListElement":[{"@type":"ListItem","position":1,"name":"Accueil","item":"https:\/\/blogs.thesocialmedia.com\/leblogmoto\/"},{"@type":"ListItem","position":2,"name":"MONZA SuperSport: La premi\u00e8re de TIBERIO"}]},{"@type":"WebSite","@id":"https:\/\/blogs.thesocialmedia.com\/leblogmoto\/#website","url":"https:\/\/blogs.thesocialmedia.com\/leblogmoto\/","name":"leblogmoto","description":"Toute l&#039;actualit\u00e9 des 2 roues","potentialAction":[{"@type":"SearchAction","target":{"@type":"EntryPoint","urlTemplate":"https:\/\/blogs.thesocialmedia.com\/leblogmoto\/?s={search_term_string}"},"query-input":{"@type":"PropertyValueSpecification","valueRequired":true,"valueName":"search_term_string"}}],"inLanguage":"fr-FR"},{"@type":"Person","@id":"https:\/\/blogs.thesocialmedia.com\/leblogmoto\/#\/schema\/person\/1a1dcfc7cec206573105eb4af91155c2","name":"andre leconde","image":{"@type":"ImageObject","inLanguage":"fr-FR","@id":"https:\/\/blogs.thesocialmedia.com\/leblogmoto\/#\/schema\/person\/image\/","url":"https:\/\/secure.gravatar.com\/avatar\/?s=96&d=mm&r=g","contentUrl":"https:\/\/secure.gravatar.com\/avatar\/?s=96&d=mm&r=g","caption":"andre leconde"},"url":"https:\/\/blogs.thesocialmedia.com\/leblogmoto\/author\/andre-leconde\/"}]}},"_links":{"self":[{"href":"https:\/\/blogs.thesocialmedia.com\/leblogmoto\/wp-json\/wp\/v2\/posts\/1865","targetHints":{"allow":["GET"]}}],"collection":[{"href":"https:\/\/blogs.thesocialmedia.com\/leblogmoto\/wp-json\/wp\/v2\/posts"}],"about":[{"href":"https:\/\/blogs.thesocialmedia.com\/leblogmoto\/wp-json\/wp\/v2\/types\/post"}],"author":[{"embeddable":true,"href":"https:\/\/blogs.thesocialmedia.com\/leblogmoto\/wp-json\/wp\/v2\/users\/336"}],"replies":[{"embeddable":true,"href":"https:\/\/blogs.thesocialmedia.com\/leblogmoto\/wp-json\/wp\/v2\/comments?post=1865"}],"version-history":[{"count":2,"href":"https:\/\/blogs.thesocialmedia.com\/leblogmoto\/wp-json\/wp\/v2\/posts\/1865\/revisions"}],"predecessor-version":[{"id":7424,"href":"https:\/\/blogs.thesocialmedia.com\/leblogmoto\/wp-json\/wp\/v2\/posts\/1865\/revisions\/7424"}],"wp:attachment":[{"href":"https:\/\/blogs.thesocialmedia.com\/leblogmoto\/wp-json\/wp\/v2\/media?parent=1865"}],"wp:term":[{"taxonomy":"category","embeddable":true,"href":"https:\/\/blogs.thesocialmedia.com\/leblogmoto\/wp-json\/wp\/v2\/categories?post=1865"},{"taxonomy":"post_tag","embeddable":true,"href":"https:\/\/blogs.thesocialmedia.com\/leblogmoto\/wp-json\/wp\/v2\/tags?post=1865"}],"curies":[{"name":"wp","href":"https:\/\/api.w.org\/{rel}","templated":true}]}}