{"id":1869,"date":"2006-05-06T10:29:40","date_gmt":"2006-05-06T10:29:40","guid":{"rendered":"http:\/\/blogs.thesocialmedia.com\/leblogmoto\/2006\/05\/06\/des-harley-de-p\/"},"modified":"2012-07-11T14:21:34","modified_gmt":"2012-07-11T14:21:34","slug":"des-harley-de-p","status":"publish","type":"post","link":"https:\/\/blogs.thesocialmedia.com\/leblogmoto\/2006\/05\/06\/des-harley-de-p\/","title":{"rendered":"Des HARLEY de platine pour l&rsquo;Europe"},"content":{"rendered":"<p><a href=\"http:\/\/blogs.thesocialmedia.com\/leblogmoto\/files\/2012\/07\/harleydavidson_5083_r2.jpg\"><img loading=\"lazy\" decoding=\"async\" height=\"166\" alt=\"Harleydavidson_5083_r2\" src=\"http:\/\/www.leblogmoto.com\/images\/harleydavidson_5083_r2.jpg\" width=\"250\"  \/><\/a>La <a href=\"http:\/\/www.leblogmoto.com\/2006\/03\/post_2.html\">l\u00e9gende vivante<\/a> des blasons motos va soigner ces fans europ\u00e9ens en leur proposant une \u00e9dition sp\u00e9ciale de leurs mod\u00e9les &quot;Street Glide&quot;, &quot;Fat Boy&quot;, &quot;Softail&quot; et &quot;Road King Custom&quot;.<\/p>\n<p>Cette &quot;<strong>Platinum Edition<\/strong>&quot; reste dans la <a href=\"http:\/\/www.leblogmoto.com\/2006\/04\/kustom_show_le_.html\">tradition de la marque<\/a> de proposer des versions aussi diverses que vari\u00e9es de ses produits, permettant \u00e0 <a href=\"http:\/\/www.leblogmoto.com\/2006\/04\/80_harley_sur_l.html\">ses clients<\/a> de chevaucher des engins quasi personnalis\u00e9s. D\u00e9marche qu&rsquo;ils peuvent par ailleurs encore exacerber en puisant dans l&rsquo;abyssal catalogue d&rsquo;accessoires.<\/p>\n<p>Mais l\u00e0, cette \u00e9dition est si limit\u00e9e, que l&rsquo;on entre dans la logique de la future moto de collection&#8230;&nbsp; <\/p>\n<p><a href=\"http:\/\/clabedan.typepad.com\/.shared\/image.html?\/photos\/uncategorized\/cordovacody20030705w2_1.jpg\"><img loading=\"lazy\" decoding=\"async\" height=\"376\" alt=\"Cordovacody20030705w2_1\" src=\"http:\/\/www.leblogmoto.com\/images\/cordovacody20030705w2_1.jpg\" width=\"250\"  \/><\/a>Chaque moto sera dans une livr\u00e9e argent des plus s\u00e9millantes avec une d\u00e9coration originale sur le r\u00e9servoir de couleur bleu fonc\u00e9. <\/p>\n<p><strong>250<\/strong> Fat Boy, <strong>170<\/strong> Road King Custom, <strong>160<\/strong> Softail Standard, et <strong>100<\/strong> Street Glide Platinum seront produites pour toute l&rsquo;Europe, mais aussi le Moyen Orient et l&rsquo;Afrique.<\/p>\n<p>Elles arrivent ce mois de <strong>Mai <\/strong>en concession. Nul doute que les stocks vont se tarir rapidement.<\/p>\n<p>SOURCE: <a href=\"http:\/\/vroom.be\/\">http:\/\/vroom.be<\/a>&nbsp; &nbsp;&nbsp; &nbsp; <\/p>\n","protected":false},"excerpt":{"rendered":"<p>La l\u00e9gende vivante des blasons motos va soigner ces fans europ\u00e9ens en leur proposant une \u00e9dition sp\u00e9ciale de leurs mod\u00e9les &quot;Street Glide&quot;, &quot;Fat Boy&quot;, &quot;Softail&quot; et &quot;Road King Custom&quot;. Cette &quot;Platinum Edition&quot; reste dans la tradition de la marque de proposer des versions aussi diverses que vari\u00e9es de ses produits, permettant \u00e0 ses clients de [&hellip;]<\/p>\n","protected":false},"author":336,"featured_media":0,"comment_status":"open","ping_status":"open","sticky":false,"template":"","format":"standard","meta":{"footnotes":""},"categories":[8,29],"tags":[],"class_list":["post-1869","post","type-post","status-publish","format-standard","hentry","category-chaines-et-cuirs","category-harley-davidson"],"yoast_head":"<!-- This site is optimized with the Yoast SEO plugin v26.0 - https:\/\/yoast.com\/wordpress\/plugins\/seo\/ -->\n<title>Des HARLEY de platine pour l&#039;Europe - leblogmoto.com<\/title>\n<meta name=\"robots\" content=\"index, follow, max-snippet:-1, max-image-preview:large, max-video-preview:-1\" \/>\n<link rel=\"canonical\" href=\"https:\/\/blogs.thesocialmedia.com\/leblogmoto\/2006\/05\/06\/des-harley-de-p\/\" \/>\n<meta name=\"twitter:card\" content=\"summary_large_image\" \/>\n<meta name=\"twitter:title\" content=\"Des HARLEY de platine pour l&#039;Europe - leblogmoto.com\" \/>\n<meta name=\"twitter:description\" content=\"La l\u00e9gende vivante des blasons motos va soigner ces fans europ\u00e9ens en leur proposant une \u00e9dition sp\u00e9ciale de leurs mod\u00e9les &quot;Street Glide&quot;, &quot;Fat Boy&quot;, &quot;Softail&quot; et &quot;Road King Custom&quot;. Cette &quot;Platinum Edition&quot; reste dans la tradition de la marque de proposer des versions aussi diverses que vari\u00e9es de ses produits, permettant \u00e0 ses clients de [&hellip;]\" \/>\n<meta name=\"twitter:image\" content=\"http:\/\/www.leblogmoto.com\/images\/harleydavidson_5083_r2.jpg\" \/>\n<meta name=\"twitter:label1\" content=\"\u00c9crit par\" \/>\n\t<meta name=\"twitter:data1\" content=\"andre leconde\" \/>\n\t<meta name=\"twitter:label2\" content=\"Dur\u00e9e de lecture estim\u00e9e\" \/>\n\t<meta name=\"twitter:data2\" content=\"1 minute\" \/>\n<script type=\"application\/ld+json\" class=\"yoast-schema-graph\">{\"@context\":\"https:\/\/schema.org\",\"@graph\":[{\"@type\":\"WebPage\",\"@id\":\"https:\/\/blogs.thesocialmedia.com\/leblogmoto\/2006\/05\/06\/des-harley-de-p\/\",\"url\":\"https:\/\/blogs.thesocialmedia.com\/leblogmoto\/2006\/05\/06\/des-harley-de-p\/\",\"name\":\"Des HARLEY de platine pour l'Europe - leblogmoto.com\",\"isPartOf\":{\"@id\":\"https:\/\/blogs.thesocialmedia.com\/leblogmoto\/#website\"},\"primaryImageOfPage\":{\"@id\":\"https:\/\/blogs.thesocialmedia.com\/leblogmoto\/2006\/05\/06\/des-harley-de-p\/#primaryimage\"},\"image\":{\"@id\":\"https:\/\/blogs.thesocialmedia.com\/leblogmoto\/2006\/05\/06\/des-harley-de-p\/#primaryimage\"},\"thumbnailUrl\":\"http:\/\/www.leblogmoto.com\/images\/harleydavidson_5083_r2.jpg\",\"datePublished\":\"2006-05-06T10:29:40+00:00\",\"dateModified\":\"2012-07-11T14:21:34+00:00\",\"author\":{\"@id\":\"https:\/\/blogs.thesocialmedia.com\/leblogmoto\/#\/schema\/person\/1a1dcfc7cec206573105eb4af91155c2\"},\"breadcrumb\":{\"@id\":\"https:\/\/blogs.thesocialmedia.com\/leblogmoto\/2006\/05\/06\/des-harley-de-p\/#breadcrumb\"},\"inLanguage\":\"fr-FR\",\"potentialAction\":[{\"@type\":\"ReadAction\",\"target\":[\"https:\/\/blogs.thesocialmedia.com\/leblogmoto\/2006\/05\/06\/des-harley-de-p\/\"]}]},{\"@type\":\"ImageObject\",\"inLanguage\":\"fr-FR\",\"@id\":\"https:\/\/blogs.thesocialmedia.com\/leblogmoto\/2006\/05\/06\/des-harley-de-p\/#primaryimage\",\"url\":\"http:\/\/www.leblogmoto.com\/images\/harleydavidson_5083_r2.jpg\",\"contentUrl\":\"http:\/\/www.leblogmoto.com\/images\/harleydavidson_5083_r2.jpg\"},{\"@type\":\"BreadcrumbList\",\"@id\":\"https:\/\/blogs.thesocialmedia.com\/leblogmoto\/2006\/05\/06\/des-harley-de-p\/#breadcrumb\",\"itemListElement\":[{\"@type\":\"ListItem\",\"position\":1,\"name\":\"Accueil\",\"item\":\"https:\/\/blogs.thesocialmedia.com\/leblogmoto\/\"},{\"@type\":\"ListItem\",\"position\":2,\"name\":\"Des HARLEY de platine pour l&rsquo;Europe\"}]},{\"@type\":\"WebSite\",\"@id\":\"https:\/\/blogs.thesocialmedia.com\/leblogmoto\/#website\",\"url\":\"https:\/\/blogs.thesocialmedia.com\/leblogmoto\/\",\"name\":\"leblogmoto\",\"description\":\"Toute l&#039;actualit\u00e9 des 2 roues\",\"potentialAction\":[{\"@type\":\"SearchAction\",\"target\":{\"@type\":\"EntryPoint\",\"urlTemplate\":\"https:\/\/blogs.thesocialmedia.com\/leblogmoto\/?s={search_term_string}\"},\"query-input\":{\"@type\":\"PropertyValueSpecification\",\"valueRequired\":true,\"valueName\":\"search_term_string\"}}],\"inLanguage\":\"fr-FR\"},{\"@type\":\"Person\",\"@id\":\"https:\/\/blogs.thesocialmedia.com\/leblogmoto\/#\/schema\/person\/1a1dcfc7cec206573105eb4af91155c2\",\"name\":\"andre leconde\",\"image\":{\"@type\":\"ImageObject\",\"inLanguage\":\"fr-FR\",\"@id\":\"https:\/\/blogs.thesocialmedia.com\/leblogmoto\/#\/schema\/person\/image\/\",\"url\":\"https:\/\/secure.gravatar.com\/avatar\/?s=96&d=mm&r=g\",\"contentUrl\":\"https:\/\/secure.gravatar.com\/avatar\/?s=96&d=mm&r=g\",\"caption\":\"andre leconde\"},\"url\":\"https:\/\/blogs.thesocialmedia.com\/leblogmoto\/author\/andre-leconde\/\"}]}<\/script>\n<!-- \/ Yoast SEO plugin. -->","yoast_head_json":{"title":"Des HARLEY de platine pour l'Europe - leblogmoto.com","robots":{"index":"index","follow":"follow","max-snippet":"max-snippet:-1","max-image-preview":"max-image-preview:large","max-video-preview":"max-video-preview:-1"},"canonical":"https:\/\/blogs.thesocialmedia.com\/leblogmoto\/2006\/05\/06\/des-harley-de-p\/","twitter_card":"summary_large_image","twitter_title":"Des HARLEY de platine pour l'Europe - leblogmoto.com","twitter_description":"La l\u00e9gende vivante des blasons motos va soigner ces fans europ\u00e9ens en leur proposant une \u00e9dition sp\u00e9ciale de leurs mod\u00e9les &quot;Street Glide&quot;, &quot;Fat Boy&quot;, &quot;Softail&quot; et &quot;Road King Custom&quot;. Cette &quot;Platinum Edition&quot; reste dans la tradition de la marque de proposer des versions aussi diverses que vari\u00e9es de ses produits, permettant \u00e0 ses clients de [&hellip;]","twitter_image":"http:\/\/www.leblogmoto.com\/images\/harleydavidson_5083_r2.jpg","twitter_misc":{"\u00c9crit par":"andre leconde","Dur\u00e9e de lecture estim\u00e9e":"1 minute"},"schema":{"@context":"https:\/\/schema.org","@graph":[{"@type":"WebPage","@id":"https:\/\/blogs.thesocialmedia.com\/leblogmoto\/2006\/05\/06\/des-harley-de-p\/","url":"https:\/\/blogs.thesocialmedia.com\/leblogmoto\/2006\/05\/06\/des-harley-de-p\/","name":"Des HARLEY de platine pour l'Europe - leblogmoto.com","isPartOf":{"@id":"https:\/\/blogs.thesocialmedia.com\/leblogmoto\/#website"},"primaryImageOfPage":{"@id":"https:\/\/blogs.thesocialmedia.com\/leblogmoto\/2006\/05\/06\/des-harley-de-p\/#primaryimage"},"image":{"@id":"https:\/\/blogs.thesocialmedia.com\/leblogmoto\/2006\/05\/06\/des-harley-de-p\/#primaryimage"},"thumbnailUrl":"http:\/\/www.leblogmoto.com\/images\/harleydavidson_5083_r2.jpg","datePublished":"2006-05-06T10:29:40+00:00","dateModified":"2012-07-11T14:21:34+00:00","author":{"@id":"https:\/\/blogs.thesocialmedia.com\/leblogmoto\/#\/schema\/person\/1a1dcfc7cec206573105eb4af91155c2"},"breadcrumb":{"@id":"https:\/\/blogs.thesocialmedia.com\/leblogmoto\/2006\/05\/06\/des-harley-de-p\/#breadcrumb"},"inLanguage":"fr-FR","potentialAction":[{"@type":"ReadAction","target":["https:\/\/blogs.thesocialmedia.com\/leblogmoto\/2006\/05\/06\/des-harley-de-p\/"]}]},{"@type":"ImageObject","inLanguage":"fr-FR","@id":"https:\/\/blogs.thesocialmedia.com\/leblogmoto\/2006\/05\/06\/des-harley-de-p\/#primaryimage","url":"http:\/\/www.leblogmoto.com\/images\/harleydavidson_5083_r2.jpg","contentUrl":"http:\/\/www.leblogmoto.com\/images\/harleydavidson_5083_r2.jpg"},{"@type":"BreadcrumbList","@id":"https:\/\/blogs.thesocialmedia.com\/leblogmoto\/2006\/05\/06\/des-harley-de-p\/#breadcrumb","itemListElement":[{"@type":"ListItem","position":1,"name":"Accueil","item":"https:\/\/blogs.thesocialmedia.com\/leblogmoto\/"},{"@type":"ListItem","position":2,"name":"Des HARLEY de platine pour l&rsquo;Europe"}]},{"@type":"WebSite","@id":"https:\/\/blogs.thesocialmedia.com\/leblogmoto\/#website","url":"https:\/\/blogs.thesocialmedia.com\/leblogmoto\/","name":"leblogmoto","description":"Toute l&#039;actualit\u00e9 des 2 roues","potentialAction":[{"@type":"SearchAction","target":{"@type":"EntryPoint","urlTemplate":"https:\/\/blogs.thesocialmedia.com\/leblogmoto\/?s={search_term_string}"},"query-input":{"@type":"PropertyValueSpecification","valueRequired":true,"valueName":"search_term_string"}}],"inLanguage":"fr-FR"},{"@type":"Person","@id":"https:\/\/blogs.thesocialmedia.com\/leblogmoto\/#\/schema\/person\/1a1dcfc7cec206573105eb4af91155c2","name":"andre leconde","image":{"@type":"ImageObject","inLanguage":"fr-FR","@id":"https:\/\/blogs.thesocialmedia.com\/leblogmoto\/#\/schema\/person\/image\/","url":"https:\/\/secure.gravatar.com\/avatar\/?s=96&d=mm&r=g","contentUrl":"https:\/\/secure.gravatar.com\/avatar\/?s=96&d=mm&r=g","caption":"andre leconde"},"url":"https:\/\/blogs.thesocialmedia.com\/leblogmoto\/author\/andre-leconde\/"}]}},"_links":{"self":[{"href":"https:\/\/blogs.thesocialmedia.com\/leblogmoto\/wp-json\/wp\/v2\/posts\/1869","targetHints":{"allow":["GET"]}}],"collection":[{"href":"https:\/\/blogs.thesocialmedia.com\/leblogmoto\/wp-json\/wp\/v2\/posts"}],"about":[{"href":"https:\/\/blogs.thesocialmedia.com\/leblogmoto\/wp-json\/wp\/v2\/types\/post"}],"author":[{"embeddable":true,"href":"https:\/\/blogs.thesocialmedia.com\/leblogmoto\/wp-json\/wp\/v2\/users\/336"}],"replies":[{"embeddable":true,"href":"https:\/\/blogs.thesocialmedia.com\/leblogmoto\/wp-json\/wp\/v2\/comments?post=1869"}],"version-history":[{"count":2,"href":"https:\/\/blogs.thesocialmedia.com\/leblogmoto\/wp-json\/wp\/v2\/posts\/1869\/revisions"}],"predecessor-version":[{"id":7416,"href":"https:\/\/blogs.thesocialmedia.com\/leblogmoto\/wp-json\/wp\/v2\/posts\/1869\/revisions\/7416"}],"wp:attachment":[{"href":"https:\/\/blogs.thesocialmedia.com\/leblogmoto\/wp-json\/wp\/v2\/media?parent=1869"}],"wp:term":[{"taxonomy":"category","embeddable":true,"href":"https:\/\/blogs.thesocialmedia.com\/leblogmoto\/wp-json\/wp\/v2\/categories?post=1869"},{"taxonomy":"post_tag","embeddable":true,"href":"https:\/\/blogs.thesocialmedia.com\/leblogmoto\/wp-json\/wp\/v2\/tags?post=1869"}],"curies":[{"name":"wp","href":"https:\/\/api.w.org\/{rel}","templated":true}]}}