{"id":187,"date":"2009-04-08T04:18:36","date_gmt":"2009-04-08T04:18:36","guid":{"rendered":"http:\/\/blogs.thesocialmedia.com\/leblogmoto\/2009\/04\/08\/harleydavidson-de-nouvelles-tetes-a-la-direction\/"},"modified":"2012-07-11T17:17:58","modified_gmt":"2012-07-11T17:17:58","slug":"harleydavidson-de-nouvelles-tetes-a-la-direction","status":"publish","type":"post","link":"https:\/\/blogs.thesocialmedia.com\/leblogmoto\/2009\/04\/08\/harleydavidson-de-nouvelles-tetes-a-la-direction\/","title":{"rendered":"Harley-Davidson &#8211; De nouvelles t\u00eates \u00e0 la direction"},"content":{"rendered":"<p><a href=\"http:\/\/blogs.thesocialmedia.com\/leblogmoto\/files\/2012\/07\/6a00d83451b18369e201156f0b8671970c-popup.png\"><img decoding=\"async\" alt=\"Hd1\" class=\"at-xid-6a00d83451b18369e201156f0b8671970c \" src=\"http:\/\/blogs.thesocialmedia.com\/leblogmoto\/files\/2012\/07\/6a00d83451b18369e201156f0b8671970c-500wi.jpg\" style=\"width: 470px\" \/><\/a> <br \/>Messieurs Wandell &amp; Levatich<\/p>\n<p>Dans environ trois semaines, le 1er mai pour \u00eatre plus pr\u00e9cis, <a href=\"http:\/\/www.harley-davidson.com\/wcm\/Content\/Pages\/home.jsp?locale=fr_FR\">Harley-Davidson<\/a> aura un nouveau P.D.G.. Il s\u2019agit de Keith E. Wandell, un ancien de <a href=\"http:\/\/www.johnsoncontrols.fr\/publish\/fr\/fr.html\">Johnson Controls<\/a> , \u00e9galement de Milwaukee, une compagnie sp\u00e9cialis\u00e9e dans les solutions pour habitacles d\u2019automobiles, les batteries d\u2019automobiles et l\u2019efficacit\u00e9 \u00e9nerg\u00e9tique de tours \u00e0 bureaux.<br \/>Ce monsieur Wandell, bien que directeur des op\u00e9rations \u00e0 ses d\u00e9buts, est un administrateur avant tout, plus pr\u00e9occup\u00e9 par le rendement des actifs que des motos. Si des changements de philosophie se produisent chez H-D, seuls les comptables le sauront.<\/p>\n<p> Plus important, de notre point de vue, celui des motos, est le rapatriement de Matthew S. Levatich, que l\u2019on avait envoy\u00e9 en vacance en Italie s\u2019occuper de <a href=\"http:\/\/www.mvagusta.com\/\">MV Agusta<\/a>. Il sera maintenant le directeur des op\u00e9rations chez H-D.<br \/>Le chanceux aura l\u2019odieux d\u2019annoncer de nouvelles mises \u00e0 pied si le nouveau P.D.G., monsieur Wandell, ne trouve pas la potion magique n\u00e9cessaire au redressement financier de la compagnie.<\/p>\n<p>Ce qui ouvre la porte \u00e0 Enrico d\u2019Onofrio, un ancien de Ducati, mais aussi de Proctor &amp; Gamble Europe, pour la direction de MV Agusta. Il y a deux ans, ce monsieur d\u2019Onofrio, alors chez Ducati, voyait d\u00e9j\u00e0 d\u2019un bon \u0153il le rapprochement de H-D et Ducati, pas \u00e9tonnant donc que l\u2019ascenseur retourne dans sa direction. Son mandat par contre, ne devrait pas \u00eatre trop tarabiscot\u00e9, principalement, c\u2019est de garder la t\u00eate hors de l\u2019eau en ne faisant pas trop de vagues, et ce, jusqu\u2019\u00e0 ce que quelqu\u2019un \u00e0 Milwaukee sache quoi en faire. Si personne ne trouve, MV Agusta et Cagiva seront \u00e0 vendre dans 2, 3 ans.<\/p>\n<p>Le titre des actions de Harley-Davidson (<a href=\"http:\/\/www.google.com\/finance?q=NYSE:HOG\">NYSE :HOG<\/a>) et Johnson Controls (<a href=\"http:\/\/www.google.com\/finance?q=NYSE%3Ajci\">NYSE :JCI<\/a>) \u00e9taient tous deux en l\u00e9ger fl\u00e9chissement \u00e0 la bourse de New York, mais il est difficile de savoir si c\u2019est \u00e0 cause du changement de la garde ou tout simplement une d\u00e9prime g\u00e9n\u00e9ralis\u00e9e des march\u00e9s, en cette fin de trimestre, amenant tout le monde \u00e0 la baisse.<\/p>\n<p><a href=\"http:\/\/clabedan.typepad.com\/.a\/6a00d83451b18369e201156f0b886d970c-popup\"><img decoding=\"async\" alt=\"Hd2\" class=\"at-xid-6a00d83451b18369e201156f0b886d970c \" src=\"http:\/\/blogs.thesocialmedia.com\/leblogmoto\/files\/2012\/07\/6a00d83451b18369e201156f0b886d970c-500wi.jpg\" style=\"width: 470px\" \/><\/a> <br \/>La Brutale XR 1200<\/p>\n","protected":false},"excerpt":{"rendered":"<p>Messieurs Wandell &amp; Levatich Dans environ trois semaines, le 1er mai pour \u00eatre plus pr\u00e9cis, Harley-Davidson aura un nouveau P.D.G.. Il s\u2019agit de Keith E. Wandell, un ancien de Johnson Controls , \u00e9galement de Milwaukee, une compagnie sp\u00e9cialis\u00e9e dans les solutions pour habitacles d\u2019automobiles, les batteries d\u2019automobiles et l\u2019efficacit\u00e9 \u00e9nerg\u00e9tique de tours \u00e0 bureaux.Ce monsieur [&hellip;]<\/p>\n","protected":false},"author":325,"featured_media":13207,"comment_status":"open","ping_status":"open","sticky":false,"template":"","format":"standard","meta":{"footnotes":""},"categories":[49,29,50],"tags":[],"class_list":["post-187","post","type-post","status-publish","format-standard","has-post-thumbnail","hentry","category-actualites-entreprise","category-harley-davidson","category-mv-agusta"],"yoast_head":"<!-- This site is optimized with the Yoast SEO plugin v26.0 - https:\/\/yoast.com\/wordpress\/plugins\/seo\/ -->\n<title>Harley-Davidson - De nouvelles t\u00eates \u00e0 la direction - leblogmoto.com<\/title>\n<meta name=\"robots\" content=\"index, follow, max-snippet:-1, max-image-preview:large, max-video-preview:-1\" \/>\n<link rel=\"canonical\" href=\"https:\/\/blogs.thesocialmedia.com\/leblogmoto\/2009\/04\/08\/harleydavidson-de-nouvelles-tetes-a-la-direction\/\" \/>\n<meta name=\"twitter:card\" content=\"summary_large_image\" \/>\n<meta name=\"twitter:title\" content=\"Harley-Davidson - De nouvelles t\u00eates \u00e0 la direction - leblogmoto.com\" \/>\n<meta name=\"twitter:description\" content=\"Messieurs Wandell &amp; Levatich Dans environ trois semaines, le 1er mai pour \u00eatre plus pr\u00e9cis, Harley-Davidson aura un nouveau P.D.G.. Il s\u2019agit de Keith E. Wandell, un ancien de Johnson Controls , \u00e9galement de Milwaukee, une compagnie sp\u00e9cialis\u00e9e dans les solutions pour habitacles d\u2019automobiles, les batteries d\u2019automobiles et l\u2019efficacit\u00e9 \u00e9nerg\u00e9tique de tours \u00e0 bureaux.Ce monsieur [&hellip;]\" \/>\n<meta name=\"twitter:image\" content=\"https:\/\/blogs.thesocialmedia.com\/leblogmoto\/files\/2012\/07\/6a00d83451b18369e201156f0b8671970c-500wi.jpg\" \/>\n<meta name=\"twitter:label1\" content=\"\u00c9crit par\" \/>\n\t<meta name=\"twitter:data1\" content=\"jacques lesage\" \/>\n\t<meta name=\"twitter:label2\" content=\"Dur\u00e9e de lecture estim\u00e9e\" \/>\n\t<meta name=\"twitter:data2\" content=\"2 minutes\" \/>\n<script type=\"application\/ld+json\" class=\"yoast-schema-graph\">{\"@context\":\"https:\/\/schema.org\",\"@graph\":[{\"@type\":\"WebPage\",\"@id\":\"https:\/\/blogs.thesocialmedia.com\/leblogmoto\/2009\/04\/08\/harleydavidson-de-nouvelles-tetes-a-la-direction\/\",\"url\":\"https:\/\/blogs.thesocialmedia.com\/leblogmoto\/2009\/04\/08\/harleydavidson-de-nouvelles-tetes-a-la-direction\/\",\"name\":\"Harley-Davidson - De nouvelles t\u00eates \u00e0 la direction - leblogmoto.com\",\"isPartOf\":{\"@id\":\"https:\/\/blogs.thesocialmedia.com\/leblogmoto\/#website\"},\"primaryImageOfPage\":{\"@id\":\"https:\/\/blogs.thesocialmedia.com\/leblogmoto\/2009\/04\/08\/harleydavidson-de-nouvelles-tetes-a-la-direction\/#primaryimage\"},\"image\":{\"@id\":\"https:\/\/blogs.thesocialmedia.com\/leblogmoto\/2009\/04\/08\/harleydavidson-de-nouvelles-tetes-a-la-direction\/#primaryimage\"},\"thumbnailUrl\":\"https:\/\/blogs.thesocialmedia.com\/leblogmoto\/files\/2012\/07\/6a00d83451b18369e201156f0b8671970c-500wi.jpg\",\"datePublished\":\"2009-04-08T04:18:36+00:00\",\"dateModified\":\"2012-07-11T17:17:58+00:00\",\"author\":{\"@id\":\"https:\/\/blogs.thesocialmedia.com\/leblogmoto\/#\/schema\/person\/e82a0ca8a9a63d031586097a3ed58526\"},\"breadcrumb\":{\"@id\":\"https:\/\/blogs.thesocialmedia.com\/leblogmoto\/2009\/04\/08\/harleydavidson-de-nouvelles-tetes-a-la-direction\/#breadcrumb\"},\"inLanguage\":\"fr-FR\",\"potentialAction\":[{\"@type\":\"ReadAction\",\"target\":[\"https:\/\/blogs.thesocialmedia.com\/leblogmoto\/2009\/04\/08\/harleydavidson-de-nouvelles-tetes-a-la-direction\/\"]}]},{\"@type\":\"ImageObject\",\"inLanguage\":\"fr-FR\",\"@id\":\"https:\/\/blogs.thesocialmedia.com\/leblogmoto\/2009\/04\/08\/harleydavidson-de-nouvelles-tetes-a-la-direction\/#primaryimage\",\"url\":\"https:\/\/blogs.thesocialmedia.com\/leblogmoto\/files\/2012\/07\/6a00d83451b18369e201156f0b8671970c-500wi.jpg\",\"contentUrl\":\"https:\/\/blogs.thesocialmedia.com\/leblogmoto\/files\/2012\/07\/6a00d83451b18369e201156f0b8671970c-500wi.jpg\",\"width\":\"480\",\"height\":\"288\"},{\"@type\":\"BreadcrumbList\",\"@id\":\"https:\/\/blogs.thesocialmedia.com\/leblogmoto\/2009\/04\/08\/harleydavidson-de-nouvelles-tetes-a-la-direction\/#breadcrumb\",\"itemListElement\":[{\"@type\":\"ListItem\",\"position\":1,\"name\":\"Accueil\",\"item\":\"https:\/\/blogs.thesocialmedia.com\/leblogmoto\/\"},{\"@type\":\"ListItem\",\"position\":2,\"name\":\"Harley-Davidson &#8211; De nouvelles t\u00eates \u00e0 la direction\"}]},{\"@type\":\"WebSite\",\"@id\":\"https:\/\/blogs.thesocialmedia.com\/leblogmoto\/#website\",\"url\":\"https:\/\/blogs.thesocialmedia.com\/leblogmoto\/\",\"name\":\"leblogmoto\",\"description\":\"Toute l&#039;actualit\u00e9 des 2 roues\",\"potentialAction\":[{\"@type\":\"SearchAction\",\"target\":{\"@type\":\"EntryPoint\",\"urlTemplate\":\"https:\/\/blogs.thesocialmedia.com\/leblogmoto\/?s={search_term_string}\"},\"query-input\":{\"@type\":\"PropertyValueSpecification\",\"valueRequired\":true,\"valueName\":\"search_term_string\"}}],\"inLanguage\":\"fr-FR\"},{\"@type\":\"Person\",\"@id\":\"https:\/\/blogs.thesocialmedia.com\/leblogmoto\/#\/schema\/person\/e82a0ca8a9a63d031586097a3ed58526\",\"name\":\"jacques lesage\",\"image\":{\"@type\":\"ImageObject\",\"inLanguage\":\"fr-FR\",\"@id\":\"https:\/\/blogs.thesocialmedia.com\/leblogmoto\/#\/schema\/person\/image\/\",\"url\":\"https:\/\/secure.gravatar.com\/avatar\/?s=96&d=mm&r=g\",\"contentUrl\":\"https:\/\/secure.gravatar.com\/avatar\/?s=96&d=mm&r=g\",\"caption\":\"jacques lesage\"},\"url\":\"https:\/\/blogs.thesocialmedia.com\/leblogmoto\/author\/jacques-lesage\/\"}]}<\/script>\n<!-- \/ Yoast SEO plugin. -->","yoast_head_json":{"title":"Harley-Davidson - De nouvelles t\u00eates \u00e0 la direction - leblogmoto.com","robots":{"index":"index","follow":"follow","max-snippet":"max-snippet:-1","max-image-preview":"max-image-preview:large","max-video-preview":"max-video-preview:-1"},"canonical":"https:\/\/blogs.thesocialmedia.com\/leblogmoto\/2009\/04\/08\/harleydavidson-de-nouvelles-tetes-a-la-direction\/","twitter_card":"summary_large_image","twitter_title":"Harley-Davidson - De nouvelles t\u00eates \u00e0 la direction - leblogmoto.com","twitter_description":"Messieurs Wandell &amp; Levatich Dans environ trois semaines, le 1er mai pour \u00eatre plus pr\u00e9cis, Harley-Davidson aura un nouveau P.D.G.. Il s\u2019agit de Keith E. Wandell, un ancien de Johnson Controls , \u00e9galement de Milwaukee, une compagnie sp\u00e9cialis\u00e9e dans les solutions pour habitacles d\u2019automobiles, les batteries d\u2019automobiles et l\u2019efficacit\u00e9 \u00e9nerg\u00e9tique de tours \u00e0 bureaux.Ce monsieur [&hellip;]","twitter_image":"https:\/\/blogs.thesocialmedia.com\/leblogmoto\/files\/2012\/07\/6a00d83451b18369e201156f0b8671970c-500wi.jpg","twitter_misc":{"\u00c9crit par":"jacques lesage","Dur\u00e9e de lecture estim\u00e9e":"2 minutes"},"schema":{"@context":"https:\/\/schema.org","@graph":[{"@type":"WebPage","@id":"https:\/\/blogs.thesocialmedia.com\/leblogmoto\/2009\/04\/08\/harleydavidson-de-nouvelles-tetes-a-la-direction\/","url":"https:\/\/blogs.thesocialmedia.com\/leblogmoto\/2009\/04\/08\/harleydavidson-de-nouvelles-tetes-a-la-direction\/","name":"Harley-Davidson - De nouvelles t\u00eates \u00e0 la direction - leblogmoto.com","isPartOf":{"@id":"https:\/\/blogs.thesocialmedia.com\/leblogmoto\/#website"},"primaryImageOfPage":{"@id":"https:\/\/blogs.thesocialmedia.com\/leblogmoto\/2009\/04\/08\/harleydavidson-de-nouvelles-tetes-a-la-direction\/#primaryimage"},"image":{"@id":"https:\/\/blogs.thesocialmedia.com\/leblogmoto\/2009\/04\/08\/harleydavidson-de-nouvelles-tetes-a-la-direction\/#primaryimage"},"thumbnailUrl":"https:\/\/blogs.thesocialmedia.com\/leblogmoto\/files\/2012\/07\/6a00d83451b18369e201156f0b8671970c-500wi.jpg","datePublished":"2009-04-08T04:18:36+00:00","dateModified":"2012-07-11T17:17:58+00:00","author":{"@id":"https:\/\/blogs.thesocialmedia.com\/leblogmoto\/#\/schema\/person\/e82a0ca8a9a63d031586097a3ed58526"},"breadcrumb":{"@id":"https:\/\/blogs.thesocialmedia.com\/leblogmoto\/2009\/04\/08\/harleydavidson-de-nouvelles-tetes-a-la-direction\/#breadcrumb"},"inLanguage":"fr-FR","potentialAction":[{"@type":"ReadAction","target":["https:\/\/blogs.thesocialmedia.com\/leblogmoto\/2009\/04\/08\/harleydavidson-de-nouvelles-tetes-a-la-direction\/"]}]},{"@type":"ImageObject","inLanguage":"fr-FR","@id":"https:\/\/blogs.thesocialmedia.com\/leblogmoto\/2009\/04\/08\/harleydavidson-de-nouvelles-tetes-a-la-direction\/#primaryimage","url":"https:\/\/blogs.thesocialmedia.com\/leblogmoto\/files\/2012\/07\/6a00d83451b18369e201156f0b8671970c-500wi.jpg","contentUrl":"https:\/\/blogs.thesocialmedia.com\/leblogmoto\/files\/2012\/07\/6a00d83451b18369e201156f0b8671970c-500wi.jpg","width":"480","height":"288"},{"@type":"BreadcrumbList","@id":"https:\/\/blogs.thesocialmedia.com\/leblogmoto\/2009\/04\/08\/harleydavidson-de-nouvelles-tetes-a-la-direction\/#breadcrumb","itemListElement":[{"@type":"ListItem","position":1,"name":"Accueil","item":"https:\/\/blogs.thesocialmedia.com\/leblogmoto\/"},{"@type":"ListItem","position":2,"name":"Harley-Davidson &#8211; De nouvelles t\u00eates \u00e0 la direction"}]},{"@type":"WebSite","@id":"https:\/\/blogs.thesocialmedia.com\/leblogmoto\/#website","url":"https:\/\/blogs.thesocialmedia.com\/leblogmoto\/","name":"leblogmoto","description":"Toute l&#039;actualit\u00e9 des 2 roues","potentialAction":[{"@type":"SearchAction","target":{"@type":"EntryPoint","urlTemplate":"https:\/\/blogs.thesocialmedia.com\/leblogmoto\/?s={search_term_string}"},"query-input":{"@type":"PropertyValueSpecification","valueRequired":true,"valueName":"search_term_string"}}],"inLanguage":"fr-FR"},{"@type":"Person","@id":"https:\/\/blogs.thesocialmedia.com\/leblogmoto\/#\/schema\/person\/e82a0ca8a9a63d031586097a3ed58526","name":"jacques lesage","image":{"@type":"ImageObject","inLanguage":"fr-FR","@id":"https:\/\/blogs.thesocialmedia.com\/leblogmoto\/#\/schema\/person\/image\/","url":"https:\/\/secure.gravatar.com\/avatar\/?s=96&d=mm&r=g","contentUrl":"https:\/\/secure.gravatar.com\/avatar\/?s=96&d=mm&r=g","caption":"jacques lesage"},"url":"https:\/\/blogs.thesocialmedia.com\/leblogmoto\/author\/jacques-lesage\/"}]}},"_links":{"self":[{"href":"https:\/\/blogs.thesocialmedia.com\/leblogmoto\/wp-json\/wp\/v2\/posts\/187","targetHints":{"allow":["GET"]}}],"collection":[{"href":"https:\/\/blogs.thesocialmedia.com\/leblogmoto\/wp-json\/wp\/v2\/posts"}],"about":[{"href":"https:\/\/blogs.thesocialmedia.com\/leblogmoto\/wp-json\/wp\/v2\/types\/post"}],"author":[{"embeddable":true,"href":"https:\/\/blogs.thesocialmedia.com\/leblogmoto\/wp-json\/wp\/v2\/users\/325"}],"replies":[{"embeddable":true,"href":"https:\/\/blogs.thesocialmedia.com\/leblogmoto\/wp-json\/wp\/v2\/comments?post=187"}],"version-history":[{"count":2,"href":"https:\/\/blogs.thesocialmedia.com\/leblogmoto\/wp-json\/wp\/v2\/posts\/187\/revisions"}],"predecessor-version":[{"id":13210,"href":"https:\/\/blogs.thesocialmedia.com\/leblogmoto\/wp-json\/wp\/v2\/posts\/187\/revisions\/13210"}],"wp:featuredmedia":[{"embeddable":true,"href":"https:\/\/blogs.thesocialmedia.com\/leblogmoto\/wp-json\/wp\/v2\/media\/13207"}],"wp:attachment":[{"href":"https:\/\/blogs.thesocialmedia.com\/leblogmoto\/wp-json\/wp\/v2\/media?parent=187"}],"wp:term":[{"taxonomy":"category","embeddable":true,"href":"https:\/\/blogs.thesocialmedia.com\/leblogmoto\/wp-json\/wp\/v2\/categories?post=187"},{"taxonomy":"post_tag","embeddable":true,"href":"https:\/\/blogs.thesocialmedia.com\/leblogmoto\/wp-json\/wp\/v2\/tags?post=187"}],"curies":[{"name":"wp","href":"https:\/\/api.w.org\/{rel}","templated":true}]}}