{"id":1872,"date":"2006-05-03T18:44:31","date_gmt":"2006-05-03T18:44:31","guid":{"rendered":"http:\/\/blogs.thesocialmedia.com\/leblogmoto\/2006\/05\/03\/kenny-fait-le-g\/"},"modified":"2012-07-11T14:21:28","modified_gmt":"2012-07-11T14:21:28","slug":"kenny-fait-le-g","status":"publish","type":"post","link":"https:\/\/blogs.thesocialmedia.com\/leblogmoto\/2006\/05\/03\/kenny-fait-le-g\/","title":{"rendered":"Kenny fait le grand saut de la production"},"content":{"rendered":"<p><a href=\"http:\/\/blogs.thesocialmedia.com\/leblogmoto\/files\/2012\/07\/12575717_1.jpg\"><img loading=\"lazy\" decoding=\"async\" height=\"172\" alt=\"12575717_1\" src=\"http:\/\/www.leblogmoto.com\/images\/12575717_1.jpg\" width=\"250\"  \/><\/a>Figure embl\u00e9matique du monde de la Moto, <a href=\"http:\/\/www.leblogmoto.com\/2006\/04\/motogp_qatar_st.html\">Kenny ROBERTS<\/a> a d\u00e9cid\u00e9 de franchir le pas de la production. <\/p>\n<p>Aux commandes de <a href=\"http:\/\/www.leblogmoto.com\/2005\/08\/ktm_se_retire_d.html\">l&rsquo;\u00e9curie<\/a> \u00e9ponyme qui, cette ann\u00e9e, fait courir le fiston, le champion Am\u00e9ricain s&rsquo;appr\u00eate \u00e0 inscrire son nom parmi les marques de moto.<\/p>\n<p>Et pas qu&rsquo;un peu. L&rsquo;ambition est de sortir non pas une machine, mais bien de constituer <strong>une gamme compl\u00e8te<\/strong>. Et les chiffres annonc\u00e9es pour les engins qui&nbsp; devraient la constituer laissent augurer bien du plaisir&#8230; <\/p>\n<p><a href=\"http:\/\/clabedan.typepad.com\/.shared\/image.html?\/photos\/uncategorized\/12575711.jpg\"><img loading=\"lazy\" decoding=\"async\" height=\"173\" alt=\"12575711\" src=\"http:\/\/www.leblogmoto.com\/images\/12575711.jpg\" width=\"250\"  \/><\/a>Un <strong>mono de 170 cm3<\/strong>, une <strong>r\u00e9plique de la MotoGP<\/strong> avec son V5, \u00e0 l&rsquo;image de <a href=\"http:\/\/www.leblogmoto.com\/2006\/05\/la_desmosedici_.html\">la d\u00e9marche DUCATI<\/a> avec son 4 cylindres Desmosedici, un <strong>roadster muscl\u00e9<\/strong> avec ce m\u00eame V5 revu \u00e0 <strong>200<\/strong> ch, et un <strong>V3 de 990 cm3<\/strong>. Voil\u00e0 une gamme haute en couleur et pour le moins ambitieuse.<\/p>\n<p>Chez les ROBERTS, on ne fait donc pas dans la demi mesure et on n&rsquo;a pas froid aux yeux. La volont\u00e9 est l\u00e0, reste \u00e0 attendre sa concr\u00e9tisation. <\/p>\n<p><a href=\"http:\/\/clabedan.typepad.com\/.shared\/image.html?\/photos\/uncategorized\/12533329.jpg\"><img loading=\"lazy\" decoding=\"async\" height=\"161\" alt=\"12533329\" src=\"http:\/\/www.leblogmoto.com\/images\/12533329.jpg\" width=\"250\"  \/><\/a>L&rsquo;industrialisation, la commercialisation et le suivi de ces motos sont \u00e0 pr\u00e9ciser, ce qui ne rel\u00e8ve pas du simple d\u00e9tail. Mais quelle belle id\u00e9e !<\/p>\n<p>SOURCE: <a href=\"http:\/\/www.motorcyclenews.com\">www.motorcyclenews.com<\/a>&nbsp; &nbsp;&nbsp; <\/p>\n","protected":false},"excerpt":{"rendered":"<p>Figure embl\u00e9matique du monde de la Moto, Kenny ROBERTS a d\u00e9cid\u00e9 de franchir le pas de la production. Aux commandes de l&rsquo;\u00e9curie \u00e9ponyme qui, cette ann\u00e9e, fait courir le fiston, le champion Am\u00e9ricain s&rsquo;appr\u00eate \u00e0 inscrire son nom parmi les marques de moto. Et pas qu&rsquo;un peu. L&rsquo;ambition est de sortir non pas une machine, [&hellip;]<\/p>\n","protected":false},"author":336,"featured_media":0,"comment_status":"open","ping_status":"open","sticky":false,"template":"","format":"standard","meta":{"footnotes":""},"categories":[49,33],"tags":[],"class_list":["post-1872","post","type-post","status-publish","format-standard","hentry","category-actualites-entreprise","category-concept-bike"],"yoast_head":"<!-- This site is optimized with the Yoast SEO plugin v26.0 - https:\/\/yoast.com\/wordpress\/plugins\/seo\/ -->\n<title>Kenny fait le grand saut de la production - leblogmoto.com<\/title>\n<meta name=\"robots\" content=\"index, follow, max-snippet:-1, max-image-preview:large, max-video-preview:-1\" \/>\n<link rel=\"canonical\" href=\"https:\/\/blogs.thesocialmedia.com\/leblogmoto\/2006\/05\/03\/kenny-fait-le-g\/\" \/>\n<meta name=\"twitter:card\" content=\"summary_large_image\" \/>\n<meta name=\"twitter:title\" content=\"Kenny fait le grand saut de la production - leblogmoto.com\" \/>\n<meta name=\"twitter:description\" content=\"Figure embl\u00e9matique du monde de la Moto, Kenny ROBERTS a d\u00e9cid\u00e9 de franchir le pas de la production. Aux commandes de l&rsquo;\u00e9curie \u00e9ponyme qui, cette ann\u00e9e, fait courir le fiston, le champion Am\u00e9ricain s&rsquo;appr\u00eate \u00e0 inscrire son nom parmi les marques de moto. Et pas qu&rsquo;un peu. L&rsquo;ambition est de sortir non pas une machine, [&hellip;]\" \/>\n<meta name=\"twitter:image\" content=\"http:\/\/www.leblogmoto.com\/images\/12575717_1.jpg\" \/>\n<meta name=\"twitter:label1\" content=\"\u00c9crit par\" \/>\n\t<meta name=\"twitter:data1\" content=\"andre leconde\" \/>\n\t<meta name=\"twitter:label2\" content=\"Dur\u00e9e de lecture estim\u00e9e\" \/>\n\t<meta name=\"twitter:data2\" content=\"1 minute\" \/>\n<script type=\"application\/ld+json\" class=\"yoast-schema-graph\">{\"@context\":\"https:\/\/schema.org\",\"@graph\":[{\"@type\":\"WebPage\",\"@id\":\"https:\/\/blogs.thesocialmedia.com\/leblogmoto\/2006\/05\/03\/kenny-fait-le-g\/\",\"url\":\"https:\/\/blogs.thesocialmedia.com\/leblogmoto\/2006\/05\/03\/kenny-fait-le-g\/\",\"name\":\"Kenny fait le grand saut de la production - leblogmoto.com\",\"isPartOf\":{\"@id\":\"https:\/\/blogs.thesocialmedia.com\/leblogmoto\/#website\"},\"primaryImageOfPage\":{\"@id\":\"https:\/\/blogs.thesocialmedia.com\/leblogmoto\/2006\/05\/03\/kenny-fait-le-g\/#primaryimage\"},\"image\":{\"@id\":\"https:\/\/blogs.thesocialmedia.com\/leblogmoto\/2006\/05\/03\/kenny-fait-le-g\/#primaryimage\"},\"thumbnailUrl\":\"http:\/\/www.leblogmoto.com\/images\/12575717_1.jpg\",\"datePublished\":\"2006-05-03T18:44:31+00:00\",\"dateModified\":\"2012-07-11T14:21:28+00:00\",\"author\":{\"@id\":\"https:\/\/blogs.thesocialmedia.com\/leblogmoto\/#\/schema\/person\/1a1dcfc7cec206573105eb4af91155c2\"},\"breadcrumb\":{\"@id\":\"https:\/\/blogs.thesocialmedia.com\/leblogmoto\/2006\/05\/03\/kenny-fait-le-g\/#breadcrumb\"},\"inLanguage\":\"fr-FR\",\"potentialAction\":[{\"@type\":\"ReadAction\",\"target\":[\"https:\/\/blogs.thesocialmedia.com\/leblogmoto\/2006\/05\/03\/kenny-fait-le-g\/\"]}]},{\"@type\":\"ImageObject\",\"inLanguage\":\"fr-FR\",\"@id\":\"https:\/\/blogs.thesocialmedia.com\/leblogmoto\/2006\/05\/03\/kenny-fait-le-g\/#primaryimage\",\"url\":\"http:\/\/www.leblogmoto.com\/images\/12575717_1.jpg\",\"contentUrl\":\"http:\/\/www.leblogmoto.com\/images\/12575717_1.jpg\"},{\"@type\":\"BreadcrumbList\",\"@id\":\"https:\/\/blogs.thesocialmedia.com\/leblogmoto\/2006\/05\/03\/kenny-fait-le-g\/#breadcrumb\",\"itemListElement\":[{\"@type\":\"ListItem\",\"position\":1,\"name\":\"Accueil\",\"item\":\"https:\/\/blogs.thesocialmedia.com\/leblogmoto\/\"},{\"@type\":\"ListItem\",\"position\":2,\"name\":\"Kenny fait le grand saut de la production\"}]},{\"@type\":\"WebSite\",\"@id\":\"https:\/\/blogs.thesocialmedia.com\/leblogmoto\/#website\",\"url\":\"https:\/\/blogs.thesocialmedia.com\/leblogmoto\/\",\"name\":\"leblogmoto\",\"description\":\"Toute l&#039;actualit\u00e9 des 2 roues\",\"potentialAction\":[{\"@type\":\"SearchAction\",\"target\":{\"@type\":\"EntryPoint\",\"urlTemplate\":\"https:\/\/blogs.thesocialmedia.com\/leblogmoto\/?s={search_term_string}\"},\"query-input\":{\"@type\":\"PropertyValueSpecification\",\"valueRequired\":true,\"valueName\":\"search_term_string\"}}],\"inLanguage\":\"fr-FR\"},{\"@type\":\"Person\",\"@id\":\"https:\/\/blogs.thesocialmedia.com\/leblogmoto\/#\/schema\/person\/1a1dcfc7cec206573105eb4af91155c2\",\"name\":\"andre leconde\",\"image\":{\"@type\":\"ImageObject\",\"inLanguage\":\"fr-FR\",\"@id\":\"https:\/\/blogs.thesocialmedia.com\/leblogmoto\/#\/schema\/person\/image\/\",\"url\":\"https:\/\/secure.gravatar.com\/avatar\/?s=96&d=mm&r=g\",\"contentUrl\":\"https:\/\/secure.gravatar.com\/avatar\/?s=96&d=mm&r=g\",\"caption\":\"andre leconde\"},\"url\":\"https:\/\/blogs.thesocialmedia.com\/leblogmoto\/author\/andre-leconde\/\"}]}<\/script>\n<!-- \/ Yoast SEO plugin. -->","yoast_head_json":{"title":"Kenny fait le grand saut de la production - leblogmoto.com","robots":{"index":"index","follow":"follow","max-snippet":"max-snippet:-1","max-image-preview":"max-image-preview:large","max-video-preview":"max-video-preview:-1"},"canonical":"https:\/\/blogs.thesocialmedia.com\/leblogmoto\/2006\/05\/03\/kenny-fait-le-g\/","twitter_card":"summary_large_image","twitter_title":"Kenny fait le grand saut de la production - leblogmoto.com","twitter_description":"Figure embl\u00e9matique du monde de la Moto, Kenny ROBERTS a d\u00e9cid\u00e9 de franchir le pas de la production. Aux commandes de l&rsquo;\u00e9curie \u00e9ponyme qui, cette ann\u00e9e, fait courir le fiston, le champion Am\u00e9ricain s&rsquo;appr\u00eate \u00e0 inscrire son nom parmi les marques de moto. Et pas qu&rsquo;un peu. L&rsquo;ambition est de sortir non pas une machine, [&hellip;]","twitter_image":"http:\/\/www.leblogmoto.com\/images\/12575717_1.jpg","twitter_misc":{"\u00c9crit par":"andre leconde","Dur\u00e9e de lecture estim\u00e9e":"1 minute"},"schema":{"@context":"https:\/\/schema.org","@graph":[{"@type":"WebPage","@id":"https:\/\/blogs.thesocialmedia.com\/leblogmoto\/2006\/05\/03\/kenny-fait-le-g\/","url":"https:\/\/blogs.thesocialmedia.com\/leblogmoto\/2006\/05\/03\/kenny-fait-le-g\/","name":"Kenny fait le grand saut de la production - leblogmoto.com","isPartOf":{"@id":"https:\/\/blogs.thesocialmedia.com\/leblogmoto\/#website"},"primaryImageOfPage":{"@id":"https:\/\/blogs.thesocialmedia.com\/leblogmoto\/2006\/05\/03\/kenny-fait-le-g\/#primaryimage"},"image":{"@id":"https:\/\/blogs.thesocialmedia.com\/leblogmoto\/2006\/05\/03\/kenny-fait-le-g\/#primaryimage"},"thumbnailUrl":"http:\/\/www.leblogmoto.com\/images\/12575717_1.jpg","datePublished":"2006-05-03T18:44:31+00:00","dateModified":"2012-07-11T14:21:28+00:00","author":{"@id":"https:\/\/blogs.thesocialmedia.com\/leblogmoto\/#\/schema\/person\/1a1dcfc7cec206573105eb4af91155c2"},"breadcrumb":{"@id":"https:\/\/blogs.thesocialmedia.com\/leblogmoto\/2006\/05\/03\/kenny-fait-le-g\/#breadcrumb"},"inLanguage":"fr-FR","potentialAction":[{"@type":"ReadAction","target":["https:\/\/blogs.thesocialmedia.com\/leblogmoto\/2006\/05\/03\/kenny-fait-le-g\/"]}]},{"@type":"ImageObject","inLanguage":"fr-FR","@id":"https:\/\/blogs.thesocialmedia.com\/leblogmoto\/2006\/05\/03\/kenny-fait-le-g\/#primaryimage","url":"http:\/\/www.leblogmoto.com\/images\/12575717_1.jpg","contentUrl":"http:\/\/www.leblogmoto.com\/images\/12575717_1.jpg"},{"@type":"BreadcrumbList","@id":"https:\/\/blogs.thesocialmedia.com\/leblogmoto\/2006\/05\/03\/kenny-fait-le-g\/#breadcrumb","itemListElement":[{"@type":"ListItem","position":1,"name":"Accueil","item":"https:\/\/blogs.thesocialmedia.com\/leblogmoto\/"},{"@type":"ListItem","position":2,"name":"Kenny fait le grand saut de la production"}]},{"@type":"WebSite","@id":"https:\/\/blogs.thesocialmedia.com\/leblogmoto\/#website","url":"https:\/\/blogs.thesocialmedia.com\/leblogmoto\/","name":"leblogmoto","description":"Toute l&#039;actualit\u00e9 des 2 roues","potentialAction":[{"@type":"SearchAction","target":{"@type":"EntryPoint","urlTemplate":"https:\/\/blogs.thesocialmedia.com\/leblogmoto\/?s={search_term_string}"},"query-input":{"@type":"PropertyValueSpecification","valueRequired":true,"valueName":"search_term_string"}}],"inLanguage":"fr-FR"},{"@type":"Person","@id":"https:\/\/blogs.thesocialmedia.com\/leblogmoto\/#\/schema\/person\/1a1dcfc7cec206573105eb4af91155c2","name":"andre leconde","image":{"@type":"ImageObject","inLanguage":"fr-FR","@id":"https:\/\/blogs.thesocialmedia.com\/leblogmoto\/#\/schema\/person\/image\/","url":"https:\/\/secure.gravatar.com\/avatar\/?s=96&d=mm&r=g","contentUrl":"https:\/\/secure.gravatar.com\/avatar\/?s=96&d=mm&r=g","caption":"andre leconde"},"url":"https:\/\/blogs.thesocialmedia.com\/leblogmoto\/author\/andre-leconde\/"}]}},"_links":{"self":[{"href":"https:\/\/blogs.thesocialmedia.com\/leblogmoto\/wp-json\/wp\/v2\/posts\/1872","targetHints":{"allow":["GET"]}}],"collection":[{"href":"https:\/\/blogs.thesocialmedia.com\/leblogmoto\/wp-json\/wp\/v2\/posts"}],"about":[{"href":"https:\/\/blogs.thesocialmedia.com\/leblogmoto\/wp-json\/wp\/v2\/types\/post"}],"author":[{"embeddable":true,"href":"https:\/\/blogs.thesocialmedia.com\/leblogmoto\/wp-json\/wp\/v2\/users\/336"}],"replies":[{"embeddable":true,"href":"https:\/\/blogs.thesocialmedia.com\/leblogmoto\/wp-json\/wp\/v2\/comments?post=1872"}],"version-history":[{"count":2,"href":"https:\/\/blogs.thesocialmedia.com\/leblogmoto\/wp-json\/wp\/v2\/posts\/1872\/revisions"}],"predecessor-version":[{"id":7410,"href":"https:\/\/blogs.thesocialmedia.com\/leblogmoto\/wp-json\/wp\/v2\/posts\/1872\/revisions\/7410"}],"wp:attachment":[{"href":"https:\/\/blogs.thesocialmedia.com\/leblogmoto\/wp-json\/wp\/v2\/media?parent=1872"}],"wp:term":[{"taxonomy":"category","embeddable":true,"href":"https:\/\/blogs.thesocialmedia.com\/leblogmoto\/wp-json\/wp\/v2\/categories?post=1872"},{"taxonomy":"post_tag","embeddable":true,"href":"https:\/\/blogs.thesocialmedia.com\/leblogmoto\/wp-json\/wp\/v2\/tags?post=1872"}],"curies":[{"name":"wp","href":"https:\/\/api.w.org\/{rel}","templated":true}]}}