{"id":1875,"date":"2006-05-02T13:21:39","date_gmt":"2006-05-02T13:21:39","guid":{"rendered":"http:\/\/blogs.thesocialmedia.com\/leblogmoto\/2006\/05\/02\/la-desmosedici\/"},"modified":"2012-07-11T14:21:22","modified_gmt":"2012-07-11T14:21:22","slug":"la-desmosedici","status":"publish","type":"post","link":"https:\/\/blogs.thesocialmedia.com\/leblogmoto\/2006\/05\/02\/la-desmosedici\/","title":{"rendered":"La Desmosedici \u00e0 vendre !"},"content":{"rendered":"<p><a href=\"http:\/\/blogs.thesocialmedia.com\/leblogmoto\/files\/2012\/07\/show_image.jpg\"><img loading=\"lazy\" decoding=\"async\" height=\"187\" alt=\"Show_image\" src=\"http:\/\/www.leblogmoto.com\/images\/show_image.jpg\" width=\"250\"  \/><\/a>Non, il ne s&rsquo;ag\u00eet pas d&rsquo;une avant-premi\u00e8re \u00e0 une mise \u00e0 disposition en concession d&rsquo;une <strong>r\u00e9plique<\/strong> de la machine au <strong>4 cylindres<\/strong> \u00e9cumeur de GP. Celle-l\u00e0 nous est promise plus tard \u00e0 <strong>trente<\/strong> exemplaires \u00e0 un tarif exclusif.<\/p>\n<p>Il ne s&rsquo;ag\u00eet pas non plus de la future <strong><a href=\"http:\/\/www.leblogmoto.com\/2006\/04\/motogp_2007_le_.html\">Desmosedici 800<\/a><\/strong> cm3 qui officiera d\u00e8s l&rsquo;ann\u00e9e prochaine en MotoGP, et qui va faire <strong>ses premiers tours de roues cette semaine au MUGELLO avec <a href=\"http:\/\/www.leblogmoto.com\/2006\/03\/guzzi_mgs01_lai.html\">GUARESCHI<\/a>.<\/strong><\/p>\n<p>Celle qui est pr\u00e9sent\u00e9e ici, est une <strong>v\u00e9ritable GP5<\/strong> de l&rsquo;usine. Et elle est \u00e0 saisir&#8230; <\/p>\n<p><a href=\"http:\/\/clabedan.typepad.com\/.shared\/image.html?\/photos\/uncategorized\/show_image_1.jpg\"><img loading=\"lazy\" decoding=\"async\" height=\"187\" alt=\"Show_image_1\" src=\"http:\/\/www.leblogmoto.com\/images\/show_image_1.jpg\" width=\"250\"  \/><\/a> Cette GP5 a \u00e9t\u00e9 pilot\u00e9e par <strong>CAPIREX <\/strong>au GP du JAPON <strong>2005<\/strong> disput\u00e9 sur le circuit de <strong>MOTEGI.<\/strong> Elle y avait remport\u00e9 la victoire apr\u00e8s la pole et le record du tour, c&rsquo;est dire qu&rsquo;elle a un pedigree.<\/p>\n<p><strong>Certificat d&rsquo;authenticit\u00e9<\/strong>, r\u00e9vision faite, voil\u00e0 l&rsquo;occasion d&rsquo;enfourcher des <strong>230<\/strong> ch pour voguer vers les <strong>330 <\/strong>km\/h. Sur circuit, du moins car c&rsquo;est pour ce genre d&rsquo;escapade que la cartographie moteur a \u00e9t\u00e9 \u00e9talonn\u00e9e.<\/p>\n<p>Si vous \u00e9tes inter\u00e9ss\u00e9s vous pouvez toujours laisser vos coordonn\u00e9es \u00e0 l&rsquo;adresse ci-dessous. On vous contactera&#8230;<\/p>\n<p>SOURCE: <a href=\"http:\/\/www.classic-motorbikes.com\/\">www.classic-motorbikes.com<\/a> <\/p>\n","protected":false},"excerpt":{"rendered":"<p>Non, il ne s&rsquo;ag\u00eet pas d&rsquo;une avant-premi\u00e8re \u00e0 une mise \u00e0 disposition en concession d&rsquo;une r\u00e9plique de la machine au 4 cylindres \u00e9cumeur de GP. Celle-l\u00e0 nous est promise plus tard \u00e0 trente exemplaires \u00e0 un tarif exclusif. Il ne s&rsquo;ag\u00eet pas non plus de la future Desmosedici 800 cm3 qui officiera d\u00e8s l&rsquo;ann\u00e9e prochaine [&hellip;]<\/p>\n","protected":false},"author":336,"featured_media":0,"comment_status":"open","ping_status":"open","sticky":false,"template":"","format":"standard","meta":{"footnotes":""},"categories":[41,22],"tags":[],"class_list":["post-1875","post","type-post","status-publish","format-standard","hentry","category-ducati","category-motogp"],"yoast_head":"<!-- This site is optimized with the Yoast SEO plugin v26.0 - https:\/\/yoast.com\/wordpress\/plugins\/seo\/ -->\n<title>La Desmosedici \u00e0 vendre ! - leblogmoto.com<\/title>\n<meta name=\"robots\" content=\"index, follow, max-snippet:-1, max-image-preview:large, max-video-preview:-1\" \/>\n<link rel=\"canonical\" href=\"https:\/\/blogs.thesocialmedia.com\/leblogmoto\/2006\/05\/02\/la-desmosedici\/\" \/>\n<meta name=\"twitter:card\" content=\"summary_large_image\" \/>\n<meta name=\"twitter:title\" content=\"La Desmosedici \u00e0 vendre ! - leblogmoto.com\" \/>\n<meta name=\"twitter:description\" content=\"Non, il ne s&rsquo;ag\u00eet pas d&rsquo;une avant-premi\u00e8re \u00e0 une mise \u00e0 disposition en concession d&rsquo;une r\u00e9plique de la machine au 4 cylindres \u00e9cumeur de GP. Celle-l\u00e0 nous est promise plus tard \u00e0 trente exemplaires \u00e0 un tarif exclusif. Il ne s&rsquo;ag\u00eet pas non plus de la future Desmosedici 800 cm3 qui officiera d\u00e8s l&rsquo;ann\u00e9e prochaine [&hellip;]\" \/>\n<meta name=\"twitter:image\" content=\"http:\/\/www.leblogmoto.com\/images\/show_image.jpg\" \/>\n<meta name=\"twitter:label1\" content=\"\u00c9crit par\" \/>\n\t<meta name=\"twitter:data1\" content=\"andre leconde\" \/>\n\t<meta name=\"twitter:label2\" content=\"Dur\u00e9e de lecture estim\u00e9e\" \/>\n\t<meta name=\"twitter:data2\" content=\"1 minute\" \/>\n<script type=\"application\/ld+json\" class=\"yoast-schema-graph\">{\"@context\":\"https:\/\/schema.org\",\"@graph\":[{\"@type\":\"WebPage\",\"@id\":\"https:\/\/blogs.thesocialmedia.com\/leblogmoto\/2006\/05\/02\/la-desmosedici\/\",\"url\":\"https:\/\/blogs.thesocialmedia.com\/leblogmoto\/2006\/05\/02\/la-desmosedici\/\",\"name\":\"La Desmosedici \u00e0 vendre ! - leblogmoto.com\",\"isPartOf\":{\"@id\":\"https:\/\/blogs.thesocialmedia.com\/leblogmoto\/#website\"},\"primaryImageOfPage\":{\"@id\":\"https:\/\/blogs.thesocialmedia.com\/leblogmoto\/2006\/05\/02\/la-desmosedici\/#primaryimage\"},\"image\":{\"@id\":\"https:\/\/blogs.thesocialmedia.com\/leblogmoto\/2006\/05\/02\/la-desmosedici\/#primaryimage\"},\"thumbnailUrl\":\"http:\/\/www.leblogmoto.com\/images\/show_image.jpg\",\"datePublished\":\"2006-05-02T13:21:39+00:00\",\"dateModified\":\"2012-07-11T14:21:22+00:00\",\"author\":{\"@id\":\"https:\/\/blogs.thesocialmedia.com\/leblogmoto\/#\/schema\/person\/1a1dcfc7cec206573105eb4af91155c2\"},\"breadcrumb\":{\"@id\":\"https:\/\/blogs.thesocialmedia.com\/leblogmoto\/2006\/05\/02\/la-desmosedici\/#breadcrumb\"},\"inLanguage\":\"fr-FR\",\"potentialAction\":[{\"@type\":\"ReadAction\",\"target\":[\"https:\/\/blogs.thesocialmedia.com\/leblogmoto\/2006\/05\/02\/la-desmosedici\/\"]}]},{\"@type\":\"ImageObject\",\"inLanguage\":\"fr-FR\",\"@id\":\"https:\/\/blogs.thesocialmedia.com\/leblogmoto\/2006\/05\/02\/la-desmosedici\/#primaryimage\",\"url\":\"http:\/\/www.leblogmoto.com\/images\/show_image.jpg\",\"contentUrl\":\"http:\/\/www.leblogmoto.com\/images\/show_image.jpg\"},{\"@type\":\"BreadcrumbList\",\"@id\":\"https:\/\/blogs.thesocialmedia.com\/leblogmoto\/2006\/05\/02\/la-desmosedici\/#breadcrumb\",\"itemListElement\":[{\"@type\":\"ListItem\",\"position\":1,\"name\":\"Accueil\",\"item\":\"https:\/\/blogs.thesocialmedia.com\/leblogmoto\/\"},{\"@type\":\"ListItem\",\"position\":2,\"name\":\"La Desmosedici \u00e0 vendre !\"}]},{\"@type\":\"WebSite\",\"@id\":\"https:\/\/blogs.thesocialmedia.com\/leblogmoto\/#website\",\"url\":\"https:\/\/blogs.thesocialmedia.com\/leblogmoto\/\",\"name\":\"leblogmoto\",\"description\":\"Toute l&#039;actualit\u00e9 des 2 roues\",\"potentialAction\":[{\"@type\":\"SearchAction\",\"target\":{\"@type\":\"EntryPoint\",\"urlTemplate\":\"https:\/\/blogs.thesocialmedia.com\/leblogmoto\/?s={search_term_string}\"},\"query-input\":{\"@type\":\"PropertyValueSpecification\",\"valueRequired\":true,\"valueName\":\"search_term_string\"}}],\"inLanguage\":\"fr-FR\"},{\"@type\":\"Person\",\"@id\":\"https:\/\/blogs.thesocialmedia.com\/leblogmoto\/#\/schema\/person\/1a1dcfc7cec206573105eb4af91155c2\",\"name\":\"andre leconde\",\"image\":{\"@type\":\"ImageObject\",\"inLanguage\":\"fr-FR\",\"@id\":\"https:\/\/blogs.thesocialmedia.com\/leblogmoto\/#\/schema\/person\/image\/\",\"url\":\"https:\/\/secure.gravatar.com\/avatar\/?s=96&d=mm&r=g\",\"contentUrl\":\"https:\/\/secure.gravatar.com\/avatar\/?s=96&d=mm&r=g\",\"caption\":\"andre leconde\"},\"url\":\"https:\/\/blogs.thesocialmedia.com\/leblogmoto\/author\/andre-leconde\/\"}]}<\/script>\n<!-- \/ Yoast SEO plugin. -->","yoast_head_json":{"title":"La Desmosedici \u00e0 vendre ! - leblogmoto.com","robots":{"index":"index","follow":"follow","max-snippet":"max-snippet:-1","max-image-preview":"max-image-preview:large","max-video-preview":"max-video-preview:-1"},"canonical":"https:\/\/blogs.thesocialmedia.com\/leblogmoto\/2006\/05\/02\/la-desmosedici\/","twitter_card":"summary_large_image","twitter_title":"La Desmosedici \u00e0 vendre ! - leblogmoto.com","twitter_description":"Non, il ne s&rsquo;ag\u00eet pas d&rsquo;une avant-premi\u00e8re \u00e0 une mise \u00e0 disposition en concession d&rsquo;une r\u00e9plique de la machine au 4 cylindres \u00e9cumeur de GP. Celle-l\u00e0 nous est promise plus tard \u00e0 trente exemplaires \u00e0 un tarif exclusif. Il ne s&rsquo;ag\u00eet pas non plus de la future Desmosedici 800 cm3 qui officiera d\u00e8s l&rsquo;ann\u00e9e prochaine [&hellip;]","twitter_image":"http:\/\/www.leblogmoto.com\/images\/show_image.jpg","twitter_misc":{"\u00c9crit par":"andre leconde","Dur\u00e9e de lecture estim\u00e9e":"1 minute"},"schema":{"@context":"https:\/\/schema.org","@graph":[{"@type":"WebPage","@id":"https:\/\/blogs.thesocialmedia.com\/leblogmoto\/2006\/05\/02\/la-desmosedici\/","url":"https:\/\/blogs.thesocialmedia.com\/leblogmoto\/2006\/05\/02\/la-desmosedici\/","name":"La Desmosedici \u00e0 vendre ! - leblogmoto.com","isPartOf":{"@id":"https:\/\/blogs.thesocialmedia.com\/leblogmoto\/#website"},"primaryImageOfPage":{"@id":"https:\/\/blogs.thesocialmedia.com\/leblogmoto\/2006\/05\/02\/la-desmosedici\/#primaryimage"},"image":{"@id":"https:\/\/blogs.thesocialmedia.com\/leblogmoto\/2006\/05\/02\/la-desmosedici\/#primaryimage"},"thumbnailUrl":"http:\/\/www.leblogmoto.com\/images\/show_image.jpg","datePublished":"2006-05-02T13:21:39+00:00","dateModified":"2012-07-11T14:21:22+00:00","author":{"@id":"https:\/\/blogs.thesocialmedia.com\/leblogmoto\/#\/schema\/person\/1a1dcfc7cec206573105eb4af91155c2"},"breadcrumb":{"@id":"https:\/\/blogs.thesocialmedia.com\/leblogmoto\/2006\/05\/02\/la-desmosedici\/#breadcrumb"},"inLanguage":"fr-FR","potentialAction":[{"@type":"ReadAction","target":["https:\/\/blogs.thesocialmedia.com\/leblogmoto\/2006\/05\/02\/la-desmosedici\/"]}]},{"@type":"ImageObject","inLanguage":"fr-FR","@id":"https:\/\/blogs.thesocialmedia.com\/leblogmoto\/2006\/05\/02\/la-desmosedici\/#primaryimage","url":"http:\/\/www.leblogmoto.com\/images\/show_image.jpg","contentUrl":"http:\/\/www.leblogmoto.com\/images\/show_image.jpg"},{"@type":"BreadcrumbList","@id":"https:\/\/blogs.thesocialmedia.com\/leblogmoto\/2006\/05\/02\/la-desmosedici\/#breadcrumb","itemListElement":[{"@type":"ListItem","position":1,"name":"Accueil","item":"https:\/\/blogs.thesocialmedia.com\/leblogmoto\/"},{"@type":"ListItem","position":2,"name":"La Desmosedici \u00e0 vendre !"}]},{"@type":"WebSite","@id":"https:\/\/blogs.thesocialmedia.com\/leblogmoto\/#website","url":"https:\/\/blogs.thesocialmedia.com\/leblogmoto\/","name":"leblogmoto","description":"Toute l&#039;actualit\u00e9 des 2 roues","potentialAction":[{"@type":"SearchAction","target":{"@type":"EntryPoint","urlTemplate":"https:\/\/blogs.thesocialmedia.com\/leblogmoto\/?s={search_term_string}"},"query-input":{"@type":"PropertyValueSpecification","valueRequired":true,"valueName":"search_term_string"}}],"inLanguage":"fr-FR"},{"@type":"Person","@id":"https:\/\/blogs.thesocialmedia.com\/leblogmoto\/#\/schema\/person\/1a1dcfc7cec206573105eb4af91155c2","name":"andre leconde","image":{"@type":"ImageObject","inLanguage":"fr-FR","@id":"https:\/\/blogs.thesocialmedia.com\/leblogmoto\/#\/schema\/person\/image\/","url":"https:\/\/secure.gravatar.com\/avatar\/?s=96&d=mm&r=g","contentUrl":"https:\/\/secure.gravatar.com\/avatar\/?s=96&d=mm&r=g","caption":"andre leconde"},"url":"https:\/\/blogs.thesocialmedia.com\/leblogmoto\/author\/andre-leconde\/"}]}},"_links":{"self":[{"href":"https:\/\/blogs.thesocialmedia.com\/leblogmoto\/wp-json\/wp\/v2\/posts\/1875","targetHints":{"allow":["GET"]}}],"collection":[{"href":"https:\/\/blogs.thesocialmedia.com\/leblogmoto\/wp-json\/wp\/v2\/posts"}],"about":[{"href":"https:\/\/blogs.thesocialmedia.com\/leblogmoto\/wp-json\/wp\/v2\/types\/post"}],"author":[{"embeddable":true,"href":"https:\/\/blogs.thesocialmedia.com\/leblogmoto\/wp-json\/wp\/v2\/users\/336"}],"replies":[{"embeddable":true,"href":"https:\/\/blogs.thesocialmedia.com\/leblogmoto\/wp-json\/wp\/v2\/comments?post=1875"}],"version-history":[{"count":2,"href":"https:\/\/blogs.thesocialmedia.com\/leblogmoto\/wp-json\/wp\/v2\/posts\/1875\/revisions"}],"predecessor-version":[{"id":7404,"href":"https:\/\/blogs.thesocialmedia.com\/leblogmoto\/wp-json\/wp\/v2\/posts\/1875\/revisions\/7404"}],"wp:attachment":[{"href":"https:\/\/blogs.thesocialmedia.com\/leblogmoto\/wp-json\/wp\/v2\/media?parent=1875"}],"wp:term":[{"taxonomy":"category","embeddable":true,"href":"https:\/\/blogs.thesocialmedia.com\/leblogmoto\/wp-json\/wp\/v2\/categories?post=1875"},{"taxonomy":"post_tag","embeddable":true,"href":"https:\/\/blogs.thesocialmedia.com\/leblogmoto\/wp-json\/wp\/v2\/tags?post=1875"}],"curies":[{"name":"wp","href":"https:\/\/api.w.org\/{rel}","templated":true}]}}