{"id":1876,"date":"2006-05-01T17:12:10","date_gmt":"2006-05-01T17:12:10","guid":{"rendered":"http:\/\/blogs.thesocialmedia.com\/leblogmoto\/2006\/05\/01\/sbk-muggeridge\/"},"modified":"2012-07-11T14:21:21","modified_gmt":"2012-07-11T14:21:21","slug":"sbk-muggeridge","status":"publish","type":"post","link":"https:\/\/blogs.thesocialmedia.com\/leblogmoto\/2006\/05\/01\/sbk-muggeridge\/","title":{"rendered":"SBK: MUGGERIDGE et CHILI: Retours programm\u00e9s"},"content":{"rendered":"<p><a href=\"http:\/\/blogs.thesocialmedia.com\/leblogmoto\/files\/2012\/07\/frankiechili.jpg\"><strong><img loading=\"lazy\" decoding=\"async\" height=\"303\" alt=\"Frankiechili\" src=\"http:\/\/www.leblogmoto.com\/images\/frankiechili.jpg\" width=\"250\"  \/><\/strong><\/a><strong>Pierfrancesco CHILI<\/strong>, la quarantaine bien tass\u00e9e, affectueusement appel\u00e9 Frankie, s&rsquo;est vilainement fractur\u00e9 le bassin et d\u00e9mis l&rsquo;\u00e9paule gauche lors d&rsquo;une <a href=\"http:\/\/www.leblogmoto.com\/2006\/04\/sbk_tests_misan.html\">violente chute<\/a> contract\u00e9e au cours des tests programm\u00e9s \u00e0 <strong>MISANO<\/strong>.<\/p>\n<p><strong>Karl MUGGERIDGE<\/strong>, quant \u00e0 lui, y est all\u00e9 durement \u00e0 <strong>VALENCIA<\/strong>, toujours <a href=\"http:\/\/www.leblogmoto.com\/2006\/03\/sbk_valencia_te.html\">lors des essais<\/a>, et a \u00e9t\u00e9 touch\u00e9 aux vert\u00e8bres. Ces derni\u00e8res, bien tass\u00e9es, font qu&rsquo;il a perdu un demi centim\u00e8tre sous la toise.<\/p>\n<p>Ces deux pilotes se ressentent encore de leurs cabrioles. Qu&rsquo;\u00e0 cela ne tienne, ils ne vont pas tarder \u00e0 remonter sur leur moto&#8230; <\/p>\n<p><a href=\"http:\/\/clabedan.typepad.com\/.shared\/image.html?\/photos\/uncategorized\/valencia5.jpg\"><img loading=\"lazy\" decoding=\"async\" height=\"374\" alt=\"Valencia5\" src=\"http:\/\/www.leblogmoto.com\/images\/valencia5.jpg\" width=\"250\"  \/><\/a>Pour l&rsquo;italien qui a su rendre son <strong>n\u00b07<\/strong> embl\u00e9matique dans le monde du SBK, ce sera pour <strong>SILVERSTONE<\/strong>, \u00e0 la fin de ce mois. Il sera comme spectateur-supporter de son \u00e9quipe et de <strong>FABRIZZIO<\/strong> dans les paddocks de <strong>MONZA<\/strong>. Frankie ne cache pas qu&rsquo;il a encore mal, que ses sensations sont encore floues, sa jambe droite, notamment, refusant parfois d&rsquo;ob\u00e9\u00efr&#8230; Mais la peine de ne pas courir est encore plus forte. On l&rsquo;aurait m\u00eame vu faire du v\u00e9lo d&rsquo;appartement pour acc\u00e9l\u00e9rer sa r\u00e9education.<\/p>\n<p>Pour l&rsquo;<strong>Australien<\/strong>, champion du monde SuperSport, <strong>Karl MUGGERIDGE<\/strong>, il sera sur sa selle du <strong>5 et 7 mai<\/strong> prochain pour la manche WSBK de <strong>MONZA<\/strong>. Il sera plus petit d&rsquo;un demi-centim\u00e8tre, il aura encore peut \u00eatre son corset, mais il serrera bien les dents pour tenir sa place.&nbsp; &nbsp; <\/p>\n<p>Des durs \u00e0 cuire, tout simplement.&nbsp; &nbsp;<\/p>\n<p>SOURCE: <a href=\"http:\/\/www.motoblog.it\">www.motoblog.it<\/a> <\/p>\n","protected":false},"excerpt":{"rendered":"<p>Pierfrancesco CHILI, la quarantaine bien tass\u00e9e, affectueusement appel\u00e9 Frankie, s&rsquo;est vilainement fractur\u00e9 le bassin et d\u00e9mis l&rsquo;\u00e9paule gauche lors d&rsquo;une violente chute contract\u00e9e au cours des tests programm\u00e9s \u00e0 MISANO. Karl MUGGERIDGE, quant \u00e0 lui, y est all\u00e9 durement \u00e0 VALENCIA, toujours lors des essais, et a \u00e9t\u00e9 touch\u00e9 aux vert\u00e8bres. Ces derni\u00e8res, bien tass\u00e9es, [&hellip;]<\/p>\n","protected":false},"author":336,"featured_media":0,"comment_status":"open","ping_status":"open","sticky":false,"template":"","format":"standard","meta":{"footnotes":""},"categories":[1],"tags":[],"class_list":["post-1876","post","type-post","status-publish","format-standard","hentry","category-uncategorized"],"yoast_head":"<!-- This site is optimized with the Yoast SEO plugin v26.0 - https:\/\/yoast.com\/wordpress\/plugins\/seo\/ -->\n<title>SBK: MUGGERIDGE et CHILI: Retours programm\u00e9s - leblogmoto.com<\/title>\n<meta name=\"robots\" content=\"index, follow, max-snippet:-1, max-image-preview:large, max-video-preview:-1\" \/>\n<link rel=\"canonical\" href=\"https:\/\/blogs.thesocialmedia.com\/leblogmoto\/2006\/05\/01\/sbk-muggeridge\/\" \/>\n<meta name=\"twitter:card\" content=\"summary_large_image\" \/>\n<meta name=\"twitter:title\" content=\"SBK: MUGGERIDGE et CHILI: Retours programm\u00e9s - leblogmoto.com\" \/>\n<meta name=\"twitter:description\" content=\"Pierfrancesco CHILI, la quarantaine bien tass\u00e9e, affectueusement appel\u00e9 Frankie, s&rsquo;est vilainement fractur\u00e9 le bassin et d\u00e9mis l&rsquo;\u00e9paule gauche lors d&rsquo;une violente chute contract\u00e9e au cours des tests programm\u00e9s \u00e0 MISANO. Karl MUGGERIDGE, quant \u00e0 lui, y est all\u00e9 durement \u00e0 VALENCIA, toujours lors des essais, et a \u00e9t\u00e9 touch\u00e9 aux vert\u00e8bres. Ces derni\u00e8res, bien tass\u00e9es, [&hellip;]\" \/>\n<meta name=\"twitter:image\" content=\"http:\/\/www.leblogmoto.com\/images\/frankiechili.jpg\" \/>\n<meta name=\"twitter:label1\" content=\"\u00c9crit par\" \/>\n\t<meta name=\"twitter:data1\" content=\"andre leconde\" \/>\n\t<meta name=\"twitter:label2\" content=\"Dur\u00e9e de lecture estim\u00e9e\" \/>\n\t<meta name=\"twitter:data2\" content=\"1 minute\" \/>\n<script type=\"application\/ld+json\" class=\"yoast-schema-graph\">{\"@context\":\"https:\/\/schema.org\",\"@graph\":[{\"@type\":\"WebPage\",\"@id\":\"https:\/\/blogs.thesocialmedia.com\/leblogmoto\/2006\/05\/01\/sbk-muggeridge\/\",\"url\":\"https:\/\/blogs.thesocialmedia.com\/leblogmoto\/2006\/05\/01\/sbk-muggeridge\/\",\"name\":\"SBK: MUGGERIDGE et CHILI: Retours programm\u00e9s - leblogmoto.com\",\"isPartOf\":{\"@id\":\"https:\/\/blogs.thesocialmedia.com\/leblogmoto\/#website\"},\"primaryImageOfPage\":{\"@id\":\"https:\/\/blogs.thesocialmedia.com\/leblogmoto\/2006\/05\/01\/sbk-muggeridge\/#primaryimage\"},\"image\":{\"@id\":\"https:\/\/blogs.thesocialmedia.com\/leblogmoto\/2006\/05\/01\/sbk-muggeridge\/#primaryimage\"},\"thumbnailUrl\":\"http:\/\/www.leblogmoto.com\/images\/frankiechili.jpg\",\"datePublished\":\"2006-05-01T17:12:10+00:00\",\"dateModified\":\"2012-07-11T14:21:21+00:00\",\"author\":{\"@id\":\"https:\/\/blogs.thesocialmedia.com\/leblogmoto\/#\/schema\/person\/1a1dcfc7cec206573105eb4af91155c2\"},\"breadcrumb\":{\"@id\":\"https:\/\/blogs.thesocialmedia.com\/leblogmoto\/2006\/05\/01\/sbk-muggeridge\/#breadcrumb\"},\"inLanguage\":\"fr-FR\",\"potentialAction\":[{\"@type\":\"ReadAction\",\"target\":[\"https:\/\/blogs.thesocialmedia.com\/leblogmoto\/2006\/05\/01\/sbk-muggeridge\/\"]}]},{\"@type\":\"ImageObject\",\"inLanguage\":\"fr-FR\",\"@id\":\"https:\/\/blogs.thesocialmedia.com\/leblogmoto\/2006\/05\/01\/sbk-muggeridge\/#primaryimage\",\"url\":\"http:\/\/www.leblogmoto.com\/images\/frankiechili.jpg\",\"contentUrl\":\"http:\/\/www.leblogmoto.com\/images\/frankiechili.jpg\"},{\"@type\":\"BreadcrumbList\",\"@id\":\"https:\/\/blogs.thesocialmedia.com\/leblogmoto\/2006\/05\/01\/sbk-muggeridge\/#breadcrumb\",\"itemListElement\":[{\"@type\":\"ListItem\",\"position\":1,\"name\":\"Accueil\",\"item\":\"https:\/\/blogs.thesocialmedia.com\/leblogmoto\/\"},{\"@type\":\"ListItem\",\"position\":2,\"name\":\"SBK: MUGGERIDGE et CHILI: Retours programm\u00e9s\"}]},{\"@type\":\"WebSite\",\"@id\":\"https:\/\/blogs.thesocialmedia.com\/leblogmoto\/#website\",\"url\":\"https:\/\/blogs.thesocialmedia.com\/leblogmoto\/\",\"name\":\"leblogmoto\",\"description\":\"Toute l&#039;actualit\u00e9 des 2 roues\",\"potentialAction\":[{\"@type\":\"SearchAction\",\"target\":{\"@type\":\"EntryPoint\",\"urlTemplate\":\"https:\/\/blogs.thesocialmedia.com\/leblogmoto\/?s={search_term_string}\"},\"query-input\":{\"@type\":\"PropertyValueSpecification\",\"valueRequired\":true,\"valueName\":\"search_term_string\"}}],\"inLanguage\":\"fr-FR\"},{\"@type\":\"Person\",\"@id\":\"https:\/\/blogs.thesocialmedia.com\/leblogmoto\/#\/schema\/person\/1a1dcfc7cec206573105eb4af91155c2\",\"name\":\"andre leconde\",\"image\":{\"@type\":\"ImageObject\",\"inLanguage\":\"fr-FR\",\"@id\":\"https:\/\/blogs.thesocialmedia.com\/leblogmoto\/#\/schema\/person\/image\/\",\"url\":\"https:\/\/secure.gravatar.com\/avatar\/?s=96&d=mm&r=g\",\"contentUrl\":\"https:\/\/secure.gravatar.com\/avatar\/?s=96&d=mm&r=g\",\"caption\":\"andre leconde\"},\"url\":\"https:\/\/blogs.thesocialmedia.com\/leblogmoto\/author\/andre-leconde\/\"}]}<\/script>\n<!-- \/ Yoast SEO plugin. -->","yoast_head_json":{"title":"SBK: MUGGERIDGE et CHILI: Retours programm\u00e9s - leblogmoto.com","robots":{"index":"index","follow":"follow","max-snippet":"max-snippet:-1","max-image-preview":"max-image-preview:large","max-video-preview":"max-video-preview:-1"},"canonical":"https:\/\/blogs.thesocialmedia.com\/leblogmoto\/2006\/05\/01\/sbk-muggeridge\/","twitter_card":"summary_large_image","twitter_title":"SBK: MUGGERIDGE et CHILI: Retours programm\u00e9s - leblogmoto.com","twitter_description":"Pierfrancesco CHILI, la quarantaine bien tass\u00e9e, affectueusement appel\u00e9 Frankie, s&rsquo;est vilainement fractur\u00e9 le bassin et d\u00e9mis l&rsquo;\u00e9paule gauche lors d&rsquo;une violente chute contract\u00e9e au cours des tests programm\u00e9s \u00e0 MISANO. Karl MUGGERIDGE, quant \u00e0 lui, y est all\u00e9 durement \u00e0 VALENCIA, toujours lors des essais, et a \u00e9t\u00e9 touch\u00e9 aux vert\u00e8bres. Ces derni\u00e8res, bien tass\u00e9es, [&hellip;]","twitter_image":"http:\/\/www.leblogmoto.com\/images\/frankiechili.jpg","twitter_misc":{"\u00c9crit par":"andre leconde","Dur\u00e9e de lecture estim\u00e9e":"1 minute"},"schema":{"@context":"https:\/\/schema.org","@graph":[{"@type":"WebPage","@id":"https:\/\/blogs.thesocialmedia.com\/leblogmoto\/2006\/05\/01\/sbk-muggeridge\/","url":"https:\/\/blogs.thesocialmedia.com\/leblogmoto\/2006\/05\/01\/sbk-muggeridge\/","name":"SBK: MUGGERIDGE et CHILI: Retours programm\u00e9s - leblogmoto.com","isPartOf":{"@id":"https:\/\/blogs.thesocialmedia.com\/leblogmoto\/#website"},"primaryImageOfPage":{"@id":"https:\/\/blogs.thesocialmedia.com\/leblogmoto\/2006\/05\/01\/sbk-muggeridge\/#primaryimage"},"image":{"@id":"https:\/\/blogs.thesocialmedia.com\/leblogmoto\/2006\/05\/01\/sbk-muggeridge\/#primaryimage"},"thumbnailUrl":"http:\/\/www.leblogmoto.com\/images\/frankiechili.jpg","datePublished":"2006-05-01T17:12:10+00:00","dateModified":"2012-07-11T14:21:21+00:00","author":{"@id":"https:\/\/blogs.thesocialmedia.com\/leblogmoto\/#\/schema\/person\/1a1dcfc7cec206573105eb4af91155c2"},"breadcrumb":{"@id":"https:\/\/blogs.thesocialmedia.com\/leblogmoto\/2006\/05\/01\/sbk-muggeridge\/#breadcrumb"},"inLanguage":"fr-FR","potentialAction":[{"@type":"ReadAction","target":["https:\/\/blogs.thesocialmedia.com\/leblogmoto\/2006\/05\/01\/sbk-muggeridge\/"]}]},{"@type":"ImageObject","inLanguage":"fr-FR","@id":"https:\/\/blogs.thesocialmedia.com\/leblogmoto\/2006\/05\/01\/sbk-muggeridge\/#primaryimage","url":"http:\/\/www.leblogmoto.com\/images\/frankiechili.jpg","contentUrl":"http:\/\/www.leblogmoto.com\/images\/frankiechili.jpg"},{"@type":"BreadcrumbList","@id":"https:\/\/blogs.thesocialmedia.com\/leblogmoto\/2006\/05\/01\/sbk-muggeridge\/#breadcrumb","itemListElement":[{"@type":"ListItem","position":1,"name":"Accueil","item":"https:\/\/blogs.thesocialmedia.com\/leblogmoto\/"},{"@type":"ListItem","position":2,"name":"SBK: MUGGERIDGE et CHILI: Retours programm\u00e9s"}]},{"@type":"WebSite","@id":"https:\/\/blogs.thesocialmedia.com\/leblogmoto\/#website","url":"https:\/\/blogs.thesocialmedia.com\/leblogmoto\/","name":"leblogmoto","description":"Toute l&#039;actualit\u00e9 des 2 roues","potentialAction":[{"@type":"SearchAction","target":{"@type":"EntryPoint","urlTemplate":"https:\/\/blogs.thesocialmedia.com\/leblogmoto\/?s={search_term_string}"},"query-input":{"@type":"PropertyValueSpecification","valueRequired":true,"valueName":"search_term_string"}}],"inLanguage":"fr-FR"},{"@type":"Person","@id":"https:\/\/blogs.thesocialmedia.com\/leblogmoto\/#\/schema\/person\/1a1dcfc7cec206573105eb4af91155c2","name":"andre leconde","image":{"@type":"ImageObject","inLanguage":"fr-FR","@id":"https:\/\/blogs.thesocialmedia.com\/leblogmoto\/#\/schema\/person\/image\/","url":"https:\/\/secure.gravatar.com\/avatar\/?s=96&d=mm&r=g","contentUrl":"https:\/\/secure.gravatar.com\/avatar\/?s=96&d=mm&r=g","caption":"andre leconde"},"url":"https:\/\/blogs.thesocialmedia.com\/leblogmoto\/author\/andre-leconde\/"}]}},"_links":{"self":[{"href":"https:\/\/blogs.thesocialmedia.com\/leblogmoto\/wp-json\/wp\/v2\/posts\/1876","targetHints":{"allow":["GET"]}}],"collection":[{"href":"https:\/\/blogs.thesocialmedia.com\/leblogmoto\/wp-json\/wp\/v2\/posts"}],"about":[{"href":"https:\/\/blogs.thesocialmedia.com\/leblogmoto\/wp-json\/wp\/v2\/types\/post"}],"author":[{"embeddable":true,"href":"https:\/\/blogs.thesocialmedia.com\/leblogmoto\/wp-json\/wp\/v2\/users\/336"}],"replies":[{"embeddable":true,"href":"https:\/\/blogs.thesocialmedia.com\/leblogmoto\/wp-json\/wp\/v2\/comments?post=1876"}],"version-history":[{"count":2,"href":"https:\/\/blogs.thesocialmedia.com\/leblogmoto\/wp-json\/wp\/v2\/posts\/1876\/revisions"}],"predecessor-version":[{"id":7402,"href":"https:\/\/blogs.thesocialmedia.com\/leblogmoto\/wp-json\/wp\/v2\/posts\/1876\/revisions\/7402"}],"wp:attachment":[{"href":"https:\/\/blogs.thesocialmedia.com\/leblogmoto\/wp-json\/wp\/v2\/media?parent=1876"}],"wp:term":[{"taxonomy":"category","embeddable":true,"href":"https:\/\/blogs.thesocialmedia.com\/leblogmoto\/wp-json\/wp\/v2\/categories?post=1876"},{"taxonomy":"post_tag","embeddable":true,"href":"https:\/\/blogs.thesocialmedia.com\/leblogmoto\/wp-json\/wp\/v2\/tags?post=1876"}],"curies":[{"name":"wp","href":"https:\/\/api.w.org\/{rel}","templated":true}]}}