{"id":1878,"date":"2006-04-30T15:19:51","date_gmt":"2006-04-30T15:19:51","guid":{"rendered":"http:\/\/blogs.thesocialmedia.com\/leblogmoto\/2006\/04\/30\/motogp-turquie-2\/"},"modified":"2012-07-11T14:21:18","modified_gmt":"2012-07-11T14:21:18","slug":"motogp-turquie-2","status":"publish","type":"post","link":"https:\/\/blogs.thesocialmedia.com\/leblogmoto\/2006\/04\/30\/motogp-turquie-2\/","title":{"rendered":"MotoGP TURQUIE: MELANDRI Grand Vizir"},"content":{"rendered":"<p><a href=\"http:\/\/blogs.thesocialmedia.com\/leblogmoto\/files\/2012\/07\/gih5701_3.jpg\"><img loading=\"lazy\" decoding=\"async\" height=\"165\" alt=\"_gih5701_3\" src=\"http:\/\/www.leblogmoto.com\/images\/_gih5701_3.jpg\" width=\"250\"  \/><\/a>Il y avait remport\u00e9 <a href=\"http:\/\/www.leblogmoto.com\/2005\/10\/motogp_melandri.html\">son premier succ\u00e8s<\/a> en MotoGP l&rsquo;an dernier, il s&rsquo;y relance cette ann\u00e9e au championnat par une victoire, <strong>Marco MELANDRI<\/strong> et le circuit d&rsquo;ISTANBUL ont une relation particuli\u00e8re.<\/p>\n<p>Une course qui a \u00e9t\u00e9 ind\u00e9cise jusqu&rsquo;au dernier tour, avec un <a href=\"http:\/\/www.leblogmoto.com\/2006\/04\/motogp_qatar_la.html\">STONER<\/a> qui s&rsquo;affirme comme le meilleur rookie, plus constant, pour l&rsquo;instant qu&rsquo;un <strong>PEDROSA<\/strong> qui a craqu\u00e9 dans le dernier tour en chutant, malgr\u00e8 une remont\u00e9e dantesque.<\/p>\n<p>Un GP, enfin, qui a \u00e9t\u00e9 une <strong>parade MICHELIN<\/strong> devant des <strong>BRIDGESTONE<\/strong> loin du compte sur le sec. Quant \u00e0 <strong>ROSSI<\/strong>, il a magnifiquement <a href=\"http:\/\/www.leblogmoto.com\/2006\/04\/ce_ntait_pas_la.html\">limit\u00e9 les d\u00e9gats<\/a>&#8230; <\/p>\n<p><a href=\"http:\/\/clabedan.typepad.com\/.shared\/image.html?\/photos\/uncategorized\/_gih6457_3.jpg\"><img loading=\"lazy\" decoding=\"async\" height=\"377\" alt=\"_gih6457_3\" src=\"http:\/\/www.leblogmoto.com\/images\/_gih6457_3.jpg\" width=\"250\"  \/><\/a>Doutant de sa machine, inquiet, Valentino a commenc\u00e9 par faire une petite erreur en d\u00e9but de course qui l&rsquo;a oblig\u00e9 \u00e0 remonter tout le peloton. En fin de course, il \u00e9choue pourtant de tr\u00e8s peu \u00e0 la conqu\u00eate d&rsquo;un podium sur lequel <a href=\"http:\/\/www.leblogmoto.com\/2006\/04\/motogp_turquie_.html\">HAYDEN<\/a> monte sur la troisi\u00e8me marche. Si l<strong>&lsquo;Am\u00e9ricain s&rsquo;installe \u00e0 la t\u00eate du championnat<\/strong>, il esp\u00e9rait mieux que ce strapontin derri\u00e8re <strong>STONER<\/strong> et <strong>MELANDRI<\/strong>.<\/p>\n<p><a href=\"http:\/\/www.leblogmoto.com\/2006\/04\/motogp_turquie__1.html\">Les SUZ<\/a> ont fait illusion en d\u00e9but de course pour conna\u00eetre les oubliettes reserv\u00e9es aux clients BRIDGESTONE. <strong>VERMEULEN<\/strong> finit quand m\u00eame septi\u00e8me, <strong>Randy<\/strong> ouvre son score au championnat avec les point de la <strong>douzi\u00e8me<\/strong> place. Les <strong>DUCATI<\/strong> sont pass\u00e9es \u00e0 c\u00f4t\u00e9; un temps leader, <strong>GIBERNAU<\/strong> a gliss\u00e9 jusqu&rsquo;\u00e0 la onzi\u00e8me position, <strong>CAPIREX <\/strong>est sixi\u00e8me.<\/p>\n<p><strong>Au championnat<\/strong>,<strong> HAYDEN<\/strong> (52) prend les commandes pour un point devant <strong>CAPIROSSI<\/strong> (51). <strong>MELANDRI <\/strong>se relance (45), pr\u00e9cedant <strong>STONER<\/strong> (41) et <strong>ROSSI <\/strong>(40). <\/p>\n","protected":false},"excerpt":{"rendered":"<p>Il y avait remport\u00e9 son premier succ\u00e8s en MotoGP l&rsquo;an dernier, il s&rsquo;y relance cette ann\u00e9e au championnat par une victoire, Marco MELANDRI et le circuit d&rsquo;ISTANBUL ont une relation particuli\u00e8re. Une course qui a \u00e9t\u00e9 ind\u00e9cise jusqu&rsquo;au dernier tour, avec un STONER qui s&rsquo;affirme comme le meilleur rookie, plus constant, pour l&rsquo;instant qu&rsquo;un PEDROSA [&hellip;]<\/p>\n","protected":false},"author":336,"featured_media":0,"comment_status":"open","ping_status":"open","sticky":false,"template":"","format":"standard","meta":{"footnotes":""},"categories":[22,32],"tags":[],"class_list":["post-1878","post","type-post","status-publish","format-standard","hentry","category-motogp","category-sport-moto"],"yoast_head":"<!-- This site is optimized with the Yoast SEO plugin v26.0 - https:\/\/yoast.com\/wordpress\/plugins\/seo\/ -->\n<title>MotoGP TURQUIE: MELANDRI Grand Vizir - leblogmoto.com<\/title>\n<meta name=\"robots\" content=\"index, follow, max-snippet:-1, max-image-preview:large, max-video-preview:-1\" \/>\n<link rel=\"canonical\" href=\"https:\/\/blogs.thesocialmedia.com\/leblogmoto\/2006\/04\/30\/motogp-turquie-2\/\" \/>\n<meta name=\"twitter:card\" content=\"summary_large_image\" \/>\n<meta name=\"twitter:title\" content=\"MotoGP TURQUIE: MELANDRI Grand Vizir - leblogmoto.com\" \/>\n<meta name=\"twitter:description\" content=\"Il y avait remport\u00e9 son premier succ\u00e8s en MotoGP l&rsquo;an dernier, il s&rsquo;y relance cette ann\u00e9e au championnat par une victoire, Marco MELANDRI et le circuit d&rsquo;ISTANBUL ont une relation particuli\u00e8re. Une course qui a \u00e9t\u00e9 ind\u00e9cise jusqu&rsquo;au dernier tour, avec un STONER qui s&rsquo;affirme comme le meilleur rookie, plus constant, pour l&rsquo;instant qu&rsquo;un PEDROSA [&hellip;]\" \/>\n<meta name=\"twitter:image\" content=\"http:\/\/www.leblogmoto.com\/images\/_gih5701_3.jpg\" \/>\n<meta name=\"twitter:label1\" content=\"\u00c9crit par\" \/>\n\t<meta name=\"twitter:data1\" content=\"andre leconde\" \/>\n\t<meta name=\"twitter:label2\" content=\"Dur\u00e9e de lecture estim\u00e9e\" \/>\n\t<meta name=\"twitter:data2\" content=\"1 minute\" \/>\n<script type=\"application\/ld+json\" class=\"yoast-schema-graph\">{\"@context\":\"https:\/\/schema.org\",\"@graph\":[{\"@type\":\"WebPage\",\"@id\":\"https:\/\/blogs.thesocialmedia.com\/leblogmoto\/2006\/04\/30\/motogp-turquie-2\/\",\"url\":\"https:\/\/blogs.thesocialmedia.com\/leblogmoto\/2006\/04\/30\/motogp-turquie-2\/\",\"name\":\"MotoGP TURQUIE: MELANDRI Grand Vizir - leblogmoto.com\",\"isPartOf\":{\"@id\":\"https:\/\/blogs.thesocialmedia.com\/leblogmoto\/#website\"},\"primaryImageOfPage\":{\"@id\":\"https:\/\/blogs.thesocialmedia.com\/leblogmoto\/2006\/04\/30\/motogp-turquie-2\/#primaryimage\"},\"image\":{\"@id\":\"https:\/\/blogs.thesocialmedia.com\/leblogmoto\/2006\/04\/30\/motogp-turquie-2\/#primaryimage\"},\"thumbnailUrl\":\"http:\/\/www.leblogmoto.com\/images\/_gih5701_3.jpg\",\"datePublished\":\"2006-04-30T15:19:51+00:00\",\"dateModified\":\"2012-07-11T14:21:18+00:00\",\"author\":{\"@id\":\"https:\/\/blogs.thesocialmedia.com\/leblogmoto\/#\/schema\/person\/1a1dcfc7cec206573105eb4af91155c2\"},\"breadcrumb\":{\"@id\":\"https:\/\/blogs.thesocialmedia.com\/leblogmoto\/2006\/04\/30\/motogp-turquie-2\/#breadcrumb\"},\"inLanguage\":\"fr-FR\",\"potentialAction\":[{\"@type\":\"ReadAction\",\"target\":[\"https:\/\/blogs.thesocialmedia.com\/leblogmoto\/2006\/04\/30\/motogp-turquie-2\/\"]}]},{\"@type\":\"ImageObject\",\"inLanguage\":\"fr-FR\",\"@id\":\"https:\/\/blogs.thesocialmedia.com\/leblogmoto\/2006\/04\/30\/motogp-turquie-2\/#primaryimage\",\"url\":\"http:\/\/www.leblogmoto.com\/images\/_gih5701_3.jpg\",\"contentUrl\":\"http:\/\/www.leblogmoto.com\/images\/_gih5701_3.jpg\"},{\"@type\":\"BreadcrumbList\",\"@id\":\"https:\/\/blogs.thesocialmedia.com\/leblogmoto\/2006\/04\/30\/motogp-turquie-2\/#breadcrumb\",\"itemListElement\":[{\"@type\":\"ListItem\",\"position\":1,\"name\":\"Accueil\",\"item\":\"https:\/\/blogs.thesocialmedia.com\/leblogmoto\/\"},{\"@type\":\"ListItem\",\"position\":2,\"name\":\"MotoGP TURQUIE: MELANDRI Grand Vizir\"}]},{\"@type\":\"WebSite\",\"@id\":\"https:\/\/blogs.thesocialmedia.com\/leblogmoto\/#website\",\"url\":\"https:\/\/blogs.thesocialmedia.com\/leblogmoto\/\",\"name\":\"leblogmoto\",\"description\":\"Toute l&#039;actualit\u00e9 des 2 roues\",\"potentialAction\":[{\"@type\":\"SearchAction\",\"target\":{\"@type\":\"EntryPoint\",\"urlTemplate\":\"https:\/\/blogs.thesocialmedia.com\/leblogmoto\/?s={search_term_string}\"},\"query-input\":{\"@type\":\"PropertyValueSpecification\",\"valueRequired\":true,\"valueName\":\"search_term_string\"}}],\"inLanguage\":\"fr-FR\"},{\"@type\":\"Person\",\"@id\":\"https:\/\/blogs.thesocialmedia.com\/leblogmoto\/#\/schema\/person\/1a1dcfc7cec206573105eb4af91155c2\",\"name\":\"andre leconde\",\"image\":{\"@type\":\"ImageObject\",\"inLanguage\":\"fr-FR\",\"@id\":\"https:\/\/blogs.thesocialmedia.com\/leblogmoto\/#\/schema\/person\/image\/\",\"url\":\"https:\/\/secure.gravatar.com\/avatar\/?s=96&d=mm&r=g\",\"contentUrl\":\"https:\/\/secure.gravatar.com\/avatar\/?s=96&d=mm&r=g\",\"caption\":\"andre leconde\"},\"url\":\"https:\/\/blogs.thesocialmedia.com\/leblogmoto\/author\/andre-leconde\/\"}]}<\/script>\n<!-- \/ Yoast SEO plugin. -->","yoast_head_json":{"title":"MotoGP TURQUIE: MELANDRI Grand Vizir - leblogmoto.com","robots":{"index":"index","follow":"follow","max-snippet":"max-snippet:-1","max-image-preview":"max-image-preview:large","max-video-preview":"max-video-preview:-1"},"canonical":"https:\/\/blogs.thesocialmedia.com\/leblogmoto\/2006\/04\/30\/motogp-turquie-2\/","twitter_card":"summary_large_image","twitter_title":"MotoGP TURQUIE: MELANDRI Grand Vizir - leblogmoto.com","twitter_description":"Il y avait remport\u00e9 son premier succ\u00e8s en MotoGP l&rsquo;an dernier, il s&rsquo;y relance cette ann\u00e9e au championnat par une victoire, Marco MELANDRI et le circuit d&rsquo;ISTANBUL ont une relation particuli\u00e8re. Une course qui a \u00e9t\u00e9 ind\u00e9cise jusqu&rsquo;au dernier tour, avec un STONER qui s&rsquo;affirme comme le meilleur rookie, plus constant, pour l&rsquo;instant qu&rsquo;un PEDROSA [&hellip;]","twitter_image":"http:\/\/www.leblogmoto.com\/images\/_gih5701_3.jpg","twitter_misc":{"\u00c9crit par":"andre leconde","Dur\u00e9e de lecture estim\u00e9e":"1 minute"},"schema":{"@context":"https:\/\/schema.org","@graph":[{"@type":"WebPage","@id":"https:\/\/blogs.thesocialmedia.com\/leblogmoto\/2006\/04\/30\/motogp-turquie-2\/","url":"https:\/\/blogs.thesocialmedia.com\/leblogmoto\/2006\/04\/30\/motogp-turquie-2\/","name":"MotoGP TURQUIE: MELANDRI Grand Vizir - leblogmoto.com","isPartOf":{"@id":"https:\/\/blogs.thesocialmedia.com\/leblogmoto\/#website"},"primaryImageOfPage":{"@id":"https:\/\/blogs.thesocialmedia.com\/leblogmoto\/2006\/04\/30\/motogp-turquie-2\/#primaryimage"},"image":{"@id":"https:\/\/blogs.thesocialmedia.com\/leblogmoto\/2006\/04\/30\/motogp-turquie-2\/#primaryimage"},"thumbnailUrl":"http:\/\/www.leblogmoto.com\/images\/_gih5701_3.jpg","datePublished":"2006-04-30T15:19:51+00:00","dateModified":"2012-07-11T14:21:18+00:00","author":{"@id":"https:\/\/blogs.thesocialmedia.com\/leblogmoto\/#\/schema\/person\/1a1dcfc7cec206573105eb4af91155c2"},"breadcrumb":{"@id":"https:\/\/blogs.thesocialmedia.com\/leblogmoto\/2006\/04\/30\/motogp-turquie-2\/#breadcrumb"},"inLanguage":"fr-FR","potentialAction":[{"@type":"ReadAction","target":["https:\/\/blogs.thesocialmedia.com\/leblogmoto\/2006\/04\/30\/motogp-turquie-2\/"]}]},{"@type":"ImageObject","inLanguage":"fr-FR","@id":"https:\/\/blogs.thesocialmedia.com\/leblogmoto\/2006\/04\/30\/motogp-turquie-2\/#primaryimage","url":"http:\/\/www.leblogmoto.com\/images\/_gih5701_3.jpg","contentUrl":"http:\/\/www.leblogmoto.com\/images\/_gih5701_3.jpg"},{"@type":"BreadcrumbList","@id":"https:\/\/blogs.thesocialmedia.com\/leblogmoto\/2006\/04\/30\/motogp-turquie-2\/#breadcrumb","itemListElement":[{"@type":"ListItem","position":1,"name":"Accueil","item":"https:\/\/blogs.thesocialmedia.com\/leblogmoto\/"},{"@type":"ListItem","position":2,"name":"MotoGP TURQUIE: MELANDRI Grand Vizir"}]},{"@type":"WebSite","@id":"https:\/\/blogs.thesocialmedia.com\/leblogmoto\/#website","url":"https:\/\/blogs.thesocialmedia.com\/leblogmoto\/","name":"leblogmoto","description":"Toute l&#039;actualit\u00e9 des 2 roues","potentialAction":[{"@type":"SearchAction","target":{"@type":"EntryPoint","urlTemplate":"https:\/\/blogs.thesocialmedia.com\/leblogmoto\/?s={search_term_string}"},"query-input":{"@type":"PropertyValueSpecification","valueRequired":true,"valueName":"search_term_string"}}],"inLanguage":"fr-FR"},{"@type":"Person","@id":"https:\/\/blogs.thesocialmedia.com\/leblogmoto\/#\/schema\/person\/1a1dcfc7cec206573105eb4af91155c2","name":"andre leconde","image":{"@type":"ImageObject","inLanguage":"fr-FR","@id":"https:\/\/blogs.thesocialmedia.com\/leblogmoto\/#\/schema\/person\/image\/","url":"https:\/\/secure.gravatar.com\/avatar\/?s=96&d=mm&r=g","contentUrl":"https:\/\/secure.gravatar.com\/avatar\/?s=96&d=mm&r=g","caption":"andre leconde"},"url":"https:\/\/blogs.thesocialmedia.com\/leblogmoto\/author\/andre-leconde\/"}]}},"_links":{"self":[{"href":"https:\/\/blogs.thesocialmedia.com\/leblogmoto\/wp-json\/wp\/v2\/posts\/1878","targetHints":{"allow":["GET"]}}],"collection":[{"href":"https:\/\/blogs.thesocialmedia.com\/leblogmoto\/wp-json\/wp\/v2\/posts"}],"about":[{"href":"https:\/\/blogs.thesocialmedia.com\/leblogmoto\/wp-json\/wp\/v2\/types\/post"}],"author":[{"embeddable":true,"href":"https:\/\/blogs.thesocialmedia.com\/leblogmoto\/wp-json\/wp\/v2\/users\/336"}],"replies":[{"embeddable":true,"href":"https:\/\/blogs.thesocialmedia.com\/leblogmoto\/wp-json\/wp\/v2\/comments?post=1878"}],"version-history":[{"count":2,"href":"https:\/\/blogs.thesocialmedia.com\/leblogmoto\/wp-json\/wp\/v2\/posts\/1878\/revisions"}],"predecessor-version":[{"id":7398,"href":"https:\/\/blogs.thesocialmedia.com\/leblogmoto\/wp-json\/wp\/v2\/posts\/1878\/revisions\/7398"}],"wp:attachment":[{"href":"https:\/\/blogs.thesocialmedia.com\/leblogmoto\/wp-json\/wp\/v2\/media?parent=1878"}],"wp:term":[{"taxonomy":"category","embeddable":true,"href":"https:\/\/blogs.thesocialmedia.com\/leblogmoto\/wp-json\/wp\/v2\/categories?post=1878"},{"taxonomy":"post_tag","embeddable":true,"href":"https:\/\/blogs.thesocialmedia.com\/leblogmoto\/wp-json\/wp\/v2\/tags?post=1878"}],"curies":[{"name":"wp","href":"https:\/\/api.w.org\/{rel}","templated":true}]}}