{"id":1879,"date":"2006-04-30T13:30:10","date_gmt":"2006-04-30T13:30:10","guid":{"rendered":"http:\/\/blogs.thesocialmedia.com\/leblogmoto\/2006\/04\/30\/250-turquie-ktm\/"},"modified":"2012-07-11T14:21:16","modified_gmt":"2012-07-11T14:21:16","slug":"250-turquie-ktm","status":"publish","type":"post","link":"https:\/\/blogs.thesocialmedia.com\/leblogmoto\/2006\/04\/30\/250-turquie-ktm\/","title":{"rendered":"250 TURQUIE: KTM premi\u00e8re"},"content":{"rendered":"<p><a href=\"http:\/\/blogs.thesocialmedia.com\/leblogmoto\/files\/2012\/07\/aoyama1_instanbul.jpg\"><img loading=\"lazy\" decoding=\"async\" height=\"166\" alt=\"Aoyama1_instanbul\" src=\"http:\/\/www.leblogmoto.com\/images\/aoyama1_instanbul.jpg\" width=\"250\"  \/><\/a>Une course \u00e9cheuvel\u00e9e que cette \u00e9preuve <strong>250 <\/strong>sur le circuit d&rsquo;ISTANBUL. <a href=\"http:\/\/www.leblogmoto.com\/2006\/04\/125250_turquie_.html\">Le chat LORENZO<\/a> sorti d\u00e8s le d\u00e9part par le cadet des <strong>AOYAMA<\/strong>, les souris ont dans\u00e9 une gigue endiabl\u00e9e qui aurait pu tr\u00e8s mal finir.<\/p>\n<p>Aux intimidations viriles, aux droits d&rsquo;auteur \u00e0 attribuer essentiellement \u00e0 <strong>BARBERA<\/strong>, trublion du groupe LOCATELLI, DOVIZIOSO, DE ANGELIS, l&rsquo;a\u00een\u00e9 des AOYAMA et TAKAHASHI, s&rsquo;est ajout\u00e9 un effroyable accrochage au dernier tour, dans une portion tr\u00e8s rapide qui aurait pu \u00eatre fatal, au sens propre, \u00e0 <strong>DE ANGELIS<\/strong>. Mais l&rsquo;Italien a une \u00e9toile qui veille et il est rest\u00e9 miraculeusement sur ses roues. Pendant ce temps, AOYAMA filait vers la victoire&#8230;&nbsp; &nbsp;<\/p>\n<p><a href=\"http:\/\/clabedan.typepad.com\/.shared\/image.html?\/photos\/uncategorized\/guintoli_web_1.jpg\"><img loading=\"lazy\" decoding=\"async\" height=\"182\" alt=\"Guintoli_web_1\" src=\"http:\/\/www.leblogmoto.com\/images\/guintoli_web_1.jpg\" width=\"250\"  \/><\/a><a href=\"http:\/\/www.leblogmoto.com\/2006\/04\/125_turquie_fau.html\">&nbsp; KTM se venge<\/a> donc de sa prestation en <strong>125<\/strong>. Un AOYAMA sort LORENZO, un autre gagne et recolle \u00e0 la trois\u00e8me position du championnat. Un championnat que prend en compte DOVIZIOSO avec sa HONDA pour <strong>deux points<\/strong> devant un LORENZO qui tournait, sur le sec, une seconde plus vite que les autres. Jorge, du genre pas vraiment calme, doit \u00eatre encore plus en rage qu&rsquo;\u00e0 l&rsquo;habitude&#8230;<\/p>\n<p><strong>GUINTOLI <\/strong>termine <strong>sixi\u00e8me <\/strong>en n&rsquo;ayant pas r\u00e9ussi \u00e0 suivre le clan des furieux. <strong>VINCENT<\/strong> a abandonn\u00e9, <strong>CLUZEL<\/strong> est \u00e0 la porte des points, seizi\u00e8me, une porte ferm\u00e9e par <strong>POGGIALI <\/strong>sur la m\u00eame KTM que le vainqueur. Il est des comparaisons douloureuses&#8230;<\/p>\n<p><strong>Podium<\/strong>: AOYAMA &#8211; BARBERA &#8211; DOVIZIOZO<\/p>\n<p><strong><em><u>Championnat<\/u><\/em><\/strong>: DOVIZIOZO 52 &#8211; LORENZO 50 &#8211; AOYAMA 46 &#8211; BARBERA 44 &#8211; LOCATELLI 38 <\/p>\n","protected":false},"excerpt":{"rendered":"<p>Une course \u00e9cheuvel\u00e9e que cette \u00e9preuve 250 sur le circuit d&rsquo;ISTANBUL. Le chat LORENZO sorti d\u00e8s le d\u00e9part par le cadet des AOYAMA, les souris ont dans\u00e9 une gigue endiabl\u00e9e qui aurait pu tr\u00e8s mal finir. Aux intimidations viriles, aux droits d&rsquo;auteur \u00e0 attribuer essentiellement \u00e0 BARBERA, trublion du groupe LOCATELLI, DOVIZIOSO, DE ANGELIS, l&rsquo;a\u00een\u00e9 [&hellip;]<\/p>\n","protected":false},"author":336,"featured_media":0,"comment_status":"open","ping_status":"open","sticky":false,"template":"","format":"standard","meta":{"footnotes":""},"categories":[22,32],"tags":[],"class_list":["post-1879","post","type-post","status-publish","format-standard","hentry","category-motogp","category-sport-moto"],"yoast_head":"<!-- This site is optimized with the Yoast SEO plugin v26.0 - https:\/\/yoast.com\/wordpress\/plugins\/seo\/ -->\n<title>250 TURQUIE: KTM premi\u00e8re - leblogmoto.com<\/title>\n<meta name=\"robots\" content=\"index, follow, max-snippet:-1, max-image-preview:large, max-video-preview:-1\" \/>\n<link rel=\"canonical\" href=\"https:\/\/blogs.thesocialmedia.com\/leblogmoto\/2006\/04\/30\/250-turquie-ktm\/\" \/>\n<meta name=\"twitter:card\" content=\"summary_large_image\" \/>\n<meta name=\"twitter:title\" content=\"250 TURQUIE: KTM premi\u00e8re - leblogmoto.com\" \/>\n<meta name=\"twitter:description\" content=\"Une course \u00e9cheuvel\u00e9e que cette \u00e9preuve 250 sur le circuit d&rsquo;ISTANBUL. Le chat LORENZO sorti d\u00e8s le d\u00e9part par le cadet des AOYAMA, les souris ont dans\u00e9 une gigue endiabl\u00e9e qui aurait pu tr\u00e8s mal finir. Aux intimidations viriles, aux droits d&rsquo;auteur \u00e0 attribuer essentiellement \u00e0 BARBERA, trublion du groupe LOCATELLI, DOVIZIOSO, DE ANGELIS, l&rsquo;a\u00een\u00e9 [&hellip;]\" \/>\n<meta name=\"twitter:image\" content=\"http:\/\/www.leblogmoto.com\/images\/aoyama1_instanbul.jpg\" \/>\n<meta name=\"twitter:label1\" content=\"\u00c9crit par\" \/>\n\t<meta name=\"twitter:data1\" content=\"andre leconde\" \/>\n\t<meta name=\"twitter:label2\" content=\"Dur\u00e9e de lecture estim\u00e9e\" \/>\n\t<meta name=\"twitter:data2\" content=\"1 minute\" \/>\n<script type=\"application\/ld+json\" class=\"yoast-schema-graph\">{\"@context\":\"https:\/\/schema.org\",\"@graph\":[{\"@type\":\"WebPage\",\"@id\":\"https:\/\/blogs.thesocialmedia.com\/leblogmoto\/2006\/04\/30\/250-turquie-ktm\/\",\"url\":\"https:\/\/blogs.thesocialmedia.com\/leblogmoto\/2006\/04\/30\/250-turquie-ktm\/\",\"name\":\"250 TURQUIE: KTM premi\u00e8re - leblogmoto.com\",\"isPartOf\":{\"@id\":\"https:\/\/blogs.thesocialmedia.com\/leblogmoto\/#website\"},\"primaryImageOfPage\":{\"@id\":\"https:\/\/blogs.thesocialmedia.com\/leblogmoto\/2006\/04\/30\/250-turquie-ktm\/#primaryimage\"},\"image\":{\"@id\":\"https:\/\/blogs.thesocialmedia.com\/leblogmoto\/2006\/04\/30\/250-turquie-ktm\/#primaryimage\"},\"thumbnailUrl\":\"http:\/\/www.leblogmoto.com\/images\/aoyama1_instanbul.jpg\",\"datePublished\":\"2006-04-30T13:30:10+00:00\",\"dateModified\":\"2012-07-11T14:21:16+00:00\",\"author\":{\"@id\":\"https:\/\/blogs.thesocialmedia.com\/leblogmoto\/#\/schema\/person\/1a1dcfc7cec206573105eb4af91155c2\"},\"breadcrumb\":{\"@id\":\"https:\/\/blogs.thesocialmedia.com\/leblogmoto\/2006\/04\/30\/250-turquie-ktm\/#breadcrumb\"},\"inLanguage\":\"fr-FR\",\"potentialAction\":[{\"@type\":\"ReadAction\",\"target\":[\"https:\/\/blogs.thesocialmedia.com\/leblogmoto\/2006\/04\/30\/250-turquie-ktm\/\"]}]},{\"@type\":\"ImageObject\",\"inLanguage\":\"fr-FR\",\"@id\":\"https:\/\/blogs.thesocialmedia.com\/leblogmoto\/2006\/04\/30\/250-turquie-ktm\/#primaryimage\",\"url\":\"http:\/\/www.leblogmoto.com\/images\/aoyama1_instanbul.jpg\",\"contentUrl\":\"http:\/\/www.leblogmoto.com\/images\/aoyama1_instanbul.jpg\"},{\"@type\":\"BreadcrumbList\",\"@id\":\"https:\/\/blogs.thesocialmedia.com\/leblogmoto\/2006\/04\/30\/250-turquie-ktm\/#breadcrumb\",\"itemListElement\":[{\"@type\":\"ListItem\",\"position\":1,\"name\":\"Accueil\",\"item\":\"https:\/\/blogs.thesocialmedia.com\/leblogmoto\/\"},{\"@type\":\"ListItem\",\"position\":2,\"name\":\"250 TURQUIE: KTM premi\u00e8re\"}]},{\"@type\":\"WebSite\",\"@id\":\"https:\/\/blogs.thesocialmedia.com\/leblogmoto\/#website\",\"url\":\"https:\/\/blogs.thesocialmedia.com\/leblogmoto\/\",\"name\":\"leblogmoto\",\"description\":\"Toute l&#039;actualit\u00e9 des 2 roues\",\"potentialAction\":[{\"@type\":\"SearchAction\",\"target\":{\"@type\":\"EntryPoint\",\"urlTemplate\":\"https:\/\/blogs.thesocialmedia.com\/leblogmoto\/?s={search_term_string}\"},\"query-input\":{\"@type\":\"PropertyValueSpecification\",\"valueRequired\":true,\"valueName\":\"search_term_string\"}}],\"inLanguage\":\"fr-FR\"},{\"@type\":\"Person\",\"@id\":\"https:\/\/blogs.thesocialmedia.com\/leblogmoto\/#\/schema\/person\/1a1dcfc7cec206573105eb4af91155c2\",\"name\":\"andre leconde\",\"image\":{\"@type\":\"ImageObject\",\"inLanguage\":\"fr-FR\",\"@id\":\"https:\/\/blogs.thesocialmedia.com\/leblogmoto\/#\/schema\/person\/image\/\",\"url\":\"https:\/\/secure.gravatar.com\/avatar\/?s=96&d=mm&r=g\",\"contentUrl\":\"https:\/\/secure.gravatar.com\/avatar\/?s=96&d=mm&r=g\",\"caption\":\"andre leconde\"},\"url\":\"https:\/\/blogs.thesocialmedia.com\/leblogmoto\/author\/andre-leconde\/\"}]}<\/script>\n<!-- \/ Yoast SEO plugin. -->","yoast_head_json":{"title":"250 TURQUIE: KTM premi\u00e8re - leblogmoto.com","robots":{"index":"index","follow":"follow","max-snippet":"max-snippet:-1","max-image-preview":"max-image-preview:large","max-video-preview":"max-video-preview:-1"},"canonical":"https:\/\/blogs.thesocialmedia.com\/leblogmoto\/2006\/04\/30\/250-turquie-ktm\/","twitter_card":"summary_large_image","twitter_title":"250 TURQUIE: KTM premi\u00e8re - leblogmoto.com","twitter_description":"Une course \u00e9cheuvel\u00e9e que cette \u00e9preuve 250 sur le circuit d&rsquo;ISTANBUL. Le chat LORENZO sorti d\u00e8s le d\u00e9part par le cadet des AOYAMA, les souris ont dans\u00e9 une gigue endiabl\u00e9e qui aurait pu tr\u00e8s mal finir. Aux intimidations viriles, aux droits d&rsquo;auteur \u00e0 attribuer essentiellement \u00e0 BARBERA, trublion du groupe LOCATELLI, DOVIZIOSO, DE ANGELIS, l&rsquo;a\u00een\u00e9 [&hellip;]","twitter_image":"http:\/\/www.leblogmoto.com\/images\/aoyama1_instanbul.jpg","twitter_misc":{"\u00c9crit par":"andre leconde","Dur\u00e9e de lecture estim\u00e9e":"1 minute"},"schema":{"@context":"https:\/\/schema.org","@graph":[{"@type":"WebPage","@id":"https:\/\/blogs.thesocialmedia.com\/leblogmoto\/2006\/04\/30\/250-turquie-ktm\/","url":"https:\/\/blogs.thesocialmedia.com\/leblogmoto\/2006\/04\/30\/250-turquie-ktm\/","name":"250 TURQUIE: KTM premi\u00e8re - leblogmoto.com","isPartOf":{"@id":"https:\/\/blogs.thesocialmedia.com\/leblogmoto\/#website"},"primaryImageOfPage":{"@id":"https:\/\/blogs.thesocialmedia.com\/leblogmoto\/2006\/04\/30\/250-turquie-ktm\/#primaryimage"},"image":{"@id":"https:\/\/blogs.thesocialmedia.com\/leblogmoto\/2006\/04\/30\/250-turquie-ktm\/#primaryimage"},"thumbnailUrl":"http:\/\/www.leblogmoto.com\/images\/aoyama1_instanbul.jpg","datePublished":"2006-04-30T13:30:10+00:00","dateModified":"2012-07-11T14:21:16+00:00","author":{"@id":"https:\/\/blogs.thesocialmedia.com\/leblogmoto\/#\/schema\/person\/1a1dcfc7cec206573105eb4af91155c2"},"breadcrumb":{"@id":"https:\/\/blogs.thesocialmedia.com\/leblogmoto\/2006\/04\/30\/250-turquie-ktm\/#breadcrumb"},"inLanguage":"fr-FR","potentialAction":[{"@type":"ReadAction","target":["https:\/\/blogs.thesocialmedia.com\/leblogmoto\/2006\/04\/30\/250-turquie-ktm\/"]}]},{"@type":"ImageObject","inLanguage":"fr-FR","@id":"https:\/\/blogs.thesocialmedia.com\/leblogmoto\/2006\/04\/30\/250-turquie-ktm\/#primaryimage","url":"http:\/\/www.leblogmoto.com\/images\/aoyama1_instanbul.jpg","contentUrl":"http:\/\/www.leblogmoto.com\/images\/aoyama1_instanbul.jpg"},{"@type":"BreadcrumbList","@id":"https:\/\/blogs.thesocialmedia.com\/leblogmoto\/2006\/04\/30\/250-turquie-ktm\/#breadcrumb","itemListElement":[{"@type":"ListItem","position":1,"name":"Accueil","item":"https:\/\/blogs.thesocialmedia.com\/leblogmoto\/"},{"@type":"ListItem","position":2,"name":"250 TURQUIE: KTM premi\u00e8re"}]},{"@type":"WebSite","@id":"https:\/\/blogs.thesocialmedia.com\/leblogmoto\/#website","url":"https:\/\/blogs.thesocialmedia.com\/leblogmoto\/","name":"leblogmoto","description":"Toute l&#039;actualit\u00e9 des 2 roues","potentialAction":[{"@type":"SearchAction","target":{"@type":"EntryPoint","urlTemplate":"https:\/\/blogs.thesocialmedia.com\/leblogmoto\/?s={search_term_string}"},"query-input":{"@type":"PropertyValueSpecification","valueRequired":true,"valueName":"search_term_string"}}],"inLanguage":"fr-FR"},{"@type":"Person","@id":"https:\/\/blogs.thesocialmedia.com\/leblogmoto\/#\/schema\/person\/1a1dcfc7cec206573105eb4af91155c2","name":"andre leconde","image":{"@type":"ImageObject","inLanguage":"fr-FR","@id":"https:\/\/blogs.thesocialmedia.com\/leblogmoto\/#\/schema\/person\/image\/","url":"https:\/\/secure.gravatar.com\/avatar\/?s=96&d=mm&r=g","contentUrl":"https:\/\/secure.gravatar.com\/avatar\/?s=96&d=mm&r=g","caption":"andre leconde"},"url":"https:\/\/blogs.thesocialmedia.com\/leblogmoto\/author\/andre-leconde\/"}]}},"_links":{"self":[{"href":"https:\/\/blogs.thesocialmedia.com\/leblogmoto\/wp-json\/wp\/v2\/posts\/1879","targetHints":{"allow":["GET"]}}],"collection":[{"href":"https:\/\/blogs.thesocialmedia.com\/leblogmoto\/wp-json\/wp\/v2\/posts"}],"about":[{"href":"https:\/\/blogs.thesocialmedia.com\/leblogmoto\/wp-json\/wp\/v2\/types\/post"}],"author":[{"embeddable":true,"href":"https:\/\/blogs.thesocialmedia.com\/leblogmoto\/wp-json\/wp\/v2\/users\/336"}],"replies":[{"embeddable":true,"href":"https:\/\/blogs.thesocialmedia.com\/leblogmoto\/wp-json\/wp\/v2\/comments?post=1879"}],"version-history":[{"count":2,"href":"https:\/\/blogs.thesocialmedia.com\/leblogmoto\/wp-json\/wp\/v2\/posts\/1879\/revisions"}],"predecessor-version":[{"id":7396,"href":"https:\/\/blogs.thesocialmedia.com\/leblogmoto\/wp-json\/wp\/v2\/posts\/1879\/revisions\/7396"}],"wp:attachment":[{"href":"https:\/\/blogs.thesocialmedia.com\/leblogmoto\/wp-json\/wp\/v2\/media?parent=1879"}],"wp:term":[{"taxonomy":"category","embeddable":true,"href":"https:\/\/blogs.thesocialmedia.com\/leblogmoto\/wp-json\/wp\/v2\/categories?post=1879"},{"taxonomy":"post_tag","embeddable":true,"href":"https:\/\/blogs.thesocialmedia.com\/leblogmoto\/wp-json\/wp\/v2\/tags?post=1879"}],"curies":[{"name":"wp","href":"https:\/\/api.w.org\/{rel}","templated":true}]}}