{"id":188,"date":"2009-04-07T04:24:28","date_gmt":"2009-04-07T04:24:28","guid":{"rendered":"http:\/\/blogs.thesocialmedia.com\/leblogmoto\/2009\/04\/07\/ama-superbike-le-plein-de-victoires-pour-suzuki\/"},"modified":"2012-07-11T17:17:53","modified_gmt":"2012-07-11T17:17:53","slug":"ama-superbike-le-plein-de-victoires-pour-suzuki","status":"publish","type":"post","link":"https:\/\/blogs.thesocialmedia.com\/leblogmoto\/2009\/04\/07\/ama-superbike-le-plein-de-victoires-pour-suzuki\/","title":{"rendered":"AMA Superbike &#8211; Le plein de victoires pour Suzuki"},"content":{"rendered":"<p><a href=\"http:\/\/blogs.thesocialmedia.com\/leblogmoto\/files\/2012\/07\/6a00d83451b18369e201156ff735d6970b-popup.png\"><img decoding=\"async\" alt=\"Ama1\" class=\"at-xid-6a00d83451b18369e201156ff735d6970b \" src=\"http:\/\/blogs.thesocialmedia.com\/leblogmoto\/files\/2012\/07\/6a00d83451b18369e201156ff735d6970b-500wi.jpg\" style=\"width: 470px\" \/><\/a> <\/p>\n<p>Mat Mladin s\u2019est inscrit une fois de plus dans le livre des records le week-end dernier sur le circuit de Road Atlanta, en signant les 50 et 51es victoires cons\u00e9cutives de l\u2019\u00e9quipe <a href=\"http:\/\/www.suzukicycles.com\/Racing\/Road%20Racing\/TeamSuzuki.aspx\">Rockstar\/Makita Yoshimura<\/a> Suzuki en AMA Superbike.<\/p>\n<p> Cette s\u00e9quence victorieuse, qui ne semble pas vouloir se tarir et qui ne risque pas d\u2019\u00eatre \u00e9gal\u00e9e et battue avant un bon bout de temps, a d\u00e9but\u00e9 le 22 juillet 2006 \u00e0 Laguna Seca par une victoire de Ben Spies.<br \/>Cela est d\u2019autant plus remarquable que seuls deux pilotes ont sign\u00e9 ces victoires, d\u00e9montrant une comp\u00e9titivit\u00e9 et une endurance peu commune de la part des machines pr\u00e9par\u00e9es par l\u2019\u00e9quipe Suzuki de Yoshimura, mais aussi des performances sans failles des pilotes, car pour gagner, il faut demeurer aux avants poste, et surtout rester sur la piste (d&#039;ailleurs, la sortie de piste de Spies \u00e0 Valence, sans possibilit\u00e9s de repartir, \u00e9tait sa premi\u00e8re depuis qu\u2019il court en Superbike).<br \/>Et comme si l\u2019exploit de Mladin n\u2019\u00e9tait pas suffisant, sa GSX-R1000 2008 avec laquelle il a sign\u00e9 les victoires du week-end dernier, est une machine invaincue, ayant donc gagn\u00e9 toutes ses courses.<br \/>La derni\u00e8re fut sans aucun doute la plus p\u00e9rilleuse, puisque Mladin s\u2019est sorti de piste lors de la pratique dominicale, endommageant sa Suzuki. Heureusement, seul le car\u00e9nage a souffert, et c\u2019est donc avec une robe rapi\u00e9c\u00e9e que la GSX-R100 a pu remporter sa derni\u00e8re victoire, les machines 2009 faisant leurs apparitions lors de la prochaine manche sur le circuit de Barber Motorsports Park \u00e0 Birmingham en Alabama.<br \/>Mat Mladin poss\u00e8de \u00e0 ce stade-ci de la saison une avance de 29 points sur son (oh! surprise) co\u00e9quipier Tommy Hayden avec un total de 126 pour 97 \u00e0 Hayden.<br \/>Un autre pilote Suzuki, Geoff May de l\u2019\u00e9quipe <a href=\"http:\/\/www.23race.com\/may.html\">National Guard\/Jordan<\/a> est troisi\u00e8me avec 71 points.<\/p>\n<p><em>Photos Brian J. Nelson &amp; Mo Murray<\/em><br \/><a href=\"http:\/\/clabedan.typepad.com\/.a\/6a00d83451b18369e201156f00251e970c-popup\"><img decoding=\"async\" alt=\"Ama2\" class=\"at-xid-6a00d83451b18369e201156f00251e970c \" src=\"http:\/\/blogs.thesocialmedia.com\/leblogmoto\/files\/2012\/07\/6a00d83451b18369e201156f00251e970c-500wi.jpg\" style=\"width: 470px\" \/><\/a> <\/p>\n<p><a href=\"http:\/\/blogs.thesocialmedia.com\/leblogmoto\/files\/2012\/07\/6a00d83451b18369e201156f00240f970c-popup.png\"><img decoding=\"async\" alt=\"Ama3\" class=\"at-xid-6a00d83451b18369e201156f00240f970c \" src=\"http:\/\/blogs.thesocialmedia.com\/leblogmoto\/files\/2012\/07\/6a00d83451b18369e201156f00240f970c-500wi.jpg\" style=\"width: 470px\" \/><\/a> <\/p>\n<p><a href=\"http:\/\/blogs.thesocialmedia.com\/leblogmoto\/files\/2012\/07\/6a00d83451b18369e201156f002305970c-popup.png\"><img decoding=\"async\" alt=\"Ama4\" class=\"at-xid-6a00d83451b18369e201156f002305970c \" src=\"http:\/\/blogs.thesocialmedia.com\/leblogmoto\/files\/2012\/07\/6a00d83451b18369e201156f002305970c-500wi.jpg\" style=\"width: 470px\" \/><\/a> <\/p>\n<p><a href=\"http:\/\/blogs.thesocialmedia.com\/leblogmoto\/files\/2012\/07\/6a00d83451b18369e201156f00223a970c-popup.png\"><img decoding=\"async\" alt=\"Ama5\" class=\"at-xid-6a00d83451b18369e201156f00223a970c \" src=\"http:\/\/blogs.thesocialmedia.com\/leblogmoto\/files\/2012\/07\/6a00d83451b18369e201156f00223a970c-500wi.jpg\" style=\"width: 470px\" \/><\/a> <\/p>\n","protected":false},"excerpt":{"rendered":"<p>Mat Mladin s\u2019est inscrit une fois de plus dans le livre des records le week-end dernier sur le circuit de Road Atlanta, en signant les 50 et 51es victoires cons\u00e9cutives de l\u2019\u00e9quipe Rockstar\/Makita Yoshimura Suzuki en AMA Superbike. Cette s\u00e9quence victorieuse, qui ne semble pas vouloir se tarir et qui ne risque pas d\u2019\u00eatre \u00e9gal\u00e9e [&hellip;]<\/p>\n","protected":false},"author":325,"featured_media":13197,"comment_status":"open","ping_status":"open","sticky":false,"template":"","format":"standard","meta":{"footnotes":""},"categories":[74,51],"tags":[],"class_list":["post-188","post","type-post","status-publish","format-standard","has-post-thumbnail","hentry","category-ama-superbike","category-suzuki"],"yoast_head":"<!-- This site is optimized with the Yoast SEO plugin v26.0 - https:\/\/yoast.com\/wordpress\/plugins\/seo\/ -->\n<title>AMA Superbike - Le plein de victoires pour Suzuki - leblogmoto.com<\/title>\n<meta name=\"robots\" content=\"index, follow, max-snippet:-1, max-image-preview:large, max-video-preview:-1\" \/>\n<link rel=\"canonical\" href=\"https:\/\/blogs.thesocialmedia.com\/leblogmoto\/2009\/04\/07\/ama-superbike-le-plein-de-victoires-pour-suzuki\/\" \/>\n<meta name=\"twitter:card\" content=\"summary_large_image\" \/>\n<meta name=\"twitter:title\" content=\"AMA Superbike - Le plein de victoires pour Suzuki - leblogmoto.com\" \/>\n<meta name=\"twitter:description\" content=\"Mat Mladin s\u2019est inscrit une fois de plus dans le livre des records le week-end dernier sur le circuit de Road Atlanta, en signant les 50 et 51es victoires cons\u00e9cutives de l\u2019\u00e9quipe Rockstar\/Makita Yoshimura Suzuki en AMA Superbike. Cette s\u00e9quence victorieuse, qui ne semble pas vouloir se tarir et qui ne risque pas d\u2019\u00eatre \u00e9gal\u00e9e [&hellip;]\" \/>\n<meta name=\"twitter:image\" content=\"https:\/\/blogs.thesocialmedia.com\/leblogmoto\/files\/2012\/07\/6a00d83451b18369e201156ff735d6970b-500wi.jpg\" \/>\n<meta name=\"twitter:label1\" content=\"\u00c9crit par\" \/>\n\t<meta name=\"twitter:data1\" content=\"jacques lesage\" \/>\n\t<meta name=\"twitter:label2\" content=\"Dur\u00e9e de lecture estim\u00e9e\" \/>\n\t<meta name=\"twitter:data2\" content=\"2 minutes\" \/>\n<script type=\"application\/ld+json\" class=\"yoast-schema-graph\">{\"@context\":\"https:\/\/schema.org\",\"@graph\":[{\"@type\":\"WebPage\",\"@id\":\"https:\/\/blogs.thesocialmedia.com\/leblogmoto\/2009\/04\/07\/ama-superbike-le-plein-de-victoires-pour-suzuki\/\",\"url\":\"https:\/\/blogs.thesocialmedia.com\/leblogmoto\/2009\/04\/07\/ama-superbike-le-plein-de-victoires-pour-suzuki\/\",\"name\":\"AMA Superbike - Le plein de victoires pour Suzuki - leblogmoto.com\",\"isPartOf\":{\"@id\":\"https:\/\/blogs.thesocialmedia.com\/leblogmoto\/#website\"},\"primaryImageOfPage\":{\"@id\":\"https:\/\/blogs.thesocialmedia.com\/leblogmoto\/2009\/04\/07\/ama-superbike-le-plein-de-victoires-pour-suzuki\/#primaryimage\"},\"image\":{\"@id\":\"https:\/\/blogs.thesocialmedia.com\/leblogmoto\/2009\/04\/07\/ama-superbike-le-plein-de-victoires-pour-suzuki\/#primaryimage\"},\"thumbnailUrl\":\"https:\/\/blogs.thesocialmedia.com\/leblogmoto\/files\/2012\/07\/6a00d83451b18369e201156ff735d6970b-500wi.jpg\",\"datePublished\":\"2009-04-07T04:24:28+00:00\",\"dateModified\":\"2012-07-11T17:17:53+00:00\",\"author\":{\"@id\":\"https:\/\/blogs.thesocialmedia.com\/leblogmoto\/#\/schema\/person\/e82a0ca8a9a63d031586097a3ed58526\"},\"breadcrumb\":{\"@id\":\"https:\/\/blogs.thesocialmedia.com\/leblogmoto\/2009\/04\/07\/ama-superbike-le-plein-de-victoires-pour-suzuki\/#breadcrumb\"},\"inLanguage\":\"fr-FR\",\"potentialAction\":[{\"@type\":\"ReadAction\",\"target\":[\"https:\/\/blogs.thesocialmedia.com\/leblogmoto\/2009\/04\/07\/ama-superbike-le-plein-de-victoires-pour-suzuki\/\"]}]},{\"@type\":\"ImageObject\",\"inLanguage\":\"fr-FR\",\"@id\":\"https:\/\/blogs.thesocialmedia.com\/leblogmoto\/2009\/04\/07\/ama-superbike-le-plein-de-victoires-pour-suzuki\/#primaryimage\",\"url\":\"https:\/\/blogs.thesocialmedia.com\/leblogmoto\/files\/2012\/07\/6a00d83451b18369e201156ff735d6970b-500wi.jpg\",\"contentUrl\":\"https:\/\/blogs.thesocialmedia.com\/leblogmoto\/files\/2012\/07\/6a00d83451b18369e201156ff735d6970b-500wi.jpg\",\"width\":\"500\",\"height\":\"333\"},{\"@type\":\"BreadcrumbList\",\"@id\":\"https:\/\/blogs.thesocialmedia.com\/leblogmoto\/2009\/04\/07\/ama-superbike-le-plein-de-victoires-pour-suzuki\/#breadcrumb\",\"itemListElement\":[{\"@type\":\"ListItem\",\"position\":1,\"name\":\"Accueil\",\"item\":\"https:\/\/blogs.thesocialmedia.com\/leblogmoto\/\"},{\"@type\":\"ListItem\",\"position\":2,\"name\":\"AMA Superbike &#8211; Le plein de victoires pour Suzuki\"}]},{\"@type\":\"WebSite\",\"@id\":\"https:\/\/blogs.thesocialmedia.com\/leblogmoto\/#website\",\"url\":\"https:\/\/blogs.thesocialmedia.com\/leblogmoto\/\",\"name\":\"leblogmoto\",\"description\":\"Toute l&#039;actualit\u00e9 des 2 roues\",\"potentialAction\":[{\"@type\":\"SearchAction\",\"target\":{\"@type\":\"EntryPoint\",\"urlTemplate\":\"https:\/\/blogs.thesocialmedia.com\/leblogmoto\/?s={search_term_string}\"},\"query-input\":{\"@type\":\"PropertyValueSpecification\",\"valueRequired\":true,\"valueName\":\"search_term_string\"}}],\"inLanguage\":\"fr-FR\"},{\"@type\":\"Person\",\"@id\":\"https:\/\/blogs.thesocialmedia.com\/leblogmoto\/#\/schema\/person\/e82a0ca8a9a63d031586097a3ed58526\",\"name\":\"jacques lesage\",\"image\":{\"@type\":\"ImageObject\",\"inLanguage\":\"fr-FR\",\"@id\":\"https:\/\/blogs.thesocialmedia.com\/leblogmoto\/#\/schema\/person\/image\/\",\"url\":\"https:\/\/secure.gravatar.com\/avatar\/?s=96&d=mm&r=g\",\"contentUrl\":\"https:\/\/secure.gravatar.com\/avatar\/?s=96&d=mm&r=g\",\"caption\":\"jacques lesage\"},\"url\":\"https:\/\/blogs.thesocialmedia.com\/leblogmoto\/author\/jacques-lesage\/\"}]}<\/script>\n<!-- \/ Yoast SEO plugin. -->","yoast_head_json":{"title":"AMA Superbike - Le plein de victoires pour Suzuki - leblogmoto.com","robots":{"index":"index","follow":"follow","max-snippet":"max-snippet:-1","max-image-preview":"max-image-preview:large","max-video-preview":"max-video-preview:-1"},"canonical":"https:\/\/blogs.thesocialmedia.com\/leblogmoto\/2009\/04\/07\/ama-superbike-le-plein-de-victoires-pour-suzuki\/","twitter_card":"summary_large_image","twitter_title":"AMA Superbike - Le plein de victoires pour Suzuki - leblogmoto.com","twitter_description":"Mat Mladin s\u2019est inscrit une fois de plus dans le livre des records le week-end dernier sur le circuit de Road Atlanta, en signant les 50 et 51es victoires cons\u00e9cutives de l\u2019\u00e9quipe Rockstar\/Makita Yoshimura Suzuki en AMA Superbike. Cette s\u00e9quence victorieuse, qui ne semble pas vouloir se tarir et qui ne risque pas d\u2019\u00eatre \u00e9gal\u00e9e [&hellip;]","twitter_image":"https:\/\/blogs.thesocialmedia.com\/leblogmoto\/files\/2012\/07\/6a00d83451b18369e201156ff735d6970b-500wi.jpg","twitter_misc":{"\u00c9crit par":"jacques lesage","Dur\u00e9e de lecture estim\u00e9e":"2 minutes"},"schema":{"@context":"https:\/\/schema.org","@graph":[{"@type":"WebPage","@id":"https:\/\/blogs.thesocialmedia.com\/leblogmoto\/2009\/04\/07\/ama-superbike-le-plein-de-victoires-pour-suzuki\/","url":"https:\/\/blogs.thesocialmedia.com\/leblogmoto\/2009\/04\/07\/ama-superbike-le-plein-de-victoires-pour-suzuki\/","name":"AMA Superbike - Le plein de victoires pour Suzuki - leblogmoto.com","isPartOf":{"@id":"https:\/\/blogs.thesocialmedia.com\/leblogmoto\/#website"},"primaryImageOfPage":{"@id":"https:\/\/blogs.thesocialmedia.com\/leblogmoto\/2009\/04\/07\/ama-superbike-le-plein-de-victoires-pour-suzuki\/#primaryimage"},"image":{"@id":"https:\/\/blogs.thesocialmedia.com\/leblogmoto\/2009\/04\/07\/ama-superbike-le-plein-de-victoires-pour-suzuki\/#primaryimage"},"thumbnailUrl":"https:\/\/blogs.thesocialmedia.com\/leblogmoto\/files\/2012\/07\/6a00d83451b18369e201156ff735d6970b-500wi.jpg","datePublished":"2009-04-07T04:24:28+00:00","dateModified":"2012-07-11T17:17:53+00:00","author":{"@id":"https:\/\/blogs.thesocialmedia.com\/leblogmoto\/#\/schema\/person\/e82a0ca8a9a63d031586097a3ed58526"},"breadcrumb":{"@id":"https:\/\/blogs.thesocialmedia.com\/leblogmoto\/2009\/04\/07\/ama-superbike-le-plein-de-victoires-pour-suzuki\/#breadcrumb"},"inLanguage":"fr-FR","potentialAction":[{"@type":"ReadAction","target":["https:\/\/blogs.thesocialmedia.com\/leblogmoto\/2009\/04\/07\/ama-superbike-le-plein-de-victoires-pour-suzuki\/"]}]},{"@type":"ImageObject","inLanguage":"fr-FR","@id":"https:\/\/blogs.thesocialmedia.com\/leblogmoto\/2009\/04\/07\/ama-superbike-le-plein-de-victoires-pour-suzuki\/#primaryimage","url":"https:\/\/blogs.thesocialmedia.com\/leblogmoto\/files\/2012\/07\/6a00d83451b18369e201156ff735d6970b-500wi.jpg","contentUrl":"https:\/\/blogs.thesocialmedia.com\/leblogmoto\/files\/2012\/07\/6a00d83451b18369e201156ff735d6970b-500wi.jpg","width":"500","height":"333"},{"@type":"BreadcrumbList","@id":"https:\/\/blogs.thesocialmedia.com\/leblogmoto\/2009\/04\/07\/ama-superbike-le-plein-de-victoires-pour-suzuki\/#breadcrumb","itemListElement":[{"@type":"ListItem","position":1,"name":"Accueil","item":"https:\/\/blogs.thesocialmedia.com\/leblogmoto\/"},{"@type":"ListItem","position":2,"name":"AMA Superbike &#8211; Le plein de victoires pour Suzuki"}]},{"@type":"WebSite","@id":"https:\/\/blogs.thesocialmedia.com\/leblogmoto\/#website","url":"https:\/\/blogs.thesocialmedia.com\/leblogmoto\/","name":"leblogmoto","description":"Toute l&#039;actualit\u00e9 des 2 roues","potentialAction":[{"@type":"SearchAction","target":{"@type":"EntryPoint","urlTemplate":"https:\/\/blogs.thesocialmedia.com\/leblogmoto\/?s={search_term_string}"},"query-input":{"@type":"PropertyValueSpecification","valueRequired":true,"valueName":"search_term_string"}}],"inLanguage":"fr-FR"},{"@type":"Person","@id":"https:\/\/blogs.thesocialmedia.com\/leblogmoto\/#\/schema\/person\/e82a0ca8a9a63d031586097a3ed58526","name":"jacques lesage","image":{"@type":"ImageObject","inLanguage":"fr-FR","@id":"https:\/\/blogs.thesocialmedia.com\/leblogmoto\/#\/schema\/person\/image\/","url":"https:\/\/secure.gravatar.com\/avatar\/?s=96&d=mm&r=g","contentUrl":"https:\/\/secure.gravatar.com\/avatar\/?s=96&d=mm&r=g","caption":"jacques lesage"},"url":"https:\/\/blogs.thesocialmedia.com\/leblogmoto\/author\/jacques-lesage\/"}]}},"_links":{"self":[{"href":"https:\/\/blogs.thesocialmedia.com\/leblogmoto\/wp-json\/wp\/v2\/posts\/188","targetHints":{"allow":["GET"]}}],"collection":[{"href":"https:\/\/blogs.thesocialmedia.com\/leblogmoto\/wp-json\/wp\/v2\/posts"}],"about":[{"href":"https:\/\/blogs.thesocialmedia.com\/leblogmoto\/wp-json\/wp\/v2\/types\/post"}],"author":[{"embeddable":true,"href":"https:\/\/blogs.thesocialmedia.com\/leblogmoto\/wp-json\/wp\/v2\/users\/325"}],"replies":[{"embeddable":true,"href":"https:\/\/blogs.thesocialmedia.com\/leblogmoto\/wp-json\/wp\/v2\/comments?post=188"}],"version-history":[{"count":2,"href":"https:\/\/blogs.thesocialmedia.com\/leblogmoto\/wp-json\/wp\/v2\/posts\/188\/revisions"}],"predecessor-version":[{"id":13206,"href":"https:\/\/blogs.thesocialmedia.com\/leblogmoto\/wp-json\/wp\/v2\/posts\/188\/revisions\/13206"}],"wp:featuredmedia":[{"embeddable":true,"href":"https:\/\/blogs.thesocialmedia.com\/leblogmoto\/wp-json\/wp\/v2\/media\/13197"}],"wp:attachment":[{"href":"https:\/\/blogs.thesocialmedia.com\/leblogmoto\/wp-json\/wp\/v2\/media?parent=188"}],"wp:term":[{"taxonomy":"category","embeddable":true,"href":"https:\/\/blogs.thesocialmedia.com\/leblogmoto\/wp-json\/wp\/v2\/categories?post=188"},{"taxonomy":"post_tag","embeddable":true,"href":"https:\/\/blogs.thesocialmedia.com\/leblogmoto\/wp-json\/wp\/v2\/tags?post=188"}],"curies":[{"name":"wp","href":"https:\/\/api.w.org\/{rel}","templated":true}]}}