{"id":1880,"date":"2006-04-30T12:01:15","date_gmt":"2006-04-30T12:01:15","guid":{"rendered":"http:\/\/blogs.thesocialmedia.com\/leblogmoto\/2006\/04\/30\/125-turquie-fau\/"},"modified":"2012-07-11T14:21:15","modified_gmt":"2012-07-11T14:21:15","slug":"125-turquie-fau","status":"publish","type":"post","link":"https:\/\/blogs.thesocialmedia.com\/leblogmoto\/2006\/04\/30\/125-turquie-fau\/","title":{"rendered":"125 TURQUIE: FAUBEL, le troisi\u00e8me larron"},"content":{"rendered":"<p><a href=\"http:\/\/blogs.thesocialmedia.com\/leblogmoto\/files\/2012\/07\/121_1.jpg\"><img loading=\"lazy\" decoding=\"async\" height=\"181\" alt=\"121_1\" src=\"http:\/\/www.leblogmoto.com\/images\/121_1.jpg\" width=\"250\"  \/><\/a>Il a observ\u00e9 pendant toute la course ses deux adversaires plus cap\u00e9s que sont <a href=\"http:\/\/www.leblogmoto.com\/2006\/04\/qatar_125_bauti.html\">BAUTISTA<\/a> et <strong>KALLIO<\/strong>. Il a attendu que le temps fasse son oeuvre sur les m\u00e9caniques, ce qui a \u00e9t\u00e9 falal au pauvre Finlandais trahi \u00e0 trois tours de l&rsquo;arriv\u00e9e par sa <strong>KTM<\/strong>. Puis, dans la derni\u00e8re boucle il a port\u00e9 son attaque.<\/p>\n<p><strong>Hector FAUBEL<\/strong> a pass\u00e9 le leader du championnat dans le dernier encha\u00eenement commandant la ligne droite d&rsquo;arriv\u00e9e, pour remporter sa premi\u00e8re victoire. Le troisi\u00e8me larron a tir\u00e9 les marrons du feu. Le team <strong>ASPAR<\/strong> peut \u00eatre heureux. Il s&rsquo;approprie le championnat en signant en terre ottomane un retentissant <strong>tripl\u00e9<\/strong>&#8230;&nbsp; &nbsp;<\/p>\n<p><a href=\"http:\/\/clabedan.typepad.com\/.shared\/image.html?\/photos\/uncategorized\/mika20kallio202006_tb.jpg\"><img loading=\"lazy\" decoding=\"async\" height=\"168\" alt=\"Mika20kallio202006_tb\" src=\"http:\/\/www.leblogmoto.com\/images\/mika20kallio202006_tb.jpg\" width=\"250\"  \/><\/a><strong>FAUBEL<\/strong>, <strong>BAUTISTA<\/strong>, <strong>GADEA<\/strong>, les soci\u00e8taires d&rsquo;Aspar MARTINEZ n&rsquo;ont laiss\u00e9 que des miettes \u00e0 leurs adversaires. L&rsquo;ordre est \u00e0 pr\u00e9sent le m\u00eame au championnat du Monde. KALLIO K.O, <strong>PASINI<\/strong> qui a chut\u00e9 et <strong>PESEK<\/strong> qui a \u00e9t\u00e9 nul part, c&rsquo;est d\u00e9j\u00e0 un tournant de la saison 2006 125 qui vient d&rsquo;\u00eatre pris.<\/p>\n<p><strong>DI MEGLIO<\/strong>, qui se battait pour la huiti\u00e8me place est tomb\u00e9, alors que <a href=\"http:\/\/www.leblogmoto.com\/2006\/04\/gp_heurts_et_ma.html\">MASBOU<\/a>, toujours diminu\u00e9, finit vingti\u00e8me. <strong>LUTHI<\/strong>, un instant dans les sept, \u00e9choue finalement douzi\u00e8me. Les ann\u00e9es se suivent et ne se ressemblent pas&#8230;<\/p>\n<p><strong><em><u>Championnat<\/u><\/em><\/strong>: BAUTISTA 75 &#8211; FAUBEL 45 &#8211; GADEA 41 &#8211; KALLIO 33<\/p>\n","protected":false},"excerpt":{"rendered":"<p>Il a observ\u00e9 pendant toute la course ses deux adversaires plus cap\u00e9s que sont BAUTISTA et KALLIO. Il a attendu que le temps fasse son oeuvre sur les m\u00e9caniques, ce qui a \u00e9t\u00e9 falal au pauvre Finlandais trahi \u00e0 trois tours de l&rsquo;arriv\u00e9e par sa KTM. Puis, dans la derni\u00e8re boucle il a port\u00e9 son [&hellip;]<\/p>\n","protected":false},"author":336,"featured_media":0,"comment_status":"open","ping_status":"open","sticky":false,"template":"","format":"standard","meta":{"footnotes":""},"categories":[22,32],"tags":[],"class_list":["post-1880","post","type-post","status-publish","format-standard","hentry","category-motogp","category-sport-moto"],"yoast_head":"<!-- This site is optimized with the Yoast SEO plugin v26.0 - https:\/\/yoast.com\/wordpress\/plugins\/seo\/ -->\n<title>125 TURQUIE: FAUBEL, le troisi\u00e8me larron - leblogmoto.com<\/title>\n<meta name=\"robots\" content=\"index, follow, max-snippet:-1, max-image-preview:large, max-video-preview:-1\" \/>\n<link rel=\"canonical\" href=\"https:\/\/blogs.thesocialmedia.com\/leblogmoto\/2006\/04\/30\/125-turquie-fau\/\" \/>\n<meta name=\"twitter:card\" content=\"summary_large_image\" \/>\n<meta name=\"twitter:title\" content=\"125 TURQUIE: FAUBEL, le troisi\u00e8me larron - leblogmoto.com\" \/>\n<meta name=\"twitter:description\" content=\"Il a observ\u00e9 pendant toute la course ses deux adversaires plus cap\u00e9s que sont BAUTISTA et KALLIO. Il a attendu que le temps fasse son oeuvre sur les m\u00e9caniques, ce qui a \u00e9t\u00e9 falal au pauvre Finlandais trahi \u00e0 trois tours de l&rsquo;arriv\u00e9e par sa KTM. Puis, dans la derni\u00e8re boucle il a port\u00e9 son [&hellip;]\" \/>\n<meta name=\"twitter:image\" content=\"http:\/\/www.leblogmoto.com\/images\/121_1.jpg\" \/>\n<meta name=\"twitter:label1\" content=\"\u00c9crit par\" \/>\n\t<meta name=\"twitter:data1\" content=\"andre leconde\" \/>\n\t<meta name=\"twitter:label2\" content=\"Dur\u00e9e de lecture estim\u00e9e\" \/>\n\t<meta name=\"twitter:data2\" content=\"1 minute\" \/>\n<script type=\"application\/ld+json\" class=\"yoast-schema-graph\">{\"@context\":\"https:\/\/schema.org\",\"@graph\":[{\"@type\":\"WebPage\",\"@id\":\"https:\/\/blogs.thesocialmedia.com\/leblogmoto\/2006\/04\/30\/125-turquie-fau\/\",\"url\":\"https:\/\/blogs.thesocialmedia.com\/leblogmoto\/2006\/04\/30\/125-turquie-fau\/\",\"name\":\"125 TURQUIE: FAUBEL, le troisi\u00e8me larron - leblogmoto.com\",\"isPartOf\":{\"@id\":\"https:\/\/blogs.thesocialmedia.com\/leblogmoto\/#website\"},\"primaryImageOfPage\":{\"@id\":\"https:\/\/blogs.thesocialmedia.com\/leblogmoto\/2006\/04\/30\/125-turquie-fau\/#primaryimage\"},\"image\":{\"@id\":\"https:\/\/blogs.thesocialmedia.com\/leblogmoto\/2006\/04\/30\/125-turquie-fau\/#primaryimage\"},\"thumbnailUrl\":\"http:\/\/www.leblogmoto.com\/images\/121_1.jpg\",\"datePublished\":\"2006-04-30T12:01:15+00:00\",\"dateModified\":\"2012-07-11T14:21:15+00:00\",\"author\":{\"@id\":\"https:\/\/blogs.thesocialmedia.com\/leblogmoto\/#\/schema\/person\/1a1dcfc7cec206573105eb4af91155c2\"},\"breadcrumb\":{\"@id\":\"https:\/\/blogs.thesocialmedia.com\/leblogmoto\/2006\/04\/30\/125-turquie-fau\/#breadcrumb\"},\"inLanguage\":\"fr-FR\",\"potentialAction\":[{\"@type\":\"ReadAction\",\"target\":[\"https:\/\/blogs.thesocialmedia.com\/leblogmoto\/2006\/04\/30\/125-turquie-fau\/\"]}]},{\"@type\":\"ImageObject\",\"inLanguage\":\"fr-FR\",\"@id\":\"https:\/\/blogs.thesocialmedia.com\/leblogmoto\/2006\/04\/30\/125-turquie-fau\/#primaryimage\",\"url\":\"http:\/\/www.leblogmoto.com\/images\/121_1.jpg\",\"contentUrl\":\"http:\/\/www.leblogmoto.com\/images\/121_1.jpg\"},{\"@type\":\"BreadcrumbList\",\"@id\":\"https:\/\/blogs.thesocialmedia.com\/leblogmoto\/2006\/04\/30\/125-turquie-fau\/#breadcrumb\",\"itemListElement\":[{\"@type\":\"ListItem\",\"position\":1,\"name\":\"Accueil\",\"item\":\"https:\/\/blogs.thesocialmedia.com\/leblogmoto\/\"},{\"@type\":\"ListItem\",\"position\":2,\"name\":\"125 TURQUIE: FAUBEL, le troisi\u00e8me larron\"}]},{\"@type\":\"WebSite\",\"@id\":\"https:\/\/blogs.thesocialmedia.com\/leblogmoto\/#website\",\"url\":\"https:\/\/blogs.thesocialmedia.com\/leblogmoto\/\",\"name\":\"leblogmoto\",\"description\":\"Toute l&#039;actualit\u00e9 des 2 roues\",\"potentialAction\":[{\"@type\":\"SearchAction\",\"target\":{\"@type\":\"EntryPoint\",\"urlTemplate\":\"https:\/\/blogs.thesocialmedia.com\/leblogmoto\/?s={search_term_string}\"},\"query-input\":{\"@type\":\"PropertyValueSpecification\",\"valueRequired\":true,\"valueName\":\"search_term_string\"}}],\"inLanguage\":\"fr-FR\"},{\"@type\":\"Person\",\"@id\":\"https:\/\/blogs.thesocialmedia.com\/leblogmoto\/#\/schema\/person\/1a1dcfc7cec206573105eb4af91155c2\",\"name\":\"andre leconde\",\"image\":{\"@type\":\"ImageObject\",\"inLanguage\":\"fr-FR\",\"@id\":\"https:\/\/blogs.thesocialmedia.com\/leblogmoto\/#\/schema\/person\/image\/\",\"url\":\"https:\/\/secure.gravatar.com\/avatar\/?s=96&d=mm&r=g\",\"contentUrl\":\"https:\/\/secure.gravatar.com\/avatar\/?s=96&d=mm&r=g\",\"caption\":\"andre leconde\"},\"url\":\"https:\/\/blogs.thesocialmedia.com\/leblogmoto\/author\/andre-leconde\/\"}]}<\/script>\n<!-- \/ Yoast SEO plugin. -->","yoast_head_json":{"title":"125 TURQUIE: FAUBEL, le troisi\u00e8me larron - leblogmoto.com","robots":{"index":"index","follow":"follow","max-snippet":"max-snippet:-1","max-image-preview":"max-image-preview:large","max-video-preview":"max-video-preview:-1"},"canonical":"https:\/\/blogs.thesocialmedia.com\/leblogmoto\/2006\/04\/30\/125-turquie-fau\/","twitter_card":"summary_large_image","twitter_title":"125 TURQUIE: FAUBEL, le troisi\u00e8me larron - leblogmoto.com","twitter_description":"Il a observ\u00e9 pendant toute la course ses deux adversaires plus cap\u00e9s que sont BAUTISTA et KALLIO. Il a attendu que le temps fasse son oeuvre sur les m\u00e9caniques, ce qui a \u00e9t\u00e9 falal au pauvre Finlandais trahi \u00e0 trois tours de l&rsquo;arriv\u00e9e par sa KTM. Puis, dans la derni\u00e8re boucle il a port\u00e9 son [&hellip;]","twitter_image":"http:\/\/www.leblogmoto.com\/images\/121_1.jpg","twitter_misc":{"\u00c9crit par":"andre leconde","Dur\u00e9e de lecture estim\u00e9e":"1 minute"},"schema":{"@context":"https:\/\/schema.org","@graph":[{"@type":"WebPage","@id":"https:\/\/blogs.thesocialmedia.com\/leblogmoto\/2006\/04\/30\/125-turquie-fau\/","url":"https:\/\/blogs.thesocialmedia.com\/leblogmoto\/2006\/04\/30\/125-turquie-fau\/","name":"125 TURQUIE: FAUBEL, le troisi\u00e8me larron - leblogmoto.com","isPartOf":{"@id":"https:\/\/blogs.thesocialmedia.com\/leblogmoto\/#website"},"primaryImageOfPage":{"@id":"https:\/\/blogs.thesocialmedia.com\/leblogmoto\/2006\/04\/30\/125-turquie-fau\/#primaryimage"},"image":{"@id":"https:\/\/blogs.thesocialmedia.com\/leblogmoto\/2006\/04\/30\/125-turquie-fau\/#primaryimage"},"thumbnailUrl":"http:\/\/www.leblogmoto.com\/images\/121_1.jpg","datePublished":"2006-04-30T12:01:15+00:00","dateModified":"2012-07-11T14:21:15+00:00","author":{"@id":"https:\/\/blogs.thesocialmedia.com\/leblogmoto\/#\/schema\/person\/1a1dcfc7cec206573105eb4af91155c2"},"breadcrumb":{"@id":"https:\/\/blogs.thesocialmedia.com\/leblogmoto\/2006\/04\/30\/125-turquie-fau\/#breadcrumb"},"inLanguage":"fr-FR","potentialAction":[{"@type":"ReadAction","target":["https:\/\/blogs.thesocialmedia.com\/leblogmoto\/2006\/04\/30\/125-turquie-fau\/"]}]},{"@type":"ImageObject","inLanguage":"fr-FR","@id":"https:\/\/blogs.thesocialmedia.com\/leblogmoto\/2006\/04\/30\/125-turquie-fau\/#primaryimage","url":"http:\/\/www.leblogmoto.com\/images\/121_1.jpg","contentUrl":"http:\/\/www.leblogmoto.com\/images\/121_1.jpg"},{"@type":"BreadcrumbList","@id":"https:\/\/blogs.thesocialmedia.com\/leblogmoto\/2006\/04\/30\/125-turquie-fau\/#breadcrumb","itemListElement":[{"@type":"ListItem","position":1,"name":"Accueil","item":"https:\/\/blogs.thesocialmedia.com\/leblogmoto\/"},{"@type":"ListItem","position":2,"name":"125 TURQUIE: FAUBEL, le troisi\u00e8me larron"}]},{"@type":"WebSite","@id":"https:\/\/blogs.thesocialmedia.com\/leblogmoto\/#website","url":"https:\/\/blogs.thesocialmedia.com\/leblogmoto\/","name":"leblogmoto","description":"Toute l&#039;actualit\u00e9 des 2 roues","potentialAction":[{"@type":"SearchAction","target":{"@type":"EntryPoint","urlTemplate":"https:\/\/blogs.thesocialmedia.com\/leblogmoto\/?s={search_term_string}"},"query-input":{"@type":"PropertyValueSpecification","valueRequired":true,"valueName":"search_term_string"}}],"inLanguage":"fr-FR"},{"@type":"Person","@id":"https:\/\/blogs.thesocialmedia.com\/leblogmoto\/#\/schema\/person\/1a1dcfc7cec206573105eb4af91155c2","name":"andre leconde","image":{"@type":"ImageObject","inLanguage":"fr-FR","@id":"https:\/\/blogs.thesocialmedia.com\/leblogmoto\/#\/schema\/person\/image\/","url":"https:\/\/secure.gravatar.com\/avatar\/?s=96&d=mm&r=g","contentUrl":"https:\/\/secure.gravatar.com\/avatar\/?s=96&d=mm&r=g","caption":"andre leconde"},"url":"https:\/\/blogs.thesocialmedia.com\/leblogmoto\/author\/andre-leconde\/"}]}},"_links":{"self":[{"href":"https:\/\/blogs.thesocialmedia.com\/leblogmoto\/wp-json\/wp\/v2\/posts\/1880","targetHints":{"allow":["GET"]}}],"collection":[{"href":"https:\/\/blogs.thesocialmedia.com\/leblogmoto\/wp-json\/wp\/v2\/posts"}],"about":[{"href":"https:\/\/blogs.thesocialmedia.com\/leblogmoto\/wp-json\/wp\/v2\/types\/post"}],"author":[{"embeddable":true,"href":"https:\/\/blogs.thesocialmedia.com\/leblogmoto\/wp-json\/wp\/v2\/users\/336"}],"replies":[{"embeddable":true,"href":"https:\/\/blogs.thesocialmedia.com\/leblogmoto\/wp-json\/wp\/v2\/comments?post=1880"}],"version-history":[{"count":2,"href":"https:\/\/blogs.thesocialmedia.com\/leblogmoto\/wp-json\/wp\/v2\/posts\/1880\/revisions"}],"predecessor-version":[{"id":7394,"href":"https:\/\/blogs.thesocialmedia.com\/leblogmoto\/wp-json\/wp\/v2\/posts\/1880\/revisions\/7394"}],"wp:attachment":[{"href":"https:\/\/blogs.thesocialmedia.com\/leblogmoto\/wp-json\/wp\/v2\/media?parent=1880"}],"wp:term":[{"taxonomy":"category","embeddable":true,"href":"https:\/\/blogs.thesocialmedia.com\/leblogmoto\/wp-json\/wp\/v2\/categories?post=1880"},{"taxonomy":"post_tag","embeddable":true,"href":"https:\/\/blogs.thesocialmedia.com\/leblogmoto\/wp-json\/wp\/v2\/tags?post=1880"}],"curies":[{"name":"wp","href":"https:\/\/api.w.org\/{rel}","templated":true}]}}