{"id":1881,"date":"2006-04-29T22:51:25","date_gmt":"2006-04-29T22:51:25","guid":{"rendered":"http:\/\/blogs.thesocialmedia.com\/leblogmoto\/2006\/04\/29\/ce-ntait-pas-la\/"},"modified":"2012-07-11T14:21:13","modified_gmt":"2012-07-11T14:21:13","slug":"ce-ntait-pas-la","status":"publish","type":"post","link":"https:\/\/blogs.thesocialmedia.com\/leblogmoto\/2006\/04\/29\/ce-ntait-pas-la\/","title":{"rendered":"MotoGP TURQUIE: Les mines s&rsquo;allongent chez YAM"},"content":{"rendered":"<p><a href=\"http:\/\/blogs.thesocialmedia.com\/leblogmoto\/files\/2012\/07\/qatar01_1.jpg\"><img loading=\"lazy\" decoding=\"async\" height=\"212\" alt=\"Qatar01_1\" src=\"http:\/\/www.leblogmoto.com\/images\/qatar01_1.jpg\" width=\"250\"  \/><\/a>Ce n&rsquo;\u00e9tait pas la joie et l&rsquo;all\u00e9gresse qui r\u00e9gnaient \u00e0 la fin de la <a href=\"http:\/\/www.leblogmoto.com\/2006\/04\/motogp_turquie__1.html\">s\u00e9ance qualificative<\/a> de ce GP de TURQUIE dans le Team <strong>YAMAHA<\/strong> CAMEL. Les sourires et les saluts \u00e9taient forc\u00e9s. Il faut dire que les maillots jaunes venaient d&rsquo;\u00eatre rinc\u00e9s. Sous la pluie, jamais la <strong>M.1<\/strong> n&rsquo;a voulu se rendre compr\u00e9hensible \u00e0 un staff pourtant totalement <a href=\"http:\/\/www.leblogmoto.com\/2006\/03\/yamaha_mobilisa.html\">vou\u00e9 \u00e0 sa cause<\/a>.<\/p>\n<p><strong>ROSSI \u00e0 plus de trois secondes de la pole<\/strong>, on ne cherchait pas de faux fuyants du c\u00f4t\u00e9 de <strong>Davide BRIVIO<\/strong>. Il reconna\u00eet qu&rsquo;il y a bien un &quot;loup&quot; et qu&rsquo;il n&rsquo;est pas encore pr\u00eat d&rsquo;\u00eatre d\u00e9busqu\u00e9&#8230;&nbsp; &nbsp;<\/p>\n<p>&nbsp; &nbsp;<\/p>\n<p><a href=\"http:\/\/clabedan.typepad.com\/.shared\/image.html?\/photos\/uncategorized\/060403_camelgppit.jpg\"><img loading=\"lazy\" decoding=\"async\" height=\"167\" alt=\"060403_camelgppit\" src=\"http:\/\/www.leblogmoto.com\/images\/060403_camelgppit.jpg\" width=\"250\"  \/><\/a>ROSSI d\u00e9clare qu&rsquo;il est d\u00e9sorient\u00e9, qu&rsquo;il n&rsquo;a pas suffisamment confiance, qu&rsquo;il ne retrouve pas les sensations des essais d&rsquo;inter-saison. Les soucis de &quot;chattering&quot; perdurent et n&rsquo;ont \u00e9t\u00e9 que trait\u00e9s au <a href=\"http:\/\/www.leblogmoto.com\/2006\/04\/qatar_motogp_ro.html\">QATAR<\/a>, pas \u00e9limin\u00e9s. <\/p>\n<p>Les chronos sur cette piste humide turque ont \u00e0 ce point assomm\u00e9 l&rsquo;\u00e9quipe que le discours sur les \u00e9l\u00e9ments est unanime chez YAMAHA; il faut absolument une piste s\u00e8che demain pour tenter encore quelque chose, sinon ce sera bel et bien un naufrage.<\/p>\n<p><a href=\"http:\/\/clabedan.typepad.com\/.shared\/image.html?\/photos\/uncategorized\/0ivcqglf280x190.jpg\"><img loading=\"lazy\" decoding=\"async\" height=\"169\" alt=\"0ivcqglf280x190\" src=\"http:\/\/www.leblogmoto.com\/images\/0ivcqglf280x190.jpg\" width=\"250\"  \/><\/a><strong>EDWARDS<\/strong> fait de son mieux et se remet d&rsquo;une \u00e9paule gauche douloureuse suite \u00e0 une lourde chute dans la deuxi\u00e8me s\u00e9ance chrono disput\u00e9e sous la pluie. Lui aussi parle \u00e9vasivement de la n\u00e9cessit\u00e9 de trouver &quot;quelque chose&quot; quelque part&quot; pour retrouver constance et v\u00e9locit\u00e9. En croisant les doigts.<\/p>\n<p>Valentino reconna\u00eet enfin qu&rsquo;il n&rsquo;y comprend plus rien lui m\u00eame. Nul doute qu&rsquo;il aurait pr\u00e9f\u00e9r\u00e9 entamer autrement son <strong>centi\u00e8me GP<\/strong>. Un miracle demain Docteur ? Il en reste capable.<\/p>\n<p>SOURCE: <a href=\"http:\/\/www.crash.net\/\">www.crash.net<\/a>&nbsp; <\/p>\n","protected":false},"excerpt":{"rendered":"<p>Ce n&rsquo;\u00e9tait pas la joie et l&rsquo;all\u00e9gresse qui r\u00e9gnaient \u00e0 la fin de la s\u00e9ance qualificative de ce GP de TURQUIE dans le Team YAMAHA CAMEL. Les sourires et les saluts \u00e9taient forc\u00e9s. Il faut dire que les maillots jaunes venaient d&rsquo;\u00eatre rinc\u00e9s. Sous la pluie, jamais la M.1 n&rsquo;a voulu se rendre compr\u00e9hensible \u00e0 [&hellip;]<\/p>\n","protected":false},"author":336,"featured_media":0,"comment_status":"open","ping_status":"open","sticky":false,"template":"","format":"standard","meta":{"footnotes":""},"categories":[22,32],"tags":[],"class_list":["post-1881","post","type-post","status-publish","format-standard","hentry","category-motogp","category-sport-moto"],"yoast_head":"<!-- This site is optimized with the Yoast SEO plugin v26.0 - https:\/\/yoast.com\/wordpress\/plugins\/seo\/ -->\n<title>MotoGP TURQUIE: Les mines s&#039;allongent chez YAM - leblogmoto.com<\/title>\n<meta name=\"robots\" content=\"index, follow, max-snippet:-1, max-image-preview:large, max-video-preview:-1\" \/>\n<link rel=\"canonical\" href=\"https:\/\/blogs.thesocialmedia.com\/leblogmoto\/2006\/04\/29\/ce-ntait-pas-la\/\" \/>\n<meta name=\"twitter:card\" content=\"summary_large_image\" \/>\n<meta name=\"twitter:title\" content=\"MotoGP TURQUIE: Les mines s&#039;allongent chez YAM - leblogmoto.com\" \/>\n<meta name=\"twitter:description\" content=\"Ce n&rsquo;\u00e9tait pas la joie et l&rsquo;all\u00e9gresse qui r\u00e9gnaient \u00e0 la fin de la s\u00e9ance qualificative de ce GP de TURQUIE dans le Team YAMAHA CAMEL. Les sourires et les saluts \u00e9taient forc\u00e9s. Il faut dire que les maillots jaunes venaient d&rsquo;\u00eatre rinc\u00e9s. Sous la pluie, jamais la M.1 n&rsquo;a voulu se rendre compr\u00e9hensible \u00e0 [&hellip;]\" \/>\n<meta name=\"twitter:image\" content=\"http:\/\/www.leblogmoto.com\/images\/qatar01_1.jpg\" \/>\n<meta name=\"twitter:label1\" content=\"\u00c9crit par\" \/>\n\t<meta name=\"twitter:data1\" content=\"andre leconde\" \/>\n\t<meta name=\"twitter:label2\" content=\"Dur\u00e9e de lecture estim\u00e9e\" \/>\n\t<meta name=\"twitter:data2\" content=\"1 minute\" \/>\n<script type=\"application\/ld+json\" class=\"yoast-schema-graph\">{\"@context\":\"https:\/\/schema.org\",\"@graph\":[{\"@type\":\"WebPage\",\"@id\":\"https:\/\/blogs.thesocialmedia.com\/leblogmoto\/2006\/04\/29\/ce-ntait-pas-la\/\",\"url\":\"https:\/\/blogs.thesocialmedia.com\/leblogmoto\/2006\/04\/29\/ce-ntait-pas-la\/\",\"name\":\"MotoGP TURQUIE: Les mines s'allongent chez YAM - leblogmoto.com\",\"isPartOf\":{\"@id\":\"https:\/\/blogs.thesocialmedia.com\/leblogmoto\/#website\"},\"primaryImageOfPage\":{\"@id\":\"https:\/\/blogs.thesocialmedia.com\/leblogmoto\/2006\/04\/29\/ce-ntait-pas-la\/#primaryimage\"},\"image\":{\"@id\":\"https:\/\/blogs.thesocialmedia.com\/leblogmoto\/2006\/04\/29\/ce-ntait-pas-la\/#primaryimage\"},\"thumbnailUrl\":\"http:\/\/www.leblogmoto.com\/images\/qatar01_1.jpg\",\"datePublished\":\"2006-04-29T22:51:25+00:00\",\"dateModified\":\"2012-07-11T14:21:13+00:00\",\"author\":{\"@id\":\"https:\/\/blogs.thesocialmedia.com\/leblogmoto\/#\/schema\/person\/1a1dcfc7cec206573105eb4af91155c2\"},\"breadcrumb\":{\"@id\":\"https:\/\/blogs.thesocialmedia.com\/leblogmoto\/2006\/04\/29\/ce-ntait-pas-la\/#breadcrumb\"},\"inLanguage\":\"fr-FR\",\"potentialAction\":[{\"@type\":\"ReadAction\",\"target\":[\"https:\/\/blogs.thesocialmedia.com\/leblogmoto\/2006\/04\/29\/ce-ntait-pas-la\/\"]}]},{\"@type\":\"ImageObject\",\"inLanguage\":\"fr-FR\",\"@id\":\"https:\/\/blogs.thesocialmedia.com\/leblogmoto\/2006\/04\/29\/ce-ntait-pas-la\/#primaryimage\",\"url\":\"http:\/\/www.leblogmoto.com\/images\/qatar01_1.jpg\",\"contentUrl\":\"http:\/\/www.leblogmoto.com\/images\/qatar01_1.jpg\"},{\"@type\":\"BreadcrumbList\",\"@id\":\"https:\/\/blogs.thesocialmedia.com\/leblogmoto\/2006\/04\/29\/ce-ntait-pas-la\/#breadcrumb\",\"itemListElement\":[{\"@type\":\"ListItem\",\"position\":1,\"name\":\"Accueil\",\"item\":\"https:\/\/blogs.thesocialmedia.com\/leblogmoto\/\"},{\"@type\":\"ListItem\",\"position\":2,\"name\":\"MotoGP TURQUIE: Les mines s&rsquo;allongent chez YAM\"}]},{\"@type\":\"WebSite\",\"@id\":\"https:\/\/blogs.thesocialmedia.com\/leblogmoto\/#website\",\"url\":\"https:\/\/blogs.thesocialmedia.com\/leblogmoto\/\",\"name\":\"leblogmoto\",\"description\":\"Toute l&#039;actualit\u00e9 des 2 roues\",\"potentialAction\":[{\"@type\":\"SearchAction\",\"target\":{\"@type\":\"EntryPoint\",\"urlTemplate\":\"https:\/\/blogs.thesocialmedia.com\/leblogmoto\/?s={search_term_string}\"},\"query-input\":{\"@type\":\"PropertyValueSpecification\",\"valueRequired\":true,\"valueName\":\"search_term_string\"}}],\"inLanguage\":\"fr-FR\"},{\"@type\":\"Person\",\"@id\":\"https:\/\/blogs.thesocialmedia.com\/leblogmoto\/#\/schema\/person\/1a1dcfc7cec206573105eb4af91155c2\",\"name\":\"andre leconde\",\"image\":{\"@type\":\"ImageObject\",\"inLanguage\":\"fr-FR\",\"@id\":\"https:\/\/blogs.thesocialmedia.com\/leblogmoto\/#\/schema\/person\/image\/\",\"url\":\"https:\/\/secure.gravatar.com\/avatar\/?s=96&d=mm&r=g\",\"contentUrl\":\"https:\/\/secure.gravatar.com\/avatar\/?s=96&d=mm&r=g\",\"caption\":\"andre leconde\"},\"url\":\"https:\/\/blogs.thesocialmedia.com\/leblogmoto\/author\/andre-leconde\/\"}]}<\/script>\n<!-- \/ Yoast SEO plugin. -->","yoast_head_json":{"title":"MotoGP TURQUIE: Les mines s'allongent chez YAM - leblogmoto.com","robots":{"index":"index","follow":"follow","max-snippet":"max-snippet:-1","max-image-preview":"max-image-preview:large","max-video-preview":"max-video-preview:-1"},"canonical":"https:\/\/blogs.thesocialmedia.com\/leblogmoto\/2006\/04\/29\/ce-ntait-pas-la\/","twitter_card":"summary_large_image","twitter_title":"MotoGP TURQUIE: Les mines s'allongent chez YAM - leblogmoto.com","twitter_description":"Ce n&rsquo;\u00e9tait pas la joie et l&rsquo;all\u00e9gresse qui r\u00e9gnaient \u00e0 la fin de la s\u00e9ance qualificative de ce GP de TURQUIE dans le Team YAMAHA CAMEL. Les sourires et les saluts \u00e9taient forc\u00e9s. Il faut dire que les maillots jaunes venaient d&rsquo;\u00eatre rinc\u00e9s. Sous la pluie, jamais la M.1 n&rsquo;a voulu se rendre compr\u00e9hensible \u00e0 [&hellip;]","twitter_image":"http:\/\/www.leblogmoto.com\/images\/qatar01_1.jpg","twitter_misc":{"\u00c9crit par":"andre leconde","Dur\u00e9e de lecture estim\u00e9e":"1 minute"},"schema":{"@context":"https:\/\/schema.org","@graph":[{"@type":"WebPage","@id":"https:\/\/blogs.thesocialmedia.com\/leblogmoto\/2006\/04\/29\/ce-ntait-pas-la\/","url":"https:\/\/blogs.thesocialmedia.com\/leblogmoto\/2006\/04\/29\/ce-ntait-pas-la\/","name":"MotoGP TURQUIE: Les mines s'allongent chez YAM - leblogmoto.com","isPartOf":{"@id":"https:\/\/blogs.thesocialmedia.com\/leblogmoto\/#website"},"primaryImageOfPage":{"@id":"https:\/\/blogs.thesocialmedia.com\/leblogmoto\/2006\/04\/29\/ce-ntait-pas-la\/#primaryimage"},"image":{"@id":"https:\/\/blogs.thesocialmedia.com\/leblogmoto\/2006\/04\/29\/ce-ntait-pas-la\/#primaryimage"},"thumbnailUrl":"http:\/\/www.leblogmoto.com\/images\/qatar01_1.jpg","datePublished":"2006-04-29T22:51:25+00:00","dateModified":"2012-07-11T14:21:13+00:00","author":{"@id":"https:\/\/blogs.thesocialmedia.com\/leblogmoto\/#\/schema\/person\/1a1dcfc7cec206573105eb4af91155c2"},"breadcrumb":{"@id":"https:\/\/blogs.thesocialmedia.com\/leblogmoto\/2006\/04\/29\/ce-ntait-pas-la\/#breadcrumb"},"inLanguage":"fr-FR","potentialAction":[{"@type":"ReadAction","target":["https:\/\/blogs.thesocialmedia.com\/leblogmoto\/2006\/04\/29\/ce-ntait-pas-la\/"]}]},{"@type":"ImageObject","inLanguage":"fr-FR","@id":"https:\/\/blogs.thesocialmedia.com\/leblogmoto\/2006\/04\/29\/ce-ntait-pas-la\/#primaryimage","url":"http:\/\/www.leblogmoto.com\/images\/qatar01_1.jpg","contentUrl":"http:\/\/www.leblogmoto.com\/images\/qatar01_1.jpg"},{"@type":"BreadcrumbList","@id":"https:\/\/blogs.thesocialmedia.com\/leblogmoto\/2006\/04\/29\/ce-ntait-pas-la\/#breadcrumb","itemListElement":[{"@type":"ListItem","position":1,"name":"Accueil","item":"https:\/\/blogs.thesocialmedia.com\/leblogmoto\/"},{"@type":"ListItem","position":2,"name":"MotoGP TURQUIE: Les mines s&rsquo;allongent chez YAM"}]},{"@type":"WebSite","@id":"https:\/\/blogs.thesocialmedia.com\/leblogmoto\/#website","url":"https:\/\/blogs.thesocialmedia.com\/leblogmoto\/","name":"leblogmoto","description":"Toute l&#039;actualit\u00e9 des 2 roues","potentialAction":[{"@type":"SearchAction","target":{"@type":"EntryPoint","urlTemplate":"https:\/\/blogs.thesocialmedia.com\/leblogmoto\/?s={search_term_string}"},"query-input":{"@type":"PropertyValueSpecification","valueRequired":true,"valueName":"search_term_string"}}],"inLanguage":"fr-FR"},{"@type":"Person","@id":"https:\/\/blogs.thesocialmedia.com\/leblogmoto\/#\/schema\/person\/1a1dcfc7cec206573105eb4af91155c2","name":"andre leconde","image":{"@type":"ImageObject","inLanguage":"fr-FR","@id":"https:\/\/blogs.thesocialmedia.com\/leblogmoto\/#\/schema\/person\/image\/","url":"https:\/\/secure.gravatar.com\/avatar\/?s=96&d=mm&r=g","contentUrl":"https:\/\/secure.gravatar.com\/avatar\/?s=96&d=mm&r=g","caption":"andre leconde"},"url":"https:\/\/blogs.thesocialmedia.com\/leblogmoto\/author\/andre-leconde\/"}]}},"_links":{"self":[{"href":"https:\/\/blogs.thesocialmedia.com\/leblogmoto\/wp-json\/wp\/v2\/posts\/1881","targetHints":{"allow":["GET"]}}],"collection":[{"href":"https:\/\/blogs.thesocialmedia.com\/leblogmoto\/wp-json\/wp\/v2\/posts"}],"about":[{"href":"https:\/\/blogs.thesocialmedia.com\/leblogmoto\/wp-json\/wp\/v2\/types\/post"}],"author":[{"embeddable":true,"href":"https:\/\/blogs.thesocialmedia.com\/leblogmoto\/wp-json\/wp\/v2\/users\/336"}],"replies":[{"embeddable":true,"href":"https:\/\/blogs.thesocialmedia.com\/leblogmoto\/wp-json\/wp\/v2\/comments?post=1881"}],"version-history":[{"count":2,"href":"https:\/\/blogs.thesocialmedia.com\/leblogmoto\/wp-json\/wp\/v2\/posts\/1881\/revisions"}],"predecessor-version":[{"id":7392,"href":"https:\/\/blogs.thesocialmedia.com\/leblogmoto\/wp-json\/wp\/v2\/posts\/1881\/revisions\/7392"}],"wp:attachment":[{"href":"https:\/\/blogs.thesocialmedia.com\/leblogmoto\/wp-json\/wp\/v2\/media?parent=1881"}],"wp:term":[{"taxonomy":"category","embeddable":true,"href":"https:\/\/blogs.thesocialmedia.com\/leblogmoto\/wp-json\/wp\/v2\/categories?post=1881"},{"taxonomy":"post_tag","embeddable":true,"href":"https:\/\/blogs.thesocialmedia.com\/leblogmoto\/wp-json\/wp\/v2\/tags?post=1881"}],"curies":[{"name":"wp","href":"https:\/\/api.w.org\/{rel}","templated":true}]}}