{"id":1882,"date":"2006-04-29T16:18:39","date_gmt":"2006-04-29T16:18:39","guid":{"rendered":"http:\/\/blogs.thesocialmedia.com\/leblogmoto\/2006\/04\/29\/motogp-turquie-1\/"},"modified":"2012-07-11T14:21:11","modified_gmt":"2012-07-11T14:21:11","slug":"motogp-turquie-1","status":"publish","type":"post","link":"https:\/\/blogs.thesocialmedia.com\/leblogmoto\/2006\/04\/29\/motogp-turquie-1\/","title":{"rendered":"MotoGP TURQUIE: Qualifs: Une SUZ \u00e0 l&rsquo;eau !"},"content":{"rendered":"<p><a href=\"http:\/\/blogs.thesocialmedia.com\/leblogmoto\/files\/2012\/07\/060424_suzgp.jpg\"><img loading=\"lazy\" decoding=\"async\" height=\"167\" alt=\"060424_suzgp\" src=\"http:\/\/www.leblogmoto.com\/images\/060424_suzgp.jpg\" width=\"250\"  \/><\/a>A <strong>23 ans<\/strong> et pour sa <strong>cinqui\u00e8me<\/strong> course en MotoGP, <strong>Chris VERMEULEN<\/strong> a sign\u00e9 sa premi\u00e8re <strong>pole position<\/strong> devant tout ce que compte de champions la cat\u00e9gorie reine de la vitesse.<\/p>\n<p>Certes, les conditions \u00e9taient tr\u00e8s particuli\u00e8res, soit sous une pluie diluvienne, qui a favoris\u00e9 des gommes BRIDGESTONE qui trustent cinq des six premi\u00e8res places. Mais c&rsquo;est bon pour le moral d&rsquo;une <a href=\"http:\/\/www.leblogmoto.com\/2006\/04\/motogp_le_coup_.html\">\u00e9curie SUZUKI<\/a> pas mal bouscul\u00e9e au <a href=\"http:\/\/www.leblogmoto.com\/2006\/04\/qatar_motogp_ro.html\">QATAR<\/a> et c&rsquo;est aussi bon pour nos couleurs, puisque <a href=\"http:\/\/www.leblogmoto.com\/2006\/04\/gp_heurts_et_ma.html\">DE PUNIET<\/a> se place, avec sa KAWA, \u00e0 un encourageant <strong>sixi\u00e8me<\/strong> rang&#8230; <\/p>\n<p><a href=\"http:\/\/clabedan.typepad.com\/.shared\/image.html?\/photos\/uncategorized\/060324_suzgp_1.jpg\"><img loading=\"lazy\" decoding=\"async\" height=\"372\" alt=\"060324_suzgp_1\" src=\"http:\/\/www.leblogmoto.com\/images\/060324_suzgp_1.jpg\" width=\"250\"  \/><\/a>VERMEULEN, HAYDEN, GIBERNAU, CAPIROSSI, HOPKINS, DE PUNIET. Cherchez l&rsquo;intrus et vous trouverez le soci\u00e8taire du <strong>HRC<\/strong>, le seul \u00e0 \u00eatre \u00e9quip\u00e9 en <strong>MICHELIN<\/strong>. Son jeune \u00e9quipier, en revanche, a totalement pris l&rsquo;eau: seizi\u00e8me \u00e0 six secondes de la pole. Une v\u00e9ritable douche \u00e9cossaise pour <strong>PEDROSA<\/strong>.<\/p>\n<p><a href=\"http:\/\/www.leblogmoto.com\/2006\/04\/motogp_turquie_.html\">STONER<\/a> est septi\u00e8me, devant NAKANO et EDWARDS, meilleur des <strong>M.1<\/strong>, puisque <strong>ROSSI pointe onzi\u00e8me<\/strong>. C&rsquo;\u00e9tait d\u00e9j\u00e0 son rang, hier, sur le sec. Mais on sait que &quot;Vale&quot; est une b\u00eate de course. ELIAS suit alors que le vainqueur de l&rsquo;an dernier MELANDRI n&rsquo;appr\u00e9cie pas plus la pluie, appara\u00eessant en quatorzi\u00e8me place.<\/p>\n<p>Les conditions ont donc d\u00e9livr\u00e9 une grille in\u00e9dite. Sauf pour les <strong>DUCATI<\/strong> et <strong>HAYDEN<\/strong>, qui devraient, demain, et semble-t-il sur le sec, pouvoir en d\u00e9coudre pour la victoire. Pour les autres, il faudra s&rsquo;arracher d\u00e8s le d\u00e9part&#8230;<\/p>\n<p>Les autres cat\u00e9gories ont \u00e9volu\u00e9 sous le m\u00eame climat, si bien que les chronos d&rsquo;hier en <strong>125<\/strong> et <strong>250<\/strong> figent la grille des d\u00e9parts de demain. Soit la pole pour <a href=\"http:\/\/www.leblogmoto.com\/2006\/04\/125250_turquie_.html\">BAUTISTA en 125<\/a> et pour la position de pointe pour <a href=\"http:\/\/www.leblogmoto.com\/2006\/04\/125250_turquie_.html\">LORENZO en 250<\/a>.&nbsp; &nbsp;&nbsp; <\/p>\n","protected":false},"excerpt":{"rendered":"<p>A 23 ans et pour sa cinqui\u00e8me course en MotoGP, Chris VERMEULEN a sign\u00e9 sa premi\u00e8re pole position devant tout ce que compte de champions la cat\u00e9gorie reine de la vitesse. Certes, les conditions \u00e9taient tr\u00e8s particuli\u00e8res, soit sous une pluie diluvienne, qui a favoris\u00e9 des gommes BRIDGESTONE qui trustent cinq des six premi\u00e8res places. [&hellip;]<\/p>\n","protected":false},"author":336,"featured_media":0,"comment_status":"open","ping_status":"open","sticky":false,"template":"","format":"standard","meta":{"footnotes":""},"categories":[22,32],"tags":[],"class_list":["post-1882","post","type-post","status-publish","format-standard","hentry","category-motogp","category-sport-moto"],"yoast_head":"<!-- This site is optimized with the Yoast SEO plugin v26.0 - https:\/\/yoast.com\/wordpress\/plugins\/seo\/ -->\n<title>MotoGP TURQUIE: Qualifs: Une SUZ \u00e0 l&#039;eau ! - leblogmoto.com<\/title>\n<meta name=\"robots\" content=\"index, follow, max-snippet:-1, max-image-preview:large, max-video-preview:-1\" \/>\n<link rel=\"canonical\" href=\"https:\/\/blogs.thesocialmedia.com\/leblogmoto\/2006\/04\/29\/motogp-turquie-1\/\" \/>\n<meta name=\"twitter:card\" content=\"summary_large_image\" \/>\n<meta name=\"twitter:title\" content=\"MotoGP TURQUIE: Qualifs: Une SUZ \u00e0 l&#039;eau ! - leblogmoto.com\" \/>\n<meta name=\"twitter:description\" content=\"A 23 ans et pour sa cinqui\u00e8me course en MotoGP, Chris VERMEULEN a sign\u00e9 sa premi\u00e8re pole position devant tout ce que compte de champions la cat\u00e9gorie reine de la vitesse. Certes, les conditions \u00e9taient tr\u00e8s particuli\u00e8res, soit sous une pluie diluvienne, qui a favoris\u00e9 des gommes BRIDGESTONE qui trustent cinq des six premi\u00e8res places. [&hellip;]\" \/>\n<meta name=\"twitter:image\" content=\"http:\/\/www.leblogmoto.com\/images\/060424_suzgp.jpg\" \/>\n<meta name=\"twitter:label1\" content=\"\u00c9crit par\" \/>\n\t<meta name=\"twitter:data1\" content=\"andre leconde\" \/>\n\t<meta name=\"twitter:label2\" content=\"Dur\u00e9e de lecture estim\u00e9e\" \/>\n\t<meta name=\"twitter:data2\" content=\"1 minute\" \/>\n<script type=\"application\/ld+json\" class=\"yoast-schema-graph\">{\"@context\":\"https:\/\/schema.org\",\"@graph\":[{\"@type\":\"WebPage\",\"@id\":\"https:\/\/blogs.thesocialmedia.com\/leblogmoto\/2006\/04\/29\/motogp-turquie-1\/\",\"url\":\"https:\/\/blogs.thesocialmedia.com\/leblogmoto\/2006\/04\/29\/motogp-turquie-1\/\",\"name\":\"MotoGP TURQUIE: Qualifs: Une SUZ \u00e0 l'eau ! - leblogmoto.com\",\"isPartOf\":{\"@id\":\"https:\/\/blogs.thesocialmedia.com\/leblogmoto\/#website\"},\"primaryImageOfPage\":{\"@id\":\"https:\/\/blogs.thesocialmedia.com\/leblogmoto\/2006\/04\/29\/motogp-turquie-1\/#primaryimage\"},\"image\":{\"@id\":\"https:\/\/blogs.thesocialmedia.com\/leblogmoto\/2006\/04\/29\/motogp-turquie-1\/#primaryimage\"},\"thumbnailUrl\":\"http:\/\/www.leblogmoto.com\/images\/060424_suzgp.jpg\",\"datePublished\":\"2006-04-29T16:18:39+00:00\",\"dateModified\":\"2012-07-11T14:21:11+00:00\",\"author\":{\"@id\":\"https:\/\/blogs.thesocialmedia.com\/leblogmoto\/#\/schema\/person\/1a1dcfc7cec206573105eb4af91155c2\"},\"breadcrumb\":{\"@id\":\"https:\/\/blogs.thesocialmedia.com\/leblogmoto\/2006\/04\/29\/motogp-turquie-1\/#breadcrumb\"},\"inLanguage\":\"fr-FR\",\"potentialAction\":[{\"@type\":\"ReadAction\",\"target\":[\"https:\/\/blogs.thesocialmedia.com\/leblogmoto\/2006\/04\/29\/motogp-turquie-1\/\"]}]},{\"@type\":\"ImageObject\",\"inLanguage\":\"fr-FR\",\"@id\":\"https:\/\/blogs.thesocialmedia.com\/leblogmoto\/2006\/04\/29\/motogp-turquie-1\/#primaryimage\",\"url\":\"http:\/\/www.leblogmoto.com\/images\/060424_suzgp.jpg\",\"contentUrl\":\"http:\/\/www.leblogmoto.com\/images\/060424_suzgp.jpg\"},{\"@type\":\"BreadcrumbList\",\"@id\":\"https:\/\/blogs.thesocialmedia.com\/leblogmoto\/2006\/04\/29\/motogp-turquie-1\/#breadcrumb\",\"itemListElement\":[{\"@type\":\"ListItem\",\"position\":1,\"name\":\"Accueil\",\"item\":\"https:\/\/blogs.thesocialmedia.com\/leblogmoto\/\"},{\"@type\":\"ListItem\",\"position\":2,\"name\":\"MotoGP TURQUIE: Qualifs: Une SUZ \u00e0 l&rsquo;eau !\"}]},{\"@type\":\"WebSite\",\"@id\":\"https:\/\/blogs.thesocialmedia.com\/leblogmoto\/#website\",\"url\":\"https:\/\/blogs.thesocialmedia.com\/leblogmoto\/\",\"name\":\"leblogmoto\",\"description\":\"Toute l&#039;actualit\u00e9 des 2 roues\",\"potentialAction\":[{\"@type\":\"SearchAction\",\"target\":{\"@type\":\"EntryPoint\",\"urlTemplate\":\"https:\/\/blogs.thesocialmedia.com\/leblogmoto\/?s={search_term_string}\"},\"query-input\":{\"@type\":\"PropertyValueSpecification\",\"valueRequired\":true,\"valueName\":\"search_term_string\"}}],\"inLanguage\":\"fr-FR\"},{\"@type\":\"Person\",\"@id\":\"https:\/\/blogs.thesocialmedia.com\/leblogmoto\/#\/schema\/person\/1a1dcfc7cec206573105eb4af91155c2\",\"name\":\"andre leconde\",\"image\":{\"@type\":\"ImageObject\",\"inLanguage\":\"fr-FR\",\"@id\":\"https:\/\/blogs.thesocialmedia.com\/leblogmoto\/#\/schema\/person\/image\/\",\"url\":\"https:\/\/secure.gravatar.com\/avatar\/?s=96&d=mm&r=g\",\"contentUrl\":\"https:\/\/secure.gravatar.com\/avatar\/?s=96&d=mm&r=g\",\"caption\":\"andre leconde\"},\"url\":\"https:\/\/blogs.thesocialmedia.com\/leblogmoto\/author\/andre-leconde\/\"}]}<\/script>\n<!-- \/ Yoast SEO plugin. -->","yoast_head_json":{"title":"MotoGP TURQUIE: Qualifs: Une SUZ \u00e0 l'eau ! - leblogmoto.com","robots":{"index":"index","follow":"follow","max-snippet":"max-snippet:-1","max-image-preview":"max-image-preview:large","max-video-preview":"max-video-preview:-1"},"canonical":"https:\/\/blogs.thesocialmedia.com\/leblogmoto\/2006\/04\/29\/motogp-turquie-1\/","twitter_card":"summary_large_image","twitter_title":"MotoGP TURQUIE: Qualifs: Une SUZ \u00e0 l'eau ! - leblogmoto.com","twitter_description":"A 23 ans et pour sa cinqui\u00e8me course en MotoGP, Chris VERMEULEN a sign\u00e9 sa premi\u00e8re pole position devant tout ce que compte de champions la cat\u00e9gorie reine de la vitesse. Certes, les conditions \u00e9taient tr\u00e8s particuli\u00e8res, soit sous une pluie diluvienne, qui a favoris\u00e9 des gommes BRIDGESTONE qui trustent cinq des six premi\u00e8res places. [&hellip;]","twitter_image":"http:\/\/www.leblogmoto.com\/images\/060424_suzgp.jpg","twitter_misc":{"\u00c9crit par":"andre leconde","Dur\u00e9e de lecture estim\u00e9e":"1 minute"},"schema":{"@context":"https:\/\/schema.org","@graph":[{"@type":"WebPage","@id":"https:\/\/blogs.thesocialmedia.com\/leblogmoto\/2006\/04\/29\/motogp-turquie-1\/","url":"https:\/\/blogs.thesocialmedia.com\/leblogmoto\/2006\/04\/29\/motogp-turquie-1\/","name":"MotoGP TURQUIE: Qualifs: Une SUZ \u00e0 l'eau ! - leblogmoto.com","isPartOf":{"@id":"https:\/\/blogs.thesocialmedia.com\/leblogmoto\/#website"},"primaryImageOfPage":{"@id":"https:\/\/blogs.thesocialmedia.com\/leblogmoto\/2006\/04\/29\/motogp-turquie-1\/#primaryimage"},"image":{"@id":"https:\/\/blogs.thesocialmedia.com\/leblogmoto\/2006\/04\/29\/motogp-turquie-1\/#primaryimage"},"thumbnailUrl":"http:\/\/www.leblogmoto.com\/images\/060424_suzgp.jpg","datePublished":"2006-04-29T16:18:39+00:00","dateModified":"2012-07-11T14:21:11+00:00","author":{"@id":"https:\/\/blogs.thesocialmedia.com\/leblogmoto\/#\/schema\/person\/1a1dcfc7cec206573105eb4af91155c2"},"breadcrumb":{"@id":"https:\/\/blogs.thesocialmedia.com\/leblogmoto\/2006\/04\/29\/motogp-turquie-1\/#breadcrumb"},"inLanguage":"fr-FR","potentialAction":[{"@type":"ReadAction","target":["https:\/\/blogs.thesocialmedia.com\/leblogmoto\/2006\/04\/29\/motogp-turquie-1\/"]}]},{"@type":"ImageObject","inLanguage":"fr-FR","@id":"https:\/\/blogs.thesocialmedia.com\/leblogmoto\/2006\/04\/29\/motogp-turquie-1\/#primaryimage","url":"http:\/\/www.leblogmoto.com\/images\/060424_suzgp.jpg","contentUrl":"http:\/\/www.leblogmoto.com\/images\/060424_suzgp.jpg"},{"@type":"BreadcrumbList","@id":"https:\/\/blogs.thesocialmedia.com\/leblogmoto\/2006\/04\/29\/motogp-turquie-1\/#breadcrumb","itemListElement":[{"@type":"ListItem","position":1,"name":"Accueil","item":"https:\/\/blogs.thesocialmedia.com\/leblogmoto\/"},{"@type":"ListItem","position":2,"name":"MotoGP TURQUIE: Qualifs: Une SUZ \u00e0 l&rsquo;eau !"}]},{"@type":"WebSite","@id":"https:\/\/blogs.thesocialmedia.com\/leblogmoto\/#website","url":"https:\/\/blogs.thesocialmedia.com\/leblogmoto\/","name":"leblogmoto","description":"Toute l&#039;actualit\u00e9 des 2 roues","potentialAction":[{"@type":"SearchAction","target":{"@type":"EntryPoint","urlTemplate":"https:\/\/blogs.thesocialmedia.com\/leblogmoto\/?s={search_term_string}"},"query-input":{"@type":"PropertyValueSpecification","valueRequired":true,"valueName":"search_term_string"}}],"inLanguage":"fr-FR"},{"@type":"Person","@id":"https:\/\/blogs.thesocialmedia.com\/leblogmoto\/#\/schema\/person\/1a1dcfc7cec206573105eb4af91155c2","name":"andre leconde","image":{"@type":"ImageObject","inLanguage":"fr-FR","@id":"https:\/\/blogs.thesocialmedia.com\/leblogmoto\/#\/schema\/person\/image\/","url":"https:\/\/secure.gravatar.com\/avatar\/?s=96&d=mm&r=g","contentUrl":"https:\/\/secure.gravatar.com\/avatar\/?s=96&d=mm&r=g","caption":"andre leconde"},"url":"https:\/\/blogs.thesocialmedia.com\/leblogmoto\/author\/andre-leconde\/"}]}},"_links":{"self":[{"href":"https:\/\/blogs.thesocialmedia.com\/leblogmoto\/wp-json\/wp\/v2\/posts\/1882","targetHints":{"allow":["GET"]}}],"collection":[{"href":"https:\/\/blogs.thesocialmedia.com\/leblogmoto\/wp-json\/wp\/v2\/posts"}],"about":[{"href":"https:\/\/blogs.thesocialmedia.com\/leblogmoto\/wp-json\/wp\/v2\/types\/post"}],"author":[{"embeddable":true,"href":"https:\/\/blogs.thesocialmedia.com\/leblogmoto\/wp-json\/wp\/v2\/users\/336"}],"replies":[{"embeddable":true,"href":"https:\/\/blogs.thesocialmedia.com\/leblogmoto\/wp-json\/wp\/v2\/comments?post=1882"}],"version-history":[{"count":2,"href":"https:\/\/blogs.thesocialmedia.com\/leblogmoto\/wp-json\/wp\/v2\/posts\/1882\/revisions"}],"predecessor-version":[{"id":7390,"href":"https:\/\/blogs.thesocialmedia.com\/leblogmoto\/wp-json\/wp\/v2\/posts\/1882\/revisions\/7390"}],"wp:attachment":[{"href":"https:\/\/blogs.thesocialmedia.com\/leblogmoto\/wp-json\/wp\/v2\/media?parent=1882"}],"wp:term":[{"taxonomy":"category","embeddable":true,"href":"https:\/\/blogs.thesocialmedia.com\/leblogmoto\/wp-json\/wp\/v2\/categories?post=1882"},{"taxonomy":"post_tag","embeddable":true,"href":"https:\/\/blogs.thesocialmedia.com\/leblogmoto\/wp-json\/wp\/v2\/tags?post=1882"}],"curies":[{"name":"wp","href":"https:\/\/api.w.org\/{rel}","templated":true}]}}