{"id":1883,"date":"2006-04-29T11:21:34","date_gmt":"2006-04-29T11:21:34","guid":{"rendered":"http:\/\/blogs.thesocialmedia.com\/leblogmoto\/2006\/04\/29\/vespa-et-son-ka\/"},"modified":"2012-07-11T14:21:09","modified_gmt":"2012-07-11T14:21:09","slug":"vespa-et-son-ka","status":"publish","type":"post","link":"https:\/\/blogs.thesocialmedia.com\/leblogmoto\/2006\/04\/29\/vespa-et-son-ka\/","title":{"rendered":"VESPA et son Kamascooter: A consommer sans mod\u00e9ration"},"content":{"rendered":"<p><a href=\"http:\/\/blogs.thesocialmedia.com\/leblogmoto\/files\/2012\/07\/kamascooter.jpg\"><img loading=\"lazy\" decoding=\"async\" height=\"313\" alt=\"Kamascooter\" src=\"http:\/\/www.leblogmoto.com\/images\/kamascooter.jpg\" width=\"470\"  \/><\/a>D&rsquo;aucuns disent que la vie commence \u00e0 <strong>soixante ans<\/strong>. Mais ce qui est certain, c&rsquo;est que <a href=\"http:\/\/www.leblogmoto.com\/2006\/04\/pour_clbrer_com.html\">PIAGGIO<\/a>, <a href=\"http:\/\/www.leblogmoto.com\/2006\/04\/vespa_a_60_ans.html\">pour f\u00eater ceux de son blason VESPA<\/a>, a d\u00e9cid\u00e9 de nous montrer, qu&rsquo;\u00e0 cet \u00e2ge l\u00e0, on avait toujours de l&rsquo;imagination \u00e0 revendre. De celle qui saupoudre la <a href=\"http:\/\/www.leblogmoto.com\/2006\/04\/_on_en_ralerait.html\">trivialit\u00e9 <\/a>d&rsquo;un troublant raffinement qui confine \u00e0 l&rsquo;hypnose.<\/p>\n<p>Voici donc le &quot;<strong>Kama-Scooter<\/strong>&quot;, \u00e0 consommer sans mod\u00e9ration et \u00e0 folioter avec douceur. C&rsquo;est vrai qu&rsquo;au d\u00e9roul\u00e9 du menu, on zappe assez vite sur les messages commerciaux d&rsquo;un produit que l&rsquo;on d\u00e9taille beaucoup moins que le bin\u00f4me qui s&rsquo;y \u00e9gaye dessus.<\/p>\n<p>Les risques du concept&#8230;<\/p>\n<p>SOURCE: <a href=\"http:\/\/www.kamascooter.com\/\">www.kamascooter.com<\/a> <\/p>\n","protected":false},"excerpt":{"rendered":"<p>D&rsquo;aucuns disent que la vie commence \u00e0 soixante ans. Mais ce qui est certain, c&rsquo;est que PIAGGIO, pour f\u00eater ceux de son blason VESPA, a d\u00e9cid\u00e9 de nous montrer, qu&rsquo;\u00e0 cet \u00e2ge l\u00e0, on avait toujours de l&rsquo;imagination \u00e0 revendre. De celle qui saupoudre la trivialit\u00e9 d&rsquo;un troublant raffinement qui confine \u00e0 l&rsquo;hypnose. Voici donc [&hellip;]<\/p>\n","protected":false},"author":336,"featured_media":0,"comment_status":"open","ping_status":"open","sticky":false,"template":"","format":"standard","meta":{"footnotes":""},"categories":[49,8,18,19,20,12],"tags":[],"class_list":["post-1883","post","type-post","status-publish","format-standard","hentry","category-actualites-entreprise","category-chaines-et-cuirs","category-piaggio","category-scooter","category-vespa","category-videos"],"yoast_head":"<!-- This site is optimized with the Yoast SEO plugin v26.0 - https:\/\/yoast.com\/wordpress\/plugins\/seo\/ -->\n<title>VESPA et son Kamascooter: A consommer sans mod\u00e9ration - leblogmoto.com<\/title>\n<meta name=\"robots\" content=\"index, follow, max-snippet:-1, max-image-preview:large, max-video-preview:-1\" \/>\n<link rel=\"canonical\" href=\"https:\/\/blogs.thesocialmedia.com\/leblogmoto\/2006\/04\/29\/vespa-et-son-ka\/\" \/>\n<meta name=\"twitter:card\" content=\"summary_large_image\" \/>\n<meta name=\"twitter:title\" content=\"VESPA et son Kamascooter: A consommer sans mod\u00e9ration - leblogmoto.com\" \/>\n<meta name=\"twitter:description\" content=\"D&rsquo;aucuns disent que la vie commence \u00e0 soixante ans. Mais ce qui est certain, c&rsquo;est que PIAGGIO, pour f\u00eater ceux de son blason VESPA, a d\u00e9cid\u00e9 de nous montrer, qu&rsquo;\u00e0 cet \u00e2ge l\u00e0, on avait toujours de l&rsquo;imagination \u00e0 revendre. De celle qui saupoudre la trivialit\u00e9 d&rsquo;un troublant raffinement qui confine \u00e0 l&rsquo;hypnose. Voici donc [&hellip;]\" \/>\n<meta name=\"twitter:image\" content=\"http:\/\/www.leblogmoto.com\/images\/kamascooter.jpg\" \/>\n<meta name=\"twitter:label1\" content=\"\u00c9crit par\" \/>\n\t<meta name=\"twitter:data1\" content=\"andre leconde\" \/>\n\t<meta name=\"twitter:label2\" content=\"Dur\u00e9e de lecture estim\u00e9e\" \/>\n\t<meta name=\"twitter:data2\" content=\"1 minute\" \/>\n<script type=\"application\/ld+json\" class=\"yoast-schema-graph\">{\"@context\":\"https:\/\/schema.org\",\"@graph\":[{\"@type\":\"WebPage\",\"@id\":\"https:\/\/blogs.thesocialmedia.com\/leblogmoto\/2006\/04\/29\/vespa-et-son-ka\/\",\"url\":\"https:\/\/blogs.thesocialmedia.com\/leblogmoto\/2006\/04\/29\/vespa-et-son-ka\/\",\"name\":\"VESPA et son Kamascooter: A consommer sans mod\u00e9ration - leblogmoto.com\",\"isPartOf\":{\"@id\":\"https:\/\/blogs.thesocialmedia.com\/leblogmoto\/#website\"},\"primaryImageOfPage\":{\"@id\":\"https:\/\/blogs.thesocialmedia.com\/leblogmoto\/2006\/04\/29\/vespa-et-son-ka\/#primaryimage\"},\"image\":{\"@id\":\"https:\/\/blogs.thesocialmedia.com\/leblogmoto\/2006\/04\/29\/vespa-et-son-ka\/#primaryimage\"},\"thumbnailUrl\":\"http:\/\/www.leblogmoto.com\/images\/kamascooter.jpg\",\"datePublished\":\"2006-04-29T11:21:34+00:00\",\"dateModified\":\"2012-07-11T14:21:09+00:00\",\"author\":{\"@id\":\"https:\/\/blogs.thesocialmedia.com\/leblogmoto\/#\/schema\/person\/1a1dcfc7cec206573105eb4af91155c2\"},\"breadcrumb\":{\"@id\":\"https:\/\/blogs.thesocialmedia.com\/leblogmoto\/2006\/04\/29\/vespa-et-son-ka\/#breadcrumb\"},\"inLanguage\":\"fr-FR\",\"potentialAction\":[{\"@type\":\"ReadAction\",\"target\":[\"https:\/\/blogs.thesocialmedia.com\/leblogmoto\/2006\/04\/29\/vespa-et-son-ka\/\"]}]},{\"@type\":\"ImageObject\",\"inLanguage\":\"fr-FR\",\"@id\":\"https:\/\/blogs.thesocialmedia.com\/leblogmoto\/2006\/04\/29\/vespa-et-son-ka\/#primaryimage\",\"url\":\"http:\/\/www.leblogmoto.com\/images\/kamascooter.jpg\",\"contentUrl\":\"http:\/\/www.leblogmoto.com\/images\/kamascooter.jpg\"},{\"@type\":\"BreadcrumbList\",\"@id\":\"https:\/\/blogs.thesocialmedia.com\/leblogmoto\/2006\/04\/29\/vespa-et-son-ka\/#breadcrumb\",\"itemListElement\":[{\"@type\":\"ListItem\",\"position\":1,\"name\":\"Accueil\",\"item\":\"https:\/\/blogs.thesocialmedia.com\/leblogmoto\/\"},{\"@type\":\"ListItem\",\"position\":2,\"name\":\"VESPA et son Kamascooter: A consommer sans mod\u00e9ration\"}]},{\"@type\":\"WebSite\",\"@id\":\"https:\/\/blogs.thesocialmedia.com\/leblogmoto\/#website\",\"url\":\"https:\/\/blogs.thesocialmedia.com\/leblogmoto\/\",\"name\":\"leblogmoto\",\"description\":\"Toute l&#039;actualit\u00e9 des 2 roues\",\"potentialAction\":[{\"@type\":\"SearchAction\",\"target\":{\"@type\":\"EntryPoint\",\"urlTemplate\":\"https:\/\/blogs.thesocialmedia.com\/leblogmoto\/?s={search_term_string}\"},\"query-input\":{\"@type\":\"PropertyValueSpecification\",\"valueRequired\":true,\"valueName\":\"search_term_string\"}}],\"inLanguage\":\"fr-FR\"},{\"@type\":\"Person\",\"@id\":\"https:\/\/blogs.thesocialmedia.com\/leblogmoto\/#\/schema\/person\/1a1dcfc7cec206573105eb4af91155c2\",\"name\":\"andre leconde\",\"image\":{\"@type\":\"ImageObject\",\"inLanguage\":\"fr-FR\",\"@id\":\"https:\/\/blogs.thesocialmedia.com\/leblogmoto\/#\/schema\/person\/image\/\",\"url\":\"https:\/\/secure.gravatar.com\/avatar\/?s=96&d=mm&r=g\",\"contentUrl\":\"https:\/\/secure.gravatar.com\/avatar\/?s=96&d=mm&r=g\",\"caption\":\"andre leconde\"},\"url\":\"https:\/\/blogs.thesocialmedia.com\/leblogmoto\/author\/andre-leconde\/\"}]}<\/script>\n<!-- \/ Yoast SEO plugin. -->","yoast_head_json":{"title":"VESPA et son Kamascooter: A consommer sans mod\u00e9ration - leblogmoto.com","robots":{"index":"index","follow":"follow","max-snippet":"max-snippet:-1","max-image-preview":"max-image-preview:large","max-video-preview":"max-video-preview:-1"},"canonical":"https:\/\/blogs.thesocialmedia.com\/leblogmoto\/2006\/04\/29\/vespa-et-son-ka\/","twitter_card":"summary_large_image","twitter_title":"VESPA et son Kamascooter: A consommer sans mod\u00e9ration - leblogmoto.com","twitter_description":"D&rsquo;aucuns disent que la vie commence \u00e0 soixante ans. Mais ce qui est certain, c&rsquo;est que PIAGGIO, pour f\u00eater ceux de son blason VESPA, a d\u00e9cid\u00e9 de nous montrer, qu&rsquo;\u00e0 cet \u00e2ge l\u00e0, on avait toujours de l&rsquo;imagination \u00e0 revendre. De celle qui saupoudre la trivialit\u00e9 d&rsquo;un troublant raffinement qui confine \u00e0 l&rsquo;hypnose. Voici donc [&hellip;]","twitter_image":"http:\/\/www.leblogmoto.com\/images\/kamascooter.jpg","twitter_misc":{"\u00c9crit par":"andre leconde","Dur\u00e9e de lecture estim\u00e9e":"1 minute"},"schema":{"@context":"https:\/\/schema.org","@graph":[{"@type":"WebPage","@id":"https:\/\/blogs.thesocialmedia.com\/leblogmoto\/2006\/04\/29\/vespa-et-son-ka\/","url":"https:\/\/blogs.thesocialmedia.com\/leblogmoto\/2006\/04\/29\/vespa-et-son-ka\/","name":"VESPA et son Kamascooter: A consommer sans mod\u00e9ration - leblogmoto.com","isPartOf":{"@id":"https:\/\/blogs.thesocialmedia.com\/leblogmoto\/#website"},"primaryImageOfPage":{"@id":"https:\/\/blogs.thesocialmedia.com\/leblogmoto\/2006\/04\/29\/vespa-et-son-ka\/#primaryimage"},"image":{"@id":"https:\/\/blogs.thesocialmedia.com\/leblogmoto\/2006\/04\/29\/vespa-et-son-ka\/#primaryimage"},"thumbnailUrl":"http:\/\/www.leblogmoto.com\/images\/kamascooter.jpg","datePublished":"2006-04-29T11:21:34+00:00","dateModified":"2012-07-11T14:21:09+00:00","author":{"@id":"https:\/\/blogs.thesocialmedia.com\/leblogmoto\/#\/schema\/person\/1a1dcfc7cec206573105eb4af91155c2"},"breadcrumb":{"@id":"https:\/\/blogs.thesocialmedia.com\/leblogmoto\/2006\/04\/29\/vespa-et-son-ka\/#breadcrumb"},"inLanguage":"fr-FR","potentialAction":[{"@type":"ReadAction","target":["https:\/\/blogs.thesocialmedia.com\/leblogmoto\/2006\/04\/29\/vespa-et-son-ka\/"]}]},{"@type":"ImageObject","inLanguage":"fr-FR","@id":"https:\/\/blogs.thesocialmedia.com\/leblogmoto\/2006\/04\/29\/vespa-et-son-ka\/#primaryimage","url":"http:\/\/www.leblogmoto.com\/images\/kamascooter.jpg","contentUrl":"http:\/\/www.leblogmoto.com\/images\/kamascooter.jpg"},{"@type":"BreadcrumbList","@id":"https:\/\/blogs.thesocialmedia.com\/leblogmoto\/2006\/04\/29\/vespa-et-son-ka\/#breadcrumb","itemListElement":[{"@type":"ListItem","position":1,"name":"Accueil","item":"https:\/\/blogs.thesocialmedia.com\/leblogmoto\/"},{"@type":"ListItem","position":2,"name":"VESPA et son Kamascooter: A consommer sans mod\u00e9ration"}]},{"@type":"WebSite","@id":"https:\/\/blogs.thesocialmedia.com\/leblogmoto\/#website","url":"https:\/\/blogs.thesocialmedia.com\/leblogmoto\/","name":"leblogmoto","description":"Toute l&#039;actualit\u00e9 des 2 roues","potentialAction":[{"@type":"SearchAction","target":{"@type":"EntryPoint","urlTemplate":"https:\/\/blogs.thesocialmedia.com\/leblogmoto\/?s={search_term_string}"},"query-input":{"@type":"PropertyValueSpecification","valueRequired":true,"valueName":"search_term_string"}}],"inLanguage":"fr-FR"},{"@type":"Person","@id":"https:\/\/blogs.thesocialmedia.com\/leblogmoto\/#\/schema\/person\/1a1dcfc7cec206573105eb4af91155c2","name":"andre leconde","image":{"@type":"ImageObject","inLanguage":"fr-FR","@id":"https:\/\/blogs.thesocialmedia.com\/leblogmoto\/#\/schema\/person\/image\/","url":"https:\/\/secure.gravatar.com\/avatar\/?s=96&d=mm&r=g","contentUrl":"https:\/\/secure.gravatar.com\/avatar\/?s=96&d=mm&r=g","caption":"andre leconde"},"url":"https:\/\/blogs.thesocialmedia.com\/leblogmoto\/author\/andre-leconde\/"}]}},"_links":{"self":[{"href":"https:\/\/blogs.thesocialmedia.com\/leblogmoto\/wp-json\/wp\/v2\/posts\/1883","targetHints":{"allow":["GET"]}}],"collection":[{"href":"https:\/\/blogs.thesocialmedia.com\/leblogmoto\/wp-json\/wp\/v2\/posts"}],"about":[{"href":"https:\/\/blogs.thesocialmedia.com\/leblogmoto\/wp-json\/wp\/v2\/types\/post"}],"author":[{"embeddable":true,"href":"https:\/\/blogs.thesocialmedia.com\/leblogmoto\/wp-json\/wp\/v2\/users\/336"}],"replies":[{"embeddable":true,"href":"https:\/\/blogs.thesocialmedia.com\/leblogmoto\/wp-json\/wp\/v2\/comments?post=1883"}],"version-history":[{"count":2,"href":"https:\/\/blogs.thesocialmedia.com\/leblogmoto\/wp-json\/wp\/v2\/posts\/1883\/revisions"}],"predecessor-version":[{"id":7388,"href":"https:\/\/blogs.thesocialmedia.com\/leblogmoto\/wp-json\/wp\/v2\/posts\/1883\/revisions\/7388"}],"wp:attachment":[{"href":"https:\/\/blogs.thesocialmedia.com\/leblogmoto\/wp-json\/wp\/v2\/media?parent=1883"}],"wp:term":[{"taxonomy":"category","embeddable":true,"href":"https:\/\/blogs.thesocialmedia.com\/leblogmoto\/wp-json\/wp\/v2\/categories?post=1883"},{"taxonomy":"post_tag","embeddable":true,"href":"https:\/\/blogs.thesocialmedia.com\/leblogmoto\/wp-json\/wp\/v2\/tags?post=1883"}],"curies":[{"name":"wp","href":"https:\/\/api.w.org\/{rel}","templated":true}]}}