{"id":1886,"date":"2006-04-28T18:01:18","date_gmt":"2006-04-28T18:01:18","guid":{"rendered":"http:\/\/blogs.thesocialmedia.com\/leblogmoto\/2006\/04\/28\/125250-turquie\/"},"modified":"2012-07-11T13:21:41","modified_gmt":"2012-07-11T13:21:41","slug":"125250-turquie","status":"publish","type":"post","link":"https:\/\/blogs.thesocialmedia.com\/leblogmoto\/2006\/04\/28\/125250-turquie\/","title":{"rendered":"125-250 TURQUIE: Les leaders confirment"},"content":{"rendered":"<p><a href=\"http:\/\/www.leblogmoto.com\/2006\/04\/qatar_125_bauti.html\"><img loading=\"lazy\" decoding=\"async\" height=\"166\" alt=\"G_7898\" src=\"http:\/\/www.leblogmoto.com\/images\/g_7898.gif\" width=\"250\"  \/>BAUTISTA<\/a> et <a href=\"http:\/\/www.leblogmoto.com\/2006\/04\/qatar_250_loren.html\">LORENZO<\/a> n&rsquo;ont pas l&rsquo;intention de laisser l&rsquo;ombre d&rsquo;un espoir \u00e0 leurs poursuivants. Ils sont les patrons de leur cat\u00e9gorie respective et comptent bien le faire savoir \u00e0 chaque sortie.<\/p>\n<p>D\u00e8s lors, il n&rsquo;est gu\u00e8re surprenant de les voir en t\u00eate des chronos de cette fin de journ\u00e9e. Pour les <a href=\"http:\/\/www.leblogmoto.com\/2006\/04\/gp_heurts_et_ma.html\">Fran\u00e7ais<\/a>, ce n&rsquo;est pas si mal, m\u00eame si le mieux est g\u00e9n\u00e9ralement l&rsquo;ennemi du bien&#8230; <\/p>\n<p><a href=\"http:\/\/clabedan.typepad.com\/.shared\/image.html?\/photos\/uncategorized\/zoom3_01712.gif\"><img loading=\"lazy\" decoding=\"async\" height=\"166\" alt=\"Zoom3_01712\" src=\"http:\/\/www.leblogmoto.com\/images\/zoom3_01712.gif\" width=\"250\"  \/><\/a>En <strong>125<\/strong>, <strong>BAUTISTA<\/strong> domine <strong>PASINI<\/strong>, <strong>CORSI<\/strong> et <strong>FAUBEL<\/strong>. Trois <strong>APRILIA<\/strong> du team <strong>MVA ASPAR<\/strong> dans les trois premiers, la demonstration est faite que cette \u00e9quipe est celle dont il faut \u00eatre pour briguer les avant-postes. CORSI et sa <strong>GILERA<\/strong> n&rsquo;en ont que plus de m\u00e9rite \u00e0 s&rsquo;immiscer entre ces furieux.<\/p>\n<p>Le champion du monde en titre est onzi\u00e8me, <strong>DI MEGLIO<\/strong> quinzi\u00e8me et le revenant <strong>MASBOU<\/strong> vingt-cinqui\u00e8me.<\/p>\n<p>En <strong>250<\/strong>, <strong>LORENZO <\/strong>a tout simplement assom\u00e9 <strong>DE ANGELIS<\/strong> et <strong>DOVIZIOSO<\/strong> d&rsquo;une seconde pleine. Enorme performance. Il est le seul \u00e0 descendre sous la barre des <strong>1&rsquo;58<\/strong>. <\/p>\n<p>Isol\u00e9 sur sa plan\u00e8te, l&rsquo;espagnol toise le reste du plateau dont <strong>GUINTOLI<\/strong>, huiti\u00e8me et <strong>VINCENT<\/strong>, bon onzi\u00e8me. <strong>CLUZEL<\/strong> est dix neuvi\u00e8me.&nbsp; &nbsp;<\/p>\n<p>SOURCE: <a href=\"http:\/\/www.motogp.com\">www.motogp.com<\/a> <\/p>\n","protected":false},"excerpt":{"rendered":"<p>BAUTISTA et LORENZO n&rsquo;ont pas l&rsquo;intention de laisser l&rsquo;ombre d&rsquo;un espoir \u00e0 leurs poursuivants. Ils sont les patrons de leur cat\u00e9gorie respective et comptent bien le faire savoir \u00e0 chaque sortie. D\u00e8s lors, il n&rsquo;est gu\u00e8re surprenant de les voir en t\u00eate des chronos de cette fin de journ\u00e9e. Pour les Fran\u00e7ais, ce n&rsquo;est pas [&hellip;]<\/p>\n","protected":false},"author":336,"featured_media":0,"comment_status":"open","ping_status":"open","sticky":false,"template":"","format":"standard","meta":{"footnotes":""},"categories":[22,32],"tags":[],"class_list":["post-1886","post","type-post","status-publish","format-standard","hentry","category-motogp","category-sport-moto"],"yoast_head":"<!-- This site is optimized with the Yoast SEO plugin v26.0 - https:\/\/yoast.com\/wordpress\/plugins\/seo\/ -->\n<title>125-250 TURQUIE: Les leaders confirment - leblogmoto.com<\/title>\n<meta name=\"robots\" content=\"index, follow, max-snippet:-1, max-image-preview:large, max-video-preview:-1\" \/>\n<link rel=\"canonical\" href=\"https:\/\/blogs.thesocialmedia.com\/leblogmoto\/2006\/04\/28\/125250-turquie\/\" \/>\n<meta name=\"twitter:card\" content=\"summary_large_image\" \/>\n<meta name=\"twitter:title\" content=\"125-250 TURQUIE: Les leaders confirment - leblogmoto.com\" \/>\n<meta name=\"twitter:description\" content=\"BAUTISTA et LORENZO n&rsquo;ont pas l&rsquo;intention de laisser l&rsquo;ombre d&rsquo;un espoir \u00e0 leurs poursuivants. Ils sont les patrons de leur cat\u00e9gorie respective et comptent bien le faire savoir \u00e0 chaque sortie. D\u00e8s lors, il n&rsquo;est gu\u00e8re surprenant de les voir en t\u00eate des chronos de cette fin de journ\u00e9e. Pour les Fran\u00e7ais, ce n&rsquo;est pas [&hellip;]\" \/>\n<meta name=\"twitter:image\" content=\"http:\/\/www.leblogmoto.com\/images\/g_7898.gif\" \/>\n<meta name=\"twitter:label1\" content=\"\u00c9crit par\" \/>\n\t<meta name=\"twitter:data1\" content=\"andre leconde\" \/>\n\t<meta name=\"twitter:label2\" content=\"Dur\u00e9e de lecture estim\u00e9e\" \/>\n\t<meta name=\"twitter:data2\" content=\"1 minute\" \/>\n<script type=\"application\/ld+json\" class=\"yoast-schema-graph\">{\"@context\":\"https:\/\/schema.org\",\"@graph\":[{\"@type\":\"WebPage\",\"@id\":\"https:\/\/blogs.thesocialmedia.com\/leblogmoto\/2006\/04\/28\/125250-turquie\/\",\"url\":\"https:\/\/blogs.thesocialmedia.com\/leblogmoto\/2006\/04\/28\/125250-turquie\/\",\"name\":\"125-250 TURQUIE: Les leaders confirment - leblogmoto.com\",\"isPartOf\":{\"@id\":\"https:\/\/blogs.thesocialmedia.com\/leblogmoto\/#website\"},\"primaryImageOfPage\":{\"@id\":\"https:\/\/blogs.thesocialmedia.com\/leblogmoto\/2006\/04\/28\/125250-turquie\/#primaryimage\"},\"image\":{\"@id\":\"https:\/\/blogs.thesocialmedia.com\/leblogmoto\/2006\/04\/28\/125250-turquie\/#primaryimage\"},\"thumbnailUrl\":\"http:\/\/www.leblogmoto.com\/images\/g_7898.gif\",\"datePublished\":\"2006-04-28T18:01:18+00:00\",\"dateModified\":\"2012-07-11T13:21:41+00:00\",\"author\":{\"@id\":\"https:\/\/blogs.thesocialmedia.com\/leblogmoto\/#\/schema\/person\/1a1dcfc7cec206573105eb4af91155c2\"},\"breadcrumb\":{\"@id\":\"https:\/\/blogs.thesocialmedia.com\/leblogmoto\/2006\/04\/28\/125250-turquie\/#breadcrumb\"},\"inLanguage\":\"fr-FR\",\"potentialAction\":[{\"@type\":\"ReadAction\",\"target\":[\"https:\/\/blogs.thesocialmedia.com\/leblogmoto\/2006\/04\/28\/125250-turquie\/\"]}]},{\"@type\":\"ImageObject\",\"inLanguage\":\"fr-FR\",\"@id\":\"https:\/\/blogs.thesocialmedia.com\/leblogmoto\/2006\/04\/28\/125250-turquie\/#primaryimage\",\"url\":\"http:\/\/www.leblogmoto.com\/images\/g_7898.gif\",\"contentUrl\":\"http:\/\/www.leblogmoto.com\/images\/g_7898.gif\"},{\"@type\":\"BreadcrumbList\",\"@id\":\"https:\/\/blogs.thesocialmedia.com\/leblogmoto\/2006\/04\/28\/125250-turquie\/#breadcrumb\",\"itemListElement\":[{\"@type\":\"ListItem\",\"position\":1,\"name\":\"Accueil\",\"item\":\"https:\/\/blogs.thesocialmedia.com\/leblogmoto\/\"},{\"@type\":\"ListItem\",\"position\":2,\"name\":\"125-250 TURQUIE: Les leaders confirment\"}]},{\"@type\":\"WebSite\",\"@id\":\"https:\/\/blogs.thesocialmedia.com\/leblogmoto\/#website\",\"url\":\"https:\/\/blogs.thesocialmedia.com\/leblogmoto\/\",\"name\":\"leblogmoto\",\"description\":\"Toute l&#039;actualit\u00e9 des 2 roues\",\"potentialAction\":[{\"@type\":\"SearchAction\",\"target\":{\"@type\":\"EntryPoint\",\"urlTemplate\":\"https:\/\/blogs.thesocialmedia.com\/leblogmoto\/?s={search_term_string}\"},\"query-input\":{\"@type\":\"PropertyValueSpecification\",\"valueRequired\":true,\"valueName\":\"search_term_string\"}}],\"inLanguage\":\"fr-FR\"},{\"@type\":\"Person\",\"@id\":\"https:\/\/blogs.thesocialmedia.com\/leblogmoto\/#\/schema\/person\/1a1dcfc7cec206573105eb4af91155c2\",\"name\":\"andre leconde\",\"image\":{\"@type\":\"ImageObject\",\"inLanguage\":\"fr-FR\",\"@id\":\"https:\/\/blogs.thesocialmedia.com\/leblogmoto\/#\/schema\/person\/image\/\",\"url\":\"https:\/\/secure.gravatar.com\/avatar\/?s=96&d=mm&r=g\",\"contentUrl\":\"https:\/\/secure.gravatar.com\/avatar\/?s=96&d=mm&r=g\",\"caption\":\"andre leconde\"},\"url\":\"https:\/\/blogs.thesocialmedia.com\/leblogmoto\/author\/andre-leconde\/\"}]}<\/script>\n<!-- \/ Yoast SEO plugin. -->","yoast_head_json":{"title":"125-250 TURQUIE: Les leaders confirment - leblogmoto.com","robots":{"index":"index","follow":"follow","max-snippet":"max-snippet:-1","max-image-preview":"max-image-preview:large","max-video-preview":"max-video-preview:-1"},"canonical":"https:\/\/blogs.thesocialmedia.com\/leblogmoto\/2006\/04\/28\/125250-turquie\/","twitter_card":"summary_large_image","twitter_title":"125-250 TURQUIE: Les leaders confirment - leblogmoto.com","twitter_description":"BAUTISTA et LORENZO n&rsquo;ont pas l&rsquo;intention de laisser l&rsquo;ombre d&rsquo;un espoir \u00e0 leurs poursuivants. Ils sont les patrons de leur cat\u00e9gorie respective et comptent bien le faire savoir \u00e0 chaque sortie. D\u00e8s lors, il n&rsquo;est gu\u00e8re surprenant de les voir en t\u00eate des chronos de cette fin de journ\u00e9e. Pour les Fran\u00e7ais, ce n&rsquo;est pas [&hellip;]","twitter_image":"http:\/\/www.leblogmoto.com\/images\/g_7898.gif","twitter_misc":{"\u00c9crit par":"andre leconde","Dur\u00e9e de lecture estim\u00e9e":"1 minute"},"schema":{"@context":"https:\/\/schema.org","@graph":[{"@type":"WebPage","@id":"https:\/\/blogs.thesocialmedia.com\/leblogmoto\/2006\/04\/28\/125250-turquie\/","url":"https:\/\/blogs.thesocialmedia.com\/leblogmoto\/2006\/04\/28\/125250-turquie\/","name":"125-250 TURQUIE: Les leaders confirment - leblogmoto.com","isPartOf":{"@id":"https:\/\/blogs.thesocialmedia.com\/leblogmoto\/#website"},"primaryImageOfPage":{"@id":"https:\/\/blogs.thesocialmedia.com\/leblogmoto\/2006\/04\/28\/125250-turquie\/#primaryimage"},"image":{"@id":"https:\/\/blogs.thesocialmedia.com\/leblogmoto\/2006\/04\/28\/125250-turquie\/#primaryimage"},"thumbnailUrl":"http:\/\/www.leblogmoto.com\/images\/g_7898.gif","datePublished":"2006-04-28T18:01:18+00:00","dateModified":"2012-07-11T13:21:41+00:00","author":{"@id":"https:\/\/blogs.thesocialmedia.com\/leblogmoto\/#\/schema\/person\/1a1dcfc7cec206573105eb4af91155c2"},"breadcrumb":{"@id":"https:\/\/blogs.thesocialmedia.com\/leblogmoto\/2006\/04\/28\/125250-turquie\/#breadcrumb"},"inLanguage":"fr-FR","potentialAction":[{"@type":"ReadAction","target":["https:\/\/blogs.thesocialmedia.com\/leblogmoto\/2006\/04\/28\/125250-turquie\/"]}]},{"@type":"ImageObject","inLanguage":"fr-FR","@id":"https:\/\/blogs.thesocialmedia.com\/leblogmoto\/2006\/04\/28\/125250-turquie\/#primaryimage","url":"http:\/\/www.leblogmoto.com\/images\/g_7898.gif","contentUrl":"http:\/\/www.leblogmoto.com\/images\/g_7898.gif"},{"@type":"BreadcrumbList","@id":"https:\/\/blogs.thesocialmedia.com\/leblogmoto\/2006\/04\/28\/125250-turquie\/#breadcrumb","itemListElement":[{"@type":"ListItem","position":1,"name":"Accueil","item":"https:\/\/blogs.thesocialmedia.com\/leblogmoto\/"},{"@type":"ListItem","position":2,"name":"125-250 TURQUIE: Les leaders confirment"}]},{"@type":"WebSite","@id":"https:\/\/blogs.thesocialmedia.com\/leblogmoto\/#website","url":"https:\/\/blogs.thesocialmedia.com\/leblogmoto\/","name":"leblogmoto","description":"Toute l&#039;actualit\u00e9 des 2 roues","potentialAction":[{"@type":"SearchAction","target":{"@type":"EntryPoint","urlTemplate":"https:\/\/blogs.thesocialmedia.com\/leblogmoto\/?s={search_term_string}"},"query-input":{"@type":"PropertyValueSpecification","valueRequired":true,"valueName":"search_term_string"}}],"inLanguage":"fr-FR"},{"@type":"Person","@id":"https:\/\/blogs.thesocialmedia.com\/leblogmoto\/#\/schema\/person\/1a1dcfc7cec206573105eb4af91155c2","name":"andre leconde","image":{"@type":"ImageObject","inLanguage":"fr-FR","@id":"https:\/\/blogs.thesocialmedia.com\/leblogmoto\/#\/schema\/person\/image\/","url":"https:\/\/secure.gravatar.com\/avatar\/?s=96&d=mm&r=g","contentUrl":"https:\/\/secure.gravatar.com\/avatar\/?s=96&d=mm&r=g","caption":"andre leconde"},"url":"https:\/\/blogs.thesocialmedia.com\/leblogmoto\/author\/andre-leconde\/"}]}},"_links":{"self":[{"href":"https:\/\/blogs.thesocialmedia.com\/leblogmoto\/wp-json\/wp\/v2\/posts\/1886","targetHints":{"allow":["GET"]}}],"collection":[{"href":"https:\/\/blogs.thesocialmedia.com\/leblogmoto\/wp-json\/wp\/v2\/posts"}],"about":[{"href":"https:\/\/blogs.thesocialmedia.com\/leblogmoto\/wp-json\/wp\/v2\/types\/post"}],"author":[{"embeddable":true,"href":"https:\/\/blogs.thesocialmedia.com\/leblogmoto\/wp-json\/wp\/v2\/users\/336"}],"replies":[{"embeddable":true,"href":"https:\/\/blogs.thesocialmedia.com\/leblogmoto\/wp-json\/wp\/v2\/comments?post=1886"}],"version-history":[{"count":1,"href":"https:\/\/blogs.thesocialmedia.com\/leblogmoto\/wp-json\/wp\/v2\/posts\/1886\/revisions"}],"predecessor-version":[{"id":3290,"href":"https:\/\/blogs.thesocialmedia.com\/leblogmoto\/wp-json\/wp\/v2\/posts\/1886\/revisions\/3290"}],"wp:attachment":[{"href":"https:\/\/blogs.thesocialmedia.com\/leblogmoto\/wp-json\/wp\/v2\/media?parent=1886"}],"wp:term":[{"taxonomy":"category","embeddable":true,"href":"https:\/\/blogs.thesocialmedia.com\/leblogmoto\/wp-json\/wp\/v2\/categories?post=1886"},{"taxonomy":"post_tag","embeddable":true,"href":"https:\/\/blogs.thesocialmedia.com\/leblogmoto\/wp-json\/wp\/v2\/tags?post=1886"}],"curies":[{"name":"wp","href":"https:\/\/api.w.org\/{rel}","templated":true}]}}