{"id":1887,"date":"2006-04-28T17:02:06","date_gmt":"2006-04-28T17:02:06","guid":{"rendered":"http:\/\/blogs.thesocialmedia.com\/leblogmoto\/2006\/04\/28\/motogp-turquie\/"},"modified":"2012-07-11T14:21:02","modified_gmt":"2012-07-11T14:21:02","slug":"motogp-turquie","status":"publish","type":"post","link":"https:\/\/blogs.thesocialmedia.com\/leblogmoto\/2006\/04\/28\/motogp-turquie\/","title":{"rendered":"MotoGP: TURQUIE: Offensive HONDA pour commencer"},"content":{"rendered":"<p><a href=\"http:\/\/blogs.thesocialmedia.com\/leblogmoto\/files\/2012\/07\/haydentur.jpg\"><img loading=\"lazy\" decoding=\"async\" height=\"145\" alt=\"Haydentur\" src=\"http:\/\/www.leblogmoto.com\/images\/haydentur.jpg\" width=\"250\"  \/><\/a>Les vell\u00e9it\u00e9s offensives des <strong>\u00e9curies HONDA<\/strong> avaient \u00e9t\u00e9 distill\u00e9es d\u00e8s le d\u00e9but de cette semaine autour du paddock du<strong> MotoGP<\/strong>. La <strong>Turquie<\/strong> devait \u00eatre la demonstration que chez le blason ail\u00e9, \u00e7a bosse fort, une sorte d&rsquo;\u00e9tape significative pour, pourquoi pas, une appropriation du championnat.<\/p>\n<p>Face \u00e0 une <strong>YAM<\/strong> <a href=\"http:\/\/www.leblogmoto.com\/2006\/03\/yamaha_mobilisa.html\">toujours r\u00e9tive<\/a>, devant un <a href=\"http:\/\/www.leblogmoto.com\/2006\/03\/motogp_que_demo.html\">CAPIREX<\/a> qui d\u00e9couvre la <strong>DUCATI<\/strong> sur ce trac\u00e9, puisque l&rsquo;italien y \u00e9tait forfait l&rsquo;an dernier, les <strong>RC211V<\/strong> n&rsquo;ont pas laiss\u00e9 passer l&rsquo;occasion pour s&rsquo;affirmer. Elles trustent ainsi, en cette fin de premi\u00e8re journ\u00e9e, les cinq premi\u00e8res place de la feuille de classement&#8230;&nbsp; &nbsp;&nbsp; &nbsp; <\/p>\n<p><a href=\"http:\/\/clabedan.typepad.com\/.shared\/image.html?\/photos\/uncategorized\/gpturchia.jpg\"><img loading=\"lazy\" decoding=\"async\" height=\"165\" alt=\"Gpturchia\" src=\"http:\/\/www.leblogmoto.com\/images\/gpturchia.jpg\" width=\"250\"  \/><\/a>C&rsquo;est <strong>HAYDEN<\/strong> qui a jou\u00e9 le chef de meute devant un <a href=\"http:\/\/www.leblogmoto.com\/2006\/04\/motogp_qatar_la.html\">STONER<\/a> qui confirme ses bonnes dispositions entrevues au <a href=\"http:\/\/www.leblogmoto.com\/2006\/04\/qatar_motogp_ro.html\">QATAR<\/a>. Le vainqueur de l&rsquo;an dernier, <strong>MELANDRI<\/strong>, suit, devant les deux espagnols <strong>PEDROSA<\/strong> et <strong>ELIAS<\/strong>.<\/p>\n<p>Le leader du championnat, CAPIROSSI, place sa DUCATI en septi\u00e8me position derri\u00e8re <strong>EDWARDS<\/strong> et devant <a href=\"http:\/\/www.leblogmoto.com\/2006\/04\/motogp_le_coup_.html\">HOPKINS<\/a> et <strong>GIBERNAU<\/strong>. <strong>ROSSI <\/strong>n&rsquo;est que onzi\u00e8me, derri\u00e8re <strong>TAMADA<\/strong>.<\/p>\n<p>Les<strong> KAWA<\/strong> recueillent la cuill\u00e8re de bois des \u00e9curies officielles avec leur treizi\u00e8me (<strong>NAKANO<\/strong>) et quinzi\u00e8me place (<strong>DE PUNIET<\/strong>).<\/p>\n<p>Cette fois, c&rsquo;est <strong>MICHELIN <\/strong>qui va passer une nuit tranquille, et \u00e0 <strong>BRIDGESTONE<\/strong> de r\u00e9fl\u00e9chir pour permettre \u00e0 ses ouailles de rouler plus vite sur cette piste poussi\u00e8reuse.<\/p>\n<p>SOURCE: <a href=\"http:\/\/www.motogp.com\/\">www.motogp.com<\/a>&nbsp; <\/p>\n","protected":false},"excerpt":{"rendered":"<p>Les vell\u00e9it\u00e9s offensives des \u00e9curies HONDA avaient \u00e9t\u00e9 distill\u00e9es d\u00e8s le d\u00e9but de cette semaine autour du paddock du MotoGP. La Turquie devait \u00eatre la demonstration que chez le blason ail\u00e9, \u00e7a bosse fort, une sorte d&rsquo;\u00e9tape significative pour, pourquoi pas, une appropriation du championnat. Face \u00e0 une YAM toujours r\u00e9tive, devant un CAPIREX qui [&hellip;]<\/p>\n","protected":false},"author":336,"featured_media":0,"comment_status":"open","ping_status":"open","sticky":false,"template":"","format":"standard","meta":{"footnotes":""},"categories":[22,32],"tags":[],"class_list":["post-1887","post","type-post","status-publish","format-standard","hentry","category-motogp","category-sport-moto"],"yoast_head":"<!-- This site is optimized with the Yoast SEO plugin v26.0 - https:\/\/yoast.com\/wordpress\/plugins\/seo\/ -->\n<title>MotoGP: TURQUIE: Offensive HONDA pour commencer - leblogmoto.com<\/title>\n<meta name=\"robots\" content=\"index, follow, max-snippet:-1, max-image-preview:large, max-video-preview:-1\" \/>\n<link rel=\"canonical\" href=\"https:\/\/blogs.thesocialmedia.com\/leblogmoto\/2006\/04\/28\/motogp-turquie\/\" \/>\n<meta name=\"twitter:card\" content=\"summary_large_image\" \/>\n<meta name=\"twitter:title\" content=\"MotoGP: TURQUIE: Offensive HONDA pour commencer - leblogmoto.com\" \/>\n<meta name=\"twitter:description\" content=\"Les vell\u00e9it\u00e9s offensives des \u00e9curies HONDA avaient \u00e9t\u00e9 distill\u00e9es d\u00e8s le d\u00e9but de cette semaine autour du paddock du MotoGP. La Turquie devait \u00eatre la demonstration que chez le blason ail\u00e9, \u00e7a bosse fort, une sorte d&rsquo;\u00e9tape significative pour, pourquoi pas, une appropriation du championnat. Face \u00e0 une YAM toujours r\u00e9tive, devant un CAPIREX qui [&hellip;]\" \/>\n<meta name=\"twitter:image\" content=\"http:\/\/www.leblogmoto.com\/images\/haydentur.jpg\" \/>\n<meta name=\"twitter:label1\" content=\"\u00c9crit par\" \/>\n\t<meta name=\"twitter:data1\" content=\"andre leconde\" \/>\n\t<meta name=\"twitter:label2\" content=\"Dur\u00e9e de lecture estim\u00e9e\" \/>\n\t<meta name=\"twitter:data2\" content=\"1 minute\" \/>\n<script type=\"application\/ld+json\" class=\"yoast-schema-graph\">{\"@context\":\"https:\/\/schema.org\",\"@graph\":[{\"@type\":\"WebPage\",\"@id\":\"https:\/\/blogs.thesocialmedia.com\/leblogmoto\/2006\/04\/28\/motogp-turquie\/\",\"url\":\"https:\/\/blogs.thesocialmedia.com\/leblogmoto\/2006\/04\/28\/motogp-turquie\/\",\"name\":\"MotoGP: TURQUIE: Offensive HONDA pour commencer - leblogmoto.com\",\"isPartOf\":{\"@id\":\"https:\/\/blogs.thesocialmedia.com\/leblogmoto\/#website\"},\"primaryImageOfPage\":{\"@id\":\"https:\/\/blogs.thesocialmedia.com\/leblogmoto\/2006\/04\/28\/motogp-turquie\/#primaryimage\"},\"image\":{\"@id\":\"https:\/\/blogs.thesocialmedia.com\/leblogmoto\/2006\/04\/28\/motogp-turquie\/#primaryimage\"},\"thumbnailUrl\":\"http:\/\/www.leblogmoto.com\/images\/haydentur.jpg\",\"datePublished\":\"2006-04-28T17:02:06+00:00\",\"dateModified\":\"2012-07-11T14:21:02+00:00\",\"author\":{\"@id\":\"https:\/\/blogs.thesocialmedia.com\/leblogmoto\/#\/schema\/person\/1a1dcfc7cec206573105eb4af91155c2\"},\"breadcrumb\":{\"@id\":\"https:\/\/blogs.thesocialmedia.com\/leblogmoto\/2006\/04\/28\/motogp-turquie\/#breadcrumb\"},\"inLanguage\":\"fr-FR\",\"potentialAction\":[{\"@type\":\"ReadAction\",\"target\":[\"https:\/\/blogs.thesocialmedia.com\/leblogmoto\/2006\/04\/28\/motogp-turquie\/\"]}]},{\"@type\":\"ImageObject\",\"inLanguage\":\"fr-FR\",\"@id\":\"https:\/\/blogs.thesocialmedia.com\/leblogmoto\/2006\/04\/28\/motogp-turquie\/#primaryimage\",\"url\":\"http:\/\/www.leblogmoto.com\/images\/haydentur.jpg\",\"contentUrl\":\"http:\/\/www.leblogmoto.com\/images\/haydentur.jpg\"},{\"@type\":\"BreadcrumbList\",\"@id\":\"https:\/\/blogs.thesocialmedia.com\/leblogmoto\/2006\/04\/28\/motogp-turquie\/#breadcrumb\",\"itemListElement\":[{\"@type\":\"ListItem\",\"position\":1,\"name\":\"Accueil\",\"item\":\"https:\/\/blogs.thesocialmedia.com\/leblogmoto\/\"},{\"@type\":\"ListItem\",\"position\":2,\"name\":\"MotoGP: TURQUIE: Offensive HONDA pour commencer\"}]},{\"@type\":\"WebSite\",\"@id\":\"https:\/\/blogs.thesocialmedia.com\/leblogmoto\/#website\",\"url\":\"https:\/\/blogs.thesocialmedia.com\/leblogmoto\/\",\"name\":\"leblogmoto\",\"description\":\"Toute l&#039;actualit\u00e9 des 2 roues\",\"potentialAction\":[{\"@type\":\"SearchAction\",\"target\":{\"@type\":\"EntryPoint\",\"urlTemplate\":\"https:\/\/blogs.thesocialmedia.com\/leblogmoto\/?s={search_term_string}\"},\"query-input\":{\"@type\":\"PropertyValueSpecification\",\"valueRequired\":true,\"valueName\":\"search_term_string\"}}],\"inLanguage\":\"fr-FR\"},{\"@type\":\"Person\",\"@id\":\"https:\/\/blogs.thesocialmedia.com\/leblogmoto\/#\/schema\/person\/1a1dcfc7cec206573105eb4af91155c2\",\"name\":\"andre leconde\",\"image\":{\"@type\":\"ImageObject\",\"inLanguage\":\"fr-FR\",\"@id\":\"https:\/\/blogs.thesocialmedia.com\/leblogmoto\/#\/schema\/person\/image\/\",\"url\":\"https:\/\/secure.gravatar.com\/avatar\/?s=96&d=mm&r=g\",\"contentUrl\":\"https:\/\/secure.gravatar.com\/avatar\/?s=96&d=mm&r=g\",\"caption\":\"andre leconde\"},\"url\":\"https:\/\/blogs.thesocialmedia.com\/leblogmoto\/author\/andre-leconde\/\"}]}<\/script>\n<!-- \/ Yoast SEO plugin. -->","yoast_head_json":{"title":"MotoGP: TURQUIE: Offensive HONDA pour commencer - leblogmoto.com","robots":{"index":"index","follow":"follow","max-snippet":"max-snippet:-1","max-image-preview":"max-image-preview:large","max-video-preview":"max-video-preview:-1"},"canonical":"https:\/\/blogs.thesocialmedia.com\/leblogmoto\/2006\/04\/28\/motogp-turquie\/","twitter_card":"summary_large_image","twitter_title":"MotoGP: TURQUIE: Offensive HONDA pour commencer - leblogmoto.com","twitter_description":"Les vell\u00e9it\u00e9s offensives des \u00e9curies HONDA avaient \u00e9t\u00e9 distill\u00e9es d\u00e8s le d\u00e9but de cette semaine autour du paddock du MotoGP. La Turquie devait \u00eatre la demonstration que chez le blason ail\u00e9, \u00e7a bosse fort, une sorte d&rsquo;\u00e9tape significative pour, pourquoi pas, une appropriation du championnat. Face \u00e0 une YAM toujours r\u00e9tive, devant un CAPIREX qui [&hellip;]","twitter_image":"http:\/\/www.leblogmoto.com\/images\/haydentur.jpg","twitter_misc":{"\u00c9crit par":"andre leconde","Dur\u00e9e de lecture estim\u00e9e":"1 minute"},"schema":{"@context":"https:\/\/schema.org","@graph":[{"@type":"WebPage","@id":"https:\/\/blogs.thesocialmedia.com\/leblogmoto\/2006\/04\/28\/motogp-turquie\/","url":"https:\/\/blogs.thesocialmedia.com\/leblogmoto\/2006\/04\/28\/motogp-turquie\/","name":"MotoGP: TURQUIE: Offensive HONDA pour commencer - leblogmoto.com","isPartOf":{"@id":"https:\/\/blogs.thesocialmedia.com\/leblogmoto\/#website"},"primaryImageOfPage":{"@id":"https:\/\/blogs.thesocialmedia.com\/leblogmoto\/2006\/04\/28\/motogp-turquie\/#primaryimage"},"image":{"@id":"https:\/\/blogs.thesocialmedia.com\/leblogmoto\/2006\/04\/28\/motogp-turquie\/#primaryimage"},"thumbnailUrl":"http:\/\/www.leblogmoto.com\/images\/haydentur.jpg","datePublished":"2006-04-28T17:02:06+00:00","dateModified":"2012-07-11T14:21:02+00:00","author":{"@id":"https:\/\/blogs.thesocialmedia.com\/leblogmoto\/#\/schema\/person\/1a1dcfc7cec206573105eb4af91155c2"},"breadcrumb":{"@id":"https:\/\/blogs.thesocialmedia.com\/leblogmoto\/2006\/04\/28\/motogp-turquie\/#breadcrumb"},"inLanguage":"fr-FR","potentialAction":[{"@type":"ReadAction","target":["https:\/\/blogs.thesocialmedia.com\/leblogmoto\/2006\/04\/28\/motogp-turquie\/"]}]},{"@type":"ImageObject","inLanguage":"fr-FR","@id":"https:\/\/blogs.thesocialmedia.com\/leblogmoto\/2006\/04\/28\/motogp-turquie\/#primaryimage","url":"http:\/\/www.leblogmoto.com\/images\/haydentur.jpg","contentUrl":"http:\/\/www.leblogmoto.com\/images\/haydentur.jpg"},{"@type":"BreadcrumbList","@id":"https:\/\/blogs.thesocialmedia.com\/leblogmoto\/2006\/04\/28\/motogp-turquie\/#breadcrumb","itemListElement":[{"@type":"ListItem","position":1,"name":"Accueil","item":"https:\/\/blogs.thesocialmedia.com\/leblogmoto\/"},{"@type":"ListItem","position":2,"name":"MotoGP: TURQUIE: Offensive HONDA pour commencer"}]},{"@type":"WebSite","@id":"https:\/\/blogs.thesocialmedia.com\/leblogmoto\/#website","url":"https:\/\/blogs.thesocialmedia.com\/leblogmoto\/","name":"leblogmoto","description":"Toute l&#039;actualit\u00e9 des 2 roues","potentialAction":[{"@type":"SearchAction","target":{"@type":"EntryPoint","urlTemplate":"https:\/\/blogs.thesocialmedia.com\/leblogmoto\/?s={search_term_string}"},"query-input":{"@type":"PropertyValueSpecification","valueRequired":true,"valueName":"search_term_string"}}],"inLanguage":"fr-FR"},{"@type":"Person","@id":"https:\/\/blogs.thesocialmedia.com\/leblogmoto\/#\/schema\/person\/1a1dcfc7cec206573105eb4af91155c2","name":"andre leconde","image":{"@type":"ImageObject","inLanguage":"fr-FR","@id":"https:\/\/blogs.thesocialmedia.com\/leblogmoto\/#\/schema\/person\/image\/","url":"https:\/\/secure.gravatar.com\/avatar\/?s=96&d=mm&r=g","contentUrl":"https:\/\/secure.gravatar.com\/avatar\/?s=96&d=mm&r=g","caption":"andre leconde"},"url":"https:\/\/blogs.thesocialmedia.com\/leblogmoto\/author\/andre-leconde\/"}]}},"_links":{"self":[{"href":"https:\/\/blogs.thesocialmedia.com\/leblogmoto\/wp-json\/wp\/v2\/posts\/1887","targetHints":{"allow":["GET"]}}],"collection":[{"href":"https:\/\/blogs.thesocialmedia.com\/leblogmoto\/wp-json\/wp\/v2\/posts"}],"about":[{"href":"https:\/\/blogs.thesocialmedia.com\/leblogmoto\/wp-json\/wp\/v2\/types\/post"}],"author":[{"embeddable":true,"href":"https:\/\/blogs.thesocialmedia.com\/leblogmoto\/wp-json\/wp\/v2\/users\/336"}],"replies":[{"embeddable":true,"href":"https:\/\/blogs.thesocialmedia.com\/leblogmoto\/wp-json\/wp\/v2\/comments?post=1887"}],"version-history":[{"count":2,"href":"https:\/\/blogs.thesocialmedia.com\/leblogmoto\/wp-json\/wp\/v2\/posts\/1887\/revisions"}],"predecessor-version":[{"id":7382,"href":"https:\/\/blogs.thesocialmedia.com\/leblogmoto\/wp-json\/wp\/v2\/posts\/1887\/revisions\/7382"}],"wp:attachment":[{"href":"https:\/\/blogs.thesocialmedia.com\/leblogmoto\/wp-json\/wp\/v2\/media?parent=1887"}],"wp:term":[{"taxonomy":"category","embeddable":true,"href":"https:\/\/blogs.thesocialmedia.com\/leblogmoto\/wp-json\/wp\/v2\/categories?post=1887"},{"taxonomy":"post_tag","embeddable":true,"href":"https:\/\/blogs.thesocialmedia.com\/leblogmoto\/wp-json\/wp\/v2\/tags?post=1887"}],"curies":[{"name":"wp","href":"https:\/\/api.w.org\/{rel}","templated":true}]}}