{"id":1890,"date":"2006-04-26T21:14:14","date_gmt":"2006-04-26T21:14:14","guid":{"rendered":"http:\/\/blogs.thesocialmedia.com\/leblogmoto\/2006\/04\/26\/pendant-ce-temp\/"},"modified":"2012-07-11T14:20:55","modified_gmt":"2012-07-11T14:20:55","slug":"pendant-ce-temp","status":"publish","type":"post","link":"https:\/\/blogs.thesocialmedia.com\/leblogmoto\/2006\/04\/26\/pendant-ce-temp\/","title":{"rendered":"Pendant ce temps, Max&#8230;"},"content":{"rendered":"<p><a href=\"http:\/\/blogs.thesocialmedia.com\/leblogmoto\/files\/2012\/07\/20060414intervista20raidue201_g.jpg\"><img loading=\"lazy\" decoding=\"async\" height=\"187\" alt=\"20060414intervista20raidue201_g\" src=\"http:\/\/www.leblogmoto.com\/images\/20060414intervista20raidue201_g.jpg\" width=\"250\"  \/><\/a>Une <a href=\"http:\/\/www.leblogmoto.com\/2005\/12\/biaggi_epilogue.html\">retraite forc\u00e9e<\/a>, des circonvolutions solitaires outre-atlantique en <a href=\"http:\/\/www.leblogmoto.com\/2006\/03\/pendant_ce_temp_1.html\">Supermotard<\/a>, un petit <a href=\"http:\/\/www.leblogmoto.com\/2006\/04\/biaggi_quipier_.html\">match de foot<\/a> entre gens de bonne compagnie, <strong>Max BIAGGI<\/strong> s&rsquo;occupe, en imaginant un retour revanchard en 2007 avec une <a href=\"http:\/\/www.leblogmoto.com\/2006\/04\/illmor_motogp_f.html\">MotoGP toute neuve<\/a>.<\/p>\n<p>Le <strong>21 mai<\/strong>, <a href=\"http:\/\/www.leblogmoto.com\/2005\/11\/lempereur_maudi.html\">l&rsquo;Empereur maudit<\/a> s&rsquo;exhibera dans sa bonne ville de <strong>Rome<\/strong>, pour un Motor Show bas\u00e9 sur le concept de la course des champions&#8230;&nbsp; &nbsp; <\/p>\n<p><a href=\"http:\/\/clabedan.typepad.com\/.shared\/image.html?\/photos\/uncategorized\/romamotorace_1.jpg\"><img loading=\"lazy\" decoding=\"async\" height=\"178\" alt=\"Romamotorace_1\" src=\"http:\/\/www.leblogmoto.com\/images\/romamotorace_1.jpg\" width=\"250\"  \/><\/a>Des pilotes de <strong>F1<\/strong> dont MASSA et FISICHELLA, des ancienne gloires du <strong>rallye<\/strong> dont MAKINEN et McRAE, et bien d&rsquo;autres, Max repr\u00e9sentera, dans cette foire d&#8217;empoigne \u00e0 \u00e9limination directe par duel m\u00e9canique interpos\u00e9, le seul du genre moto.<\/p>\n<p>Il faut dire que ses anciens camarades de jeu s&rsquo;\u00e9gayeront du c\u00f4t\u00e9 du <a href=\"http:\/\/www.leblogmoto.com\/2006\/04\/le_mans_rien_ne.html\">MANS<\/a> pour le <strong>GP de FRANCE<\/strong> MotoGP&#8230;<\/p>\n<p>A bord de MASERATI GT, MEGANE TROPHY, PORSCHE GT3 et autres SUBARU IMPREZA STI, BIAGGI m\u00e9ditera sur le temps qui passe en arpentant le trac\u00e9 de <strong>945 <\/strong>m\u00e8tres pos\u00e9 dans le Stade Olympique de ROME. On lui souha\u00eete tout l&rsquo;amusement possible.<\/p>\n<p>SOURCE: <a href=\"http:\/\/www.romamotorrace.it\/\">www.romamotorrace.it<\/a>&nbsp; &nbsp; <\/p>\n","protected":false},"excerpt":{"rendered":"<p>Une retraite forc\u00e9e, des circonvolutions solitaires outre-atlantique en Supermotard, un petit match de foot entre gens de bonne compagnie, Max BIAGGI s&rsquo;occupe, en imaginant un retour revanchard en 2007 avec une MotoGP toute neuve. Le 21 mai, l&rsquo;Empereur maudit s&rsquo;exhibera dans sa bonne ville de Rome, pour un Motor Show bas\u00e9 sur le concept de [&hellip;]<\/p>\n","protected":false},"author":336,"featured_media":0,"comment_status":"open","ping_status":"open","sticky":false,"template":"","format":"standard","meta":{"footnotes":""},"categories":[17,10,32],"tags":[],"class_list":["post-1890","post","type-post","status-publish","format-standard","hentry","category-divers","category-meetings","category-sport-moto"],"yoast_head":"<!-- This site is optimized with the Yoast SEO plugin v26.0 - https:\/\/yoast.com\/wordpress\/plugins\/seo\/ -->\n<title>Pendant ce temps, Max... - leblogmoto.com<\/title>\n<meta name=\"robots\" content=\"index, follow, max-snippet:-1, max-image-preview:large, max-video-preview:-1\" \/>\n<link rel=\"canonical\" href=\"https:\/\/blogs.thesocialmedia.com\/leblogmoto\/2006\/04\/26\/pendant-ce-temp\/\" \/>\n<meta name=\"twitter:card\" content=\"summary_large_image\" \/>\n<meta name=\"twitter:title\" content=\"Pendant ce temps, Max... - leblogmoto.com\" \/>\n<meta name=\"twitter:description\" content=\"Une retraite forc\u00e9e, des circonvolutions solitaires outre-atlantique en Supermotard, un petit match de foot entre gens de bonne compagnie, Max BIAGGI s&rsquo;occupe, en imaginant un retour revanchard en 2007 avec une MotoGP toute neuve. Le 21 mai, l&rsquo;Empereur maudit s&rsquo;exhibera dans sa bonne ville de Rome, pour un Motor Show bas\u00e9 sur le concept de [&hellip;]\" \/>\n<meta name=\"twitter:image\" content=\"http:\/\/www.leblogmoto.com\/images\/20060414intervista20raidue201_g.jpg\" \/>\n<meta name=\"twitter:label1\" content=\"\u00c9crit par\" \/>\n\t<meta name=\"twitter:data1\" content=\"andre leconde\" \/>\n\t<meta name=\"twitter:label2\" content=\"Dur\u00e9e de lecture estim\u00e9e\" \/>\n\t<meta name=\"twitter:data2\" content=\"1 minute\" \/>\n<script type=\"application\/ld+json\" class=\"yoast-schema-graph\">{\"@context\":\"https:\/\/schema.org\",\"@graph\":[{\"@type\":\"WebPage\",\"@id\":\"https:\/\/blogs.thesocialmedia.com\/leblogmoto\/2006\/04\/26\/pendant-ce-temp\/\",\"url\":\"https:\/\/blogs.thesocialmedia.com\/leblogmoto\/2006\/04\/26\/pendant-ce-temp\/\",\"name\":\"Pendant ce temps, Max... - leblogmoto.com\",\"isPartOf\":{\"@id\":\"https:\/\/blogs.thesocialmedia.com\/leblogmoto\/#website\"},\"primaryImageOfPage\":{\"@id\":\"https:\/\/blogs.thesocialmedia.com\/leblogmoto\/2006\/04\/26\/pendant-ce-temp\/#primaryimage\"},\"image\":{\"@id\":\"https:\/\/blogs.thesocialmedia.com\/leblogmoto\/2006\/04\/26\/pendant-ce-temp\/#primaryimage\"},\"thumbnailUrl\":\"http:\/\/www.leblogmoto.com\/images\/20060414intervista20raidue201_g.jpg\",\"datePublished\":\"2006-04-26T21:14:14+00:00\",\"dateModified\":\"2012-07-11T14:20:55+00:00\",\"author\":{\"@id\":\"https:\/\/blogs.thesocialmedia.com\/leblogmoto\/#\/schema\/person\/1a1dcfc7cec206573105eb4af91155c2\"},\"breadcrumb\":{\"@id\":\"https:\/\/blogs.thesocialmedia.com\/leblogmoto\/2006\/04\/26\/pendant-ce-temp\/#breadcrumb\"},\"inLanguage\":\"fr-FR\",\"potentialAction\":[{\"@type\":\"ReadAction\",\"target\":[\"https:\/\/blogs.thesocialmedia.com\/leblogmoto\/2006\/04\/26\/pendant-ce-temp\/\"]}]},{\"@type\":\"ImageObject\",\"inLanguage\":\"fr-FR\",\"@id\":\"https:\/\/blogs.thesocialmedia.com\/leblogmoto\/2006\/04\/26\/pendant-ce-temp\/#primaryimage\",\"url\":\"http:\/\/www.leblogmoto.com\/images\/20060414intervista20raidue201_g.jpg\",\"contentUrl\":\"http:\/\/www.leblogmoto.com\/images\/20060414intervista20raidue201_g.jpg\"},{\"@type\":\"BreadcrumbList\",\"@id\":\"https:\/\/blogs.thesocialmedia.com\/leblogmoto\/2006\/04\/26\/pendant-ce-temp\/#breadcrumb\",\"itemListElement\":[{\"@type\":\"ListItem\",\"position\":1,\"name\":\"Accueil\",\"item\":\"https:\/\/blogs.thesocialmedia.com\/leblogmoto\/\"},{\"@type\":\"ListItem\",\"position\":2,\"name\":\"Pendant ce temps, Max&#8230;\"}]},{\"@type\":\"WebSite\",\"@id\":\"https:\/\/blogs.thesocialmedia.com\/leblogmoto\/#website\",\"url\":\"https:\/\/blogs.thesocialmedia.com\/leblogmoto\/\",\"name\":\"leblogmoto\",\"description\":\"Toute l&#039;actualit\u00e9 des 2 roues\",\"potentialAction\":[{\"@type\":\"SearchAction\",\"target\":{\"@type\":\"EntryPoint\",\"urlTemplate\":\"https:\/\/blogs.thesocialmedia.com\/leblogmoto\/?s={search_term_string}\"},\"query-input\":{\"@type\":\"PropertyValueSpecification\",\"valueRequired\":true,\"valueName\":\"search_term_string\"}}],\"inLanguage\":\"fr-FR\"},{\"@type\":\"Person\",\"@id\":\"https:\/\/blogs.thesocialmedia.com\/leblogmoto\/#\/schema\/person\/1a1dcfc7cec206573105eb4af91155c2\",\"name\":\"andre leconde\",\"image\":{\"@type\":\"ImageObject\",\"inLanguage\":\"fr-FR\",\"@id\":\"https:\/\/blogs.thesocialmedia.com\/leblogmoto\/#\/schema\/person\/image\/\",\"url\":\"https:\/\/secure.gravatar.com\/avatar\/?s=96&d=mm&r=g\",\"contentUrl\":\"https:\/\/secure.gravatar.com\/avatar\/?s=96&d=mm&r=g\",\"caption\":\"andre leconde\"},\"url\":\"https:\/\/blogs.thesocialmedia.com\/leblogmoto\/author\/andre-leconde\/\"}]}<\/script>\n<!-- \/ Yoast SEO plugin. -->","yoast_head_json":{"title":"Pendant ce temps, Max... - leblogmoto.com","robots":{"index":"index","follow":"follow","max-snippet":"max-snippet:-1","max-image-preview":"max-image-preview:large","max-video-preview":"max-video-preview:-1"},"canonical":"https:\/\/blogs.thesocialmedia.com\/leblogmoto\/2006\/04\/26\/pendant-ce-temp\/","twitter_card":"summary_large_image","twitter_title":"Pendant ce temps, Max... - leblogmoto.com","twitter_description":"Une retraite forc\u00e9e, des circonvolutions solitaires outre-atlantique en Supermotard, un petit match de foot entre gens de bonne compagnie, Max BIAGGI s&rsquo;occupe, en imaginant un retour revanchard en 2007 avec une MotoGP toute neuve. Le 21 mai, l&rsquo;Empereur maudit s&rsquo;exhibera dans sa bonne ville de Rome, pour un Motor Show bas\u00e9 sur le concept de [&hellip;]","twitter_image":"http:\/\/www.leblogmoto.com\/images\/20060414intervista20raidue201_g.jpg","twitter_misc":{"\u00c9crit par":"andre leconde","Dur\u00e9e de lecture estim\u00e9e":"1 minute"},"schema":{"@context":"https:\/\/schema.org","@graph":[{"@type":"WebPage","@id":"https:\/\/blogs.thesocialmedia.com\/leblogmoto\/2006\/04\/26\/pendant-ce-temp\/","url":"https:\/\/blogs.thesocialmedia.com\/leblogmoto\/2006\/04\/26\/pendant-ce-temp\/","name":"Pendant ce temps, Max... - leblogmoto.com","isPartOf":{"@id":"https:\/\/blogs.thesocialmedia.com\/leblogmoto\/#website"},"primaryImageOfPage":{"@id":"https:\/\/blogs.thesocialmedia.com\/leblogmoto\/2006\/04\/26\/pendant-ce-temp\/#primaryimage"},"image":{"@id":"https:\/\/blogs.thesocialmedia.com\/leblogmoto\/2006\/04\/26\/pendant-ce-temp\/#primaryimage"},"thumbnailUrl":"http:\/\/www.leblogmoto.com\/images\/20060414intervista20raidue201_g.jpg","datePublished":"2006-04-26T21:14:14+00:00","dateModified":"2012-07-11T14:20:55+00:00","author":{"@id":"https:\/\/blogs.thesocialmedia.com\/leblogmoto\/#\/schema\/person\/1a1dcfc7cec206573105eb4af91155c2"},"breadcrumb":{"@id":"https:\/\/blogs.thesocialmedia.com\/leblogmoto\/2006\/04\/26\/pendant-ce-temp\/#breadcrumb"},"inLanguage":"fr-FR","potentialAction":[{"@type":"ReadAction","target":["https:\/\/blogs.thesocialmedia.com\/leblogmoto\/2006\/04\/26\/pendant-ce-temp\/"]}]},{"@type":"ImageObject","inLanguage":"fr-FR","@id":"https:\/\/blogs.thesocialmedia.com\/leblogmoto\/2006\/04\/26\/pendant-ce-temp\/#primaryimage","url":"http:\/\/www.leblogmoto.com\/images\/20060414intervista20raidue201_g.jpg","contentUrl":"http:\/\/www.leblogmoto.com\/images\/20060414intervista20raidue201_g.jpg"},{"@type":"BreadcrumbList","@id":"https:\/\/blogs.thesocialmedia.com\/leblogmoto\/2006\/04\/26\/pendant-ce-temp\/#breadcrumb","itemListElement":[{"@type":"ListItem","position":1,"name":"Accueil","item":"https:\/\/blogs.thesocialmedia.com\/leblogmoto\/"},{"@type":"ListItem","position":2,"name":"Pendant ce temps, Max&#8230;"}]},{"@type":"WebSite","@id":"https:\/\/blogs.thesocialmedia.com\/leblogmoto\/#website","url":"https:\/\/blogs.thesocialmedia.com\/leblogmoto\/","name":"leblogmoto","description":"Toute l&#039;actualit\u00e9 des 2 roues","potentialAction":[{"@type":"SearchAction","target":{"@type":"EntryPoint","urlTemplate":"https:\/\/blogs.thesocialmedia.com\/leblogmoto\/?s={search_term_string}"},"query-input":{"@type":"PropertyValueSpecification","valueRequired":true,"valueName":"search_term_string"}}],"inLanguage":"fr-FR"},{"@type":"Person","@id":"https:\/\/blogs.thesocialmedia.com\/leblogmoto\/#\/schema\/person\/1a1dcfc7cec206573105eb4af91155c2","name":"andre leconde","image":{"@type":"ImageObject","inLanguage":"fr-FR","@id":"https:\/\/blogs.thesocialmedia.com\/leblogmoto\/#\/schema\/person\/image\/","url":"https:\/\/secure.gravatar.com\/avatar\/?s=96&d=mm&r=g","contentUrl":"https:\/\/secure.gravatar.com\/avatar\/?s=96&d=mm&r=g","caption":"andre leconde"},"url":"https:\/\/blogs.thesocialmedia.com\/leblogmoto\/author\/andre-leconde\/"}]}},"_links":{"self":[{"href":"https:\/\/blogs.thesocialmedia.com\/leblogmoto\/wp-json\/wp\/v2\/posts\/1890","targetHints":{"allow":["GET"]}}],"collection":[{"href":"https:\/\/blogs.thesocialmedia.com\/leblogmoto\/wp-json\/wp\/v2\/posts"}],"about":[{"href":"https:\/\/blogs.thesocialmedia.com\/leblogmoto\/wp-json\/wp\/v2\/types\/post"}],"author":[{"embeddable":true,"href":"https:\/\/blogs.thesocialmedia.com\/leblogmoto\/wp-json\/wp\/v2\/users\/336"}],"replies":[{"embeddable":true,"href":"https:\/\/blogs.thesocialmedia.com\/leblogmoto\/wp-json\/wp\/v2\/comments?post=1890"}],"version-history":[{"count":2,"href":"https:\/\/blogs.thesocialmedia.com\/leblogmoto\/wp-json\/wp\/v2\/posts\/1890\/revisions"}],"predecessor-version":[{"id":7375,"href":"https:\/\/blogs.thesocialmedia.com\/leblogmoto\/wp-json\/wp\/v2\/posts\/1890\/revisions\/7375"}],"wp:attachment":[{"href":"https:\/\/blogs.thesocialmedia.com\/leblogmoto\/wp-json\/wp\/v2\/media?parent=1890"}],"wp:term":[{"taxonomy":"category","embeddable":true,"href":"https:\/\/blogs.thesocialmedia.com\/leblogmoto\/wp-json\/wp\/v2\/categories?post=1890"},{"taxonomy":"post_tag","embeddable":true,"href":"https:\/\/blogs.thesocialmedia.com\/leblogmoto\/wp-json\/wp\/v2\/tags?post=1890"}],"curies":[{"name":"wp","href":"https:\/\/api.w.org\/{rel}","templated":true}]}}