{"id":1892,"date":"2006-04-24T20:22:08","date_gmt":"2006-04-24T20:22:08","guid":{"rendered":"http:\/\/blogs.thesocialmedia.com\/leblogmoto\/2006\/04\/24\/mick-doohan-et\/"},"modified":"2012-07-11T14:20:50","modified_gmt":"2012-07-11T14:20:50","slug":"mick-doohan-et","status":"publish","type":"post","link":"https:\/\/blogs.thesocialmedia.com\/leblogmoto\/2006\/04\/24\/mick-doohan-et\/","title":{"rendered":"Un nouveau titre pour DOOHAN"},"content":{"rendered":"<p><a href=\"http:\/\/blogs.thesocialmedia.com\/leblogmoto\/files\/2012\/07\/12447067.jpg\"><img loading=\"lazy\" decoding=\"async\" height=\"389\" alt=\"12447067\" src=\"http:\/\/www.leblogmoto.com\/images\/12447067.jpg\" width=\"470\"  \/><\/a> <strong>Mick DOOHAN<\/strong> et <strong>Selina SINES<\/strong> ont convol\u00e9, le 21 avril pass\u00e9, en justes noces sur leurs terres australiennes.<\/p>\n<p>Le jeune retrait\u00e9 de <strong>40<\/strong> ans, <strong>quintuple<\/strong> champion du Monde pour <strong>HONDA<\/strong> en 500 cm3 de <strong>1994<\/strong> \u00e0 <strong>1998<\/strong> a donc pass\u00e9 l&rsquo;anneau au doigt \u00e0 sa belle avec laquelle il partage son existence depuis <strong>1995<\/strong>. Le couple a d\u00e9j\u00e0 <strong>deux<\/strong> charmants bambins \u00e2g\u00e9s de <strong>trois<\/strong> et <strong>six<\/strong> ans. <\/p>\n<p>Champion du Monde, d\u00e9cor\u00e9 de l&rsquo;Ordre Australien, p\u00e8re, il ne lui manquait plus que ce titre: celui d&rsquo;\u00e9poux. Voil\u00e0 qui est fait ! <\/p>\n","protected":false},"excerpt":{"rendered":"<p>Mick DOOHAN et Selina SINES ont convol\u00e9, le 21 avril pass\u00e9, en justes noces sur leurs terres australiennes. Le jeune retrait\u00e9 de 40 ans, quintuple champion du Monde pour HONDA en 500 cm3 de 1994 \u00e0 1998 a donc pass\u00e9 l&rsquo;anneau au doigt \u00e0 sa belle avec laquelle il partage son existence depuis 1995. Le [&hellip;]<\/p>\n","protected":false},"author":336,"featured_media":0,"comment_status":"open","ping_status":"open","sticky":false,"template":"","format":"standard","meta":{"footnotes":""},"categories":[3,17],"tags":[],"class_list":["post-1892","post","type-post","status-publish","format-standard","hentry","category-actualite","category-divers"],"yoast_head":"<!-- This site is optimized with the Yoast SEO plugin v26.0 - https:\/\/yoast.com\/wordpress\/plugins\/seo\/ -->\n<title>Un nouveau titre pour DOOHAN - leblogmoto.com<\/title>\n<meta name=\"robots\" content=\"index, follow, max-snippet:-1, max-image-preview:large, max-video-preview:-1\" \/>\n<link rel=\"canonical\" href=\"https:\/\/blogs.thesocialmedia.com\/leblogmoto\/2006\/04\/24\/mick-doohan-et\/\" \/>\n<meta name=\"twitter:card\" content=\"summary_large_image\" \/>\n<meta name=\"twitter:title\" content=\"Un nouveau titre pour DOOHAN - leblogmoto.com\" \/>\n<meta name=\"twitter:description\" content=\"Mick DOOHAN et Selina SINES ont convol\u00e9, le 21 avril pass\u00e9, en justes noces sur leurs terres australiennes. Le jeune retrait\u00e9 de 40 ans, quintuple champion du Monde pour HONDA en 500 cm3 de 1994 \u00e0 1998 a donc pass\u00e9 l&rsquo;anneau au doigt \u00e0 sa belle avec laquelle il partage son existence depuis 1995. Le [&hellip;]\" \/>\n<meta name=\"twitter:image\" content=\"http:\/\/www.leblogmoto.com\/images\/12447067.jpg\" \/>\n<meta name=\"twitter:label1\" content=\"\u00c9crit par\" \/>\n\t<meta name=\"twitter:data1\" content=\"andre leconde\" \/>\n<script type=\"application\/ld+json\" class=\"yoast-schema-graph\">{\"@context\":\"https:\/\/schema.org\",\"@graph\":[{\"@type\":\"WebPage\",\"@id\":\"https:\/\/blogs.thesocialmedia.com\/leblogmoto\/2006\/04\/24\/mick-doohan-et\/\",\"url\":\"https:\/\/blogs.thesocialmedia.com\/leblogmoto\/2006\/04\/24\/mick-doohan-et\/\",\"name\":\"Un nouveau titre pour DOOHAN - leblogmoto.com\",\"isPartOf\":{\"@id\":\"https:\/\/blogs.thesocialmedia.com\/leblogmoto\/#website\"},\"primaryImageOfPage\":{\"@id\":\"https:\/\/blogs.thesocialmedia.com\/leblogmoto\/2006\/04\/24\/mick-doohan-et\/#primaryimage\"},\"image\":{\"@id\":\"https:\/\/blogs.thesocialmedia.com\/leblogmoto\/2006\/04\/24\/mick-doohan-et\/#primaryimage\"},\"thumbnailUrl\":\"http:\/\/www.leblogmoto.com\/images\/12447067.jpg\",\"datePublished\":\"2006-04-24T20:22:08+00:00\",\"dateModified\":\"2012-07-11T14:20:50+00:00\",\"author\":{\"@id\":\"https:\/\/blogs.thesocialmedia.com\/leblogmoto\/#\/schema\/person\/1a1dcfc7cec206573105eb4af91155c2\"},\"breadcrumb\":{\"@id\":\"https:\/\/blogs.thesocialmedia.com\/leblogmoto\/2006\/04\/24\/mick-doohan-et\/#breadcrumb\"},\"inLanguage\":\"fr-FR\",\"potentialAction\":[{\"@type\":\"ReadAction\",\"target\":[\"https:\/\/blogs.thesocialmedia.com\/leblogmoto\/2006\/04\/24\/mick-doohan-et\/\"]}]},{\"@type\":\"ImageObject\",\"inLanguage\":\"fr-FR\",\"@id\":\"https:\/\/blogs.thesocialmedia.com\/leblogmoto\/2006\/04\/24\/mick-doohan-et\/#primaryimage\",\"url\":\"http:\/\/www.leblogmoto.com\/images\/12447067.jpg\",\"contentUrl\":\"http:\/\/www.leblogmoto.com\/images\/12447067.jpg\"},{\"@type\":\"BreadcrumbList\",\"@id\":\"https:\/\/blogs.thesocialmedia.com\/leblogmoto\/2006\/04\/24\/mick-doohan-et\/#breadcrumb\",\"itemListElement\":[{\"@type\":\"ListItem\",\"position\":1,\"name\":\"Accueil\",\"item\":\"https:\/\/blogs.thesocialmedia.com\/leblogmoto\/\"},{\"@type\":\"ListItem\",\"position\":2,\"name\":\"Un nouveau titre pour DOOHAN\"}]},{\"@type\":\"WebSite\",\"@id\":\"https:\/\/blogs.thesocialmedia.com\/leblogmoto\/#website\",\"url\":\"https:\/\/blogs.thesocialmedia.com\/leblogmoto\/\",\"name\":\"leblogmoto\",\"description\":\"Toute l&#039;actualit\u00e9 des 2 roues\",\"potentialAction\":[{\"@type\":\"SearchAction\",\"target\":{\"@type\":\"EntryPoint\",\"urlTemplate\":\"https:\/\/blogs.thesocialmedia.com\/leblogmoto\/?s={search_term_string}\"},\"query-input\":{\"@type\":\"PropertyValueSpecification\",\"valueRequired\":true,\"valueName\":\"search_term_string\"}}],\"inLanguage\":\"fr-FR\"},{\"@type\":\"Person\",\"@id\":\"https:\/\/blogs.thesocialmedia.com\/leblogmoto\/#\/schema\/person\/1a1dcfc7cec206573105eb4af91155c2\",\"name\":\"andre leconde\",\"image\":{\"@type\":\"ImageObject\",\"inLanguage\":\"fr-FR\",\"@id\":\"https:\/\/blogs.thesocialmedia.com\/leblogmoto\/#\/schema\/person\/image\/\",\"url\":\"https:\/\/secure.gravatar.com\/avatar\/?s=96&d=mm&r=g\",\"contentUrl\":\"https:\/\/secure.gravatar.com\/avatar\/?s=96&d=mm&r=g\",\"caption\":\"andre leconde\"},\"url\":\"https:\/\/blogs.thesocialmedia.com\/leblogmoto\/author\/andre-leconde\/\"}]}<\/script>\n<!-- \/ Yoast SEO plugin. -->","yoast_head_json":{"title":"Un nouveau titre pour DOOHAN - leblogmoto.com","robots":{"index":"index","follow":"follow","max-snippet":"max-snippet:-1","max-image-preview":"max-image-preview:large","max-video-preview":"max-video-preview:-1"},"canonical":"https:\/\/blogs.thesocialmedia.com\/leblogmoto\/2006\/04\/24\/mick-doohan-et\/","twitter_card":"summary_large_image","twitter_title":"Un nouveau titre pour DOOHAN - leblogmoto.com","twitter_description":"Mick DOOHAN et Selina SINES ont convol\u00e9, le 21 avril pass\u00e9, en justes noces sur leurs terres australiennes. Le jeune retrait\u00e9 de 40 ans, quintuple champion du Monde pour HONDA en 500 cm3 de 1994 \u00e0 1998 a donc pass\u00e9 l&rsquo;anneau au doigt \u00e0 sa belle avec laquelle il partage son existence depuis 1995. Le [&hellip;]","twitter_image":"http:\/\/www.leblogmoto.com\/images\/12447067.jpg","twitter_misc":{"\u00c9crit par":"andre leconde"},"schema":{"@context":"https:\/\/schema.org","@graph":[{"@type":"WebPage","@id":"https:\/\/blogs.thesocialmedia.com\/leblogmoto\/2006\/04\/24\/mick-doohan-et\/","url":"https:\/\/blogs.thesocialmedia.com\/leblogmoto\/2006\/04\/24\/mick-doohan-et\/","name":"Un nouveau titre pour DOOHAN - leblogmoto.com","isPartOf":{"@id":"https:\/\/blogs.thesocialmedia.com\/leblogmoto\/#website"},"primaryImageOfPage":{"@id":"https:\/\/blogs.thesocialmedia.com\/leblogmoto\/2006\/04\/24\/mick-doohan-et\/#primaryimage"},"image":{"@id":"https:\/\/blogs.thesocialmedia.com\/leblogmoto\/2006\/04\/24\/mick-doohan-et\/#primaryimage"},"thumbnailUrl":"http:\/\/www.leblogmoto.com\/images\/12447067.jpg","datePublished":"2006-04-24T20:22:08+00:00","dateModified":"2012-07-11T14:20:50+00:00","author":{"@id":"https:\/\/blogs.thesocialmedia.com\/leblogmoto\/#\/schema\/person\/1a1dcfc7cec206573105eb4af91155c2"},"breadcrumb":{"@id":"https:\/\/blogs.thesocialmedia.com\/leblogmoto\/2006\/04\/24\/mick-doohan-et\/#breadcrumb"},"inLanguage":"fr-FR","potentialAction":[{"@type":"ReadAction","target":["https:\/\/blogs.thesocialmedia.com\/leblogmoto\/2006\/04\/24\/mick-doohan-et\/"]}]},{"@type":"ImageObject","inLanguage":"fr-FR","@id":"https:\/\/blogs.thesocialmedia.com\/leblogmoto\/2006\/04\/24\/mick-doohan-et\/#primaryimage","url":"http:\/\/www.leblogmoto.com\/images\/12447067.jpg","contentUrl":"http:\/\/www.leblogmoto.com\/images\/12447067.jpg"},{"@type":"BreadcrumbList","@id":"https:\/\/blogs.thesocialmedia.com\/leblogmoto\/2006\/04\/24\/mick-doohan-et\/#breadcrumb","itemListElement":[{"@type":"ListItem","position":1,"name":"Accueil","item":"https:\/\/blogs.thesocialmedia.com\/leblogmoto\/"},{"@type":"ListItem","position":2,"name":"Un nouveau titre pour DOOHAN"}]},{"@type":"WebSite","@id":"https:\/\/blogs.thesocialmedia.com\/leblogmoto\/#website","url":"https:\/\/blogs.thesocialmedia.com\/leblogmoto\/","name":"leblogmoto","description":"Toute l&#039;actualit\u00e9 des 2 roues","potentialAction":[{"@type":"SearchAction","target":{"@type":"EntryPoint","urlTemplate":"https:\/\/blogs.thesocialmedia.com\/leblogmoto\/?s={search_term_string}"},"query-input":{"@type":"PropertyValueSpecification","valueRequired":true,"valueName":"search_term_string"}}],"inLanguage":"fr-FR"},{"@type":"Person","@id":"https:\/\/blogs.thesocialmedia.com\/leblogmoto\/#\/schema\/person\/1a1dcfc7cec206573105eb4af91155c2","name":"andre leconde","image":{"@type":"ImageObject","inLanguage":"fr-FR","@id":"https:\/\/blogs.thesocialmedia.com\/leblogmoto\/#\/schema\/person\/image\/","url":"https:\/\/secure.gravatar.com\/avatar\/?s=96&d=mm&r=g","contentUrl":"https:\/\/secure.gravatar.com\/avatar\/?s=96&d=mm&r=g","caption":"andre leconde"},"url":"https:\/\/blogs.thesocialmedia.com\/leblogmoto\/author\/andre-leconde\/"}]}},"_links":{"self":[{"href":"https:\/\/blogs.thesocialmedia.com\/leblogmoto\/wp-json\/wp\/v2\/posts\/1892","targetHints":{"allow":["GET"]}}],"collection":[{"href":"https:\/\/blogs.thesocialmedia.com\/leblogmoto\/wp-json\/wp\/v2\/posts"}],"about":[{"href":"https:\/\/blogs.thesocialmedia.com\/leblogmoto\/wp-json\/wp\/v2\/types\/post"}],"author":[{"embeddable":true,"href":"https:\/\/blogs.thesocialmedia.com\/leblogmoto\/wp-json\/wp\/v2\/users\/336"}],"replies":[{"embeddable":true,"href":"https:\/\/blogs.thesocialmedia.com\/leblogmoto\/wp-json\/wp\/v2\/comments?post=1892"}],"version-history":[{"count":2,"href":"https:\/\/blogs.thesocialmedia.com\/leblogmoto\/wp-json\/wp\/v2\/posts\/1892\/revisions"}],"predecessor-version":[{"id":7371,"href":"https:\/\/blogs.thesocialmedia.com\/leblogmoto\/wp-json\/wp\/v2\/posts\/1892\/revisions\/7371"}],"wp:attachment":[{"href":"https:\/\/blogs.thesocialmedia.com\/leblogmoto\/wp-json\/wp\/v2\/media?parent=1892"}],"wp:term":[{"taxonomy":"category","embeddable":true,"href":"https:\/\/blogs.thesocialmedia.com\/leblogmoto\/wp-json\/wp\/v2\/categories?post=1892"},{"taxonomy":"post_tag","embeddable":true,"href":"https:\/\/blogs.thesocialmedia.com\/leblogmoto\/wp-json\/wp\/v2\/tags?post=1892"}],"curies":[{"name":"wp","href":"https:\/\/api.w.org\/{rel}","templated":true}]}}