{"id":1894,"date":"2006-04-23T23:08:39","date_gmt":"2006-04-23T23:08:39","guid":{"rendered":"http:\/\/blogs.thesocialmedia.com\/leblogmoto\/2006\/04\/23\/wsbk-valence-la\/"},"modified":"2012-07-11T14:20:47","modified_gmt":"2012-07-11T14:20:47","slug":"wsbk-valence-la","status":"publish","type":"post","link":"https:\/\/blogs.thesocialmedia.com\/leblogmoto\/2006\/04\/23\/wsbk-valence-la\/","title":{"rendered":"WSBK: VALENCE: L&rsquo;assommoir"},"content":{"rendered":"<p><a href=\"http:\/\/blogs.thesocialmedia.com\/leblogmoto\/files\/2012\/07\/bayscintbig.jpg\"><img loading=\"lazy\" decoding=\"async\" height=\"323\" alt=\"Bayscintbig\" src=\"http:\/\/www.leblogmoto.com\/images\/bayscintbig.jpg\" width=\"470\"  \/><\/a><strong>VALENCE<\/strong> aura \u00e9t\u00e9 une \u00e9tape o\u00f9 un rude coup a \u00e9t\u00e9 ass\u00e9n\u00e9 aux adversaires des deux leaders actuels des championnats <strong>SBK<\/strong> et <strong>SuperSport<\/strong>.<\/p>\n<p>Alors que dans la cat\u00e9gorie reine, la <a href=\"http:\/\/www.leblogmoto.com\/2006\/04\/sbk_valence_cor.html\">concurrence<\/a> \u00e9tait ouverte, <strong>BAYLISS<\/strong> n&rsquo;a fait qu&rsquo;une bouch\u00e9e de ses adversaires, au premier rang desquels <strong>CORSER<\/strong> qui s&rsquo;est vu par deux fois mener la course, rejoindre \u00e0 la moiti\u00e9 de celle-ci, pour \u00eatre litt\u00e9ralement d\u00e9pos\u00e9 dans les derniers tours. Rageant.<\/p>\n<p>Pour le SuperSport, en revanche, pas de surprise, <a href=\"http:\/\/www.leblogmoto.com\/2006\/04\/supersport_char.html\">CHARPENTIER<\/a> les a encore une fois tous enterr\u00e9&#8230;<\/p>\n<p>&nbsp; <\/p>\n<p><a href=\"http:\/\/clabedan.typepad.com\/.shared\/image.html?\/photos\/uncategorized\/teo_4449.jpg\"><img loading=\"lazy\" decoding=\"async\" height=\"165\" alt=\"Teo_4449\" src=\"http:\/\/www.leblogmoto.com\/images\/teo_4449.jpg\" width=\"250\"  \/><\/a>Les <strong>cinq premiers<\/strong> du SBK ont \u00e9t\u00e9 les m\u00eames sur les deux manches. Derri\u00e8re le duo australien intouchable, <strong>LANZI<\/strong>, <strong>ABE<\/strong> et <strong>HAGA<\/strong> ont suivi dans un ordre presque de parade. <strong>LACONI <\/strong>a fait huiti\u00e8me \u00e0 chacune des manches et <strong>FORET<\/strong> a d&rsquo;abord sign\u00e9 la quinzi\u00e8me place, puis la treizi\u00e8me. <strong>TOSELAND<\/strong> a fait neuf et onze, perdant de gros points au championnat.<\/p>\n<p>Pour le <strong>SuperSport<\/strong>, ballade dominicale pour le champion en titre <strong>CHARPENTIER<\/strong> devant <strong>CURTAIN <\/strong>et <strong>FUJIWARA<\/strong>. <strong>TIBERIO<\/strong> est sixi\u00e8me, <strong>LEBLANC<\/strong> et <strong>BERGER<\/strong> seizi\u00e8me et dix septi\u00e8me, tandis que <strong>CHAMBON<\/strong> a abandonn\u00e9 sur probl\u00e8me technique et <strong>ENJOLRAS<\/strong> sur une mauvaise chute qui l&rsquo;a bless\u00e9 au poignet.<\/p>\n<p><strong>BAYLISS<\/strong> a marqu\u00e9 les esprits ce week-end tandis que <strong>CHARPENTIER<\/strong> s&rsquo;est r\u00e9v\u00e9l\u00e9 intouchable. Leurs suivants en sont encore tout estourbis.&nbsp; <\/p>\n<p><strong><em><u>CHAMPIONNAT SBK<\/u><\/em><\/strong>: BAYLISS 125 CORSER 103 TOSELAND 86<\/p>\n<p><strong><em><u>CHAMPIONNAT SS<\/u><\/em><\/strong>: CHARPENTIER 75 CURTAIN 60 HARMS 31<\/p>\n<p>SOURCE: <a href=\"http:\/\/www.motonline.com\/\">www.motonline.com<\/a><\/p>\n","protected":false},"excerpt":{"rendered":"<p>VALENCE aura \u00e9t\u00e9 une \u00e9tape o\u00f9 un rude coup a \u00e9t\u00e9 ass\u00e9n\u00e9 aux adversaires des deux leaders actuels des championnats SBK et SuperSport. Alors que dans la cat\u00e9gorie reine, la concurrence \u00e9tait ouverte, BAYLISS n&rsquo;a fait qu&rsquo;une bouch\u00e9e de ses adversaires, au premier rang desquels CORSER qui s&rsquo;est vu par deux fois mener la course, [&hellip;]<\/p>\n","protected":false},"author":336,"featured_media":0,"comment_status":"open","ping_status":"open","sticky":false,"template":"","format":"standard","meta":{"footnotes":""},"categories":[32,46],"tags":[],"class_list":["post-1894","post","type-post","status-publish","format-standard","hentry","category-sport-moto","category-superbike"],"yoast_head":"<!-- This site is optimized with the Yoast SEO plugin v26.0 - https:\/\/yoast.com\/wordpress\/plugins\/seo\/ -->\n<title>WSBK: VALENCE: L&#039;assommoir - leblogmoto.com<\/title>\n<meta name=\"robots\" content=\"index, follow, max-snippet:-1, max-image-preview:large, max-video-preview:-1\" \/>\n<link rel=\"canonical\" href=\"https:\/\/blogs.thesocialmedia.com\/leblogmoto\/2006\/04\/23\/wsbk-valence-la\/\" \/>\n<meta name=\"twitter:card\" content=\"summary_large_image\" \/>\n<meta name=\"twitter:title\" content=\"WSBK: VALENCE: L&#039;assommoir - leblogmoto.com\" \/>\n<meta name=\"twitter:description\" content=\"VALENCE aura \u00e9t\u00e9 une \u00e9tape o\u00f9 un rude coup a \u00e9t\u00e9 ass\u00e9n\u00e9 aux adversaires des deux leaders actuels des championnats SBK et SuperSport. Alors que dans la cat\u00e9gorie reine, la concurrence \u00e9tait ouverte, BAYLISS n&rsquo;a fait qu&rsquo;une bouch\u00e9e de ses adversaires, au premier rang desquels CORSER qui s&rsquo;est vu par deux fois mener la course, [&hellip;]\" \/>\n<meta name=\"twitter:image\" content=\"http:\/\/www.leblogmoto.com\/images\/bayscintbig.jpg\" \/>\n<meta name=\"twitter:label1\" content=\"\u00c9crit par\" \/>\n\t<meta name=\"twitter:data1\" content=\"andre leconde\" \/>\n\t<meta name=\"twitter:label2\" content=\"Dur\u00e9e de lecture estim\u00e9e\" \/>\n\t<meta name=\"twitter:data2\" content=\"1 minute\" \/>\n<script type=\"application\/ld+json\" class=\"yoast-schema-graph\">{\"@context\":\"https:\/\/schema.org\",\"@graph\":[{\"@type\":\"WebPage\",\"@id\":\"https:\/\/blogs.thesocialmedia.com\/leblogmoto\/2006\/04\/23\/wsbk-valence-la\/\",\"url\":\"https:\/\/blogs.thesocialmedia.com\/leblogmoto\/2006\/04\/23\/wsbk-valence-la\/\",\"name\":\"WSBK: VALENCE: L'assommoir - leblogmoto.com\",\"isPartOf\":{\"@id\":\"https:\/\/blogs.thesocialmedia.com\/leblogmoto\/#website\"},\"primaryImageOfPage\":{\"@id\":\"https:\/\/blogs.thesocialmedia.com\/leblogmoto\/2006\/04\/23\/wsbk-valence-la\/#primaryimage\"},\"image\":{\"@id\":\"https:\/\/blogs.thesocialmedia.com\/leblogmoto\/2006\/04\/23\/wsbk-valence-la\/#primaryimage\"},\"thumbnailUrl\":\"http:\/\/www.leblogmoto.com\/images\/bayscintbig.jpg\",\"datePublished\":\"2006-04-23T23:08:39+00:00\",\"dateModified\":\"2012-07-11T14:20:47+00:00\",\"author\":{\"@id\":\"https:\/\/blogs.thesocialmedia.com\/leblogmoto\/#\/schema\/person\/1a1dcfc7cec206573105eb4af91155c2\"},\"breadcrumb\":{\"@id\":\"https:\/\/blogs.thesocialmedia.com\/leblogmoto\/2006\/04\/23\/wsbk-valence-la\/#breadcrumb\"},\"inLanguage\":\"fr-FR\",\"potentialAction\":[{\"@type\":\"ReadAction\",\"target\":[\"https:\/\/blogs.thesocialmedia.com\/leblogmoto\/2006\/04\/23\/wsbk-valence-la\/\"]}]},{\"@type\":\"ImageObject\",\"inLanguage\":\"fr-FR\",\"@id\":\"https:\/\/blogs.thesocialmedia.com\/leblogmoto\/2006\/04\/23\/wsbk-valence-la\/#primaryimage\",\"url\":\"http:\/\/www.leblogmoto.com\/images\/bayscintbig.jpg\",\"contentUrl\":\"http:\/\/www.leblogmoto.com\/images\/bayscintbig.jpg\"},{\"@type\":\"BreadcrumbList\",\"@id\":\"https:\/\/blogs.thesocialmedia.com\/leblogmoto\/2006\/04\/23\/wsbk-valence-la\/#breadcrumb\",\"itemListElement\":[{\"@type\":\"ListItem\",\"position\":1,\"name\":\"Accueil\",\"item\":\"https:\/\/blogs.thesocialmedia.com\/leblogmoto\/\"},{\"@type\":\"ListItem\",\"position\":2,\"name\":\"WSBK: VALENCE: L&rsquo;assommoir\"}]},{\"@type\":\"WebSite\",\"@id\":\"https:\/\/blogs.thesocialmedia.com\/leblogmoto\/#website\",\"url\":\"https:\/\/blogs.thesocialmedia.com\/leblogmoto\/\",\"name\":\"leblogmoto\",\"description\":\"Toute l&#039;actualit\u00e9 des 2 roues\",\"potentialAction\":[{\"@type\":\"SearchAction\",\"target\":{\"@type\":\"EntryPoint\",\"urlTemplate\":\"https:\/\/blogs.thesocialmedia.com\/leblogmoto\/?s={search_term_string}\"},\"query-input\":{\"@type\":\"PropertyValueSpecification\",\"valueRequired\":true,\"valueName\":\"search_term_string\"}}],\"inLanguage\":\"fr-FR\"},{\"@type\":\"Person\",\"@id\":\"https:\/\/blogs.thesocialmedia.com\/leblogmoto\/#\/schema\/person\/1a1dcfc7cec206573105eb4af91155c2\",\"name\":\"andre leconde\",\"image\":{\"@type\":\"ImageObject\",\"inLanguage\":\"fr-FR\",\"@id\":\"https:\/\/blogs.thesocialmedia.com\/leblogmoto\/#\/schema\/person\/image\/\",\"url\":\"https:\/\/secure.gravatar.com\/avatar\/?s=96&d=mm&r=g\",\"contentUrl\":\"https:\/\/secure.gravatar.com\/avatar\/?s=96&d=mm&r=g\",\"caption\":\"andre leconde\"},\"url\":\"https:\/\/blogs.thesocialmedia.com\/leblogmoto\/author\/andre-leconde\/\"}]}<\/script>\n<!-- \/ Yoast SEO plugin. -->","yoast_head_json":{"title":"WSBK: VALENCE: L'assommoir - leblogmoto.com","robots":{"index":"index","follow":"follow","max-snippet":"max-snippet:-1","max-image-preview":"max-image-preview:large","max-video-preview":"max-video-preview:-1"},"canonical":"https:\/\/blogs.thesocialmedia.com\/leblogmoto\/2006\/04\/23\/wsbk-valence-la\/","twitter_card":"summary_large_image","twitter_title":"WSBK: VALENCE: L'assommoir - leblogmoto.com","twitter_description":"VALENCE aura \u00e9t\u00e9 une \u00e9tape o\u00f9 un rude coup a \u00e9t\u00e9 ass\u00e9n\u00e9 aux adversaires des deux leaders actuels des championnats SBK et SuperSport. Alors que dans la cat\u00e9gorie reine, la concurrence \u00e9tait ouverte, BAYLISS n&rsquo;a fait qu&rsquo;une bouch\u00e9e de ses adversaires, au premier rang desquels CORSER qui s&rsquo;est vu par deux fois mener la course, [&hellip;]","twitter_image":"http:\/\/www.leblogmoto.com\/images\/bayscintbig.jpg","twitter_misc":{"\u00c9crit par":"andre leconde","Dur\u00e9e de lecture estim\u00e9e":"1 minute"},"schema":{"@context":"https:\/\/schema.org","@graph":[{"@type":"WebPage","@id":"https:\/\/blogs.thesocialmedia.com\/leblogmoto\/2006\/04\/23\/wsbk-valence-la\/","url":"https:\/\/blogs.thesocialmedia.com\/leblogmoto\/2006\/04\/23\/wsbk-valence-la\/","name":"WSBK: VALENCE: L'assommoir - leblogmoto.com","isPartOf":{"@id":"https:\/\/blogs.thesocialmedia.com\/leblogmoto\/#website"},"primaryImageOfPage":{"@id":"https:\/\/blogs.thesocialmedia.com\/leblogmoto\/2006\/04\/23\/wsbk-valence-la\/#primaryimage"},"image":{"@id":"https:\/\/blogs.thesocialmedia.com\/leblogmoto\/2006\/04\/23\/wsbk-valence-la\/#primaryimage"},"thumbnailUrl":"http:\/\/www.leblogmoto.com\/images\/bayscintbig.jpg","datePublished":"2006-04-23T23:08:39+00:00","dateModified":"2012-07-11T14:20:47+00:00","author":{"@id":"https:\/\/blogs.thesocialmedia.com\/leblogmoto\/#\/schema\/person\/1a1dcfc7cec206573105eb4af91155c2"},"breadcrumb":{"@id":"https:\/\/blogs.thesocialmedia.com\/leblogmoto\/2006\/04\/23\/wsbk-valence-la\/#breadcrumb"},"inLanguage":"fr-FR","potentialAction":[{"@type":"ReadAction","target":["https:\/\/blogs.thesocialmedia.com\/leblogmoto\/2006\/04\/23\/wsbk-valence-la\/"]}]},{"@type":"ImageObject","inLanguage":"fr-FR","@id":"https:\/\/blogs.thesocialmedia.com\/leblogmoto\/2006\/04\/23\/wsbk-valence-la\/#primaryimage","url":"http:\/\/www.leblogmoto.com\/images\/bayscintbig.jpg","contentUrl":"http:\/\/www.leblogmoto.com\/images\/bayscintbig.jpg"},{"@type":"BreadcrumbList","@id":"https:\/\/blogs.thesocialmedia.com\/leblogmoto\/2006\/04\/23\/wsbk-valence-la\/#breadcrumb","itemListElement":[{"@type":"ListItem","position":1,"name":"Accueil","item":"https:\/\/blogs.thesocialmedia.com\/leblogmoto\/"},{"@type":"ListItem","position":2,"name":"WSBK: VALENCE: L&rsquo;assommoir"}]},{"@type":"WebSite","@id":"https:\/\/blogs.thesocialmedia.com\/leblogmoto\/#website","url":"https:\/\/blogs.thesocialmedia.com\/leblogmoto\/","name":"leblogmoto","description":"Toute l&#039;actualit\u00e9 des 2 roues","potentialAction":[{"@type":"SearchAction","target":{"@type":"EntryPoint","urlTemplate":"https:\/\/blogs.thesocialmedia.com\/leblogmoto\/?s={search_term_string}"},"query-input":{"@type":"PropertyValueSpecification","valueRequired":true,"valueName":"search_term_string"}}],"inLanguage":"fr-FR"},{"@type":"Person","@id":"https:\/\/blogs.thesocialmedia.com\/leblogmoto\/#\/schema\/person\/1a1dcfc7cec206573105eb4af91155c2","name":"andre leconde","image":{"@type":"ImageObject","inLanguage":"fr-FR","@id":"https:\/\/blogs.thesocialmedia.com\/leblogmoto\/#\/schema\/person\/image\/","url":"https:\/\/secure.gravatar.com\/avatar\/?s=96&d=mm&r=g","contentUrl":"https:\/\/secure.gravatar.com\/avatar\/?s=96&d=mm&r=g","caption":"andre leconde"},"url":"https:\/\/blogs.thesocialmedia.com\/leblogmoto\/author\/andre-leconde\/"}]}},"_links":{"self":[{"href":"https:\/\/blogs.thesocialmedia.com\/leblogmoto\/wp-json\/wp\/v2\/posts\/1894","targetHints":{"allow":["GET"]}}],"collection":[{"href":"https:\/\/blogs.thesocialmedia.com\/leblogmoto\/wp-json\/wp\/v2\/posts"}],"about":[{"href":"https:\/\/blogs.thesocialmedia.com\/leblogmoto\/wp-json\/wp\/v2\/types\/post"}],"author":[{"embeddable":true,"href":"https:\/\/blogs.thesocialmedia.com\/leblogmoto\/wp-json\/wp\/v2\/users\/336"}],"replies":[{"embeddable":true,"href":"https:\/\/blogs.thesocialmedia.com\/leblogmoto\/wp-json\/wp\/v2\/comments?post=1894"}],"version-history":[{"count":2,"href":"https:\/\/blogs.thesocialmedia.com\/leblogmoto\/wp-json\/wp\/v2\/posts\/1894\/revisions"}],"predecessor-version":[{"id":7367,"href":"https:\/\/blogs.thesocialmedia.com\/leblogmoto\/wp-json\/wp\/v2\/posts\/1894\/revisions\/7367"}],"wp:attachment":[{"href":"https:\/\/blogs.thesocialmedia.com\/leblogmoto\/wp-json\/wp\/v2\/media?parent=1894"}],"wp:term":[{"taxonomy":"category","embeddable":true,"href":"https:\/\/blogs.thesocialmedia.com\/leblogmoto\/wp-json\/wp\/v2\/categories?post=1894"},{"taxonomy":"post_tag","embeddable":true,"href":"https:\/\/blogs.thesocialmedia.com\/leblogmoto\/wp-json\/wp\/v2\/tags?post=1894"}],"curies":[{"name":"wp","href":"https:\/\/api.w.org\/{rel}","templated":true}]}}