{"id":1896,"date":"2006-04-22T17:21:44","date_gmt":"2006-04-22T17:21:44","guid":{"rendered":"http:\/\/blogs.thesocialmedia.com\/leblogmoto\/2006\/04\/22\/sbk-valence-cor\/"},"modified":"2012-07-11T14:20:44","modified_gmt":"2012-07-11T14:20:44","slug":"sbk-valence-cor","status":"publish","type":"post","link":"https:\/\/blogs.thesocialmedia.com\/leblogmoto\/2006\/04\/22\/sbk-valence-cor\/","title":{"rendered":"SBK VALENCE: CORSER et les flibustiers"},"content":{"rendered":"<p><a href=\"http:\/\/blogs.thesocialmedia.com\/leblogmoto\/files\/2012\/07\/6047.jpg\"><img loading=\"lazy\" decoding=\"async\" height=\"165\" alt=\"6047\" src=\"http:\/\/www.leblogmoto.com\/images\/6047.jpg\" width=\"250\"  \/><\/a>Cette <a href=\"http:\/\/www.leblogmoto.com\/2006\/02\/sbk_situation_d.html\">cuv\u00e9e 2006<\/a> du championnat <a href=\"http:\/\/www.leblogmoto.com\/2006\/04\/sbk_zerbi_tempr.html\">WSBK<\/a> est des plus ind\u00e9cises de l&rsquo;histoire de la discipline. La <strong>superpole<\/strong> qui vient de s&rsquo;achever \u00e0 <strong>VALENCE<\/strong> a prouv\u00e9 une nouvelle fois un resserrement des valeurs avec un duo qui joue sa meilleure partition: <strong>CORSER<\/strong> et <strong>BAYLISS<\/strong>.<\/p>\n<p>On attendait les <a href=\"http:\/\/www.leblogmoto.com\/2006\/03\/sbk_ducati_vers.html\">DUCATI<\/a>, notamment celle de <strong>BAYLISS<\/strong> qui <a href=\"http:\/\/www.leblogmoto.com\/2006\/03\/sbk_valencia_te.html\">s\u00e9me la terreur<\/a> depuis le retour du plateau en Europe. Mais c&rsquo;est son compatriote qui lui a vol\u00e9 la vedette, en s&rsquo;adjugeant la pole, avec, en plus la mani\u00e8re: un chrono sous la minute 35, le seul a avoir franchi cette barre symbolique.<\/p>\n<p>Derri\u00e8re, c&rsquo;est aussi la surprise&#8230;<\/p>\n<p><a href=\"http:\/\/clabedan.typepad.com\/.shared\/image.html?\/photos\/uncategorized\/041207_fpr.jpg\"><img loading=\"lazy\" decoding=\"async\" height=\"372\" alt=\"041207_fpr\" src=\"http:\/\/www.leblogmoto.com\/images\/041207_fpr.jpg\" width=\"250\"  \/><\/a>CORSER et BAYLISS en t\u00eate, <strong>LANZI <\/strong>qui tient le rythme avec l&rsquo;autre DUCATI, mais aussi un autre australien, <strong>MARTIN<\/strong>, \u00e9blouissant avec une <strong>Foggy PETRONAS<\/strong>. <\/p>\n<p>La seconde ligne est presque toute verte, puisque les <strong>KAWA<\/strong> ont confirm\u00e9 leur bonne forme apr\u00e8s une campagne outre-mer mitig\u00e9e. C&rsquo;est <strong>NIETO<\/strong> qui se pr\u00e9sente comme le meilleur petit homme vert, devant un <strong>LACONI<\/strong> retrouv\u00e9 et un <strong>WALKER<\/strong>, pour une fois derri\u00e8re ses \u00e9quipiers. <\/p>\n<p><strong>ABE<\/strong> et la <strong>YZF <\/strong>couleur FRANCE signe le meilleur chrono des YAMAHA, soit le <strong>huiti\u00e8me<\/strong>. Il devance un spectaculaire <strong>TOSELAND<\/strong> qui a tout fait pour limiter les d\u00e9gats sur une HONDA perdue sur ce trac\u00e9. Il devance, non sans mal, <strong>HAGA<\/strong> et <strong>PITT<\/strong>, mais la <strong>CBR <\/strong>n&rsquo;est pas du tout \u00e0 son aise. <strong>BARROS<\/strong> n&rsquo;est que seizi\u00e8me.<\/p>\n<p><strong>FORET<\/strong> qui a particip\u00e9 \u00e0 sa premi\u00e8re Superpole est bon quatorzi\u00e8me. Il y aura de l&rsquo;abordage demain entre ces squales aux dents longues et aiguis\u00e9es. A ne pas rater !&nbsp; &nbsp;<\/p>\n","protected":false},"excerpt":{"rendered":"<p>Cette cuv\u00e9e 2006 du championnat WSBK est des plus ind\u00e9cises de l&rsquo;histoire de la discipline. La superpole qui vient de s&rsquo;achever \u00e0 VALENCE a prouv\u00e9 une nouvelle fois un resserrement des valeurs avec un duo qui joue sa meilleure partition: CORSER et BAYLISS. On attendait les DUCATI, notamment celle de BAYLISS qui s\u00e9me la terreur [&hellip;]<\/p>\n","protected":false},"author":336,"featured_media":0,"comment_status":"open","ping_status":"open","sticky":false,"template":"","format":"standard","meta":{"footnotes":""},"categories":[32,46],"tags":[],"class_list":["post-1896","post","type-post","status-publish","format-standard","hentry","category-sport-moto","category-superbike"],"yoast_head":"<!-- This site is optimized with the Yoast SEO plugin v26.0 - https:\/\/yoast.com\/wordpress\/plugins\/seo\/ -->\n<title>SBK VALENCE: CORSER et les flibustiers - leblogmoto.com<\/title>\n<meta name=\"robots\" content=\"index, follow, max-snippet:-1, max-image-preview:large, max-video-preview:-1\" \/>\n<link rel=\"canonical\" href=\"https:\/\/blogs.thesocialmedia.com\/leblogmoto\/2006\/04\/22\/sbk-valence-cor\/\" \/>\n<meta name=\"twitter:card\" content=\"summary_large_image\" \/>\n<meta name=\"twitter:title\" content=\"SBK VALENCE: CORSER et les flibustiers - leblogmoto.com\" \/>\n<meta name=\"twitter:description\" content=\"Cette cuv\u00e9e 2006 du championnat WSBK est des plus ind\u00e9cises de l&rsquo;histoire de la discipline. La superpole qui vient de s&rsquo;achever \u00e0 VALENCE a prouv\u00e9 une nouvelle fois un resserrement des valeurs avec un duo qui joue sa meilleure partition: CORSER et BAYLISS. On attendait les DUCATI, notamment celle de BAYLISS qui s\u00e9me la terreur [&hellip;]\" \/>\n<meta name=\"twitter:image\" content=\"http:\/\/www.leblogmoto.com\/images\/6047.jpg\" \/>\n<meta name=\"twitter:label1\" content=\"\u00c9crit par\" \/>\n\t<meta name=\"twitter:data1\" content=\"andre leconde\" \/>\n\t<meta name=\"twitter:label2\" content=\"Dur\u00e9e de lecture estim\u00e9e\" \/>\n\t<meta name=\"twitter:data2\" content=\"1 minute\" \/>\n<script type=\"application\/ld+json\" class=\"yoast-schema-graph\">{\"@context\":\"https:\/\/schema.org\",\"@graph\":[{\"@type\":\"WebPage\",\"@id\":\"https:\/\/blogs.thesocialmedia.com\/leblogmoto\/2006\/04\/22\/sbk-valence-cor\/\",\"url\":\"https:\/\/blogs.thesocialmedia.com\/leblogmoto\/2006\/04\/22\/sbk-valence-cor\/\",\"name\":\"SBK VALENCE: CORSER et les flibustiers - leblogmoto.com\",\"isPartOf\":{\"@id\":\"https:\/\/blogs.thesocialmedia.com\/leblogmoto\/#website\"},\"primaryImageOfPage\":{\"@id\":\"https:\/\/blogs.thesocialmedia.com\/leblogmoto\/2006\/04\/22\/sbk-valence-cor\/#primaryimage\"},\"image\":{\"@id\":\"https:\/\/blogs.thesocialmedia.com\/leblogmoto\/2006\/04\/22\/sbk-valence-cor\/#primaryimage\"},\"thumbnailUrl\":\"http:\/\/www.leblogmoto.com\/images\/6047.jpg\",\"datePublished\":\"2006-04-22T17:21:44+00:00\",\"dateModified\":\"2012-07-11T14:20:44+00:00\",\"author\":{\"@id\":\"https:\/\/blogs.thesocialmedia.com\/leblogmoto\/#\/schema\/person\/1a1dcfc7cec206573105eb4af91155c2\"},\"breadcrumb\":{\"@id\":\"https:\/\/blogs.thesocialmedia.com\/leblogmoto\/2006\/04\/22\/sbk-valence-cor\/#breadcrumb\"},\"inLanguage\":\"fr-FR\",\"potentialAction\":[{\"@type\":\"ReadAction\",\"target\":[\"https:\/\/blogs.thesocialmedia.com\/leblogmoto\/2006\/04\/22\/sbk-valence-cor\/\"]}]},{\"@type\":\"ImageObject\",\"inLanguage\":\"fr-FR\",\"@id\":\"https:\/\/blogs.thesocialmedia.com\/leblogmoto\/2006\/04\/22\/sbk-valence-cor\/#primaryimage\",\"url\":\"http:\/\/www.leblogmoto.com\/images\/6047.jpg\",\"contentUrl\":\"http:\/\/www.leblogmoto.com\/images\/6047.jpg\"},{\"@type\":\"BreadcrumbList\",\"@id\":\"https:\/\/blogs.thesocialmedia.com\/leblogmoto\/2006\/04\/22\/sbk-valence-cor\/#breadcrumb\",\"itemListElement\":[{\"@type\":\"ListItem\",\"position\":1,\"name\":\"Accueil\",\"item\":\"https:\/\/blogs.thesocialmedia.com\/leblogmoto\/\"},{\"@type\":\"ListItem\",\"position\":2,\"name\":\"SBK VALENCE: CORSER et les flibustiers\"}]},{\"@type\":\"WebSite\",\"@id\":\"https:\/\/blogs.thesocialmedia.com\/leblogmoto\/#website\",\"url\":\"https:\/\/blogs.thesocialmedia.com\/leblogmoto\/\",\"name\":\"leblogmoto\",\"description\":\"Toute l&#039;actualit\u00e9 des 2 roues\",\"potentialAction\":[{\"@type\":\"SearchAction\",\"target\":{\"@type\":\"EntryPoint\",\"urlTemplate\":\"https:\/\/blogs.thesocialmedia.com\/leblogmoto\/?s={search_term_string}\"},\"query-input\":{\"@type\":\"PropertyValueSpecification\",\"valueRequired\":true,\"valueName\":\"search_term_string\"}}],\"inLanguage\":\"fr-FR\"},{\"@type\":\"Person\",\"@id\":\"https:\/\/blogs.thesocialmedia.com\/leblogmoto\/#\/schema\/person\/1a1dcfc7cec206573105eb4af91155c2\",\"name\":\"andre leconde\",\"image\":{\"@type\":\"ImageObject\",\"inLanguage\":\"fr-FR\",\"@id\":\"https:\/\/blogs.thesocialmedia.com\/leblogmoto\/#\/schema\/person\/image\/\",\"url\":\"https:\/\/secure.gravatar.com\/avatar\/?s=96&d=mm&r=g\",\"contentUrl\":\"https:\/\/secure.gravatar.com\/avatar\/?s=96&d=mm&r=g\",\"caption\":\"andre leconde\"},\"url\":\"https:\/\/blogs.thesocialmedia.com\/leblogmoto\/author\/andre-leconde\/\"}]}<\/script>\n<!-- \/ Yoast SEO plugin. -->","yoast_head_json":{"title":"SBK VALENCE: CORSER et les flibustiers - leblogmoto.com","robots":{"index":"index","follow":"follow","max-snippet":"max-snippet:-1","max-image-preview":"max-image-preview:large","max-video-preview":"max-video-preview:-1"},"canonical":"https:\/\/blogs.thesocialmedia.com\/leblogmoto\/2006\/04\/22\/sbk-valence-cor\/","twitter_card":"summary_large_image","twitter_title":"SBK VALENCE: CORSER et les flibustiers - leblogmoto.com","twitter_description":"Cette cuv\u00e9e 2006 du championnat WSBK est des plus ind\u00e9cises de l&rsquo;histoire de la discipline. La superpole qui vient de s&rsquo;achever \u00e0 VALENCE a prouv\u00e9 une nouvelle fois un resserrement des valeurs avec un duo qui joue sa meilleure partition: CORSER et BAYLISS. On attendait les DUCATI, notamment celle de BAYLISS qui s\u00e9me la terreur [&hellip;]","twitter_image":"http:\/\/www.leblogmoto.com\/images\/6047.jpg","twitter_misc":{"\u00c9crit par":"andre leconde","Dur\u00e9e de lecture estim\u00e9e":"1 minute"},"schema":{"@context":"https:\/\/schema.org","@graph":[{"@type":"WebPage","@id":"https:\/\/blogs.thesocialmedia.com\/leblogmoto\/2006\/04\/22\/sbk-valence-cor\/","url":"https:\/\/blogs.thesocialmedia.com\/leblogmoto\/2006\/04\/22\/sbk-valence-cor\/","name":"SBK VALENCE: CORSER et les flibustiers - leblogmoto.com","isPartOf":{"@id":"https:\/\/blogs.thesocialmedia.com\/leblogmoto\/#website"},"primaryImageOfPage":{"@id":"https:\/\/blogs.thesocialmedia.com\/leblogmoto\/2006\/04\/22\/sbk-valence-cor\/#primaryimage"},"image":{"@id":"https:\/\/blogs.thesocialmedia.com\/leblogmoto\/2006\/04\/22\/sbk-valence-cor\/#primaryimage"},"thumbnailUrl":"http:\/\/www.leblogmoto.com\/images\/6047.jpg","datePublished":"2006-04-22T17:21:44+00:00","dateModified":"2012-07-11T14:20:44+00:00","author":{"@id":"https:\/\/blogs.thesocialmedia.com\/leblogmoto\/#\/schema\/person\/1a1dcfc7cec206573105eb4af91155c2"},"breadcrumb":{"@id":"https:\/\/blogs.thesocialmedia.com\/leblogmoto\/2006\/04\/22\/sbk-valence-cor\/#breadcrumb"},"inLanguage":"fr-FR","potentialAction":[{"@type":"ReadAction","target":["https:\/\/blogs.thesocialmedia.com\/leblogmoto\/2006\/04\/22\/sbk-valence-cor\/"]}]},{"@type":"ImageObject","inLanguage":"fr-FR","@id":"https:\/\/blogs.thesocialmedia.com\/leblogmoto\/2006\/04\/22\/sbk-valence-cor\/#primaryimage","url":"http:\/\/www.leblogmoto.com\/images\/6047.jpg","contentUrl":"http:\/\/www.leblogmoto.com\/images\/6047.jpg"},{"@type":"BreadcrumbList","@id":"https:\/\/blogs.thesocialmedia.com\/leblogmoto\/2006\/04\/22\/sbk-valence-cor\/#breadcrumb","itemListElement":[{"@type":"ListItem","position":1,"name":"Accueil","item":"https:\/\/blogs.thesocialmedia.com\/leblogmoto\/"},{"@type":"ListItem","position":2,"name":"SBK VALENCE: CORSER et les flibustiers"}]},{"@type":"WebSite","@id":"https:\/\/blogs.thesocialmedia.com\/leblogmoto\/#website","url":"https:\/\/blogs.thesocialmedia.com\/leblogmoto\/","name":"leblogmoto","description":"Toute l&#039;actualit\u00e9 des 2 roues","potentialAction":[{"@type":"SearchAction","target":{"@type":"EntryPoint","urlTemplate":"https:\/\/blogs.thesocialmedia.com\/leblogmoto\/?s={search_term_string}"},"query-input":{"@type":"PropertyValueSpecification","valueRequired":true,"valueName":"search_term_string"}}],"inLanguage":"fr-FR"},{"@type":"Person","@id":"https:\/\/blogs.thesocialmedia.com\/leblogmoto\/#\/schema\/person\/1a1dcfc7cec206573105eb4af91155c2","name":"andre leconde","image":{"@type":"ImageObject","inLanguage":"fr-FR","@id":"https:\/\/blogs.thesocialmedia.com\/leblogmoto\/#\/schema\/person\/image\/","url":"https:\/\/secure.gravatar.com\/avatar\/?s=96&d=mm&r=g","contentUrl":"https:\/\/secure.gravatar.com\/avatar\/?s=96&d=mm&r=g","caption":"andre leconde"},"url":"https:\/\/blogs.thesocialmedia.com\/leblogmoto\/author\/andre-leconde\/"}]}},"_links":{"self":[{"href":"https:\/\/blogs.thesocialmedia.com\/leblogmoto\/wp-json\/wp\/v2\/posts\/1896","targetHints":{"allow":["GET"]}}],"collection":[{"href":"https:\/\/blogs.thesocialmedia.com\/leblogmoto\/wp-json\/wp\/v2\/posts"}],"about":[{"href":"https:\/\/blogs.thesocialmedia.com\/leblogmoto\/wp-json\/wp\/v2\/types\/post"}],"author":[{"embeddable":true,"href":"https:\/\/blogs.thesocialmedia.com\/leblogmoto\/wp-json\/wp\/v2\/users\/336"}],"replies":[{"embeddable":true,"href":"https:\/\/blogs.thesocialmedia.com\/leblogmoto\/wp-json\/wp\/v2\/comments?post=1896"}],"version-history":[{"count":2,"href":"https:\/\/blogs.thesocialmedia.com\/leblogmoto\/wp-json\/wp\/v2\/posts\/1896\/revisions"}],"predecessor-version":[{"id":7363,"href":"https:\/\/blogs.thesocialmedia.com\/leblogmoto\/wp-json\/wp\/v2\/posts\/1896\/revisions\/7363"}],"wp:attachment":[{"href":"https:\/\/blogs.thesocialmedia.com\/leblogmoto\/wp-json\/wp\/v2\/media?parent=1896"}],"wp:term":[{"taxonomy":"category","embeddable":true,"href":"https:\/\/blogs.thesocialmedia.com\/leblogmoto\/wp-json\/wp\/v2\/categories?post=1896"},{"taxonomy":"post_tag","embeddable":true,"href":"https:\/\/blogs.thesocialmedia.com\/leblogmoto\/wp-json\/wp\/v2\/tags?post=1896"}],"curies":[{"name":"wp","href":"https:\/\/api.w.org\/{rel}","templated":true}]}}