{"id":1898,"date":"2006-04-21T19:23:56","date_gmt":"2006-04-21T19:23:56","guid":{"rendered":"http:\/\/blogs.thesocialmedia.com\/leblogmoto\/2006\/04\/21\/guzzi-a-la-pour\/"},"modified":"2012-07-11T14:20:41","modified_gmt":"2012-07-11T14:20:41","slug":"guzzi-a-la-pour","status":"publish","type":"post","link":"https:\/\/blogs.thesocialmedia.com\/leblogmoto\/2006\/04\/21\/guzzi-a-la-pour\/","title":{"rendered":"GUZZI: A la poursuite du R1200S"},"content":{"rendered":"<p><a href=\"http:\/\/blogs.thesocialmedia.com\/leblogmoto\/files\/2012\/07\/moto_guzzi_sport_1200_001r.jpg\"><img loading=\"lazy\" decoding=\"async\" height=\"144\" alt=\"Moto_guzzi_sport_1200_001r\" src=\"http:\/\/www.leblogmoto.com\/images\/moto_guzzi_sport_1200_001r.jpg\" width=\"250\"  \/><\/a>Pour son <a href=\"http:\/\/www.leblogmoto.com\/2006\/04\/moto_guzzi_laig.html\">85\u00e8me anniversaire<\/a>, la firme de <strong>Mandello del Lario <\/strong>a bien l&rsquo;intention de marquer les esprits, et de coller \u00e0 la concurrence.<\/p>\n<p>Le blason \u00e0 marquer de pr\u00e8s, c&rsquo;est celui \u00e0 l&rsquo;h\u00e9lice. <a href=\"http:\/\/www.leblogmoto.com\/2006\/03\/guzzi_passe_au_.html\">Retour en 850 cm3<\/a> avec les <strong>BREVA<\/strong> et <strong>GRISO <\/strong>pour aller taquiner les <a href=\"http:\/\/www.leblogmoto.com\/2006\/04\/bmw_f_800_s_et_.html\">F 800<\/a>. Et bient\u00f4t, remplacement de la<strong> V11<\/strong> pour une <strong>1200 SP<\/strong>&#8230;&nbsp; <\/p>\n<p><a href=\"http:\/\/clabedan.typepad.com\/.shared\/image.html?\/photos\/uncategorized\/guzzi_sport_1200r.jpg\"><img loading=\"lazy\" decoding=\"async\" height=\"206\" alt=\"Guzzi_sport_1200r\" src=\"http:\/\/www.leblogmoto.com\/images\/guzzi_sport_1200r.jpg\" width=\"250\"  \/><\/a>La base, la <a href=\"http:\/\/www.leblogmoto.com\/2005\/09\/moto_guzzi_gris.html\">Griso 1100<\/a>, pour une sportive qui ferait le lien entre la <a href=\"http:\/\/www.leblogmoto.com\/2006\/03\/guzzi_mgs01_lai.html\">MGS-01 Corse<\/a> qui s&rsquo;est derni\u00e8rement couverte de gloire \u00e0 DAYTONA et le reste de la gamme.<\/p>\n<p>Le bouilleur de cette derni\u00e8re viendrait aussi \u00e0 point, pour peu qu&rsquo;il accepte d&rsquo;\u00eatre &quot;civilis\u00e9&quot;.<\/p>\n<p>L&rsquo;objectif, se pr\u00e9senter face \u00e0 la <strong>BMW R 1200 S<\/strong>. Et montrer le retour aux affaires de l&rsquo;Aigle qui a beaucoup contribu\u00e9 \u00e0 l&rsquo;Histoire technique de la moto.<\/p>\n<p>SOURCE: <a href=\"http:\/\/www.raptorsandrockets.com\">www.raptorsandrockets.com<\/a> <\/p>\n","protected":false},"excerpt":{"rendered":"<p>Pour son 85\u00e8me anniversaire, la firme de Mandello del Lario a bien l&rsquo;intention de marquer les esprits, et de coller \u00e0 la concurrence. Le blason \u00e0 marquer de pr\u00e8s, c&rsquo;est celui \u00e0 l&rsquo;h\u00e9lice. Retour en 850 cm3 avec les BREVA et GRISO pour aller taquiner les F 800. Et bient\u00f4t, remplacement de la V11 pour [&hellip;]<\/p>\n","protected":false},"author":336,"featured_media":0,"comment_status":"open","ping_status":"open","sticky":false,"template":"","format":"standard","meta":{"footnotes":""},"categories":[33,35],"tags":[],"class_list":["post-1898","post","type-post","status-publish","format-standard","hentry","category-concept-bike","category-moto-guzzi"],"yoast_head":"<!-- This site is optimized with the Yoast SEO plugin v26.0 - https:\/\/yoast.com\/wordpress\/plugins\/seo\/ -->\n<title>GUZZI: A la poursuite du R1200S - leblogmoto.com<\/title>\n<meta name=\"robots\" content=\"index, follow, max-snippet:-1, max-image-preview:large, max-video-preview:-1\" \/>\n<link rel=\"canonical\" href=\"https:\/\/blogs.thesocialmedia.com\/leblogmoto\/2006\/04\/21\/guzzi-a-la-pour\/\" \/>\n<meta name=\"twitter:card\" content=\"summary_large_image\" \/>\n<meta name=\"twitter:title\" content=\"GUZZI: A la poursuite du R1200S - leblogmoto.com\" \/>\n<meta name=\"twitter:description\" content=\"Pour son 85\u00e8me anniversaire, la firme de Mandello del Lario a bien l&rsquo;intention de marquer les esprits, et de coller \u00e0 la concurrence. Le blason \u00e0 marquer de pr\u00e8s, c&rsquo;est celui \u00e0 l&rsquo;h\u00e9lice. Retour en 850 cm3 avec les BREVA et GRISO pour aller taquiner les F 800. Et bient\u00f4t, remplacement de la V11 pour [&hellip;]\" \/>\n<meta name=\"twitter:image\" content=\"http:\/\/www.leblogmoto.com\/images\/moto_guzzi_sport_1200_001r.jpg\" \/>\n<meta name=\"twitter:label1\" content=\"\u00c9crit par\" \/>\n\t<meta name=\"twitter:data1\" content=\"andre leconde\" \/>\n\t<meta name=\"twitter:label2\" content=\"Dur\u00e9e de lecture estim\u00e9e\" \/>\n\t<meta name=\"twitter:data2\" content=\"1 minute\" \/>\n<script type=\"application\/ld+json\" class=\"yoast-schema-graph\">{\"@context\":\"https:\/\/schema.org\",\"@graph\":[{\"@type\":\"WebPage\",\"@id\":\"https:\/\/blogs.thesocialmedia.com\/leblogmoto\/2006\/04\/21\/guzzi-a-la-pour\/\",\"url\":\"https:\/\/blogs.thesocialmedia.com\/leblogmoto\/2006\/04\/21\/guzzi-a-la-pour\/\",\"name\":\"GUZZI: A la poursuite du R1200S - leblogmoto.com\",\"isPartOf\":{\"@id\":\"https:\/\/blogs.thesocialmedia.com\/leblogmoto\/#website\"},\"primaryImageOfPage\":{\"@id\":\"https:\/\/blogs.thesocialmedia.com\/leblogmoto\/2006\/04\/21\/guzzi-a-la-pour\/#primaryimage\"},\"image\":{\"@id\":\"https:\/\/blogs.thesocialmedia.com\/leblogmoto\/2006\/04\/21\/guzzi-a-la-pour\/#primaryimage\"},\"thumbnailUrl\":\"http:\/\/www.leblogmoto.com\/images\/moto_guzzi_sport_1200_001r.jpg\",\"datePublished\":\"2006-04-21T19:23:56+00:00\",\"dateModified\":\"2012-07-11T14:20:41+00:00\",\"author\":{\"@id\":\"https:\/\/blogs.thesocialmedia.com\/leblogmoto\/#\/schema\/person\/1a1dcfc7cec206573105eb4af91155c2\"},\"breadcrumb\":{\"@id\":\"https:\/\/blogs.thesocialmedia.com\/leblogmoto\/2006\/04\/21\/guzzi-a-la-pour\/#breadcrumb\"},\"inLanguage\":\"fr-FR\",\"potentialAction\":[{\"@type\":\"ReadAction\",\"target\":[\"https:\/\/blogs.thesocialmedia.com\/leblogmoto\/2006\/04\/21\/guzzi-a-la-pour\/\"]}]},{\"@type\":\"ImageObject\",\"inLanguage\":\"fr-FR\",\"@id\":\"https:\/\/blogs.thesocialmedia.com\/leblogmoto\/2006\/04\/21\/guzzi-a-la-pour\/#primaryimage\",\"url\":\"http:\/\/www.leblogmoto.com\/images\/moto_guzzi_sport_1200_001r.jpg\",\"contentUrl\":\"http:\/\/www.leblogmoto.com\/images\/moto_guzzi_sport_1200_001r.jpg\"},{\"@type\":\"BreadcrumbList\",\"@id\":\"https:\/\/blogs.thesocialmedia.com\/leblogmoto\/2006\/04\/21\/guzzi-a-la-pour\/#breadcrumb\",\"itemListElement\":[{\"@type\":\"ListItem\",\"position\":1,\"name\":\"Accueil\",\"item\":\"https:\/\/blogs.thesocialmedia.com\/leblogmoto\/\"},{\"@type\":\"ListItem\",\"position\":2,\"name\":\"GUZZI: A la poursuite du R1200S\"}]},{\"@type\":\"WebSite\",\"@id\":\"https:\/\/blogs.thesocialmedia.com\/leblogmoto\/#website\",\"url\":\"https:\/\/blogs.thesocialmedia.com\/leblogmoto\/\",\"name\":\"leblogmoto\",\"description\":\"Toute l&#039;actualit\u00e9 des 2 roues\",\"potentialAction\":[{\"@type\":\"SearchAction\",\"target\":{\"@type\":\"EntryPoint\",\"urlTemplate\":\"https:\/\/blogs.thesocialmedia.com\/leblogmoto\/?s={search_term_string}\"},\"query-input\":{\"@type\":\"PropertyValueSpecification\",\"valueRequired\":true,\"valueName\":\"search_term_string\"}}],\"inLanguage\":\"fr-FR\"},{\"@type\":\"Person\",\"@id\":\"https:\/\/blogs.thesocialmedia.com\/leblogmoto\/#\/schema\/person\/1a1dcfc7cec206573105eb4af91155c2\",\"name\":\"andre leconde\",\"image\":{\"@type\":\"ImageObject\",\"inLanguage\":\"fr-FR\",\"@id\":\"https:\/\/blogs.thesocialmedia.com\/leblogmoto\/#\/schema\/person\/image\/\",\"url\":\"https:\/\/secure.gravatar.com\/avatar\/?s=96&d=mm&r=g\",\"contentUrl\":\"https:\/\/secure.gravatar.com\/avatar\/?s=96&d=mm&r=g\",\"caption\":\"andre leconde\"},\"url\":\"https:\/\/blogs.thesocialmedia.com\/leblogmoto\/author\/andre-leconde\/\"}]}<\/script>\n<!-- \/ Yoast SEO plugin. -->","yoast_head_json":{"title":"GUZZI: A la poursuite du R1200S - leblogmoto.com","robots":{"index":"index","follow":"follow","max-snippet":"max-snippet:-1","max-image-preview":"max-image-preview:large","max-video-preview":"max-video-preview:-1"},"canonical":"https:\/\/blogs.thesocialmedia.com\/leblogmoto\/2006\/04\/21\/guzzi-a-la-pour\/","twitter_card":"summary_large_image","twitter_title":"GUZZI: A la poursuite du R1200S - leblogmoto.com","twitter_description":"Pour son 85\u00e8me anniversaire, la firme de Mandello del Lario a bien l&rsquo;intention de marquer les esprits, et de coller \u00e0 la concurrence. Le blason \u00e0 marquer de pr\u00e8s, c&rsquo;est celui \u00e0 l&rsquo;h\u00e9lice. Retour en 850 cm3 avec les BREVA et GRISO pour aller taquiner les F 800. Et bient\u00f4t, remplacement de la V11 pour [&hellip;]","twitter_image":"http:\/\/www.leblogmoto.com\/images\/moto_guzzi_sport_1200_001r.jpg","twitter_misc":{"\u00c9crit par":"andre leconde","Dur\u00e9e de lecture estim\u00e9e":"1 minute"},"schema":{"@context":"https:\/\/schema.org","@graph":[{"@type":"WebPage","@id":"https:\/\/blogs.thesocialmedia.com\/leblogmoto\/2006\/04\/21\/guzzi-a-la-pour\/","url":"https:\/\/blogs.thesocialmedia.com\/leblogmoto\/2006\/04\/21\/guzzi-a-la-pour\/","name":"GUZZI: A la poursuite du R1200S - leblogmoto.com","isPartOf":{"@id":"https:\/\/blogs.thesocialmedia.com\/leblogmoto\/#website"},"primaryImageOfPage":{"@id":"https:\/\/blogs.thesocialmedia.com\/leblogmoto\/2006\/04\/21\/guzzi-a-la-pour\/#primaryimage"},"image":{"@id":"https:\/\/blogs.thesocialmedia.com\/leblogmoto\/2006\/04\/21\/guzzi-a-la-pour\/#primaryimage"},"thumbnailUrl":"http:\/\/www.leblogmoto.com\/images\/moto_guzzi_sport_1200_001r.jpg","datePublished":"2006-04-21T19:23:56+00:00","dateModified":"2012-07-11T14:20:41+00:00","author":{"@id":"https:\/\/blogs.thesocialmedia.com\/leblogmoto\/#\/schema\/person\/1a1dcfc7cec206573105eb4af91155c2"},"breadcrumb":{"@id":"https:\/\/blogs.thesocialmedia.com\/leblogmoto\/2006\/04\/21\/guzzi-a-la-pour\/#breadcrumb"},"inLanguage":"fr-FR","potentialAction":[{"@type":"ReadAction","target":["https:\/\/blogs.thesocialmedia.com\/leblogmoto\/2006\/04\/21\/guzzi-a-la-pour\/"]}]},{"@type":"ImageObject","inLanguage":"fr-FR","@id":"https:\/\/blogs.thesocialmedia.com\/leblogmoto\/2006\/04\/21\/guzzi-a-la-pour\/#primaryimage","url":"http:\/\/www.leblogmoto.com\/images\/moto_guzzi_sport_1200_001r.jpg","contentUrl":"http:\/\/www.leblogmoto.com\/images\/moto_guzzi_sport_1200_001r.jpg"},{"@type":"BreadcrumbList","@id":"https:\/\/blogs.thesocialmedia.com\/leblogmoto\/2006\/04\/21\/guzzi-a-la-pour\/#breadcrumb","itemListElement":[{"@type":"ListItem","position":1,"name":"Accueil","item":"https:\/\/blogs.thesocialmedia.com\/leblogmoto\/"},{"@type":"ListItem","position":2,"name":"GUZZI: A la poursuite du R1200S"}]},{"@type":"WebSite","@id":"https:\/\/blogs.thesocialmedia.com\/leblogmoto\/#website","url":"https:\/\/blogs.thesocialmedia.com\/leblogmoto\/","name":"leblogmoto","description":"Toute l&#039;actualit\u00e9 des 2 roues","potentialAction":[{"@type":"SearchAction","target":{"@type":"EntryPoint","urlTemplate":"https:\/\/blogs.thesocialmedia.com\/leblogmoto\/?s={search_term_string}"},"query-input":{"@type":"PropertyValueSpecification","valueRequired":true,"valueName":"search_term_string"}}],"inLanguage":"fr-FR"},{"@type":"Person","@id":"https:\/\/blogs.thesocialmedia.com\/leblogmoto\/#\/schema\/person\/1a1dcfc7cec206573105eb4af91155c2","name":"andre leconde","image":{"@type":"ImageObject","inLanguage":"fr-FR","@id":"https:\/\/blogs.thesocialmedia.com\/leblogmoto\/#\/schema\/person\/image\/","url":"https:\/\/secure.gravatar.com\/avatar\/?s=96&d=mm&r=g","contentUrl":"https:\/\/secure.gravatar.com\/avatar\/?s=96&d=mm&r=g","caption":"andre leconde"},"url":"https:\/\/blogs.thesocialmedia.com\/leblogmoto\/author\/andre-leconde\/"}]}},"_links":{"self":[{"href":"https:\/\/blogs.thesocialmedia.com\/leblogmoto\/wp-json\/wp\/v2\/posts\/1898","targetHints":{"allow":["GET"]}}],"collection":[{"href":"https:\/\/blogs.thesocialmedia.com\/leblogmoto\/wp-json\/wp\/v2\/posts"}],"about":[{"href":"https:\/\/blogs.thesocialmedia.com\/leblogmoto\/wp-json\/wp\/v2\/types\/post"}],"author":[{"embeddable":true,"href":"https:\/\/blogs.thesocialmedia.com\/leblogmoto\/wp-json\/wp\/v2\/users\/336"}],"replies":[{"embeddable":true,"href":"https:\/\/blogs.thesocialmedia.com\/leblogmoto\/wp-json\/wp\/v2\/comments?post=1898"}],"version-history":[{"count":2,"href":"https:\/\/blogs.thesocialmedia.com\/leblogmoto\/wp-json\/wp\/v2\/posts\/1898\/revisions"}],"predecessor-version":[{"id":7359,"href":"https:\/\/blogs.thesocialmedia.com\/leblogmoto\/wp-json\/wp\/v2\/posts\/1898\/revisions\/7359"}],"wp:attachment":[{"href":"https:\/\/blogs.thesocialmedia.com\/leblogmoto\/wp-json\/wp\/v2\/media?parent=1898"}],"wp:term":[{"taxonomy":"category","embeddable":true,"href":"https:\/\/blogs.thesocialmedia.com\/leblogmoto\/wp-json\/wp\/v2\/categories?post=1898"},{"taxonomy":"post_tag","embeddable":true,"href":"https:\/\/blogs.thesocialmedia.com\/leblogmoto\/wp-json\/wp\/v2\/tags?post=1898"}],"curies":[{"name":"wp","href":"https:\/\/api.w.org\/{rel}","templated":true}]}}