{"id":19,"date":"2009-12-05T23:57:28","date_gmt":"2009-12-05T23:57:28","guid":{"rendered":"http:\/\/blogs.thesocialmedia.com\/leblogmoto\/2009\/12\/05\/motard-ton-casque-sinon-pas-de-plein\/"},"modified":"2012-07-11T17:44:03","modified_gmt":"2012-07-11T17:44:03","slug":"motard-ton-casque-sinon-pas-de-plein","status":"publish","type":"post","link":"https:\/\/blogs.thesocialmedia.com\/leblogmoto\/2009\/12\/05\/motard-ton-casque-sinon-pas-de-plein\/","title":{"rendered":"De la pratique du \u00ab\u00a0casque contre plein.\u00a0\u00bb"},"content":{"rendered":"<p><a href=\"http:\/\/blogs.thesocialmedia.com\/leblogmoto\/files\/2012\/07\/6a00d83451b18369e20128761c1bb3970c-popup.png\"><img decoding=\"async\" alt=\"Moto Davida Helmet by Treedork, on Flickr\" class=\"asset asset-image at-xid-6a00d83451b18369e20128761c1bb3970c \" src=\"http:\/\/blogs.thesocialmedia.com\/leblogmoto\/files\/2012\/07\/6a00d83451b18369e20128761c1bb3970c-500wi.jpg\" \/><\/a><\/p>\n<p>Une image, tir\u00e9e du&#160;classieux <a href=\"http:\/\/www.flickr.com\/photos\/46145831@N00\/sets\/72157618559392144\/show\/with\/3550768318\/\">portfolio<\/a> de Treedork sur Flickr, pour illustrer l&#039;indignation de notre voisin de ou\u00e8be Philippe Doucet, journaliste au Figaro et contributeur \u00e0 <a href=\"http:\/\/blog.lefigaro.fr\/auto\/2009\/11\/stations-services-payez-dabord-1.html\">Trajectoires<\/a>, blog qui traite surtout&#160;des BAR de nos amis les caisseux. Un&#160;blog int\u00e9ressant si vous vous ne vous arr\u00eatez pas \u00e0 l&#039;aspect aust\u00e8re de la banni\u00e8re o\u00f9 les trois visages des r\u00e9dacteurs font tr\u00e8s &quot;cabinet-d&#039;experts-comptables-nous-on-plaisante-pas&quot;. Bref. Comme&#160;Philippe Doucet&#160;le pr\u00e9cise lui-m\u00eame&#160;&quot;Certaines stations-services refusent en effet de&#160;d\u00e9livrer du carburant aux utilisateurs de deux-roues motoris\u00e9s*&#160;sans d\u00e9p\u00f4t pr\u00e9alable d&#039;une pi\u00e8ce d&#039;identit\u00e9 ou d&#039;une pi\u00e8ce d&#039;\u00e9quipement, en g\u00e9n\u00e9ral un casque.&quot;&#160;<\/p>\n<\/p>\n<p>Une <a href=\"http:\/\/blog.lefigaro.fr\/auto\/2009\/11\/stations-services-payez-dabord-1.html\">indignation l\u00e9gitime<\/a>, bien&#160;que&#160;je ne m&#039;\u00e9tonne plus gu\u00e8re de l&#039;attitude des&#160;pompistes qui n&#039;ont gard\u00e9 du Coluche de Tchao Pantin, que le c\u00f4t\u00e9 d\u00e9sabus\u00e9, sans l&#039;empathie. Et&#160;d&#039;ailleurs ce n&#039;est pas ce qu&#039;on leur demande. De toute fa\u00e7on comment leur en vouloir puisque les proc\u00e9dures&#160;qu&#039;on leur impose sont, par principe,&#160;\u00e9labor\u00e9es&#160;en haut. Mais l&#039;homme comme tout vrai motard qui se respecte est chicanier quand il s&#039;agit de la d\u00e9fense de ses droits. Et \u00e9crit \u00e0 AGIP qui campe sur ses positions. Car les marlous et les resquilleurs existent. Au point d&#039;\u00e9riger&#160;une m\u00e9fiance particuli\u00e8re&#160;en r\u00e8gle&#160;g\u00e9n\u00e9rale ? Un bon point, notre force: le nombre. Les deux-roues (oui, les &quot;2R<span>M<\/span>&quot;) augmentant, des compagnies font <a href=\"http:\/\/www.leblogmoto.com\/2008\/06\/une-initiative.html\">les yeux&#160;doux<\/a> \u00e0 leur propri\u00e9taire. Comme&#160;des&#160;mijor\u00e9es. <\/p>\n<p><em>*je ne savais pas que des cyclistes allaient chercher des jerricans d&#039;essence, mais je chipote.<\/em><br \/>&#160;<\/p>\n","protected":false},"excerpt":{"rendered":"<p>Une image, tir\u00e9e du&#160;classieux portfolio de Treedork sur Flickr, pour illustrer l&#039;indignation de notre voisin de ou\u00e8be Philippe Doucet, journaliste au Figaro et contributeur \u00e0 Trajectoires, blog qui traite surtout&#160;des BAR de nos amis les caisseux. Un&#160;blog int\u00e9ressant si vous vous ne vous arr\u00eatez pas \u00e0 l&#039;aspect aust\u00e8re de la banni\u00e8re o\u00f9 les trois visages [&hellip;]<\/p>\n","protected":false},"author":324,"featured_media":14432,"comment_status":"open","ping_status":"open","sticky":false,"template":"","format":"standard","meta":{"footnotes":""},"categories":[17,21,23,25],"tags":[],"class_list":["post-19","post","type-post","status-publish","format-standard","has-post-thumbnail","hentry","category-divers","category-humeur","category-motophobie","category-weblogs"],"yoast_head":"<!-- This site is optimized with the Yoast SEO plugin v26.0 - https:\/\/yoast.com\/wordpress\/plugins\/seo\/ -->\n<title>De la pratique du &quot;casque contre plein.&quot; - leblogmoto.com<\/title>\n<meta name=\"robots\" content=\"index, follow, max-snippet:-1, max-image-preview:large, max-video-preview:-1\" \/>\n<link rel=\"canonical\" href=\"https:\/\/blogs.thesocialmedia.com\/leblogmoto\/2009\/12\/05\/motard-ton-casque-sinon-pas-de-plein\/\" \/>\n<meta name=\"twitter:card\" content=\"summary_large_image\" \/>\n<meta name=\"twitter:title\" content=\"De la pratique du &quot;casque contre plein.&quot; - leblogmoto.com\" \/>\n<meta name=\"twitter:description\" content=\"Une image, tir\u00e9e du&#160;classieux portfolio de Treedork sur Flickr, pour illustrer l&#039;indignation de notre voisin de ou\u00e8be Philippe Doucet, journaliste au Figaro et contributeur \u00e0 Trajectoires, blog qui traite surtout&#160;des BAR de nos amis les caisseux. Un&#160;blog int\u00e9ressant si vous vous ne vous arr\u00eatez pas \u00e0 l&#039;aspect aust\u00e8re de la banni\u00e8re o\u00f9 les trois visages [&hellip;]\" \/>\n<meta name=\"twitter:image\" content=\"https:\/\/blogs.thesocialmedia.com\/leblogmoto\/files\/2012\/07\/6a00d83451b18369e20128761c1bb3970c-500wi.jpg\" \/>\n<meta name=\"twitter:label1\" content=\"\u00c9crit par\" \/>\n\t<meta name=\"twitter:data1\" content=\"benoit rieu\" \/>\n\t<meta name=\"twitter:label2\" content=\"Dur\u00e9e de lecture estim\u00e9e\" \/>\n\t<meta name=\"twitter:data2\" content=\"1 minute\" \/>\n<script type=\"application\/ld+json\" class=\"yoast-schema-graph\">{\"@context\":\"https:\/\/schema.org\",\"@graph\":[{\"@type\":\"WebPage\",\"@id\":\"https:\/\/blogs.thesocialmedia.com\/leblogmoto\/2009\/12\/05\/motard-ton-casque-sinon-pas-de-plein\/\",\"url\":\"https:\/\/blogs.thesocialmedia.com\/leblogmoto\/2009\/12\/05\/motard-ton-casque-sinon-pas-de-plein\/\",\"name\":\"De la pratique du \\\"casque contre plein.\\\" - leblogmoto.com\",\"isPartOf\":{\"@id\":\"https:\/\/blogs.thesocialmedia.com\/leblogmoto\/#website\"},\"primaryImageOfPage\":{\"@id\":\"https:\/\/blogs.thesocialmedia.com\/leblogmoto\/2009\/12\/05\/motard-ton-casque-sinon-pas-de-plein\/#primaryimage\"},\"image\":{\"@id\":\"https:\/\/blogs.thesocialmedia.com\/leblogmoto\/2009\/12\/05\/motard-ton-casque-sinon-pas-de-plein\/#primaryimage\"},\"thumbnailUrl\":\"https:\/\/blogs.thesocialmedia.com\/leblogmoto\/files\/2012\/07\/6a00d83451b18369e20128761c1bb3970c-500wi.jpg\",\"datePublished\":\"2009-12-05T23:57:28+00:00\",\"dateModified\":\"2012-07-11T17:44:03+00:00\",\"author\":{\"@id\":\"https:\/\/blogs.thesocialmedia.com\/leblogmoto\/#\/schema\/person\/18bfe773e5725ed6d24f743da805362a\"},\"breadcrumb\":{\"@id\":\"https:\/\/blogs.thesocialmedia.com\/leblogmoto\/2009\/12\/05\/motard-ton-casque-sinon-pas-de-plein\/#breadcrumb\"},\"inLanguage\":\"fr-FR\",\"potentialAction\":[{\"@type\":\"ReadAction\",\"target\":[\"https:\/\/blogs.thesocialmedia.com\/leblogmoto\/2009\/12\/05\/motard-ton-casque-sinon-pas-de-plein\/\"]}]},{\"@type\":\"ImageObject\",\"inLanguage\":\"fr-FR\",\"@id\":\"https:\/\/blogs.thesocialmedia.com\/leblogmoto\/2009\/12\/05\/motard-ton-casque-sinon-pas-de-plein\/#primaryimage\",\"url\":\"https:\/\/blogs.thesocialmedia.com\/leblogmoto\/files\/2012\/07\/6a00d83451b18369e20128761c1bb3970c-500wi.jpg\",\"contentUrl\":\"https:\/\/blogs.thesocialmedia.com\/leblogmoto\/files\/2012\/07\/6a00d83451b18369e20128761c1bb3970c-500wi.jpg\",\"width\":\"500\",\"height\":\"375\"},{\"@type\":\"BreadcrumbList\",\"@id\":\"https:\/\/blogs.thesocialmedia.com\/leblogmoto\/2009\/12\/05\/motard-ton-casque-sinon-pas-de-plein\/#breadcrumb\",\"itemListElement\":[{\"@type\":\"ListItem\",\"position\":1,\"name\":\"Accueil\",\"item\":\"https:\/\/blogs.thesocialmedia.com\/leblogmoto\/\"},{\"@type\":\"ListItem\",\"position\":2,\"name\":\"De la pratique du \u00ab\u00a0casque contre plein.\u00a0\u00bb\"}]},{\"@type\":\"WebSite\",\"@id\":\"https:\/\/blogs.thesocialmedia.com\/leblogmoto\/#website\",\"url\":\"https:\/\/blogs.thesocialmedia.com\/leblogmoto\/\",\"name\":\"leblogmoto\",\"description\":\"Toute l&#039;actualit\u00e9 des 2 roues\",\"potentialAction\":[{\"@type\":\"SearchAction\",\"target\":{\"@type\":\"EntryPoint\",\"urlTemplate\":\"https:\/\/blogs.thesocialmedia.com\/leblogmoto\/?s={search_term_string}\"},\"query-input\":{\"@type\":\"PropertyValueSpecification\",\"valueRequired\":true,\"valueName\":\"search_term_string\"}}],\"inLanguage\":\"fr-FR\"},{\"@type\":\"Person\",\"@id\":\"https:\/\/blogs.thesocialmedia.com\/leblogmoto\/#\/schema\/person\/18bfe773e5725ed6d24f743da805362a\",\"name\":\"benoit rieu\",\"image\":{\"@type\":\"ImageObject\",\"inLanguage\":\"fr-FR\",\"@id\":\"https:\/\/blogs.thesocialmedia.com\/leblogmoto\/#\/schema\/person\/image\/\",\"url\":\"https:\/\/secure.gravatar.com\/avatar\/?s=96&d=mm&r=g\",\"contentUrl\":\"https:\/\/secure.gravatar.com\/avatar\/?s=96&d=mm&r=g\",\"caption\":\"benoit rieu\"},\"url\":\"https:\/\/blogs.thesocialmedia.com\/leblogmoto\/author\/benoit-rieu\/\"}]}<\/script>\n<!-- \/ Yoast SEO plugin. -->","yoast_head_json":{"title":"De la pratique du \"casque contre plein.\" - leblogmoto.com","robots":{"index":"index","follow":"follow","max-snippet":"max-snippet:-1","max-image-preview":"max-image-preview:large","max-video-preview":"max-video-preview:-1"},"canonical":"https:\/\/blogs.thesocialmedia.com\/leblogmoto\/2009\/12\/05\/motard-ton-casque-sinon-pas-de-plein\/","twitter_card":"summary_large_image","twitter_title":"De la pratique du \"casque contre plein.\" - leblogmoto.com","twitter_description":"Une image, tir\u00e9e du&#160;classieux portfolio de Treedork sur Flickr, pour illustrer l&#039;indignation de notre voisin de ou\u00e8be Philippe Doucet, journaliste au Figaro et contributeur \u00e0 Trajectoires, blog qui traite surtout&#160;des BAR de nos amis les caisseux. Un&#160;blog int\u00e9ressant si vous vous ne vous arr\u00eatez pas \u00e0 l&#039;aspect aust\u00e8re de la banni\u00e8re o\u00f9 les trois visages [&hellip;]","twitter_image":"https:\/\/blogs.thesocialmedia.com\/leblogmoto\/files\/2012\/07\/6a00d83451b18369e20128761c1bb3970c-500wi.jpg","twitter_misc":{"\u00c9crit par":"benoit rieu","Dur\u00e9e de lecture estim\u00e9e":"1 minute"},"schema":{"@context":"https:\/\/schema.org","@graph":[{"@type":"WebPage","@id":"https:\/\/blogs.thesocialmedia.com\/leblogmoto\/2009\/12\/05\/motard-ton-casque-sinon-pas-de-plein\/","url":"https:\/\/blogs.thesocialmedia.com\/leblogmoto\/2009\/12\/05\/motard-ton-casque-sinon-pas-de-plein\/","name":"De la pratique du \"casque contre plein.\" - leblogmoto.com","isPartOf":{"@id":"https:\/\/blogs.thesocialmedia.com\/leblogmoto\/#website"},"primaryImageOfPage":{"@id":"https:\/\/blogs.thesocialmedia.com\/leblogmoto\/2009\/12\/05\/motard-ton-casque-sinon-pas-de-plein\/#primaryimage"},"image":{"@id":"https:\/\/blogs.thesocialmedia.com\/leblogmoto\/2009\/12\/05\/motard-ton-casque-sinon-pas-de-plein\/#primaryimage"},"thumbnailUrl":"https:\/\/blogs.thesocialmedia.com\/leblogmoto\/files\/2012\/07\/6a00d83451b18369e20128761c1bb3970c-500wi.jpg","datePublished":"2009-12-05T23:57:28+00:00","dateModified":"2012-07-11T17:44:03+00:00","author":{"@id":"https:\/\/blogs.thesocialmedia.com\/leblogmoto\/#\/schema\/person\/18bfe773e5725ed6d24f743da805362a"},"breadcrumb":{"@id":"https:\/\/blogs.thesocialmedia.com\/leblogmoto\/2009\/12\/05\/motard-ton-casque-sinon-pas-de-plein\/#breadcrumb"},"inLanguage":"fr-FR","potentialAction":[{"@type":"ReadAction","target":["https:\/\/blogs.thesocialmedia.com\/leblogmoto\/2009\/12\/05\/motard-ton-casque-sinon-pas-de-plein\/"]}]},{"@type":"ImageObject","inLanguage":"fr-FR","@id":"https:\/\/blogs.thesocialmedia.com\/leblogmoto\/2009\/12\/05\/motard-ton-casque-sinon-pas-de-plein\/#primaryimage","url":"https:\/\/blogs.thesocialmedia.com\/leblogmoto\/files\/2012\/07\/6a00d83451b18369e20128761c1bb3970c-500wi.jpg","contentUrl":"https:\/\/blogs.thesocialmedia.com\/leblogmoto\/files\/2012\/07\/6a00d83451b18369e20128761c1bb3970c-500wi.jpg","width":"500","height":"375"},{"@type":"BreadcrumbList","@id":"https:\/\/blogs.thesocialmedia.com\/leblogmoto\/2009\/12\/05\/motard-ton-casque-sinon-pas-de-plein\/#breadcrumb","itemListElement":[{"@type":"ListItem","position":1,"name":"Accueil","item":"https:\/\/blogs.thesocialmedia.com\/leblogmoto\/"},{"@type":"ListItem","position":2,"name":"De la pratique du \u00ab\u00a0casque contre plein.\u00a0\u00bb"}]},{"@type":"WebSite","@id":"https:\/\/blogs.thesocialmedia.com\/leblogmoto\/#website","url":"https:\/\/blogs.thesocialmedia.com\/leblogmoto\/","name":"leblogmoto","description":"Toute l&#039;actualit\u00e9 des 2 roues","potentialAction":[{"@type":"SearchAction","target":{"@type":"EntryPoint","urlTemplate":"https:\/\/blogs.thesocialmedia.com\/leblogmoto\/?s={search_term_string}"},"query-input":{"@type":"PropertyValueSpecification","valueRequired":true,"valueName":"search_term_string"}}],"inLanguage":"fr-FR"},{"@type":"Person","@id":"https:\/\/blogs.thesocialmedia.com\/leblogmoto\/#\/schema\/person\/18bfe773e5725ed6d24f743da805362a","name":"benoit rieu","image":{"@type":"ImageObject","inLanguage":"fr-FR","@id":"https:\/\/blogs.thesocialmedia.com\/leblogmoto\/#\/schema\/person\/image\/","url":"https:\/\/secure.gravatar.com\/avatar\/?s=96&d=mm&r=g","contentUrl":"https:\/\/secure.gravatar.com\/avatar\/?s=96&d=mm&r=g","caption":"benoit rieu"},"url":"https:\/\/blogs.thesocialmedia.com\/leblogmoto\/author\/benoit-rieu\/"}]}},"_links":{"self":[{"href":"https:\/\/blogs.thesocialmedia.com\/leblogmoto\/wp-json\/wp\/v2\/posts\/19","targetHints":{"allow":["GET"]}}],"collection":[{"href":"https:\/\/blogs.thesocialmedia.com\/leblogmoto\/wp-json\/wp\/v2\/posts"}],"about":[{"href":"https:\/\/blogs.thesocialmedia.com\/leblogmoto\/wp-json\/wp\/v2\/types\/post"}],"author":[{"embeddable":true,"href":"https:\/\/blogs.thesocialmedia.com\/leblogmoto\/wp-json\/wp\/v2\/users\/324"}],"replies":[{"embeddable":true,"href":"https:\/\/blogs.thesocialmedia.com\/leblogmoto\/wp-json\/wp\/v2\/comments?post=19"}],"version-history":[{"count":2,"href":"https:\/\/blogs.thesocialmedia.com\/leblogmoto\/wp-json\/wp\/v2\/posts\/19\/revisions"}],"predecessor-version":[{"id":14434,"href":"https:\/\/blogs.thesocialmedia.com\/leblogmoto\/wp-json\/wp\/v2\/posts\/19\/revisions\/14434"}],"wp:featuredmedia":[{"embeddable":true,"href":"https:\/\/blogs.thesocialmedia.com\/leblogmoto\/wp-json\/wp\/v2\/media\/14432"}],"wp:attachment":[{"href":"https:\/\/blogs.thesocialmedia.com\/leblogmoto\/wp-json\/wp\/v2\/media?parent=19"}],"wp:term":[{"taxonomy":"category","embeddable":true,"href":"https:\/\/blogs.thesocialmedia.com\/leblogmoto\/wp-json\/wp\/v2\/categories?post=19"},{"taxonomy":"post_tag","embeddable":true,"href":"https:\/\/blogs.thesocialmedia.com\/leblogmoto\/wp-json\/wp\/v2\/tags?post=19"}],"curies":[{"name":"wp","href":"https:\/\/api.w.org\/{rel}","templated":true}]}}