{"id":1900,"date":"2006-04-21T12:19:52","date_gmt":"2006-04-21T12:19:52","guid":{"rendered":"http:\/\/blogs.thesocialmedia.com\/leblogmoto\/2006\/04\/21\/le-mans-2006-un\/"},"modified":"2012-07-11T14:20:37","modified_gmt":"2012-07-11T14:20:37","slug":"le-mans-2006-un","status":"publish","type":"post","link":"https:\/\/blogs.thesocialmedia.com\/leblogmoto\/2006\/04\/21\/le-mans-2006-un\/","title":{"rendered":"LE MANS 2006: Un plateau fourni"},"content":{"rendered":"<p><a href=\"http:\/\/blogs.thesocialmedia.com\/leblogmoto\/files\/2012\/07\/dscf0679.jpg\"><img loading=\"lazy\" decoding=\"async\" height=\"187\" alt=\"Dscf0679\" src=\"http:\/\/www.leblogmoto.com\/images\/dscf0679.jpg\" width=\"250\"  \/><\/a>Ce week-end, le <a href=\"http:\/\/www.leblogmoto.com\/2006\/04\/le_mans_avec_mc.html\">team GMT 94<\/a> remet en jeu son titre acquis au tour d&rsquo;horloge sarthois l&rsquo;an pass\u00e9, avec une YAMAHA et un trio plus d\u00e9termin\u00e9s que jamais. Pour lui donner la r\u00e9plique, <strong>SUZUKI<\/strong>, dont la GSXR vient de remporter les derniers 500 kms d&rsquo;ASSEN ne s&rsquo;en laissera pas compter de m\u00eame que le Team <strong>KAWASAKI<\/strong> France. C\u00f4t\u00e9 coeur, il y aura une <a href=\"http:\/\/www.leblogmoto.com\/2005\/10\/mondial_2005_vo.html\">VOXAN<\/a> engag\u00e9e par le <strong>Team Ramzy<\/strong> en cat\u00e9gorie OPEN. <\/p>\n<p>L&rsquo;\u00e9dition 2006 reste plac\u00e9e sous le signe d&rsquo;une modification du trac\u00e9 et d&rsquo;un plateau pour le moins cons\u00e9quent, d\u00fb \u00e0 la f\u00e9e Superbike&#8230;&nbsp; &nbsp; <\/p>\n<p><a href=\"http:\/\/clabedan.typepad.com\/.shared\/image.html?\/photos\/uncategorized\/press05050501.jpg\"><img loading=\"lazy\" decoding=\"async\" height=\"129\" alt=\"Press05050501\" src=\"http:\/\/www.leblogmoto.com\/images\/press05050501.jpg\" width=\"250\"  \/><\/a>Cette <strong>29\u00e8me<\/strong> \u00e9dition des 24H00 a r\u00e9int\u00e9gr\u00e9 le championnat mondial d&rsquo;Endurance ce qui a &quot;boost\u00e9&quot; les effectifs. C\u00f4t\u00e9 piste, celle ci a \u00e9t\u00e9 modifi\u00e9e pour offrir une sortie de stands qui suscite un d\u00e9but de pol\u00e9mique, puisque sa pratique semble d\u00e9montrer qu&rsquo;il faille stopper \u00e0 l&rsquo;arriv\u00e9e d&rsquo;un peloton lanc\u00e9 \u00e0 pleine vitesse, avant de reprendre le circuit. <\/p>\n<p>Le temps pass\u00e9 au ravitaillement fait partie int\u00e9grante de la strat\u00e9gie de course. Un tel \u00e9cueil, s&rsquo;il se v\u00e9rifie, ne peut donc \u00eatre anodin sur le r\u00e9sultat final.<\/p>\n<p>En attendant, les premi\u00e8res qualifs ont donn\u00e9 le meilleur temps \u00e0 <strong>SUZUKI<\/strong>, suivi de tr\u00e8s pr\u00e9s par <strong>YAMAHA<\/strong>. Le duel est lanc\u00e9. <\/p>\n<p>SOURCE: <a href=\"http:\/\/www.lemans.org\">www.lemans.org<\/a> <\/p>\n","protected":false},"excerpt":{"rendered":"<p>Ce week-end, le team GMT 94 remet en jeu son titre acquis au tour d&rsquo;horloge sarthois l&rsquo;an pass\u00e9, avec une YAMAHA et un trio plus d\u00e9termin\u00e9s que jamais. Pour lui donner la r\u00e9plique, SUZUKI, dont la GSXR vient de remporter les derniers 500 kms d&rsquo;ASSEN ne s&rsquo;en laissera pas compter de m\u00eame que le Team [&hellip;]<\/p>\n","protected":false},"author":336,"featured_media":0,"comment_status":"open","ping_status":"open","sticky":false,"template":"","format":"standard","meta":{"footnotes":""},"categories":[32],"tags":[],"class_list":["post-1900","post","type-post","status-publish","format-standard","hentry","category-sport-moto"],"yoast_head":"<!-- This site is optimized with the Yoast SEO plugin v26.0 - https:\/\/yoast.com\/wordpress\/plugins\/seo\/ -->\n<title>LE MANS 2006: Un plateau fourni - leblogmoto.com<\/title>\n<meta name=\"robots\" content=\"index, follow, max-snippet:-1, max-image-preview:large, max-video-preview:-1\" \/>\n<link rel=\"canonical\" href=\"https:\/\/blogs.thesocialmedia.com\/leblogmoto\/2006\/04\/21\/le-mans-2006-un\/\" \/>\n<meta name=\"twitter:card\" content=\"summary_large_image\" \/>\n<meta name=\"twitter:title\" content=\"LE MANS 2006: Un plateau fourni - leblogmoto.com\" \/>\n<meta name=\"twitter:description\" content=\"Ce week-end, le team GMT 94 remet en jeu son titre acquis au tour d&rsquo;horloge sarthois l&rsquo;an pass\u00e9, avec une YAMAHA et un trio plus d\u00e9termin\u00e9s que jamais. Pour lui donner la r\u00e9plique, SUZUKI, dont la GSXR vient de remporter les derniers 500 kms d&rsquo;ASSEN ne s&rsquo;en laissera pas compter de m\u00eame que le Team [&hellip;]\" \/>\n<meta name=\"twitter:image\" content=\"http:\/\/www.leblogmoto.com\/images\/dscf0679.jpg\" \/>\n<meta name=\"twitter:label1\" content=\"\u00c9crit par\" \/>\n\t<meta name=\"twitter:data1\" content=\"andre leconde\" \/>\n\t<meta name=\"twitter:label2\" content=\"Dur\u00e9e de lecture estim\u00e9e\" \/>\n\t<meta name=\"twitter:data2\" content=\"1 minute\" \/>\n<script type=\"application\/ld+json\" class=\"yoast-schema-graph\">{\"@context\":\"https:\/\/schema.org\",\"@graph\":[{\"@type\":\"WebPage\",\"@id\":\"https:\/\/blogs.thesocialmedia.com\/leblogmoto\/2006\/04\/21\/le-mans-2006-un\/\",\"url\":\"https:\/\/blogs.thesocialmedia.com\/leblogmoto\/2006\/04\/21\/le-mans-2006-un\/\",\"name\":\"LE MANS 2006: Un plateau fourni - leblogmoto.com\",\"isPartOf\":{\"@id\":\"https:\/\/blogs.thesocialmedia.com\/leblogmoto\/#website\"},\"primaryImageOfPage\":{\"@id\":\"https:\/\/blogs.thesocialmedia.com\/leblogmoto\/2006\/04\/21\/le-mans-2006-un\/#primaryimage\"},\"image\":{\"@id\":\"https:\/\/blogs.thesocialmedia.com\/leblogmoto\/2006\/04\/21\/le-mans-2006-un\/#primaryimage\"},\"thumbnailUrl\":\"http:\/\/www.leblogmoto.com\/images\/dscf0679.jpg\",\"datePublished\":\"2006-04-21T12:19:52+00:00\",\"dateModified\":\"2012-07-11T14:20:37+00:00\",\"author\":{\"@id\":\"https:\/\/blogs.thesocialmedia.com\/leblogmoto\/#\/schema\/person\/1a1dcfc7cec206573105eb4af91155c2\"},\"breadcrumb\":{\"@id\":\"https:\/\/blogs.thesocialmedia.com\/leblogmoto\/2006\/04\/21\/le-mans-2006-un\/#breadcrumb\"},\"inLanguage\":\"fr-FR\",\"potentialAction\":[{\"@type\":\"ReadAction\",\"target\":[\"https:\/\/blogs.thesocialmedia.com\/leblogmoto\/2006\/04\/21\/le-mans-2006-un\/\"]}]},{\"@type\":\"ImageObject\",\"inLanguage\":\"fr-FR\",\"@id\":\"https:\/\/blogs.thesocialmedia.com\/leblogmoto\/2006\/04\/21\/le-mans-2006-un\/#primaryimage\",\"url\":\"http:\/\/www.leblogmoto.com\/images\/dscf0679.jpg\",\"contentUrl\":\"http:\/\/www.leblogmoto.com\/images\/dscf0679.jpg\"},{\"@type\":\"BreadcrumbList\",\"@id\":\"https:\/\/blogs.thesocialmedia.com\/leblogmoto\/2006\/04\/21\/le-mans-2006-un\/#breadcrumb\",\"itemListElement\":[{\"@type\":\"ListItem\",\"position\":1,\"name\":\"Accueil\",\"item\":\"https:\/\/blogs.thesocialmedia.com\/leblogmoto\/\"},{\"@type\":\"ListItem\",\"position\":2,\"name\":\"LE MANS 2006: Un plateau fourni\"}]},{\"@type\":\"WebSite\",\"@id\":\"https:\/\/blogs.thesocialmedia.com\/leblogmoto\/#website\",\"url\":\"https:\/\/blogs.thesocialmedia.com\/leblogmoto\/\",\"name\":\"leblogmoto\",\"description\":\"Toute l&#039;actualit\u00e9 des 2 roues\",\"potentialAction\":[{\"@type\":\"SearchAction\",\"target\":{\"@type\":\"EntryPoint\",\"urlTemplate\":\"https:\/\/blogs.thesocialmedia.com\/leblogmoto\/?s={search_term_string}\"},\"query-input\":{\"@type\":\"PropertyValueSpecification\",\"valueRequired\":true,\"valueName\":\"search_term_string\"}}],\"inLanguage\":\"fr-FR\"},{\"@type\":\"Person\",\"@id\":\"https:\/\/blogs.thesocialmedia.com\/leblogmoto\/#\/schema\/person\/1a1dcfc7cec206573105eb4af91155c2\",\"name\":\"andre leconde\",\"image\":{\"@type\":\"ImageObject\",\"inLanguage\":\"fr-FR\",\"@id\":\"https:\/\/blogs.thesocialmedia.com\/leblogmoto\/#\/schema\/person\/image\/\",\"url\":\"https:\/\/secure.gravatar.com\/avatar\/?s=96&d=mm&r=g\",\"contentUrl\":\"https:\/\/secure.gravatar.com\/avatar\/?s=96&d=mm&r=g\",\"caption\":\"andre leconde\"},\"url\":\"https:\/\/blogs.thesocialmedia.com\/leblogmoto\/author\/andre-leconde\/\"}]}<\/script>\n<!-- \/ Yoast SEO plugin. -->","yoast_head_json":{"title":"LE MANS 2006: Un plateau fourni - leblogmoto.com","robots":{"index":"index","follow":"follow","max-snippet":"max-snippet:-1","max-image-preview":"max-image-preview:large","max-video-preview":"max-video-preview:-1"},"canonical":"https:\/\/blogs.thesocialmedia.com\/leblogmoto\/2006\/04\/21\/le-mans-2006-un\/","twitter_card":"summary_large_image","twitter_title":"LE MANS 2006: Un plateau fourni - leblogmoto.com","twitter_description":"Ce week-end, le team GMT 94 remet en jeu son titre acquis au tour d&rsquo;horloge sarthois l&rsquo;an pass\u00e9, avec une YAMAHA et un trio plus d\u00e9termin\u00e9s que jamais. Pour lui donner la r\u00e9plique, SUZUKI, dont la GSXR vient de remporter les derniers 500 kms d&rsquo;ASSEN ne s&rsquo;en laissera pas compter de m\u00eame que le Team [&hellip;]","twitter_image":"http:\/\/www.leblogmoto.com\/images\/dscf0679.jpg","twitter_misc":{"\u00c9crit par":"andre leconde","Dur\u00e9e de lecture estim\u00e9e":"1 minute"},"schema":{"@context":"https:\/\/schema.org","@graph":[{"@type":"WebPage","@id":"https:\/\/blogs.thesocialmedia.com\/leblogmoto\/2006\/04\/21\/le-mans-2006-un\/","url":"https:\/\/blogs.thesocialmedia.com\/leblogmoto\/2006\/04\/21\/le-mans-2006-un\/","name":"LE MANS 2006: Un plateau fourni - leblogmoto.com","isPartOf":{"@id":"https:\/\/blogs.thesocialmedia.com\/leblogmoto\/#website"},"primaryImageOfPage":{"@id":"https:\/\/blogs.thesocialmedia.com\/leblogmoto\/2006\/04\/21\/le-mans-2006-un\/#primaryimage"},"image":{"@id":"https:\/\/blogs.thesocialmedia.com\/leblogmoto\/2006\/04\/21\/le-mans-2006-un\/#primaryimage"},"thumbnailUrl":"http:\/\/www.leblogmoto.com\/images\/dscf0679.jpg","datePublished":"2006-04-21T12:19:52+00:00","dateModified":"2012-07-11T14:20:37+00:00","author":{"@id":"https:\/\/blogs.thesocialmedia.com\/leblogmoto\/#\/schema\/person\/1a1dcfc7cec206573105eb4af91155c2"},"breadcrumb":{"@id":"https:\/\/blogs.thesocialmedia.com\/leblogmoto\/2006\/04\/21\/le-mans-2006-un\/#breadcrumb"},"inLanguage":"fr-FR","potentialAction":[{"@type":"ReadAction","target":["https:\/\/blogs.thesocialmedia.com\/leblogmoto\/2006\/04\/21\/le-mans-2006-un\/"]}]},{"@type":"ImageObject","inLanguage":"fr-FR","@id":"https:\/\/blogs.thesocialmedia.com\/leblogmoto\/2006\/04\/21\/le-mans-2006-un\/#primaryimage","url":"http:\/\/www.leblogmoto.com\/images\/dscf0679.jpg","contentUrl":"http:\/\/www.leblogmoto.com\/images\/dscf0679.jpg"},{"@type":"BreadcrumbList","@id":"https:\/\/blogs.thesocialmedia.com\/leblogmoto\/2006\/04\/21\/le-mans-2006-un\/#breadcrumb","itemListElement":[{"@type":"ListItem","position":1,"name":"Accueil","item":"https:\/\/blogs.thesocialmedia.com\/leblogmoto\/"},{"@type":"ListItem","position":2,"name":"LE MANS 2006: Un plateau fourni"}]},{"@type":"WebSite","@id":"https:\/\/blogs.thesocialmedia.com\/leblogmoto\/#website","url":"https:\/\/blogs.thesocialmedia.com\/leblogmoto\/","name":"leblogmoto","description":"Toute l&#039;actualit\u00e9 des 2 roues","potentialAction":[{"@type":"SearchAction","target":{"@type":"EntryPoint","urlTemplate":"https:\/\/blogs.thesocialmedia.com\/leblogmoto\/?s={search_term_string}"},"query-input":{"@type":"PropertyValueSpecification","valueRequired":true,"valueName":"search_term_string"}}],"inLanguage":"fr-FR"},{"@type":"Person","@id":"https:\/\/blogs.thesocialmedia.com\/leblogmoto\/#\/schema\/person\/1a1dcfc7cec206573105eb4af91155c2","name":"andre leconde","image":{"@type":"ImageObject","inLanguage":"fr-FR","@id":"https:\/\/blogs.thesocialmedia.com\/leblogmoto\/#\/schema\/person\/image\/","url":"https:\/\/secure.gravatar.com\/avatar\/?s=96&d=mm&r=g","contentUrl":"https:\/\/secure.gravatar.com\/avatar\/?s=96&d=mm&r=g","caption":"andre leconde"},"url":"https:\/\/blogs.thesocialmedia.com\/leblogmoto\/author\/andre-leconde\/"}]}},"_links":{"self":[{"href":"https:\/\/blogs.thesocialmedia.com\/leblogmoto\/wp-json\/wp\/v2\/posts\/1900","targetHints":{"allow":["GET"]}}],"collection":[{"href":"https:\/\/blogs.thesocialmedia.com\/leblogmoto\/wp-json\/wp\/v2\/posts"}],"about":[{"href":"https:\/\/blogs.thesocialmedia.com\/leblogmoto\/wp-json\/wp\/v2\/types\/post"}],"author":[{"embeddable":true,"href":"https:\/\/blogs.thesocialmedia.com\/leblogmoto\/wp-json\/wp\/v2\/users\/336"}],"replies":[{"embeddable":true,"href":"https:\/\/blogs.thesocialmedia.com\/leblogmoto\/wp-json\/wp\/v2\/comments?post=1900"}],"version-history":[{"count":2,"href":"https:\/\/blogs.thesocialmedia.com\/leblogmoto\/wp-json\/wp\/v2\/posts\/1900\/revisions"}],"predecessor-version":[{"id":7355,"href":"https:\/\/blogs.thesocialmedia.com\/leblogmoto\/wp-json\/wp\/v2\/posts\/1900\/revisions\/7355"}],"wp:attachment":[{"href":"https:\/\/blogs.thesocialmedia.com\/leblogmoto\/wp-json\/wp\/v2\/media?parent=1900"}],"wp:term":[{"taxonomy":"category","embeddable":true,"href":"https:\/\/blogs.thesocialmedia.com\/leblogmoto\/wp-json\/wp\/v2\/categories?post=1900"},{"taxonomy":"post_tag","embeddable":true,"href":"https:\/\/blogs.thesocialmedia.com\/leblogmoto\/wp-json\/wp\/v2\/tags?post=1900"}],"curies":[{"name":"wp","href":"https:\/\/api.w.org\/{rel}","templated":true}]}}