{"id":1903,"date":"2006-04-19T19:29:24","date_gmt":"2006-04-19T19:29:24","guid":{"rendered":"http:\/\/blogs.thesocialmedia.com\/leblogmoto\/2006\/04\/19\/valentino-en-es\/"},"modified":"2012-07-11T13:21:40","modified_gmt":"2012-07-11T13:21:40","slug":"valentino-en-es","status":"publish","type":"post","link":"https:\/\/blogs.thesocialmedia.com\/leblogmoto\/2006\/04\/19\/valentino-en-es\/","title":{"rendered":"A peine tomb\u00e9 du nid et d\u00e9j\u00e0 &#8230;"},"content":{"rendered":"<p><a href=\"http:\/\/www.leblogmoto.com\/2006\/04\/rossi_on_pourra.html\"><img loading=\"lazy\" decoding=\"async\" height=\"296\" alt=\"411461046549939\" src=\"http:\/\/www.leblogmoto.com\/images\/411461046549939.jpg\" width=\"470\"  \/>Valentino<\/a> en est encore tout retourn\u00e9 et il para\u00eet qu&rsquo;\u00e0 la simple vue de ce clich\u00e9, <a href=\"http:\/\/www.leblogmoto.com\/2006\/03\/pedrosa_dj_outs.html\">PEDROSA<\/a> est parti s&rsquo;essayer dans une caisse, d\u00e8s fois qu&rsquo;il faudrait plus rapidement que pr\u00e9vu penser \u00e0 une reconversion.<\/p>\n<p>Le <a href=\"http:\/\/www.leblogmoto.com\/2006\/03\/vous_avez_aim_l.html\">p\u00e9ril jeune<\/a> est plus s\u00e9rieux qu&rsquo;escompter. Tout le monde essaie d&rsquo;identifier ce Titi qui affole d\u00e9j\u00e0 les gros minets. Le ph\u00e9nom\u00e8ne ne saurait dire que <strong>PUIG-PUIG<\/strong> en sautillant sur sa selle. On n&rsquo;en sait pas plus, mais il faut dire qu&rsquo;\u00e0 l&rsquo;allure o\u00f9 il va, il n&rsquo;est pas pr\u00eat d&rsquo;\u00eatre mis en cage. <\/p>\n","protected":false},"excerpt":{"rendered":"<p>Valentino en est encore tout retourn\u00e9 et il para\u00eet qu&rsquo;\u00e0 la simple vue de ce clich\u00e9, PEDROSA est parti s&rsquo;essayer dans une caisse, d\u00e8s fois qu&rsquo;il faudrait plus rapidement que pr\u00e9vu penser \u00e0 une reconversion. Le p\u00e9ril jeune est plus s\u00e9rieux qu&rsquo;escompter. Tout le monde essaie d&rsquo;identifier ce Titi qui affole d\u00e9j\u00e0 les gros minets. [&hellip;]<\/p>\n","protected":false},"author":336,"featured_media":0,"comment_status":"open","ping_status":"open","sticky":false,"template":"","format":"standard","meta":{"footnotes":""},"categories":[17,22,79,32],"tags":[],"class_list":["post-1903","post","type-post","status-publish","format-standard","hentry","category-divers","category-motogp","category-pocket-bike","category-sport-moto"],"yoast_head":"<!-- This site is optimized with the Yoast SEO plugin v26.0 - https:\/\/yoast.com\/wordpress\/plugins\/seo\/ -->\n<title>A peine tomb\u00e9 du nid et d\u00e9j\u00e0 ... - leblogmoto.com<\/title>\n<meta name=\"robots\" content=\"index, follow, max-snippet:-1, max-image-preview:large, max-video-preview:-1\" \/>\n<link rel=\"canonical\" href=\"https:\/\/blogs.thesocialmedia.com\/leblogmoto\/2006\/04\/19\/valentino-en-es\/\" \/>\n<meta name=\"twitter:card\" content=\"summary_large_image\" \/>\n<meta name=\"twitter:title\" content=\"A peine tomb\u00e9 du nid et d\u00e9j\u00e0 ... - leblogmoto.com\" \/>\n<meta name=\"twitter:description\" content=\"Valentino en est encore tout retourn\u00e9 et il para\u00eet qu&rsquo;\u00e0 la simple vue de ce clich\u00e9, PEDROSA est parti s&rsquo;essayer dans une caisse, d\u00e8s fois qu&rsquo;il faudrait plus rapidement que pr\u00e9vu penser \u00e0 une reconversion. Le p\u00e9ril jeune est plus s\u00e9rieux qu&rsquo;escompter. Tout le monde essaie d&rsquo;identifier ce Titi qui affole d\u00e9j\u00e0 les gros minets. [&hellip;]\" \/>\n<meta name=\"twitter:image\" content=\"http:\/\/www.leblogmoto.com\/images\/411461046549939.jpg\" \/>\n<meta name=\"twitter:label1\" content=\"\u00c9crit par\" \/>\n\t<meta name=\"twitter:data1\" content=\"andre leconde\" \/>\n<script type=\"application\/ld+json\" class=\"yoast-schema-graph\">{\"@context\":\"https:\/\/schema.org\",\"@graph\":[{\"@type\":\"WebPage\",\"@id\":\"https:\/\/blogs.thesocialmedia.com\/leblogmoto\/2006\/04\/19\/valentino-en-es\/\",\"url\":\"https:\/\/blogs.thesocialmedia.com\/leblogmoto\/2006\/04\/19\/valentino-en-es\/\",\"name\":\"A peine tomb\u00e9 du nid et d\u00e9j\u00e0 ... - leblogmoto.com\",\"isPartOf\":{\"@id\":\"https:\/\/blogs.thesocialmedia.com\/leblogmoto\/#website\"},\"primaryImageOfPage\":{\"@id\":\"https:\/\/blogs.thesocialmedia.com\/leblogmoto\/2006\/04\/19\/valentino-en-es\/#primaryimage\"},\"image\":{\"@id\":\"https:\/\/blogs.thesocialmedia.com\/leblogmoto\/2006\/04\/19\/valentino-en-es\/#primaryimage\"},\"thumbnailUrl\":\"http:\/\/www.leblogmoto.com\/images\/411461046549939.jpg\",\"datePublished\":\"2006-04-19T19:29:24+00:00\",\"dateModified\":\"2012-07-11T13:21:40+00:00\",\"author\":{\"@id\":\"https:\/\/blogs.thesocialmedia.com\/leblogmoto\/#\/schema\/person\/1a1dcfc7cec206573105eb4af91155c2\"},\"breadcrumb\":{\"@id\":\"https:\/\/blogs.thesocialmedia.com\/leblogmoto\/2006\/04\/19\/valentino-en-es\/#breadcrumb\"},\"inLanguage\":\"fr-FR\",\"potentialAction\":[{\"@type\":\"ReadAction\",\"target\":[\"https:\/\/blogs.thesocialmedia.com\/leblogmoto\/2006\/04\/19\/valentino-en-es\/\"]}]},{\"@type\":\"ImageObject\",\"inLanguage\":\"fr-FR\",\"@id\":\"https:\/\/blogs.thesocialmedia.com\/leblogmoto\/2006\/04\/19\/valentino-en-es\/#primaryimage\",\"url\":\"http:\/\/www.leblogmoto.com\/images\/411461046549939.jpg\",\"contentUrl\":\"http:\/\/www.leblogmoto.com\/images\/411461046549939.jpg\"},{\"@type\":\"BreadcrumbList\",\"@id\":\"https:\/\/blogs.thesocialmedia.com\/leblogmoto\/2006\/04\/19\/valentino-en-es\/#breadcrumb\",\"itemListElement\":[{\"@type\":\"ListItem\",\"position\":1,\"name\":\"Accueil\",\"item\":\"https:\/\/blogs.thesocialmedia.com\/leblogmoto\/\"},{\"@type\":\"ListItem\",\"position\":2,\"name\":\"A peine tomb\u00e9 du nid et d\u00e9j\u00e0 &#8230;\"}]},{\"@type\":\"WebSite\",\"@id\":\"https:\/\/blogs.thesocialmedia.com\/leblogmoto\/#website\",\"url\":\"https:\/\/blogs.thesocialmedia.com\/leblogmoto\/\",\"name\":\"leblogmoto\",\"description\":\"Toute l&#039;actualit\u00e9 des 2 roues\",\"potentialAction\":[{\"@type\":\"SearchAction\",\"target\":{\"@type\":\"EntryPoint\",\"urlTemplate\":\"https:\/\/blogs.thesocialmedia.com\/leblogmoto\/?s={search_term_string}\"},\"query-input\":{\"@type\":\"PropertyValueSpecification\",\"valueRequired\":true,\"valueName\":\"search_term_string\"}}],\"inLanguage\":\"fr-FR\"},{\"@type\":\"Person\",\"@id\":\"https:\/\/blogs.thesocialmedia.com\/leblogmoto\/#\/schema\/person\/1a1dcfc7cec206573105eb4af91155c2\",\"name\":\"andre leconde\",\"image\":{\"@type\":\"ImageObject\",\"inLanguage\":\"fr-FR\",\"@id\":\"https:\/\/blogs.thesocialmedia.com\/leblogmoto\/#\/schema\/person\/image\/\",\"url\":\"https:\/\/secure.gravatar.com\/avatar\/?s=96&d=mm&r=g\",\"contentUrl\":\"https:\/\/secure.gravatar.com\/avatar\/?s=96&d=mm&r=g\",\"caption\":\"andre leconde\"},\"url\":\"https:\/\/blogs.thesocialmedia.com\/leblogmoto\/author\/andre-leconde\/\"}]}<\/script>\n<!-- \/ Yoast SEO plugin. -->","yoast_head_json":{"title":"A peine tomb\u00e9 du nid et d\u00e9j\u00e0 ... - leblogmoto.com","robots":{"index":"index","follow":"follow","max-snippet":"max-snippet:-1","max-image-preview":"max-image-preview:large","max-video-preview":"max-video-preview:-1"},"canonical":"https:\/\/blogs.thesocialmedia.com\/leblogmoto\/2006\/04\/19\/valentino-en-es\/","twitter_card":"summary_large_image","twitter_title":"A peine tomb\u00e9 du nid et d\u00e9j\u00e0 ... - leblogmoto.com","twitter_description":"Valentino en est encore tout retourn\u00e9 et il para\u00eet qu&rsquo;\u00e0 la simple vue de ce clich\u00e9, PEDROSA est parti s&rsquo;essayer dans une caisse, d\u00e8s fois qu&rsquo;il faudrait plus rapidement que pr\u00e9vu penser \u00e0 une reconversion. Le p\u00e9ril jeune est plus s\u00e9rieux qu&rsquo;escompter. Tout le monde essaie d&rsquo;identifier ce Titi qui affole d\u00e9j\u00e0 les gros minets. [&hellip;]","twitter_image":"http:\/\/www.leblogmoto.com\/images\/411461046549939.jpg","twitter_misc":{"\u00c9crit par":"andre leconde"},"schema":{"@context":"https:\/\/schema.org","@graph":[{"@type":"WebPage","@id":"https:\/\/blogs.thesocialmedia.com\/leblogmoto\/2006\/04\/19\/valentino-en-es\/","url":"https:\/\/blogs.thesocialmedia.com\/leblogmoto\/2006\/04\/19\/valentino-en-es\/","name":"A peine tomb\u00e9 du nid et d\u00e9j\u00e0 ... - leblogmoto.com","isPartOf":{"@id":"https:\/\/blogs.thesocialmedia.com\/leblogmoto\/#website"},"primaryImageOfPage":{"@id":"https:\/\/blogs.thesocialmedia.com\/leblogmoto\/2006\/04\/19\/valentino-en-es\/#primaryimage"},"image":{"@id":"https:\/\/blogs.thesocialmedia.com\/leblogmoto\/2006\/04\/19\/valentino-en-es\/#primaryimage"},"thumbnailUrl":"http:\/\/www.leblogmoto.com\/images\/411461046549939.jpg","datePublished":"2006-04-19T19:29:24+00:00","dateModified":"2012-07-11T13:21:40+00:00","author":{"@id":"https:\/\/blogs.thesocialmedia.com\/leblogmoto\/#\/schema\/person\/1a1dcfc7cec206573105eb4af91155c2"},"breadcrumb":{"@id":"https:\/\/blogs.thesocialmedia.com\/leblogmoto\/2006\/04\/19\/valentino-en-es\/#breadcrumb"},"inLanguage":"fr-FR","potentialAction":[{"@type":"ReadAction","target":["https:\/\/blogs.thesocialmedia.com\/leblogmoto\/2006\/04\/19\/valentino-en-es\/"]}]},{"@type":"ImageObject","inLanguage":"fr-FR","@id":"https:\/\/blogs.thesocialmedia.com\/leblogmoto\/2006\/04\/19\/valentino-en-es\/#primaryimage","url":"http:\/\/www.leblogmoto.com\/images\/411461046549939.jpg","contentUrl":"http:\/\/www.leblogmoto.com\/images\/411461046549939.jpg"},{"@type":"BreadcrumbList","@id":"https:\/\/blogs.thesocialmedia.com\/leblogmoto\/2006\/04\/19\/valentino-en-es\/#breadcrumb","itemListElement":[{"@type":"ListItem","position":1,"name":"Accueil","item":"https:\/\/blogs.thesocialmedia.com\/leblogmoto\/"},{"@type":"ListItem","position":2,"name":"A peine tomb\u00e9 du nid et d\u00e9j\u00e0 &#8230;"}]},{"@type":"WebSite","@id":"https:\/\/blogs.thesocialmedia.com\/leblogmoto\/#website","url":"https:\/\/blogs.thesocialmedia.com\/leblogmoto\/","name":"leblogmoto","description":"Toute l&#039;actualit\u00e9 des 2 roues","potentialAction":[{"@type":"SearchAction","target":{"@type":"EntryPoint","urlTemplate":"https:\/\/blogs.thesocialmedia.com\/leblogmoto\/?s={search_term_string}"},"query-input":{"@type":"PropertyValueSpecification","valueRequired":true,"valueName":"search_term_string"}}],"inLanguage":"fr-FR"},{"@type":"Person","@id":"https:\/\/blogs.thesocialmedia.com\/leblogmoto\/#\/schema\/person\/1a1dcfc7cec206573105eb4af91155c2","name":"andre leconde","image":{"@type":"ImageObject","inLanguage":"fr-FR","@id":"https:\/\/blogs.thesocialmedia.com\/leblogmoto\/#\/schema\/person\/image\/","url":"https:\/\/secure.gravatar.com\/avatar\/?s=96&d=mm&r=g","contentUrl":"https:\/\/secure.gravatar.com\/avatar\/?s=96&d=mm&r=g","caption":"andre leconde"},"url":"https:\/\/blogs.thesocialmedia.com\/leblogmoto\/author\/andre-leconde\/"}]}},"_links":{"self":[{"href":"https:\/\/blogs.thesocialmedia.com\/leblogmoto\/wp-json\/wp\/v2\/posts\/1903","targetHints":{"allow":["GET"]}}],"collection":[{"href":"https:\/\/blogs.thesocialmedia.com\/leblogmoto\/wp-json\/wp\/v2\/posts"}],"about":[{"href":"https:\/\/blogs.thesocialmedia.com\/leblogmoto\/wp-json\/wp\/v2\/types\/post"}],"author":[{"embeddable":true,"href":"https:\/\/blogs.thesocialmedia.com\/leblogmoto\/wp-json\/wp\/v2\/users\/336"}],"replies":[{"embeddable":true,"href":"https:\/\/blogs.thesocialmedia.com\/leblogmoto\/wp-json\/wp\/v2\/comments?post=1903"}],"version-history":[{"count":1,"href":"https:\/\/blogs.thesocialmedia.com\/leblogmoto\/wp-json\/wp\/v2\/posts\/1903\/revisions"}],"predecessor-version":[{"id":3273,"href":"https:\/\/blogs.thesocialmedia.com\/leblogmoto\/wp-json\/wp\/v2\/posts\/1903\/revisions\/3273"}],"wp:attachment":[{"href":"https:\/\/blogs.thesocialmedia.com\/leblogmoto\/wp-json\/wp\/v2\/media?parent=1903"}],"wp:term":[{"taxonomy":"category","embeddable":true,"href":"https:\/\/blogs.thesocialmedia.com\/leblogmoto\/wp-json\/wp\/v2\/categories?post=1903"},{"taxonomy":"post_tag","embeddable":true,"href":"https:\/\/blogs.thesocialmedia.com\/leblogmoto\/wp-json\/wp\/v2\/tags?post=1903"}],"curies":[{"name":"wp","href":"https:\/\/api.w.org\/{rel}","templated":true}]}}