{"id":1905,"date":"2006-04-18T19:06:29","date_gmt":"2006-04-18T19:06:29","guid":{"rendered":"http:\/\/blogs.thesocialmedia.com\/leblogmoto\/2006\/04\/18\/rossi-on-pourra\/"},"modified":"2012-07-11T14:20:28","modified_gmt":"2012-07-11T14:20:28","slug":"rossi-on-pourra","status":"publish","type":"post","link":"https:\/\/blogs.thesocialmedia.com\/leblogmoto\/2006\/04\/18\/rossi-on-pourra\/","title":{"rendered":"ROSSI: On pourrait bien le garder !"},"content":{"rendered":"<p><a href=\"http:\/\/blogs.thesocialmedia.com\/leblogmoto\/files\/2012\/07\/valentino_rossi.jpg\"><img loading=\"lazy\" decoding=\"async\" height=\"279\" alt=\"Valentino_rossi\" src=\"http:\/\/www.leblogmoto.com\/images\/valentino_rossi.jpg\" width=\"470\"  \/><\/a> <\/p>\n<\/p>\n<\/p>\n<\/p>\n<\/p>\n<p>Les tergiversations vont bon train sur l&rsquo;\u00e9chiquier prochain de la dor\u00e9e F.1. Et <a href=\"http:\/\/www.leblogauto.com\/2006\/04\/f1_kimischumiro.html\">les choses s&rsquo;acc\u00e9l\u00e8rent<\/a>, \u00e0 un point tel que <strong>Valentino<\/strong> pourrait tr\u00e8s vite se retrouver dans l&rsquo;obligation de se d\u00e9cider \u00e0 tr\u00e8s courte \u00e9ch\u00e9ance, \u00e0 moins que, tout simplement, les \u00e9v\u00e9nements ne s&rsquo;imposent \u00e0 lui. <\/p>\n<p>Sauf \u00e0 penser que les d\u00e9s sont d&rsquo;ores et d\u00e9j\u00e0 jet\u00e9s, ce qui expliquerait la centrifugeuse qu&rsquo;est devenue le paddock de la F.1 ces derniers jours&#8230; <\/p>\n<p><a href=\"http:\/\/clabedan.typepad.com\/.shared\/image.html?\/photos\/uncategorized\/foto_1.jpg\"><img loading=\"lazy\" decoding=\"async\" height=\"354\" alt=\"Foto_1\" src=\"http:\/\/www.leblogmoto.com\/images\/foto_1.jpg\" width=\"250\"  \/><\/a>D&rsquo;abord c&rsquo;est cette id\u00e9e non d\u00e9mentie que Schumi finirait par tol\u00e9rer un \u00e9quipier de choc en la personne de Kimi RAIKKONEN dont tout le monde s&rsquo;accorde \u00e0 assurer qu&rsquo;il a d\u00e9j\u00e0 bel et bien sign\u00e9 chez les rouges.<\/p>\n<p>Avec un tel duo, le Doctor n&rsquo;a pas vraiment grand chose \u00e0 dire et si telle est l&rsquo;\u00e9quipe du cheval cabr\u00e9 pour 2007, autant constater qu&rsquo;aucun baquet n&rsquo;est plus libre \u00e0 Maranello.<\/p>\n<p>Et puis c&rsquo;est aussi <strong>cet enthousiasme d\u00e9clinant<\/strong> du septuple champion de la vitesse moto pour la monoplace. Un milieu qui ne l&rsquo;attire pas vraiment tout compte fait, s&rsquo;\u00e9penchant de ci, de l\u00e0, sur ses craintes quant \u00e0 sa vie priv\u00e9e \u00e0 l&rsquo;entr\u00e9e dans cet univers bien \u00e9loign\u00e9 de la Moto. <\/p>\n<p>Enfin, il y a cette r\u00e9flexion apr\u00e8s l&rsquo;\u00e9galisation statistique avec <strong>DOOHAN<\/strong> des <a href=\"http:\/\/www.leblogmoto.com\/2006\/04\/qatar_motogp_ro.html\">54 victoires<\/a> dans la cat\u00e9gorie reine. Seul \u00e0 r\u00e9sister dans les tablettes, le &quot;<a href=\"http:\/\/www.leblogmoto.com\/2006\/04\/xlite_x801r_pou.html\">Campionissimo<\/a>&quot; Ago. Et <strong>ROSSI<\/strong> de faire entendre qu&rsquo;il peut battre aussi ce record, qu&rsquo;il en a les moyens. Certainement, mais si il reste encore un peu sur deux roues pour accrocher ces <strong>68<\/strong> concr\u00e9tisations.<\/p>\n<p>En <strong>2007<\/strong>, des bruits vont bon train qu&rsquo;une \u00e9preuve MotoGP serait organis\u00e9e \u00e0 <strong>MISANO<\/strong>. C&rsquo;est \u00e0 un jet de pierre de <strong>Tavullia<\/strong>, son sanctuaire&#8230; Qui peut imaginer qu&rsquo;il va rater \u00e7a ? Il va rester, je vous le dis&#8230;<\/p><\/p>\n","protected":false},"excerpt":{"rendered":"<p>Les tergiversations vont bon train sur l&rsquo;\u00e9chiquier prochain de la dor\u00e9e F.1. Et les choses s&rsquo;acc\u00e9l\u00e8rent, \u00e0 un point tel que Valentino pourrait tr\u00e8s vite se retrouver dans l&rsquo;obligation de se d\u00e9cider \u00e0 tr\u00e8s courte \u00e9ch\u00e9ance, \u00e0 moins que, tout simplement, les \u00e9v\u00e9nements ne s&rsquo;imposent \u00e0 lui. Sauf \u00e0 penser que les d\u00e9s sont d&rsquo;ores [&hellip;]<\/p>\n","protected":false},"author":336,"featured_media":0,"comment_status":"open","ping_status":"open","sticky":false,"template":"","format":"standard","meta":{"footnotes":""},"categories":[3,22,32],"tags":[],"class_list":["post-1905","post","type-post","status-publish","format-standard","hentry","category-actualite","category-motogp","category-sport-moto"],"yoast_head":"<!-- This site is optimized with the Yoast SEO plugin v26.0 - https:\/\/yoast.com\/wordpress\/plugins\/seo\/ -->\n<title>ROSSI: On pourrait bien le garder ! - leblogmoto.com<\/title>\n<meta name=\"robots\" content=\"index, follow, max-snippet:-1, max-image-preview:large, max-video-preview:-1\" \/>\n<link rel=\"canonical\" href=\"https:\/\/blogs.thesocialmedia.com\/leblogmoto\/2006\/04\/18\/rossi-on-pourra\/\" \/>\n<meta name=\"twitter:card\" content=\"summary_large_image\" \/>\n<meta name=\"twitter:title\" content=\"ROSSI: On pourrait bien le garder ! - leblogmoto.com\" \/>\n<meta name=\"twitter:description\" content=\"Les tergiversations vont bon train sur l&rsquo;\u00e9chiquier prochain de la dor\u00e9e F.1. Et les choses s&rsquo;acc\u00e9l\u00e8rent, \u00e0 un point tel que Valentino pourrait tr\u00e8s vite se retrouver dans l&rsquo;obligation de se d\u00e9cider \u00e0 tr\u00e8s courte \u00e9ch\u00e9ance, \u00e0 moins que, tout simplement, les \u00e9v\u00e9nements ne s&rsquo;imposent \u00e0 lui. Sauf \u00e0 penser que les d\u00e9s sont d&rsquo;ores [&hellip;]\" \/>\n<meta name=\"twitter:image\" content=\"http:\/\/www.leblogmoto.com\/images\/valentino_rossi.jpg\" \/>\n<meta name=\"twitter:label1\" content=\"\u00c9crit par\" \/>\n\t<meta name=\"twitter:data1\" content=\"andre leconde\" \/>\n\t<meta name=\"twitter:label2\" content=\"Dur\u00e9e de lecture estim\u00e9e\" \/>\n\t<meta name=\"twitter:data2\" content=\"2 minutes\" \/>\n<script type=\"application\/ld+json\" class=\"yoast-schema-graph\">{\"@context\":\"https:\/\/schema.org\",\"@graph\":[{\"@type\":\"WebPage\",\"@id\":\"https:\/\/blogs.thesocialmedia.com\/leblogmoto\/2006\/04\/18\/rossi-on-pourra\/\",\"url\":\"https:\/\/blogs.thesocialmedia.com\/leblogmoto\/2006\/04\/18\/rossi-on-pourra\/\",\"name\":\"ROSSI: On pourrait bien le garder ! - leblogmoto.com\",\"isPartOf\":{\"@id\":\"https:\/\/blogs.thesocialmedia.com\/leblogmoto\/#website\"},\"primaryImageOfPage\":{\"@id\":\"https:\/\/blogs.thesocialmedia.com\/leblogmoto\/2006\/04\/18\/rossi-on-pourra\/#primaryimage\"},\"image\":{\"@id\":\"https:\/\/blogs.thesocialmedia.com\/leblogmoto\/2006\/04\/18\/rossi-on-pourra\/#primaryimage\"},\"thumbnailUrl\":\"http:\/\/www.leblogmoto.com\/images\/valentino_rossi.jpg\",\"datePublished\":\"2006-04-18T19:06:29+00:00\",\"dateModified\":\"2012-07-11T14:20:28+00:00\",\"author\":{\"@id\":\"https:\/\/blogs.thesocialmedia.com\/leblogmoto\/#\/schema\/person\/1a1dcfc7cec206573105eb4af91155c2\"},\"breadcrumb\":{\"@id\":\"https:\/\/blogs.thesocialmedia.com\/leblogmoto\/2006\/04\/18\/rossi-on-pourra\/#breadcrumb\"},\"inLanguage\":\"fr-FR\",\"potentialAction\":[{\"@type\":\"ReadAction\",\"target\":[\"https:\/\/blogs.thesocialmedia.com\/leblogmoto\/2006\/04\/18\/rossi-on-pourra\/\"]}]},{\"@type\":\"ImageObject\",\"inLanguage\":\"fr-FR\",\"@id\":\"https:\/\/blogs.thesocialmedia.com\/leblogmoto\/2006\/04\/18\/rossi-on-pourra\/#primaryimage\",\"url\":\"http:\/\/www.leblogmoto.com\/images\/valentino_rossi.jpg\",\"contentUrl\":\"http:\/\/www.leblogmoto.com\/images\/valentino_rossi.jpg\"},{\"@type\":\"BreadcrumbList\",\"@id\":\"https:\/\/blogs.thesocialmedia.com\/leblogmoto\/2006\/04\/18\/rossi-on-pourra\/#breadcrumb\",\"itemListElement\":[{\"@type\":\"ListItem\",\"position\":1,\"name\":\"Accueil\",\"item\":\"https:\/\/blogs.thesocialmedia.com\/leblogmoto\/\"},{\"@type\":\"ListItem\",\"position\":2,\"name\":\"ROSSI: On pourrait bien le garder !\"}]},{\"@type\":\"WebSite\",\"@id\":\"https:\/\/blogs.thesocialmedia.com\/leblogmoto\/#website\",\"url\":\"https:\/\/blogs.thesocialmedia.com\/leblogmoto\/\",\"name\":\"leblogmoto\",\"description\":\"Toute l&#039;actualit\u00e9 des 2 roues\",\"potentialAction\":[{\"@type\":\"SearchAction\",\"target\":{\"@type\":\"EntryPoint\",\"urlTemplate\":\"https:\/\/blogs.thesocialmedia.com\/leblogmoto\/?s={search_term_string}\"},\"query-input\":{\"@type\":\"PropertyValueSpecification\",\"valueRequired\":true,\"valueName\":\"search_term_string\"}}],\"inLanguage\":\"fr-FR\"},{\"@type\":\"Person\",\"@id\":\"https:\/\/blogs.thesocialmedia.com\/leblogmoto\/#\/schema\/person\/1a1dcfc7cec206573105eb4af91155c2\",\"name\":\"andre leconde\",\"image\":{\"@type\":\"ImageObject\",\"inLanguage\":\"fr-FR\",\"@id\":\"https:\/\/blogs.thesocialmedia.com\/leblogmoto\/#\/schema\/person\/image\/\",\"url\":\"https:\/\/secure.gravatar.com\/avatar\/?s=96&d=mm&r=g\",\"contentUrl\":\"https:\/\/secure.gravatar.com\/avatar\/?s=96&d=mm&r=g\",\"caption\":\"andre leconde\"},\"url\":\"https:\/\/blogs.thesocialmedia.com\/leblogmoto\/author\/andre-leconde\/\"}]}<\/script>\n<!-- \/ Yoast SEO plugin. -->","yoast_head_json":{"title":"ROSSI: On pourrait bien le garder ! - leblogmoto.com","robots":{"index":"index","follow":"follow","max-snippet":"max-snippet:-1","max-image-preview":"max-image-preview:large","max-video-preview":"max-video-preview:-1"},"canonical":"https:\/\/blogs.thesocialmedia.com\/leblogmoto\/2006\/04\/18\/rossi-on-pourra\/","twitter_card":"summary_large_image","twitter_title":"ROSSI: On pourrait bien le garder ! - leblogmoto.com","twitter_description":"Les tergiversations vont bon train sur l&rsquo;\u00e9chiquier prochain de la dor\u00e9e F.1. Et les choses s&rsquo;acc\u00e9l\u00e8rent, \u00e0 un point tel que Valentino pourrait tr\u00e8s vite se retrouver dans l&rsquo;obligation de se d\u00e9cider \u00e0 tr\u00e8s courte \u00e9ch\u00e9ance, \u00e0 moins que, tout simplement, les \u00e9v\u00e9nements ne s&rsquo;imposent \u00e0 lui. Sauf \u00e0 penser que les d\u00e9s sont d&rsquo;ores [&hellip;]","twitter_image":"http:\/\/www.leblogmoto.com\/images\/valentino_rossi.jpg","twitter_misc":{"\u00c9crit par":"andre leconde","Dur\u00e9e de lecture estim\u00e9e":"2 minutes"},"schema":{"@context":"https:\/\/schema.org","@graph":[{"@type":"WebPage","@id":"https:\/\/blogs.thesocialmedia.com\/leblogmoto\/2006\/04\/18\/rossi-on-pourra\/","url":"https:\/\/blogs.thesocialmedia.com\/leblogmoto\/2006\/04\/18\/rossi-on-pourra\/","name":"ROSSI: On pourrait bien le garder ! - leblogmoto.com","isPartOf":{"@id":"https:\/\/blogs.thesocialmedia.com\/leblogmoto\/#website"},"primaryImageOfPage":{"@id":"https:\/\/blogs.thesocialmedia.com\/leblogmoto\/2006\/04\/18\/rossi-on-pourra\/#primaryimage"},"image":{"@id":"https:\/\/blogs.thesocialmedia.com\/leblogmoto\/2006\/04\/18\/rossi-on-pourra\/#primaryimage"},"thumbnailUrl":"http:\/\/www.leblogmoto.com\/images\/valentino_rossi.jpg","datePublished":"2006-04-18T19:06:29+00:00","dateModified":"2012-07-11T14:20:28+00:00","author":{"@id":"https:\/\/blogs.thesocialmedia.com\/leblogmoto\/#\/schema\/person\/1a1dcfc7cec206573105eb4af91155c2"},"breadcrumb":{"@id":"https:\/\/blogs.thesocialmedia.com\/leblogmoto\/2006\/04\/18\/rossi-on-pourra\/#breadcrumb"},"inLanguage":"fr-FR","potentialAction":[{"@type":"ReadAction","target":["https:\/\/blogs.thesocialmedia.com\/leblogmoto\/2006\/04\/18\/rossi-on-pourra\/"]}]},{"@type":"ImageObject","inLanguage":"fr-FR","@id":"https:\/\/blogs.thesocialmedia.com\/leblogmoto\/2006\/04\/18\/rossi-on-pourra\/#primaryimage","url":"http:\/\/www.leblogmoto.com\/images\/valentino_rossi.jpg","contentUrl":"http:\/\/www.leblogmoto.com\/images\/valentino_rossi.jpg"},{"@type":"BreadcrumbList","@id":"https:\/\/blogs.thesocialmedia.com\/leblogmoto\/2006\/04\/18\/rossi-on-pourra\/#breadcrumb","itemListElement":[{"@type":"ListItem","position":1,"name":"Accueil","item":"https:\/\/blogs.thesocialmedia.com\/leblogmoto\/"},{"@type":"ListItem","position":2,"name":"ROSSI: On pourrait bien le garder !"}]},{"@type":"WebSite","@id":"https:\/\/blogs.thesocialmedia.com\/leblogmoto\/#website","url":"https:\/\/blogs.thesocialmedia.com\/leblogmoto\/","name":"leblogmoto","description":"Toute l&#039;actualit\u00e9 des 2 roues","potentialAction":[{"@type":"SearchAction","target":{"@type":"EntryPoint","urlTemplate":"https:\/\/blogs.thesocialmedia.com\/leblogmoto\/?s={search_term_string}"},"query-input":{"@type":"PropertyValueSpecification","valueRequired":true,"valueName":"search_term_string"}}],"inLanguage":"fr-FR"},{"@type":"Person","@id":"https:\/\/blogs.thesocialmedia.com\/leblogmoto\/#\/schema\/person\/1a1dcfc7cec206573105eb4af91155c2","name":"andre leconde","image":{"@type":"ImageObject","inLanguage":"fr-FR","@id":"https:\/\/blogs.thesocialmedia.com\/leblogmoto\/#\/schema\/person\/image\/","url":"https:\/\/secure.gravatar.com\/avatar\/?s=96&d=mm&r=g","contentUrl":"https:\/\/secure.gravatar.com\/avatar\/?s=96&d=mm&r=g","caption":"andre leconde"},"url":"https:\/\/blogs.thesocialmedia.com\/leblogmoto\/author\/andre-leconde\/"}]}},"_links":{"self":[{"href":"https:\/\/blogs.thesocialmedia.com\/leblogmoto\/wp-json\/wp\/v2\/posts\/1905","targetHints":{"allow":["GET"]}}],"collection":[{"href":"https:\/\/blogs.thesocialmedia.com\/leblogmoto\/wp-json\/wp\/v2\/posts"}],"about":[{"href":"https:\/\/blogs.thesocialmedia.com\/leblogmoto\/wp-json\/wp\/v2\/types\/post"}],"author":[{"embeddable":true,"href":"https:\/\/blogs.thesocialmedia.com\/leblogmoto\/wp-json\/wp\/v2\/users\/336"}],"replies":[{"embeddable":true,"href":"https:\/\/blogs.thesocialmedia.com\/leblogmoto\/wp-json\/wp\/v2\/comments?post=1905"}],"version-history":[{"count":2,"href":"https:\/\/blogs.thesocialmedia.com\/leblogmoto\/wp-json\/wp\/v2\/posts\/1905\/revisions"}],"predecessor-version":[{"id":7346,"href":"https:\/\/blogs.thesocialmedia.com\/leblogmoto\/wp-json\/wp\/v2\/posts\/1905\/revisions\/7346"}],"wp:attachment":[{"href":"https:\/\/blogs.thesocialmedia.com\/leblogmoto\/wp-json\/wp\/v2\/media?parent=1905"}],"wp:term":[{"taxonomy":"category","embeddable":true,"href":"https:\/\/blogs.thesocialmedia.com\/leblogmoto\/wp-json\/wp\/v2\/categories?post=1905"},{"taxonomy":"post_tag","embeddable":true,"href":"https:\/\/blogs.thesocialmedia.com\/leblogmoto\/wp-json\/wp\/v2\/tags?post=1905"}],"curies":[{"name":"wp","href":"https:\/\/api.w.org\/{rel}","templated":true}]}}