{"id":1907,"date":"2006-04-17T11:21:31","date_gmt":"2006-04-17T11:21:31","guid":{"rendered":"http:\/\/blogs.thesocialmedia.com\/leblogmoto\/2006\/04\/17\/erzbergrodeo-le\/"},"modified":"2012-07-11T14:20:25","modified_gmt":"2012-07-11T14:20:25","slug":"erzbergrodeo-le","status":"publish","type":"post","link":"https:\/\/blogs.thesocialmedia.com\/leblogmoto\/2006\/04\/17\/erzbergrodeo-le\/","title":{"rendered":"ERZBERGRODEO: L&rsquo;enduro extr\u00eame"},"content":{"rendered":"<p><a href=\"http:\/\/blogs.thesocialmedia.com\/leblogmoto\/files\/2012\/07\/erzbergrodeo04_high.jpg\"><img loading=\"lazy\" decoding=\"async\" height=\"338\" alt=\"Erzbergrodeo04_high\" src=\"http:\/\/www.leblogmoto.com\/images\/erzbergrodeo04_high.jpg\" width=\"249\"  \/><\/a>Il est des \u00e9preuves, comme \u00e7a, o\u00f9 avec un parcours d\u00e9ment, une philosophie bien \u00e0 part et les moyens de ses ambitions, elles se suffisent \u00e0 elles-m\u00eames pour exister.<\/p>\n<p>C&rsquo;est le cas de cette \u00e9preuve autrichienne particuli\u00e8rement impitoyable puisque des quelques <strong>1 300<\/strong> partants pour cette aventure, seule une <strong>trentaine<\/strong> verra le bout de <strong>quatre jours<\/strong> d&rsquo;enfer. <\/p>\n<p>Qui dit <a href=\"http:\/\/www.leblogmoto.com\/2006\/04\/ktm_rc_8_elle_a.html\">AUTRICHE<\/a> dit l&rsquo;incontournable boisson energisante du cru, qui apporte budget et ambiance bien \u00e0 elle. <\/p>\n<p>Ce qui permet un plateau tout aussi impressionnant par la qualit\u00e9 que par la quantit\u00e9, puisque les meilleurs pilotes tout terrain de la plan\u00e8te ont d\u00e9cid\u00e9 de s&rsquo;y engager pour l&rsquo;\u00e9dition 2006 qui d\u00e9butera le <strong>25 mai<\/strong>. <\/p>\n<p><a href=\"http:\/\/clabedan.typepad.com\/.shared\/image.html?\/photos\/uncategorized\/2x250x172x1propertyoriginal.jpg\"><img loading=\"lazy\" decoding=\"async\" height=\"172\" alt=\"2x250x172x1propertyoriginal\" src=\"http:\/\/www.leblogmoto.com\/images\/2x250x172x1propertyoriginal.jpg\" width=\"250\"  \/><\/a>Cyril <a href=\"http:\/\/www.leblogmoto.com\/2005\/12\/cyril_despres_n.html\">DESPRES<\/a>, les am\u00e9ricains PASTRANA, LEWIS, McGRATH, RENNER, WARD, l&rsquo;italien SALA, les britanniques KNIGHT et BROCK et bien d&rsquo;autres t\u00e9nors des chemins d\u00e9fonc\u00e9s iront s&rsquo;y mouiller la jaquette. L&rsquo;armada<a href=\"http:\/\/www.leblogmoto.com\/2006\/04\/essais_ktm_950_.html\"> KTM<\/a> au complet, pour tout dire.<\/p>\n<p>Chez nous, on sait faire tout aussi bien, mais une conjoncture bien diff\u00e9rente ne facilite gu\u00e8re organisation et budg\u00e9tisation. Vaste d\u00e9bat.<\/p>\n<p>SOURCE: <a href=\"http:\/\/news.motorbiker.org\/\">http:\/\/news.motorbiker.org<\/a> <\/p><\/p>\n","protected":false},"excerpt":{"rendered":"<p>Il est des \u00e9preuves, comme \u00e7a, o\u00f9 avec un parcours d\u00e9ment, une philosophie bien \u00e0 part et les moyens de ses ambitions, elles se suffisent \u00e0 elles-m\u00eames pour exister. C&rsquo;est le cas de cette \u00e9preuve autrichienne particuli\u00e8rement impitoyable puisque des quelques 1 300 partants pour cette aventure, seule une trentaine verra le bout de quatre [&hellip;]<\/p>\n","protected":false},"author":336,"featured_media":0,"comment_status":"open","ping_status":"open","sticky":false,"template":"","format":"standard","meta":{"footnotes":""},"categories":[17,66,32],"tags":[],"class_list":["post-1907","post","type-post","status-publish","format-standard","hentry","category-divers","category-moto-cross","category-sport-moto"],"yoast_head":"<!-- This site is optimized with the Yoast SEO plugin v26.0 - https:\/\/yoast.com\/wordpress\/plugins\/seo\/ -->\n<title>ERZBERGRODEO: L&#039;enduro extr\u00eame - leblogmoto.com<\/title>\n<meta name=\"robots\" content=\"index, follow, max-snippet:-1, max-image-preview:large, max-video-preview:-1\" \/>\n<link rel=\"canonical\" href=\"https:\/\/blogs.thesocialmedia.com\/leblogmoto\/2006\/04\/17\/erzbergrodeo-le\/\" \/>\n<meta name=\"twitter:card\" content=\"summary_large_image\" \/>\n<meta name=\"twitter:title\" content=\"ERZBERGRODEO: L&#039;enduro extr\u00eame - leblogmoto.com\" \/>\n<meta name=\"twitter:description\" content=\"Il est des \u00e9preuves, comme \u00e7a, o\u00f9 avec un parcours d\u00e9ment, une philosophie bien \u00e0 part et les moyens de ses ambitions, elles se suffisent \u00e0 elles-m\u00eames pour exister. C&rsquo;est le cas de cette \u00e9preuve autrichienne particuli\u00e8rement impitoyable puisque des quelques 1 300 partants pour cette aventure, seule une trentaine verra le bout de quatre [&hellip;]\" \/>\n<meta name=\"twitter:image\" content=\"http:\/\/www.leblogmoto.com\/images\/erzbergrodeo04_high.jpg\" \/>\n<meta name=\"twitter:label1\" content=\"\u00c9crit par\" \/>\n\t<meta name=\"twitter:data1\" content=\"andre leconde\" \/>\n\t<meta name=\"twitter:label2\" content=\"Dur\u00e9e de lecture estim\u00e9e\" \/>\n\t<meta name=\"twitter:data2\" content=\"1 minute\" \/>\n<script type=\"application\/ld+json\" class=\"yoast-schema-graph\">{\"@context\":\"https:\/\/schema.org\",\"@graph\":[{\"@type\":\"WebPage\",\"@id\":\"https:\/\/blogs.thesocialmedia.com\/leblogmoto\/2006\/04\/17\/erzbergrodeo-le\/\",\"url\":\"https:\/\/blogs.thesocialmedia.com\/leblogmoto\/2006\/04\/17\/erzbergrodeo-le\/\",\"name\":\"ERZBERGRODEO: L'enduro extr\u00eame - leblogmoto.com\",\"isPartOf\":{\"@id\":\"https:\/\/blogs.thesocialmedia.com\/leblogmoto\/#website\"},\"primaryImageOfPage\":{\"@id\":\"https:\/\/blogs.thesocialmedia.com\/leblogmoto\/2006\/04\/17\/erzbergrodeo-le\/#primaryimage\"},\"image\":{\"@id\":\"https:\/\/blogs.thesocialmedia.com\/leblogmoto\/2006\/04\/17\/erzbergrodeo-le\/#primaryimage\"},\"thumbnailUrl\":\"http:\/\/www.leblogmoto.com\/images\/erzbergrodeo04_high.jpg\",\"datePublished\":\"2006-04-17T11:21:31+00:00\",\"dateModified\":\"2012-07-11T14:20:25+00:00\",\"author\":{\"@id\":\"https:\/\/blogs.thesocialmedia.com\/leblogmoto\/#\/schema\/person\/1a1dcfc7cec206573105eb4af91155c2\"},\"breadcrumb\":{\"@id\":\"https:\/\/blogs.thesocialmedia.com\/leblogmoto\/2006\/04\/17\/erzbergrodeo-le\/#breadcrumb\"},\"inLanguage\":\"fr-FR\",\"potentialAction\":[{\"@type\":\"ReadAction\",\"target\":[\"https:\/\/blogs.thesocialmedia.com\/leblogmoto\/2006\/04\/17\/erzbergrodeo-le\/\"]}]},{\"@type\":\"ImageObject\",\"inLanguage\":\"fr-FR\",\"@id\":\"https:\/\/blogs.thesocialmedia.com\/leblogmoto\/2006\/04\/17\/erzbergrodeo-le\/#primaryimage\",\"url\":\"http:\/\/www.leblogmoto.com\/images\/erzbergrodeo04_high.jpg\",\"contentUrl\":\"http:\/\/www.leblogmoto.com\/images\/erzbergrodeo04_high.jpg\"},{\"@type\":\"BreadcrumbList\",\"@id\":\"https:\/\/blogs.thesocialmedia.com\/leblogmoto\/2006\/04\/17\/erzbergrodeo-le\/#breadcrumb\",\"itemListElement\":[{\"@type\":\"ListItem\",\"position\":1,\"name\":\"Accueil\",\"item\":\"https:\/\/blogs.thesocialmedia.com\/leblogmoto\/\"},{\"@type\":\"ListItem\",\"position\":2,\"name\":\"ERZBERGRODEO: L&rsquo;enduro extr\u00eame\"}]},{\"@type\":\"WebSite\",\"@id\":\"https:\/\/blogs.thesocialmedia.com\/leblogmoto\/#website\",\"url\":\"https:\/\/blogs.thesocialmedia.com\/leblogmoto\/\",\"name\":\"leblogmoto\",\"description\":\"Toute l&#039;actualit\u00e9 des 2 roues\",\"potentialAction\":[{\"@type\":\"SearchAction\",\"target\":{\"@type\":\"EntryPoint\",\"urlTemplate\":\"https:\/\/blogs.thesocialmedia.com\/leblogmoto\/?s={search_term_string}\"},\"query-input\":{\"@type\":\"PropertyValueSpecification\",\"valueRequired\":true,\"valueName\":\"search_term_string\"}}],\"inLanguage\":\"fr-FR\"},{\"@type\":\"Person\",\"@id\":\"https:\/\/blogs.thesocialmedia.com\/leblogmoto\/#\/schema\/person\/1a1dcfc7cec206573105eb4af91155c2\",\"name\":\"andre leconde\",\"image\":{\"@type\":\"ImageObject\",\"inLanguage\":\"fr-FR\",\"@id\":\"https:\/\/blogs.thesocialmedia.com\/leblogmoto\/#\/schema\/person\/image\/\",\"url\":\"https:\/\/secure.gravatar.com\/avatar\/?s=96&d=mm&r=g\",\"contentUrl\":\"https:\/\/secure.gravatar.com\/avatar\/?s=96&d=mm&r=g\",\"caption\":\"andre leconde\"},\"url\":\"https:\/\/blogs.thesocialmedia.com\/leblogmoto\/author\/andre-leconde\/\"}]}<\/script>\n<!-- \/ Yoast SEO plugin. -->","yoast_head_json":{"title":"ERZBERGRODEO: L'enduro extr\u00eame - leblogmoto.com","robots":{"index":"index","follow":"follow","max-snippet":"max-snippet:-1","max-image-preview":"max-image-preview:large","max-video-preview":"max-video-preview:-1"},"canonical":"https:\/\/blogs.thesocialmedia.com\/leblogmoto\/2006\/04\/17\/erzbergrodeo-le\/","twitter_card":"summary_large_image","twitter_title":"ERZBERGRODEO: L'enduro extr\u00eame - leblogmoto.com","twitter_description":"Il est des \u00e9preuves, comme \u00e7a, o\u00f9 avec un parcours d\u00e9ment, une philosophie bien \u00e0 part et les moyens de ses ambitions, elles se suffisent \u00e0 elles-m\u00eames pour exister. C&rsquo;est le cas de cette \u00e9preuve autrichienne particuli\u00e8rement impitoyable puisque des quelques 1 300 partants pour cette aventure, seule une trentaine verra le bout de quatre [&hellip;]","twitter_image":"http:\/\/www.leblogmoto.com\/images\/erzbergrodeo04_high.jpg","twitter_misc":{"\u00c9crit par":"andre leconde","Dur\u00e9e de lecture estim\u00e9e":"1 minute"},"schema":{"@context":"https:\/\/schema.org","@graph":[{"@type":"WebPage","@id":"https:\/\/blogs.thesocialmedia.com\/leblogmoto\/2006\/04\/17\/erzbergrodeo-le\/","url":"https:\/\/blogs.thesocialmedia.com\/leblogmoto\/2006\/04\/17\/erzbergrodeo-le\/","name":"ERZBERGRODEO: L'enduro extr\u00eame - leblogmoto.com","isPartOf":{"@id":"https:\/\/blogs.thesocialmedia.com\/leblogmoto\/#website"},"primaryImageOfPage":{"@id":"https:\/\/blogs.thesocialmedia.com\/leblogmoto\/2006\/04\/17\/erzbergrodeo-le\/#primaryimage"},"image":{"@id":"https:\/\/blogs.thesocialmedia.com\/leblogmoto\/2006\/04\/17\/erzbergrodeo-le\/#primaryimage"},"thumbnailUrl":"http:\/\/www.leblogmoto.com\/images\/erzbergrodeo04_high.jpg","datePublished":"2006-04-17T11:21:31+00:00","dateModified":"2012-07-11T14:20:25+00:00","author":{"@id":"https:\/\/blogs.thesocialmedia.com\/leblogmoto\/#\/schema\/person\/1a1dcfc7cec206573105eb4af91155c2"},"breadcrumb":{"@id":"https:\/\/blogs.thesocialmedia.com\/leblogmoto\/2006\/04\/17\/erzbergrodeo-le\/#breadcrumb"},"inLanguage":"fr-FR","potentialAction":[{"@type":"ReadAction","target":["https:\/\/blogs.thesocialmedia.com\/leblogmoto\/2006\/04\/17\/erzbergrodeo-le\/"]}]},{"@type":"ImageObject","inLanguage":"fr-FR","@id":"https:\/\/blogs.thesocialmedia.com\/leblogmoto\/2006\/04\/17\/erzbergrodeo-le\/#primaryimage","url":"http:\/\/www.leblogmoto.com\/images\/erzbergrodeo04_high.jpg","contentUrl":"http:\/\/www.leblogmoto.com\/images\/erzbergrodeo04_high.jpg"},{"@type":"BreadcrumbList","@id":"https:\/\/blogs.thesocialmedia.com\/leblogmoto\/2006\/04\/17\/erzbergrodeo-le\/#breadcrumb","itemListElement":[{"@type":"ListItem","position":1,"name":"Accueil","item":"https:\/\/blogs.thesocialmedia.com\/leblogmoto\/"},{"@type":"ListItem","position":2,"name":"ERZBERGRODEO: L&rsquo;enduro extr\u00eame"}]},{"@type":"WebSite","@id":"https:\/\/blogs.thesocialmedia.com\/leblogmoto\/#website","url":"https:\/\/blogs.thesocialmedia.com\/leblogmoto\/","name":"leblogmoto","description":"Toute l&#039;actualit\u00e9 des 2 roues","potentialAction":[{"@type":"SearchAction","target":{"@type":"EntryPoint","urlTemplate":"https:\/\/blogs.thesocialmedia.com\/leblogmoto\/?s={search_term_string}"},"query-input":{"@type":"PropertyValueSpecification","valueRequired":true,"valueName":"search_term_string"}}],"inLanguage":"fr-FR"},{"@type":"Person","@id":"https:\/\/blogs.thesocialmedia.com\/leblogmoto\/#\/schema\/person\/1a1dcfc7cec206573105eb4af91155c2","name":"andre leconde","image":{"@type":"ImageObject","inLanguage":"fr-FR","@id":"https:\/\/blogs.thesocialmedia.com\/leblogmoto\/#\/schema\/person\/image\/","url":"https:\/\/secure.gravatar.com\/avatar\/?s=96&d=mm&r=g","contentUrl":"https:\/\/secure.gravatar.com\/avatar\/?s=96&d=mm&r=g","caption":"andre leconde"},"url":"https:\/\/blogs.thesocialmedia.com\/leblogmoto\/author\/andre-leconde\/"}]}},"_links":{"self":[{"href":"https:\/\/blogs.thesocialmedia.com\/leblogmoto\/wp-json\/wp\/v2\/posts\/1907","targetHints":{"allow":["GET"]}}],"collection":[{"href":"https:\/\/blogs.thesocialmedia.com\/leblogmoto\/wp-json\/wp\/v2\/posts"}],"about":[{"href":"https:\/\/blogs.thesocialmedia.com\/leblogmoto\/wp-json\/wp\/v2\/types\/post"}],"author":[{"embeddable":true,"href":"https:\/\/blogs.thesocialmedia.com\/leblogmoto\/wp-json\/wp\/v2\/users\/336"}],"replies":[{"embeddable":true,"href":"https:\/\/blogs.thesocialmedia.com\/leblogmoto\/wp-json\/wp\/v2\/comments?post=1907"}],"version-history":[{"count":2,"href":"https:\/\/blogs.thesocialmedia.com\/leblogmoto\/wp-json\/wp\/v2\/posts\/1907\/revisions"}],"predecessor-version":[{"id":7342,"href":"https:\/\/blogs.thesocialmedia.com\/leblogmoto\/wp-json\/wp\/v2\/posts\/1907\/revisions\/7342"}],"wp:attachment":[{"href":"https:\/\/blogs.thesocialmedia.com\/leblogmoto\/wp-json\/wp\/v2\/media?parent=1907"}],"wp:term":[{"taxonomy":"category","embeddable":true,"href":"https:\/\/blogs.thesocialmedia.com\/leblogmoto\/wp-json\/wp\/v2\/categories?post=1907"},{"taxonomy":"post_tag","embeddable":true,"href":"https:\/\/blogs.thesocialmedia.com\/leblogmoto\/wp-json\/wp\/v2\/tags?post=1907"}],"curies":[{"name":"wp","href":"https:\/\/api.w.org\/{rel}","templated":true}]}}