{"id":1908,"date":"2006-04-16T17:21:26","date_gmt":"2006-04-16T17:21:26","guid":{"rendered":"http:\/\/blogs.thesocialmedia.com\/leblogmoto\/2006\/04\/16\/moto-guzzi-laig\/"},"modified":"2012-07-11T14:20:23","modified_gmt":"2012-07-11T14:20:23","slug":"moto-guzzi-laig","status":"publish","type":"post","link":"https:\/\/blogs.thesocialmedia.com\/leblogmoto\/2006\/04\/16\/moto-guzzi-laig\/","title":{"rendered":"MOTO GUZZI: L&rsquo;aigle f\u00eate ses 85 ans"},"content":{"rendered":"<p><a href=\"http:\/\/blogs.thesocialmedia.com\/leblogmoto\/files\/2012\/07\/gmg05.jpg\"><img loading=\"lazy\" decoding=\"async\" height=\"315\" alt=\"Gmg05\" src=\"http:\/\/www.leblogmoto.com\/images\/gmg05.jpg\" width=\"250\"  \/><\/a>Elle en a fait du chemin la marque imagin\u00e9e par les aviateurs de la premi\u00e8re guerre mondiale, <strong>GUZZI,<\/strong> <strong>PARODI<\/strong> et <strong>RAVELLI<\/strong>. <\/p>\n<p>Ce dernier n&rsquo;aura jamais l&rsquo;occasion de voir la concr\u00e9tisation du r\u00eave, mais il restera toujours un peu avec les survivants, puisque ces derniers d\u00e9cident de faire de l&#8217;embl\u00eame de leur escadrille le blason de leurs motos: un aigle aux ailes d\u00e9ploy\u00e9es<\/p>\n<p>La premi\u00e8re GUZZI voit le jour en <strong>1921<\/strong> sur les bords du Lac de C\u00f4me \u00e0 <strong>Mandello del Lario<\/strong>. <\/p>\n<p>De ce site historique arrive un monocylindre \u00e0 quatre temps horizontal de 499 cm3. La l\u00e9gende est en marche&#8230;&nbsp; &nbsp; <\/p>\n<p><a href=\"http:\/\/blogs.thesocialmedia.com\/leblogmoto\/files\/2012\/07\/800pxmoto_guzzi.jpg\"><img loading=\"lazy\" decoding=\"async\" height=\"187\" alt=\"800pxmoto_guzzi\" src=\"http:\/\/www.leblogmoto.com\/images\/800pxmoto_guzzi.jpg\" width=\"250\"  \/><\/a>La marque se distingue d\u00e9j\u00e0 par des innovations techniques comme la premi\u00e8re <strong>machine enti\u00e8rement suspendue en 1928<\/strong> ou un bloc \u00e0 quatre soupapes entra\u00een\u00e9 par un arbre \u00e0 c\u00e2me en t\u00eate. Reste que les machines gagnent leur r\u00e9putation de fiabilit\u00e9 au travers une distribution plus classique culbut\u00e9e.<\/p>\n<p>Jusqu&rsquo;au milieu des <strong>ann\u00e9es 60<\/strong>, GUZZI appara\u00eet comme l&rsquo;une des marques les plus prolifiques en mati\u00e8re d&rsquo;innovation m\u00e9canique. Moteur tricylindre horizontal, transversal, compresseurs volum\u00e8triques, propulseur <a href=\"http:\/\/blogs.thesocialmedia.com\/leblogmoto\/files\/2012\/07\/1956motoguzziv8.jpg\"><img loading=\"lazy\" decoding=\"async\" height=\"179\" alt=\"1956motoguzziv8\" src=\"http:\/\/www.leblogmoto.com\/images\/1956motoguzziv8.jpg\" width=\"250\"  \/><\/a> quatre cylindres transversal, longitudinal, bicylindre en V ou parall\u00e8le avec, comme pont d&rsquo;orgue ni plus ni moins qu&rsquo;un <strong>V8<\/strong>, en 1955 sur une machine \u00e9tudi\u00e9e en <strong>soufflerie<\/strong>.<\/p>\n<p>La comp\u00e9tition est importante pour l&rsquo;Aigle qui rafle plusieurs titres mondiaux de <strong>1949 \u00e0 1957<\/strong>. Mais en <strong>1964<\/strong>, <strong>Carlo GUZZI<\/strong> dispara\u00eet et <strong>Enrico PARODI<\/strong> a du mal \u00e0 s&rsquo;adapter \u00e0 l&rsquo;\u00e9volution du march\u00e9. <\/p>\n<p>Une soci\u00e8t\u00e9, la <strong>SEIMM<\/strong>, est cr\u00e9ee pour sauver ce qui peut l&rsquo;\u00eatre et, de cette p\u00e9riode de disette na\u00eetra le <strong>bicylindre <\/strong><a href=\"http:\/\/blogs.thesocialmedia.com\/leblogmoto\/files\/2012\/07\/v7sport_1.jpg\"><strong><img loading=\"lazy\" decoding=\"async\" height=\"340\" alt=\"V7sport_1\" src=\"http:\/\/www.leblogmoto.com\/images\/v7sport_1.jpg\" width=\"250\"  \/><\/strong><\/a><strong> en V longitudinal<\/strong> mont\u00e9 sur la <strong>V7<\/strong>. Cette m\u00e9canique est toujours d\u00e9clin\u00e9e <a href=\"http:\/\/clabedan.typepad.com\/.shared\/image.html?\/photos\/uncategorized\/v7sport.jpg\"><\/a>aujourd&rsquo;hui. La <strong>V7 Sport<\/strong> \u00e9tait la pr\u00e9f\u00e9r\u00e9e de <strong>Mike HAILWOOD<\/strong> alors que les 850 LE MANS, <a href=\"http:\/\/www.leblogmoto.com\/2005\/12\/guzzi_calif_vin.html\">CALIFORNIA<\/a> et autres 1 000&nbsp; Convert et V 50 aident \u00e0 franchir le cap difficile des d\u00e9cennies 70 et 80.<\/p>\n<p>La reprise en main par <a href=\"http:\/\/www.leblogmoto.com\/2006\/04\/mme_si_le_scoot.html\">PIAGGIO<\/a> annonce un retour \u00e0 l&rsquo;offensive. Normes Euro3 aval\u00e9es, arriv\u00e9es des <a href=\"http:\/\/www.leblogmoto.com\/2005\/09\/moto_guzzi_brev.html\">BREVA<\/a> et <a href=\"http:\/\/www.leblogmoto.com\/2005\/09\/moto_guzzi_gris.html\">GRISO<\/a>, mise en place de la <a href=\"http:\/\/www.leblogmoto.com\/2005\/09\/moto_guzzi_gris.html\">NORGE<\/a> et retour dans la cat\u00e9gorie <a href=\"http:\/\/www.leblogmoto.com\/2006\/03\/guzzi_passe_au_.html\">850<\/a> sont autant de signe que l&rsquo;Aigle, tel le Ph\u00e9nix, rena\u00eet de ses cendres.<\/p>\n<p><strong>MOTO GUZZI<\/strong> est en passe de conjuguer son caract\u00e8re viril avec les imp\u00e9ratifs \u00e9conomiques de ce nouveau si\u00e8cle qu&rsquo;elle s&rsquo;appr\u00eate \u00e0 traverser avec la m\u00eame d\u00e9termination que celui \u00e9coul\u00e9. Et si le d\u00e9mon de la comp\u00e9tition reprenait le rapace, il pourrait toujours se servir de l&rsquo;exp\u00e9rience qu&rsquo;engrange patiemment sa <a href=\"http:\/\/www.leblogmoto.com\/2006\/03\/guzzi_mgs01_lai.html\">MGS-01 Corsa<\/a>, pr\u00eate \u00e0 prendre plus de hauteur d\u00e8s qu&rsquo;on lui en donnera les moyens. <\/p>\n<p>Pour les inconditionnels, rendez-vous les <strong>15, 16 et 17 septembre<\/strong> prochain de l&rsquo;autre c\u00f4t\u00e9 des Alpes. <\/p>\n<p>&nbsp; &nbsp; <\/p>\n","protected":false},"excerpt":{"rendered":"<p>Elle en a fait du chemin la marque imagin\u00e9e par les aviateurs de la premi\u00e8re guerre mondiale, GUZZI, PARODI et RAVELLI. Ce dernier n&rsquo;aura jamais l&rsquo;occasion de voir la concr\u00e9tisation du r\u00eave, mais il restera toujours un peu avec les survivants, puisque ces derniers d\u00e9cident de faire de l&#8217;embl\u00eame de leur escadrille le blason de [&hellip;]<\/p>\n","protected":false},"author":336,"featured_media":0,"comment_status":"open","ping_status":"open","sticky":false,"template":"","format":"standard","meta":{"footnotes":""},"categories":[49,9,35],"tags":[],"class_list":["post-1908","post","type-post","status-publish","format-standard","hentry","category-actualites-entreprise","category-historique","category-moto-guzzi"],"yoast_head":"<!-- This site is optimized with the Yoast SEO plugin v26.0 - https:\/\/yoast.com\/wordpress\/plugins\/seo\/ -->\n<title>MOTO GUZZI: L&#039;aigle f\u00eate ses 85 ans - leblogmoto.com<\/title>\n<meta name=\"robots\" content=\"index, follow, max-snippet:-1, max-image-preview:large, max-video-preview:-1\" \/>\n<link rel=\"canonical\" href=\"https:\/\/blogs.thesocialmedia.com\/leblogmoto\/2006\/04\/16\/moto-guzzi-laig\/\" \/>\n<meta name=\"twitter:card\" content=\"summary_large_image\" \/>\n<meta name=\"twitter:title\" content=\"MOTO GUZZI: L&#039;aigle f\u00eate ses 85 ans - leblogmoto.com\" \/>\n<meta name=\"twitter:description\" content=\"Elle en a fait du chemin la marque imagin\u00e9e par les aviateurs de la premi\u00e8re guerre mondiale, GUZZI, PARODI et RAVELLI. Ce dernier n&rsquo;aura jamais l&rsquo;occasion de voir la concr\u00e9tisation du r\u00eave, mais il restera toujours un peu avec les survivants, puisque ces derniers d\u00e9cident de faire de l&#8217;embl\u00eame de leur escadrille le blason de [&hellip;]\" \/>\n<meta name=\"twitter:image\" content=\"http:\/\/www.leblogmoto.com\/images\/gmg05.jpg\" \/>\n<meta name=\"twitter:label1\" content=\"\u00c9crit par\" \/>\n\t<meta name=\"twitter:data1\" content=\"andre leconde\" \/>\n\t<meta name=\"twitter:label2\" content=\"Dur\u00e9e de lecture estim\u00e9e\" \/>\n\t<meta name=\"twitter:data2\" content=\"2 minutes\" \/>\n<script type=\"application\/ld+json\" class=\"yoast-schema-graph\">{\"@context\":\"https:\/\/schema.org\",\"@graph\":[{\"@type\":\"WebPage\",\"@id\":\"https:\/\/blogs.thesocialmedia.com\/leblogmoto\/2006\/04\/16\/moto-guzzi-laig\/\",\"url\":\"https:\/\/blogs.thesocialmedia.com\/leblogmoto\/2006\/04\/16\/moto-guzzi-laig\/\",\"name\":\"MOTO GUZZI: L'aigle f\u00eate ses 85 ans - leblogmoto.com\",\"isPartOf\":{\"@id\":\"https:\/\/blogs.thesocialmedia.com\/leblogmoto\/#website\"},\"primaryImageOfPage\":{\"@id\":\"https:\/\/blogs.thesocialmedia.com\/leblogmoto\/2006\/04\/16\/moto-guzzi-laig\/#primaryimage\"},\"image\":{\"@id\":\"https:\/\/blogs.thesocialmedia.com\/leblogmoto\/2006\/04\/16\/moto-guzzi-laig\/#primaryimage\"},\"thumbnailUrl\":\"http:\/\/www.leblogmoto.com\/images\/gmg05.jpg\",\"datePublished\":\"2006-04-16T17:21:26+00:00\",\"dateModified\":\"2012-07-11T14:20:23+00:00\",\"author\":{\"@id\":\"https:\/\/blogs.thesocialmedia.com\/leblogmoto\/#\/schema\/person\/1a1dcfc7cec206573105eb4af91155c2\"},\"breadcrumb\":{\"@id\":\"https:\/\/blogs.thesocialmedia.com\/leblogmoto\/2006\/04\/16\/moto-guzzi-laig\/#breadcrumb\"},\"inLanguage\":\"fr-FR\",\"potentialAction\":[{\"@type\":\"ReadAction\",\"target\":[\"https:\/\/blogs.thesocialmedia.com\/leblogmoto\/2006\/04\/16\/moto-guzzi-laig\/\"]}]},{\"@type\":\"ImageObject\",\"inLanguage\":\"fr-FR\",\"@id\":\"https:\/\/blogs.thesocialmedia.com\/leblogmoto\/2006\/04\/16\/moto-guzzi-laig\/#primaryimage\",\"url\":\"http:\/\/www.leblogmoto.com\/images\/gmg05.jpg\",\"contentUrl\":\"http:\/\/www.leblogmoto.com\/images\/gmg05.jpg\"},{\"@type\":\"BreadcrumbList\",\"@id\":\"https:\/\/blogs.thesocialmedia.com\/leblogmoto\/2006\/04\/16\/moto-guzzi-laig\/#breadcrumb\",\"itemListElement\":[{\"@type\":\"ListItem\",\"position\":1,\"name\":\"Accueil\",\"item\":\"https:\/\/blogs.thesocialmedia.com\/leblogmoto\/\"},{\"@type\":\"ListItem\",\"position\":2,\"name\":\"MOTO GUZZI: L&rsquo;aigle f\u00eate ses 85 ans\"}]},{\"@type\":\"WebSite\",\"@id\":\"https:\/\/blogs.thesocialmedia.com\/leblogmoto\/#website\",\"url\":\"https:\/\/blogs.thesocialmedia.com\/leblogmoto\/\",\"name\":\"leblogmoto\",\"description\":\"Toute l&#039;actualit\u00e9 des 2 roues\",\"potentialAction\":[{\"@type\":\"SearchAction\",\"target\":{\"@type\":\"EntryPoint\",\"urlTemplate\":\"https:\/\/blogs.thesocialmedia.com\/leblogmoto\/?s={search_term_string}\"},\"query-input\":{\"@type\":\"PropertyValueSpecification\",\"valueRequired\":true,\"valueName\":\"search_term_string\"}}],\"inLanguage\":\"fr-FR\"},{\"@type\":\"Person\",\"@id\":\"https:\/\/blogs.thesocialmedia.com\/leblogmoto\/#\/schema\/person\/1a1dcfc7cec206573105eb4af91155c2\",\"name\":\"andre leconde\",\"image\":{\"@type\":\"ImageObject\",\"inLanguage\":\"fr-FR\",\"@id\":\"https:\/\/blogs.thesocialmedia.com\/leblogmoto\/#\/schema\/person\/image\/\",\"url\":\"https:\/\/secure.gravatar.com\/avatar\/?s=96&d=mm&r=g\",\"contentUrl\":\"https:\/\/secure.gravatar.com\/avatar\/?s=96&d=mm&r=g\",\"caption\":\"andre leconde\"},\"url\":\"https:\/\/blogs.thesocialmedia.com\/leblogmoto\/author\/andre-leconde\/\"}]}<\/script>\n<!-- \/ Yoast SEO plugin. -->","yoast_head_json":{"title":"MOTO GUZZI: L'aigle f\u00eate ses 85 ans - leblogmoto.com","robots":{"index":"index","follow":"follow","max-snippet":"max-snippet:-1","max-image-preview":"max-image-preview:large","max-video-preview":"max-video-preview:-1"},"canonical":"https:\/\/blogs.thesocialmedia.com\/leblogmoto\/2006\/04\/16\/moto-guzzi-laig\/","twitter_card":"summary_large_image","twitter_title":"MOTO GUZZI: L'aigle f\u00eate ses 85 ans - leblogmoto.com","twitter_description":"Elle en a fait du chemin la marque imagin\u00e9e par les aviateurs de la premi\u00e8re guerre mondiale, GUZZI, PARODI et RAVELLI. Ce dernier n&rsquo;aura jamais l&rsquo;occasion de voir la concr\u00e9tisation du r\u00eave, mais il restera toujours un peu avec les survivants, puisque ces derniers d\u00e9cident de faire de l&#8217;embl\u00eame de leur escadrille le blason de [&hellip;]","twitter_image":"http:\/\/www.leblogmoto.com\/images\/gmg05.jpg","twitter_misc":{"\u00c9crit par":"andre leconde","Dur\u00e9e de lecture estim\u00e9e":"2 minutes"},"schema":{"@context":"https:\/\/schema.org","@graph":[{"@type":"WebPage","@id":"https:\/\/blogs.thesocialmedia.com\/leblogmoto\/2006\/04\/16\/moto-guzzi-laig\/","url":"https:\/\/blogs.thesocialmedia.com\/leblogmoto\/2006\/04\/16\/moto-guzzi-laig\/","name":"MOTO GUZZI: L'aigle f\u00eate ses 85 ans - leblogmoto.com","isPartOf":{"@id":"https:\/\/blogs.thesocialmedia.com\/leblogmoto\/#website"},"primaryImageOfPage":{"@id":"https:\/\/blogs.thesocialmedia.com\/leblogmoto\/2006\/04\/16\/moto-guzzi-laig\/#primaryimage"},"image":{"@id":"https:\/\/blogs.thesocialmedia.com\/leblogmoto\/2006\/04\/16\/moto-guzzi-laig\/#primaryimage"},"thumbnailUrl":"http:\/\/www.leblogmoto.com\/images\/gmg05.jpg","datePublished":"2006-04-16T17:21:26+00:00","dateModified":"2012-07-11T14:20:23+00:00","author":{"@id":"https:\/\/blogs.thesocialmedia.com\/leblogmoto\/#\/schema\/person\/1a1dcfc7cec206573105eb4af91155c2"},"breadcrumb":{"@id":"https:\/\/blogs.thesocialmedia.com\/leblogmoto\/2006\/04\/16\/moto-guzzi-laig\/#breadcrumb"},"inLanguage":"fr-FR","potentialAction":[{"@type":"ReadAction","target":["https:\/\/blogs.thesocialmedia.com\/leblogmoto\/2006\/04\/16\/moto-guzzi-laig\/"]}]},{"@type":"ImageObject","inLanguage":"fr-FR","@id":"https:\/\/blogs.thesocialmedia.com\/leblogmoto\/2006\/04\/16\/moto-guzzi-laig\/#primaryimage","url":"http:\/\/www.leblogmoto.com\/images\/gmg05.jpg","contentUrl":"http:\/\/www.leblogmoto.com\/images\/gmg05.jpg"},{"@type":"BreadcrumbList","@id":"https:\/\/blogs.thesocialmedia.com\/leblogmoto\/2006\/04\/16\/moto-guzzi-laig\/#breadcrumb","itemListElement":[{"@type":"ListItem","position":1,"name":"Accueil","item":"https:\/\/blogs.thesocialmedia.com\/leblogmoto\/"},{"@type":"ListItem","position":2,"name":"MOTO GUZZI: L&rsquo;aigle f\u00eate ses 85 ans"}]},{"@type":"WebSite","@id":"https:\/\/blogs.thesocialmedia.com\/leblogmoto\/#website","url":"https:\/\/blogs.thesocialmedia.com\/leblogmoto\/","name":"leblogmoto","description":"Toute l&#039;actualit\u00e9 des 2 roues","potentialAction":[{"@type":"SearchAction","target":{"@type":"EntryPoint","urlTemplate":"https:\/\/blogs.thesocialmedia.com\/leblogmoto\/?s={search_term_string}"},"query-input":{"@type":"PropertyValueSpecification","valueRequired":true,"valueName":"search_term_string"}}],"inLanguage":"fr-FR"},{"@type":"Person","@id":"https:\/\/blogs.thesocialmedia.com\/leblogmoto\/#\/schema\/person\/1a1dcfc7cec206573105eb4af91155c2","name":"andre leconde","image":{"@type":"ImageObject","inLanguage":"fr-FR","@id":"https:\/\/blogs.thesocialmedia.com\/leblogmoto\/#\/schema\/person\/image\/","url":"https:\/\/secure.gravatar.com\/avatar\/?s=96&d=mm&r=g","contentUrl":"https:\/\/secure.gravatar.com\/avatar\/?s=96&d=mm&r=g","caption":"andre leconde"},"url":"https:\/\/blogs.thesocialmedia.com\/leblogmoto\/author\/andre-leconde\/"}]}},"_links":{"self":[{"href":"https:\/\/blogs.thesocialmedia.com\/leblogmoto\/wp-json\/wp\/v2\/posts\/1908","targetHints":{"allow":["GET"]}}],"collection":[{"href":"https:\/\/blogs.thesocialmedia.com\/leblogmoto\/wp-json\/wp\/v2\/posts"}],"about":[{"href":"https:\/\/blogs.thesocialmedia.com\/leblogmoto\/wp-json\/wp\/v2\/types\/post"}],"author":[{"embeddable":true,"href":"https:\/\/blogs.thesocialmedia.com\/leblogmoto\/wp-json\/wp\/v2\/users\/336"}],"replies":[{"embeddable":true,"href":"https:\/\/blogs.thesocialmedia.com\/leblogmoto\/wp-json\/wp\/v2\/comments?post=1908"}],"version-history":[{"count":2,"href":"https:\/\/blogs.thesocialmedia.com\/leblogmoto\/wp-json\/wp\/v2\/posts\/1908\/revisions"}],"predecessor-version":[{"id":7340,"href":"https:\/\/blogs.thesocialmedia.com\/leblogmoto\/wp-json\/wp\/v2\/posts\/1908\/revisions\/7340"}],"wp:attachment":[{"href":"https:\/\/blogs.thesocialmedia.com\/leblogmoto\/wp-json\/wp\/v2\/media?parent=1908"}],"wp:term":[{"taxonomy":"category","embeddable":true,"href":"https:\/\/blogs.thesocialmedia.com\/leblogmoto\/wp-json\/wp\/v2\/categories?post=1908"},{"taxonomy":"post_tag","embeddable":true,"href":"https:\/\/blogs.thesocialmedia.com\/leblogmoto\/wp-json\/wp\/v2\/tags?post=1908"}],"curies":[{"name":"wp","href":"https:\/\/api.w.org\/{rel}","templated":true}]}}