{"id":1910,"date":"2006-04-15T21:24:52","date_gmt":"2006-04-15T21:24:52","guid":{"rendered":"http:\/\/blogs.thesocialmedia.com\/leblogmoto\/2006\/04\/15\/kustom-show-le\/"},"modified":"2012-07-11T14:20:12","modified_gmt":"2012-07-11T14:20:12","slug":"kustom-show-le","status":"publish","type":"post","link":"https:\/\/blogs.thesocialmedia.com\/leblogmoto\/2006\/04\/15\/kustom-show-le\/","title":{"rendered":"Kustom Show: Le K HARLEY."},"content":{"rendered":"<p><a href=\"http:\/\/blogs.thesocialmedia.com\/leblogmoto\/files\/2012\/07\/0102028119200.jpg\"><img loading=\"lazy\" decoding=\"async\" height=\"348\" alt=\"0102028119200\" src=\"http:\/\/www.leblogmoto.com\/images\/0102028119200.jpg\" width=\"250\"  \/><\/a>Du <strong>22 au 23 avril<\/strong>, <a href=\"http:\/\/www.leblogmoto.com\/2006\/04\/80_harley_sur_l.html\">HARLEY DAVIDSON<\/a> va investir ni plus ni moins qu&rsquo;un hall de <strong>1 500 m2<\/strong> du salon <strong>Kustom Show<\/strong> \u00e0 La Plaine St DENIS.<\/p>\n<p>Des mod\u00e8les 2006 aux plus belles &quot;<a href=\"http:\/\/www.leblogmoto.com\/2006\/02\/hollisters_bike.html\">customisation<\/a>&quot;, des d\u00e9fil\u00e9s de mode <a href=\"http:\/\/www.leblogmoto.com\/2006\/03\/harley_dbarque_.html\">HARLEY<\/a> aux accessoires de la marque, de l&rsquo;espace consacr\u00e9 au <strong>Harley Owners Group<\/strong> sans oublier le premier <strong>Street Bob Show<\/strong>, tous les ingr\u00e9dients seront l\u00e0 pour faire toucher du doigt <a href=\"http:\/\/www.leblogmoto.com\/2006\/03\/post_2.html\">le mythe<\/a> de la marque centenaire.<\/p>\n<p>Pour les non initi\u00e9s, le Street Bob Show est un concours des meilleures pr\u00e9parations du nouveau mod\u00e8le <a href=\"http:\/\/www.leblogmoto.com\/2005\/08\/harleydavidson__17.html\">Dyna<\/a> \u00e0 partir du catalogue d&rsquo;accessoires pl\u00e9thorique du blason.<\/p>\n<p>Mais si l&rsquo;univers <a href=\"http:\/\/www.leblogmoto.com\/2005\/10\/harleydavidson_.html\">HARLEY<\/a> vous est une contr\u00e9e inconnue, une \u00e9quipe sp\u00e9cialement d\u00e9di\u00e9e sera l\u00e0 pour vous y initier. Les meilleures <strong>occasions<\/strong> du r\u00e9seau y seront \u00e0 saisir et la pr\u00e9sentation de la collection de fripes HARLEY sera organis\u00e9e pour vous donner le tournis de MILHAUKEE. <\/p>\n<p>Ce qui est s\u00fbr, c&rsquo;est que ceux qui ont d\u00e9j\u00e0 franchi le pas para\u00eessent apparemment relativement heureux de leur sort.<\/p>\n<p>SOURCE: HARLEY DAVIDSON.<\/p>\n<p>&nbsp; &nbsp;&nbsp; <\/p>\n","protected":false},"excerpt":{"rendered":"<p>Du 22 au 23 avril, HARLEY DAVIDSON va investir ni plus ni moins qu&rsquo;un hall de 1 500 m2 du salon Kustom Show \u00e0 La Plaine St DENIS. Des mod\u00e8les 2006 aux plus belles &quot;customisation&quot;, des d\u00e9fil\u00e9s de mode HARLEY aux accessoires de la marque, de l&rsquo;espace consacr\u00e9 au Harley Owners Group sans oublier le [&hellip;]<\/p>\n","protected":false},"author":336,"featured_media":0,"comment_status":"open","ping_status":"open","sticky":false,"template":"","format":"standard","meta":{"footnotes":""},"categories":[8,29],"tags":[],"class_list":["post-1910","post","type-post","status-publish","format-standard","hentry","category-chaines-et-cuirs","category-harley-davidson"],"yoast_head":"<!-- This site is optimized with the Yoast SEO plugin v26.0 - https:\/\/yoast.com\/wordpress\/plugins\/seo\/ -->\n<title>Kustom Show: Le K HARLEY. - leblogmoto.com<\/title>\n<meta name=\"robots\" content=\"index, follow, max-snippet:-1, max-image-preview:large, max-video-preview:-1\" \/>\n<link rel=\"canonical\" href=\"https:\/\/blogs.thesocialmedia.com\/leblogmoto\/2006\/04\/15\/kustom-show-le\/\" \/>\n<meta name=\"twitter:card\" content=\"summary_large_image\" \/>\n<meta name=\"twitter:title\" content=\"Kustom Show: Le K HARLEY. - leblogmoto.com\" \/>\n<meta name=\"twitter:description\" content=\"Du 22 au 23 avril, HARLEY DAVIDSON va investir ni plus ni moins qu&rsquo;un hall de 1 500 m2 du salon Kustom Show \u00e0 La Plaine St DENIS. Des mod\u00e8les 2006 aux plus belles &quot;customisation&quot;, des d\u00e9fil\u00e9s de mode HARLEY aux accessoires de la marque, de l&rsquo;espace consacr\u00e9 au Harley Owners Group sans oublier le [&hellip;]\" \/>\n<meta name=\"twitter:image\" content=\"http:\/\/www.leblogmoto.com\/images\/0102028119200.jpg\" \/>\n<meta name=\"twitter:label1\" content=\"\u00c9crit par\" \/>\n\t<meta name=\"twitter:data1\" content=\"andre leconde\" \/>\n\t<meta name=\"twitter:label2\" content=\"Dur\u00e9e de lecture estim\u00e9e\" \/>\n\t<meta name=\"twitter:data2\" content=\"1 minute\" \/>\n<script type=\"application\/ld+json\" class=\"yoast-schema-graph\">{\"@context\":\"https:\/\/schema.org\",\"@graph\":[{\"@type\":\"WebPage\",\"@id\":\"https:\/\/blogs.thesocialmedia.com\/leblogmoto\/2006\/04\/15\/kustom-show-le\/\",\"url\":\"https:\/\/blogs.thesocialmedia.com\/leblogmoto\/2006\/04\/15\/kustom-show-le\/\",\"name\":\"Kustom Show: Le K HARLEY. - leblogmoto.com\",\"isPartOf\":{\"@id\":\"https:\/\/blogs.thesocialmedia.com\/leblogmoto\/#website\"},\"primaryImageOfPage\":{\"@id\":\"https:\/\/blogs.thesocialmedia.com\/leblogmoto\/2006\/04\/15\/kustom-show-le\/#primaryimage\"},\"image\":{\"@id\":\"https:\/\/blogs.thesocialmedia.com\/leblogmoto\/2006\/04\/15\/kustom-show-le\/#primaryimage\"},\"thumbnailUrl\":\"http:\/\/www.leblogmoto.com\/images\/0102028119200.jpg\",\"datePublished\":\"2006-04-15T21:24:52+00:00\",\"dateModified\":\"2012-07-11T14:20:12+00:00\",\"author\":{\"@id\":\"https:\/\/blogs.thesocialmedia.com\/leblogmoto\/#\/schema\/person\/1a1dcfc7cec206573105eb4af91155c2\"},\"breadcrumb\":{\"@id\":\"https:\/\/blogs.thesocialmedia.com\/leblogmoto\/2006\/04\/15\/kustom-show-le\/#breadcrumb\"},\"inLanguage\":\"fr-FR\",\"potentialAction\":[{\"@type\":\"ReadAction\",\"target\":[\"https:\/\/blogs.thesocialmedia.com\/leblogmoto\/2006\/04\/15\/kustom-show-le\/\"]}]},{\"@type\":\"ImageObject\",\"inLanguage\":\"fr-FR\",\"@id\":\"https:\/\/blogs.thesocialmedia.com\/leblogmoto\/2006\/04\/15\/kustom-show-le\/#primaryimage\",\"url\":\"http:\/\/www.leblogmoto.com\/images\/0102028119200.jpg\",\"contentUrl\":\"http:\/\/www.leblogmoto.com\/images\/0102028119200.jpg\"},{\"@type\":\"BreadcrumbList\",\"@id\":\"https:\/\/blogs.thesocialmedia.com\/leblogmoto\/2006\/04\/15\/kustom-show-le\/#breadcrumb\",\"itemListElement\":[{\"@type\":\"ListItem\",\"position\":1,\"name\":\"Accueil\",\"item\":\"https:\/\/blogs.thesocialmedia.com\/leblogmoto\/\"},{\"@type\":\"ListItem\",\"position\":2,\"name\":\"Kustom Show: Le K HARLEY.\"}]},{\"@type\":\"WebSite\",\"@id\":\"https:\/\/blogs.thesocialmedia.com\/leblogmoto\/#website\",\"url\":\"https:\/\/blogs.thesocialmedia.com\/leblogmoto\/\",\"name\":\"leblogmoto\",\"description\":\"Toute l&#039;actualit\u00e9 des 2 roues\",\"potentialAction\":[{\"@type\":\"SearchAction\",\"target\":{\"@type\":\"EntryPoint\",\"urlTemplate\":\"https:\/\/blogs.thesocialmedia.com\/leblogmoto\/?s={search_term_string}\"},\"query-input\":{\"@type\":\"PropertyValueSpecification\",\"valueRequired\":true,\"valueName\":\"search_term_string\"}}],\"inLanguage\":\"fr-FR\"},{\"@type\":\"Person\",\"@id\":\"https:\/\/blogs.thesocialmedia.com\/leblogmoto\/#\/schema\/person\/1a1dcfc7cec206573105eb4af91155c2\",\"name\":\"andre leconde\",\"image\":{\"@type\":\"ImageObject\",\"inLanguage\":\"fr-FR\",\"@id\":\"https:\/\/blogs.thesocialmedia.com\/leblogmoto\/#\/schema\/person\/image\/\",\"url\":\"https:\/\/secure.gravatar.com\/avatar\/?s=96&d=mm&r=g\",\"contentUrl\":\"https:\/\/secure.gravatar.com\/avatar\/?s=96&d=mm&r=g\",\"caption\":\"andre leconde\"},\"url\":\"https:\/\/blogs.thesocialmedia.com\/leblogmoto\/author\/andre-leconde\/\"}]}<\/script>\n<!-- \/ Yoast SEO plugin. -->","yoast_head_json":{"title":"Kustom Show: Le K HARLEY. - leblogmoto.com","robots":{"index":"index","follow":"follow","max-snippet":"max-snippet:-1","max-image-preview":"max-image-preview:large","max-video-preview":"max-video-preview:-1"},"canonical":"https:\/\/blogs.thesocialmedia.com\/leblogmoto\/2006\/04\/15\/kustom-show-le\/","twitter_card":"summary_large_image","twitter_title":"Kustom Show: Le K HARLEY. - leblogmoto.com","twitter_description":"Du 22 au 23 avril, HARLEY DAVIDSON va investir ni plus ni moins qu&rsquo;un hall de 1 500 m2 du salon Kustom Show \u00e0 La Plaine St DENIS. Des mod\u00e8les 2006 aux plus belles &quot;customisation&quot;, des d\u00e9fil\u00e9s de mode HARLEY aux accessoires de la marque, de l&rsquo;espace consacr\u00e9 au Harley Owners Group sans oublier le [&hellip;]","twitter_image":"http:\/\/www.leblogmoto.com\/images\/0102028119200.jpg","twitter_misc":{"\u00c9crit par":"andre leconde","Dur\u00e9e de lecture estim\u00e9e":"1 minute"},"schema":{"@context":"https:\/\/schema.org","@graph":[{"@type":"WebPage","@id":"https:\/\/blogs.thesocialmedia.com\/leblogmoto\/2006\/04\/15\/kustom-show-le\/","url":"https:\/\/blogs.thesocialmedia.com\/leblogmoto\/2006\/04\/15\/kustom-show-le\/","name":"Kustom Show: Le K HARLEY. - leblogmoto.com","isPartOf":{"@id":"https:\/\/blogs.thesocialmedia.com\/leblogmoto\/#website"},"primaryImageOfPage":{"@id":"https:\/\/blogs.thesocialmedia.com\/leblogmoto\/2006\/04\/15\/kustom-show-le\/#primaryimage"},"image":{"@id":"https:\/\/blogs.thesocialmedia.com\/leblogmoto\/2006\/04\/15\/kustom-show-le\/#primaryimage"},"thumbnailUrl":"http:\/\/www.leblogmoto.com\/images\/0102028119200.jpg","datePublished":"2006-04-15T21:24:52+00:00","dateModified":"2012-07-11T14:20:12+00:00","author":{"@id":"https:\/\/blogs.thesocialmedia.com\/leblogmoto\/#\/schema\/person\/1a1dcfc7cec206573105eb4af91155c2"},"breadcrumb":{"@id":"https:\/\/blogs.thesocialmedia.com\/leblogmoto\/2006\/04\/15\/kustom-show-le\/#breadcrumb"},"inLanguage":"fr-FR","potentialAction":[{"@type":"ReadAction","target":["https:\/\/blogs.thesocialmedia.com\/leblogmoto\/2006\/04\/15\/kustom-show-le\/"]}]},{"@type":"ImageObject","inLanguage":"fr-FR","@id":"https:\/\/blogs.thesocialmedia.com\/leblogmoto\/2006\/04\/15\/kustom-show-le\/#primaryimage","url":"http:\/\/www.leblogmoto.com\/images\/0102028119200.jpg","contentUrl":"http:\/\/www.leblogmoto.com\/images\/0102028119200.jpg"},{"@type":"BreadcrumbList","@id":"https:\/\/blogs.thesocialmedia.com\/leblogmoto\/2006\/04\/15\/kustom-show-le\/#breadcrumb","itemListElement":[{"@type":"ListItem","position":1,"name":"Accueil","item":"https:\/\/blogs.thesocialmedia.com\/leblogmoto\/"},{"@type":"ListItem","position":2,"name":"Kustom Show: Le K HARLEY."}]},{"@type":"WebSite","@id":"https:\/\/blogs.thesocialmedia.com\/leblogmoto\/#website","url":"https:\/\/blogs.thesocialmedia.com\/leblogmoto\/","name":"leblogmoto","description":"Toute l&#039;actualit\u00e9 des 2 roues","potentialAction":[{"@type":"SearchAction","target":{"@type":"EntryPoint","urlTemplate":"https:\/\/blogs.thesocialmedia.com\/leblogmoto\/?s={search_term_string}"},"query-input":{"@type":"PropertyValueSpecification","valueRequired":true,"valueName":"search_term_string"}}],"inLanguage":"fr-FR"},{"@type":"Person","@id":"https:\/\/blogs.thesocialmedia.com\/leblogmoto\/#\/schema\/person\/1a1dcfc7cec206573105eb4af91155c2","name":"andre leconde","image":{"@type":"ImageObject","inLanguage":"fr-FR","@id":"https:\/\/blogs.thesocialmedia.com\/leblogmoto\/#\/schema\/person\/image\/","url":"https:\/\/secure.gravatar.com\/avatar\/?s=96&d=mm&r=g","contentUrl":"https:\/\/secure.gravatar.com\/avatar\/?s=96&d=mm&r=g","caption":"andre leconde"},"url":"https:\/\/blogs.thesocialmedia.com\/leblogmoto\/author\/andre-leconde\/"}]}},"_links":{"self":[{"href":"https:\/\/blogs.thesocialmedia.com\/leblogmoto\/wp-json\/wp\/v2\/posts\/1910","targetHints":{"allow":["GET"]}}],"collection":[{"href":"https:\/\/blogs.thesocialmedia.com\/leblogmoto\/wp-json\/wp\/v2\/posts"}],"about":[{"href":"https:\/\/blogs.thesocialmedia.com\/leblogmoto\/wp-json\/wp\/v2\/types\/post"}],"author":[{"embeddable":true,"href":"https:\/\/blogs.thesocialmedia.com\/leblogmoto\/wp-json\/wp\/v2\/users\/336"}],"replies":[{"embeddable":true,"href":"https:\/\/blogs.thesocialmedia.com\/leblogmoto\/wp-json\/wp\/v2\/comments?post=1910"}],"version-history":[{"count":2,"href":"https:\/\/blogs.thesocialmedia.com\/leblogmoto\/wp-json\/wp\/v2\/posts\/1910\/revisions"}],"predecessor-version":[{"id":7332,"href":"https:\/\/blogs.thesocialmedia.com\/leblogmoto\/wp-json\/wp\/v2\/posts\/1910\/revisions\/7332"}],"wp:attachment":[{"href":"https:\/\/blogs.thesocialmedia.com\/leblogmoto\/wp-json\/wp\/v2\/media?parent=1910"}],"wp:term":[{"taxonomy":"category","embeddable":true,"href":"https:\/\/blogs.thesocialmedia.com\/leblogmoto\/wp-json\/wp\/v2\/categories?post=1910"},{"taxonomy":"post_tag","embeddable":true,"href":"https:\/\/blogs.thesocialmedia.com\/leblogmoto\/wp-json\/wp\/v2\/tags?post=1910"}],"curies":[{"name":"wp","href":"https:\/\/api.w.org\/{rel}","templated":true}]}}