{"id":1912,"date":"2006-04-15T00:39:07","date_gmt":"2006-04-15T00:39:07","guid":{"rendered":"http:\/\/blogs.thesocialmedia.com\/leblogmoto\/2006\/04\/15\/ktm-rc-8-elle-a\/"},"modified":"2012-07-11T14:20:10","modified_gmt":"2012-07-11T14:20:10","slug":"ktm-rc-8-elle-a","status":"publish","type":"post","link":"https:\/\/blogs.thesocialmedia.com\/leblogmoto\/2006\/04\/15\/ktm-rc-8-elle-a\/","title":{"rendered":"KTM RC 8: Elle arrive !"},"content":{"rendered":"<p><a href=\"http:\/\/blogs.thesocialmedia.com\/leblogmoto\/files\/2012\/07\/12309532.jpg\"><img loading=\"lazy\" decoding=\"async\" height=\"186\" alt=\"12309532\" src=\"http:\/\/www.leblogmoto.com\/images\/12309532.jpg\" width=\"250\"  \/><\/a>Tout semble s&rsquo;acc\u00e9lerer chez KTM. Apr\u00e8s les bruits d&rsquo;une arriv\u00e9e en WSBK avec la RC 8, apr\u00e8s les <a href=\"http:\/\/www.leblogmoto.com\/2006\/04\/ktm_rc8_objecti.html\">premiers tours<\/a> de roues plus ou moins surpris en HONGRIE, voici le temps des <strong>annonces officielles<\/strong>.<\/p>\n<p>Oui, KTM sera, en <strong>2008<\/strong>, en SBK, tout comme <a href=\"http:\/\/www.leblogmoto.com\/2006\/04\/aprilia_vivemen.html\">APRILIA<\/a>, mais, et c&rsquo;est le meilleur, la <a href=\"http:\/\/www.leblogmoto.com\/2006\/01\/lorange_presse.html\">RC 8<\/a> sera bien en concession, et ce d\u00e8s <strong>l&rsquo;automne 2007<\/strong>.<\/p>\n<p>Le <strong>V Twin de 1150 cm3<\/strong> d\u00e9veloppera <strong>170<\/strong> ch. Voil\u00e0 une tr\u00e9s bonne nouvelle venant d&rsquo;Autriche pour les amoureux des sportives et du SBK. Apr\u00e8s les pilotes, cette discipline semble maintenant recueillir les constructeurs qui ne se retrouvent plus dans une MotoGP qui, malgr\u00e8 les apparences, se fragilise.<\/p>\n<p>En filigrane se profile enfin une \u00e9volution r\u00e9glementaire du SBK vers un cubage autoris\u00e9 sup\u00e9rieur pour les Twin. Ce sur quoi r\u00e9fl\u00e9chit, d\u00e9j\u00e0, <a href=\"http:\/\/www.leblogmoto.com\/2006\/03\/sbk_ducati_vers.html\">DUCATI<\/a>.<\/p>\n<p>SOURCE: <a href=\"http:\/\/www.motorcyclenews.com\/\">www.motorcyclenews.com<\/a>&nbsp; <\/p>\n","protected":false},"excerpt":{"rendered":"<p>Tout semble s&rsquo;acc\u00e9lerer chez KTM. Apr\u00e8s les bruits d&rsquo;une arriv\u00e9e en WSBK avec la RC 8, apr\u00e8s les premiers tours de roues plus ou moins surpris en HONGRIE, voici le temps des annonces officielles. Oui, KTM sera, en 2008, en SBK, tout comme APRILIA, mais, et c&rsquo;est le meilleur, la RC 8 sera bien en [&hellip;]<\/p>\n","protected":false},"author":336,"featured_media":0,"comment_status":"open","ping_status":"open","sticky":false,"template":"","format":"standard","meta":{"footnotes":""},"categories":[3,39,32,46],"tags":[],"class_list":["post-1912","post","type-post","status-publish","format-standard","hentry","category-actualite","category-ktm","category-sport-moto","category-superbike"],"yoast_head":"<!-- This site is optimized with the Yoast SEO plugin v26.0 - https:\/\/yoast.com\/wordpress\/plugins\/seo\/ -->\n<title>KTM RC 8: Elle arrive ! - leblogmoto.com<\/title>\n<meta name=\"robots\" content=\"index, follow, max-snippet:-1, max-image-preview:large, max-video-preview:-1\" \/>\n<link rel=\"canonical\" href=\"https:\/\/blogs.thesocialmedia.com\/leblogmoto\/2006\/04\/15\/ktm-rc-8-elle-a\/\" \/>\n<meta name=\"twitter:card\" content=\"summary_large_image\" \/>\n<meta name=\"twitter:title\" content=\"KTM RC 8: Elle arrive ! - leblogmoto.com\" \/>\n<meta name=\"twitter:description\" content=\"Tout semble s&rsquo;acc\u00e9lerer chez KTM. Apr\u00e8s les bruits d&rsquo;une arriv\u00e9e en WSBK avec la RC 8, apr\u00e8s les premiers tours de roues plus ou moins surpris en HONGRIE, voici le temps des annonces officielles. Oui, KTM sera, en 2008, en SBK, tout comme APRILIA, mais, et c&rsquo;est le meilleur, la RC 8 sera bien en [&hellip;]\" \/>\n<meta name=\"twitter:image\" content=\"http:\/\/www.leblogmoto.com\/images\/12309532.jpg\" \/>\n<meta name=\"twitter:label1\" content=\"\u00c9crit par\" \/>\n\t<meta name=\"twitter:data1\" content=\"andre leconde\" \/>\n\t<meta name=\"twitter:label2\" content=\"Dur\u00e9e de lecture estim\u00e9e\" \/>\n\t<meta name=\"twitter:data2\" content=\"1 minute\" \/>\n<script type=\"application\/ld+json\" class=\"yoast-schema-graph\">{\"@context\":\"https:\/\/schema.org\",\"@graph\":[{\"@type\":\"WebPage\",\"@id\":\"https:\/\/blogs.thesocialmedia.com\/leblogmoto\/2006\/04\/15\/ktm-rc-8-elle-a\/\",\"url\":\"https:\/\/blogs.thesocialmedia.com\/leblogmoto\/2006\/04\/15\/ktm-rc-8-elle-a\/\",\"name\":\"KTM RC 8: Elle arrive ! - leblogmoto.com\",\"isPartOf\":{\"@id\":\"https:\/\/blogs.thesocialmedia.com\/leblogmoto\/#website\"},\"primaryImageOfPage\":{\"@id\":\"https:\/\/blogs.thesocialmedia.com\/leblogmoto\/2006\/04\/15\/ktm-rc-8-elle-a\/#primaryimage\"},\"image\":{\"@id\":\"https:\/\/blogs.thesocialmedia.com\/leblogmoto\/2006\/04\/15\/ktm-rc-8-elle-a\/#primaryimage\"},\"thumbnailUrl\":\"http:\/\/www.leblogmoto.com\/images\/12309532.jpg\",\"datePublished\":\"2006-04-15T00:39:07+00:00\",\"dateModified\":\"2012-07-11T14:20:10+00:00\",\"author\":{\"@id\":\"https:\/\/blogs.thesocialmedia.com\/leblogmoto\/#\/schema\/person\/1a1dcfc7cec206573105eb4af91155c2\"},\"breadcrumb\":{\"@id\":\"https:\/\/blogs.thesocialmedia.com\/leblogmoto\/2006\/04\/15\/ktm-rc-8-elle-a\/#breadcrumb\"},\"inLanguage\":\"fr-FR\",\"potentialAction\":[{\"@type\":\"ReadAction\",\"target\":[\"https:\/\/blogs.thesocialmedia.com\/leblogmoto\/2006\/04\/15\/ktm-rc-8-elle-a\/\"]}]},{\"@type\":\"ImageObject\",\"inLanguage\":\"fr-FR\",\"@id\":\"https:\/\/blogs.thesocialmedia.com\/leblogmoto\/2006\/04\/15\/ktm-rc-8-elle-a\/#primaryimage\",\"url\":\"http:\/\/www.leblogmoto.com\/images\/12309532.jpg\",\"contentUrl\":\"http:\/\/www.leblogmoto.com\/images\/12309532.jpg\"},{\"@type\":\"BreadcrumbList\",\"@id\":\"https:\/\/blogs.thesocialmedia.com\/leblogmoto\/2006\/04\/15\/ktm-rc-8-elle-a\/#breadcrumb\",\"itemListElement\":[{\"@type\":\"ListItem\",\"position\":1,\"name\":\"Accueil\",\"item\":\"https:\/\/blogs.thesocialmedia.com\/leblogmoto\/\"},{\"@type\":\"ListItem\",\"position\":2,\"name\":\"KTM RC 8: Elle arrive !\"}]},{\"@type\":\"WebSite\",\"@id\":\"https:\/\/blogs.thesocialmedia.com\/leblogmoto\/#website\",\"url\":\"https:\/\/blogs.thesocialmedia.com\/leblogmoto\/\",\"name\":\"leblogmoto\",\"description\":\"Toute l&#039;actualit\u00e9 des 2 roues\",\"potentialAction\":[{\"@type\":\"SearchAction\",\"target\":{\"@type\":\"EntryPoint\",\"urlTemplate\":\"https:\/\/blogs.thesocialmedia.com\/leblogmoto\/?s={search_term_string}\"},\"query-input\":{\"@type\":\"PropertyValueSpecification\",\"valueRequired\":true,\"valueName\":\"search_term_string\"}}],\"inLanguage\":\"fr-FR\"},{\"@type\":\"Person\",\"@id\":\"https:\/\/blogs.thesocialmedia.com\/leblogmoto\/#\/schema\/person\/1a1dcfc7cec206573105eb4af91155c2\",\"name\":\"andre leconde\",\"image\":{\"@type\":\"ImageObject\",\"inLanguage\":\"fr-FR\",\"@id\":\"https:\/\/blogs.thesocialmedia.com\/leblogmoto\/#\/schema\/person\/image\/\",\"url\":\"https:\/\/secure.gravatar.com\/avatar\/?s=96&d=mm&r=g\",\"contentUrl\":\"https:\/\/secure.gravatar.com\/avatar\/?s=96&d=mm&r=g\",\"caption\":\"andre leconde\"},\"url\":\"https:\/\/blogs.thesocialmedia.com\/leblogmoto\/author\/andre-leconde\/\"}]}<\/script>\n<!-- \/ Yoast SEO plugin. -->","yoast_head_json":{"title":"KTM RC 8: Elle arrive ! - leblogmoto.com","robots":{"index":"index","follow":"follow","max-snippet":"max-snippet:-1","max-image-preview":"max-image-preview:large","max-video-preview":"max-video-preview:-1"},"canonical":"https:\/\/blogs.thesocialmedia.com\/leblogmoto\/2006\/04\/15\/ktm-rc-8-elle-a\/","twitter_card":"summary_large_image","twitter_title":"KTM RC 8: Elle arrive ! - leblogmoto.com","twitter_description":"Tout semble s&rsquo;acc\u00e9lerer chez KTM. Apr\u00e8s les bruits d&rsquo;une arriv\u00e9e en WSBK avec la RC 8, apr\u00e8s les premiers tours de roues plus ou moins surpris en HONGRIE, voici le temps des annonces officielles. Oui, KTM sera, en 2008, en SBK, tout comme APRILIA, mais, et c&rsquo;est le meilleur, la RC 8 sera bien en [&hellip;]","twitter_image":"http:\/\/www.leblogmoto.com\/images\/12309532.jpg","twitter_misc":{"\u00c9crit par":"andre leconde","Dur\u00e9e de lecture estim\u00e9e":"1 minute"},"schema":{"@context":"https:\/\/schema.org","@graph":[{"@type":"WebPage","@id":"https:\/\/blogs.thesocialmedia.com\/leblogmoto\/2006\/04\/15\/ktm-rc-8-elle-a\/","url":"https:\/\/blogs.thesocialmedia.com\/leblogmoto\/2006\/04\/15\/ktm-rc-8-elle-a\/","name":"KTM RC 8: Elle arrive ! - leblogmoto.com","isPartOf":{"@id":"https:\/\/blogs.thesocialmedia.com\/leblogmoto\/#website"},"primaryImageOfPage":{"@id":"https:\/\/blogs.thesocialmedia.com\/leblogmoto\/2006\/04\/15\/ktm-rc-8-elle-a\/#primaryimage"},"image":{"@id":"https:\/\/blogs.thesocialmedia.com\/leblogmoto\/2006\/04\/15\/ktm-rc-8-elle-a\/#primaryimage"},"thumbnailUrl":"http:\/\/www.leblogmoto.com\/images\/12309532.jpg","datePublished":"2006-04-15T00:39:07+00:00","dateModified":"2012-07-11T14:20:10+00:00","author":{"@id":"https:\/\/blogs.thesocialmedia.com\/leblogmoto\/#\/schema\/person\/1a1dcfc7cec206573105eb4af91155c2"},"breadcrumb":{"@id":"https:\/\/blogs.thesocialmedia.com\/leblogmoto\/2006\/04\/15\/ktm-rc-8-elle-a\/#breadcrumb"},"inLanguage":"fr-FR","potentialAction":[{"@type":"ReadAction","target":["https:\/\/blogs.thesocialmedia.com\/leblogmoto\/2006\/04\/15\/ktm-rc-8-elle-a\/"]}]},{"@type":"ImageObject","inLanguage":"fr-FR","@id":"https:\/\/blogs.thesocialmedia.com\/leblogmoto\/2006\/04\/15\/ktm-rc-8-elle-a\/#primaryimage","url":"http:\/\/www.leblogmoto.com\/images\/12309532.jpg","contentUrl":"http:\/\/www.leblogmoto.com\/images\/12309532.jpg"},{"@type":"BreadcrumbList","@id":"https:\/\/blogs.thesocialmedia.com\/leblogmoto\/2006\/04\/15\/ktm-rc-8-elle-a\/#breadcrumb","itemListElement":[{"@type":"ListItem","position":1,"name":"Accueil","item":"https:\/\/blogs.thesocialmedia.com\/leblogmoto\/"},{"@type":"ListItem","position":2,"name":"KTM RC 8: Elle arrive !"}]},{"@type":"WebSite","@id":"https:\/\/blogs.thesocialmedia.com\/leblogmoto\/#website","url":"https:\/\/blogs.thesocialmedia.com\/leblogmoto\/","name":"leblogmoto","description":"Toute l&#039;actualit\u00e9 des 2 roues","potentialAction":[{"@type":"SearchAction","target":{"@type":"EntryPoint","urlTemplate":"https:\/\/blogs.thesocialmedia.com\/leblogmoto\/?s={search_term_string}"},"query-input":{"@type":"PropertyValueSpecification","valueRequired":true,"valueName":"search_term_string"}}],"inLanguage":"fr-FR"},{"@type":"Person","@id":"https:\/\/blogs.thesocialmedia.com\/leblogmoto\/#\/schema\/person\/1a1dcfc7cec206573105eb4af91155c2","name":"andre leconde","image":{"@type":"ImageObject","inLanguage":"fr-FR","@id":"https:\/\/blogs.thesocialmedia.com\/leblogmoto\/#\/schema\/person\/image\/","url":"https:\/\/secure.gravatar.com\/avatar\/?s=96&d=mm&r=g","contentUrl":"https:\/\/secure.gravatar.com\/avatar\/?s=96&d=mm&r=g","caption":"andre leconde"},"url":"https:\/\/blogs.thesocialmedia.com\/leblogmoto\/author\/andre-leconde\/"}]}},"_links":{"self":[{"href":"https:\/\/blogs.thesocialmedia.com\/leblogmoto\/wp-json\/wp\/v2\/posts\/1912","targetHints":{"allow":["GET"]}}],"collection":[{"href":"https:\/\/blogs.thesocialmedia.com\/leblogmoto\/wp-json\/wp\/v2\/posts"}],"about":[{"href":"https:\/\/blogs.thesocialmedia.com\/leblogmoto\/wp-json\/wp\/v2\/types\/post"}],"author":[{"embeddable":true,"href":"https:\/\/blogs.thesocialmedia.com\/leblogmoto\/wp-json\/wp\/v2\/users\/336"}],"replies":[{"embeddable":true,"href":"https:\/\/blogs.thesocialmedia.com\/leblogmoto\/wp-json\/wp\/v2\/comments?post=1912"}],"version-history":[{"count":2,"href":"https:\/\/blogs.thesocialmedia.com\/leblogmoto\/wp-json\/wp\/v2\/posts\/1912\/revisions"}],"predecessor-version":[{"id":7328,"href":"https:\/\/blogs.thesocialmedia.com\/leblogmoto\/wp-json\/wp\/v2\/posts\/1912\/revisions\/7328"}],"wp:attachment":[{"href":"https:\/\/blogs.thesocialmedia.com\/leblogmoto\/wp-json\/wp\/v2\/media?parent=1912"}],"wp:term":[{"taxonomy":"category","embeddable":true,"href":"https:\/\/blogs.thesocialmedia.com\/leblogmoto\/wp-json\/wp\/v2\/categories?post=1912"},{"taxonomy":"post_tag","embeddable":true,"href":"https:\/\/blogs.thesocialmedia.com\/leblogmoto\/wp-json\/wp\/v2\/tags?post=1912"}],"curies":[{"name":"wp","href":"https:\/\/api.w.org\/{rel}","templated":true}]}}