{"id":1913,"date":"2006-04-14T23:54:36","date_gmt":"2006-04-14T23:54:36","guid":{"rendered":"http:\/\/blogs.thesocialmedia.com\/leblogmoto\/2006\/04\/14\/biaggi-quipier\/"},"modified":"2012-07-11T13:21:40","modified_gmt":"2012-07-11T13:21:40","slug":"biaggi-quipier","status":"publish","type":"post","link":"https:\/\/blogs.thesocialmedia.com\/leblogmoto\/2006\/04\/14\/biaggi-quipier\/","title":{"rendered":"BIAGGI \u00e9quipier de SCHUMI !"},"content":{"rendered":"<p><a href=\"http:\/\/www.leblogmoto.com\/2006\/03\/pendant_ce_temp_1.html\"><img loading=\"lazy\" decoding=\"async\" height=\"164\" alt=\"Monza23\" src=\"http:\/\/www.leblogmoto.com\/images\/monza23.jpg\" width=\"250\"  \/>Max<\/a> aurait-il, de sa retraite forc\u00e9e, formant\u00e9 un machiav\u00e9lique complot entra\u00eenant le d\u00e9barquement de <strong>MASSA<\/strong> et la prise par surprise du baquet de la FERRARI F.1 en lieu et place de <strong>ROSSI<\/strong> ?<\/p>\n<p>Que nenni ! <a href=\"http:\/\/www.leblogmoto.com\/2006\/03\/pendant_ce_temp_2.html\">BIAGGI<\/a> aura bien l&rsquo;occasion de partager quelques instants sportifs avec <strong>Micha\u00ebl SCHUMACHER<\/strong>, mais ce sera sur une pelouse, avec un ballon rond et pour une juste et bonne cause&#8230;.<\/p>\n<p>&nbsp; <\/p>\n<p><a href=\"http:\/\/clabedan.typepad.com\/.shared\/image.html?\/photos\/uncategorized\/dsc_0029biaggi9.jpg\"><img loading=\"lazy\" decoding=\"async\" height=\"377\" alt=\"Dsc_0029biaggi9\" src=\"http:\/\/www.leblogmoto.com\/images\/dsc_0029biaggi9.jpg\" width=\"250\"  \/><\/a>Le romain va ainsi rejoindre les rangs de l&rsquo;\u00e9quipe de foot des pilotes qui se donne de temps \u00e0 autre en spectacle pour le b\u00e9n\u00e9fice de l<strong>&lsquo;UNESCO<\/strong>.<\/p>\n<p>Le match se d\u00e9roulera le <strong>19 avril<\/strong> prochain. Il est d\u00e9j\u00e0 \u00e0 guichet ferm\u00e9 et aura lieu du c\u00f4t\u00e9 d&rsquo;<strong>IMOLA<\/strong> o\u00f9 la caravane de la F.1 fera escale pour le GP de SAN MARIN.<\/p>\n<p>Trois autres repr\u00e9sentants des deux roues seront de la partie. <strong>Fabrizio LA\u00cf<\/strong>, <strong>Andr\u00e9a DOVIZOSIO<\/strong> et <a href=\"http:\/\/www.leblogmoto.com\/2006\/04\/qatar_250_loren.html\">Roberto LOCATELLI<\/a>.<\/p>\n<p>Apr\u00e8s quoi, Max pourra dire qu&rsquo;il aura au moins couru une fois cette ann\u00e9e, m\u00eame si c&rsquo;est apr\u00e8s un ballon.<\/p>\n<p>SOURCE: <a href=\"http:\/\/www.crash.net\/\">www.crash.net<\/a>&nbsp; <\/p>\n<p>ILLUSTRATION: <a href=\"http:\/\/www.nazionalepiloti.org\/\">www.nazionalepiloti.org<\/a> <\/p>\n<p>&nbsp; <\/p>\n","protected":false},"excerpt":{"rendered":"<p>Max aurait-il, de sa retraite forc\u00e9e, formant\u00e9 un machiav\u00e9lique complot entra\u00eenant le d\u00e9barquement de MASSA et la prise par surprise du baquet de la FERRARI F.1 en lieu et place de ROSSI ? Que nenni ! BIAGGI aura bien l&rsquo;occasion de partager quelques instants sportifs avec Micha\u00ebl SCHUMACHER, mais ce sera sur une pelouse, avec [&hellip;]<\/p>\n","protected":false},"author":336,"featured_media":0,"comment_status":"open","ping_status":"open","sticky":false,"template":"","format":"standard","meta":{"footnotes":""},"categories":[3,17,22],"tags":[],"class_list":["post-1913","post","type-post","status-publish","format-standard","hentry","category-actualite","category-divers","category-motogp"],"yoast_head":"<!-- This site is optimized with the Yoast SEO plugin v26.0 - https:\/\/yoast.com\/wordpress\/plugins\/seo\/ -->\n<title>BIAGGI \u00e9quipier de SCHUMI ! - leblogmoto.com<\/title>\n<meta name=\"robots\" content=\"index, follow, max-snippet:-1, max-image-preview:large, max-video-preview:-1\" \/>\n<link rel=\"canonical\" href=\"https:\/\/blogs.thesocialmedia.com\/leblogmoto\/2006\/04\/14\/biaggi-quipier\/\" \/>\n<meta name=\"twitter:card\" content=\"summary_large_image\" \/>\n<meta name=\"twitter:title\" content=\"BIAGGI \u00e9quipier de SCHUMI ! - leblogmoto.com\" \/>\n<meta name=\"twitter:description\" content=\"Max aurait-il, de sa retraite forc\u00e9e, formant\u00e9 un machiav\u00e9lique complot entra\u00eenant le d\u00e9barquement de MASSA et la prise par surprise du baquet de la FERRARI F.1 en lieu et place de ROSSI ? Que nenni ! BIAGGI aura bien l&rsquo;occasion de partager quelques instants sportifs avec Micha\u00ebl SCHUMACHER, mais ce sera sur une pelouse, avec [&hellip;]\" \/>\n<meta name=\"twitter:image\" content=\"http:\/\/www.leblogmoto.com\/images\/monza23.jpg\" \/>\n<meta name=\"twitter:label1\" content=\"\u00c9crit par\" \/>\n\t<meta name=\"twitter:data1\" content=\"andre leconde\" \/>\n\t<meta name=\"twitter:label2\" content=\"Dur\u00e9e de lecture estim\u00e9e\" \/>\n\t<meta name=\"twitter:data2\" content=\"1 minute\" \/>\n<script type=\"application\/ld+json\" class=\"yoast-schema-graph\">{\"@context\":\"https:\/\/schema.org\",\"@graph\":[{\"@type\":\"WebPage\",\"@id\":\"https:\/\/blogs.thesocialmedia.com\/leblogmoto\/2006\/04\/14\/biaggi-quipier\/\",\"url\":\"https:\/\/blogs.thesocialmedia.com\/leblogmoto\/2006\/04\/14\/biaggi-quipier\/\",\"name\":\"BIAGGI \u00e9quipier de SCHUMI ! - leblogmoto.com\",\"isPartOf\":{\"@id\":\"https:\/\/blogs.thesocialmedia.com\/leblogmoto\/#website\"},\"primaryImageOfPage\":{\"@id\":\"https:\/\/blogs.thesocialmedia.com\/leblogmoto\/2006\/04\/14\/biaggi-quipier\/#primaryimage\"},\"image\":{\"@id\":\"https:\/\/blogs.thesocialmedia.com\/leblogmoto\/2006\/04\/14\/biaggi-quipier\/#primaryimage\"},\"thumbnailUrl\":\"http:\/\/www.leblogmoto.com\/images\/monza23.jpg\",\"datePublished\":\"2006-04-14T23:54:36+00:00\",\"dateModified\":\"2012-07-11T13:21:40+00:00\",\"author\":{\"@id\":\"https:\/\/blogs.thesocialmedia.com\/leblogmoto\/#\/schema\/person\/1a1dcfc7cec206573105eb4af91155c2\"},\"breadcrumb\":{\"@id\":\"https:\/\/blogs.thesocialmedia.com\/leblogmoto\/2006\/04\/14\/biaggi-quipier\/#breadcrumb\"},\"inLanguage\":\"fr-FR\",\"potentialAction\":[{\"@type\":\"ReadAction\",\"target\":[\"https:\/\/blogs.thesocialmedia.com\/leblogmoto\/2006\/04\/14\/biaggi-quipier\/\"]}]},{\"@type\":\"ImageObject\",\"inLanguage\":\"fr-FR\",\"@id\":\"https:\/\/blogs.thesocialmedia.com\/leblogmoto\/2006\/04\/14\/biaggi-quipier\/#primaryimage\",\"url\":\"http:\/\/www.leblogmoto.com\/images\/monza23.jpg\",\"contentUrl\":\"http:\/\/www.leblogmoto.com\/images\/monza23.jpg\"},{\"@type\":\"BreadcrumbList\",\"@id\":\"https:\/\/blogs.thesocialmedia.com\/leblogmoto\/2006\/04\/14\/biaggi-quipier\/#breadcrumb\",\"itemListElement\":[{\"@type\":\"ListItem\",\"position\":1,\"name\":\"Accueil\",\"item\":\"https:\/\/blogs.thesocialmedia.com\/leblogmoto\/\"},{\"@type\":\"ListItem\",\"position\":2,\"name\":\"BIAGGI \u00e9quipier de SCHUMI !\"}]},{\"@type\":\"WebSite\",\"@id\":\"https:\/\/blogs.thesocialmedia.com\/leblogmoto\/#website\",\"url\":\"https:\/\/blogs.thesocialmedia.com\/leblogmoto\/\",\"name\":\"leblogmoto\",\"description\":\"Toute l&#039;actualit\u00e9 des 2 roues\",\"potentialAction\":[{\"@type\":\"SearchAction\",\"target\":{\"@type\":\"EntryPoint\",\"urlTemplate\":\"https:\/\/blogs.thesocialmedia.com\/leblogmoto\/?s={search_term_string}\"},\"query-input\":{\"@type\":\"PropertyValueSpecification\",\"valueRequired\":true,\"valueName\":\"search_term_string\"}}],\"inLanguage\":\"fr-FR\"},{\"@type\":\"Person\",\"@id\":\"https:\/\/blogs.thesocialmedia.com\/leblogmoto\/#\/schema\/person\/1a1dcfc7cec206573105eb4af91155c2\",\"name\":\"andre leconde\",\"image\":{\"@type\":\"ImageObject\",\"inLanguage\":\"fr-FR\",\"@id\":\"https:\/\/blogs.thesocialmedia.com\/leblogmoto\/#\/schema\/person\/image\/\",\"url\":\"https:\/\/secure.gravatar.com\/avatar\/?s=96&d=mm&r=g\",\"contentUrl\":\"https:\/\/secure.gravatar.com\/avatar\/?s=96&d=mm&r=g\",\"caption\":\"andre leconde\"},\"url\":\"https:\/\/blogs.thesocialmedia.com\/leblogmoto\/author\/andre-leconde\/\"}]}<\/script>\n<!-- \/ Yoast SEO plugin. -->","yoast_head_json":{"title":"BIAGGI \u00e9quipier de SCHUMI ! - leblogmoto.com","robots":{"index":"index","follow":"follow","max-snippet":"max-snippet:-1","max-image-preview":"max-image-preview:large","max-video-preview":"max-video-preview:-1"},"canonical":"https:\/\/blogs.thesocialmedia.com\/leblogmoto\/2006\/04\/14\/biaggi-quipier\/","twitter_card":"summary_large_image","twitter_title":"BIAGGI \u00e9quipier de SCHUMI ! - leblogmoto.com","twitter_description":"Max aurait-il, de sa retraite forc\u00e9e, formant\u00e9 un machiav\u00e9lique complot entra\u00eenant le d\u00e9barquement de MASSA et la prise par surprise du baquet de la FERRARI F.1 en lieu et place de ROSSI ? Que nenni ! BIAGGI aura bien l&rsquo;occasion de partager quelques instants sportifs avec Micha\u00ebl SCHUMACHER, mais ce sera sur une pelouse, avec [&hellip;]","twitter_image":"http:\/\/www.leblogmoto.com\/images\/monza23.jpg","twitter_misc":{"\u00c9crit par":"andre leconde","Dur\u00e9e de lecture estim\u00e9e":"1 minute"},"schema":{"@context":"https:\/\/schema.org","@graph":[{"@type":"WebPage","@id":"https:\/\/blogs.thesocialmedia.com\/leblogmoto\/2006\/04\/14\/biaggi-quipier\/","url":"https:\/\/blogs.thesocialmedia.com\/leblogmoto\/2006\/04\/14\/biaggi-quipier\/","name":"BIAGGI \u00e9quipier de SCHUMI ! - leblogmoto.com","isPartOf":{"@id":"https:\/\/blogs.thesocialmedia.com\/leblogmoto\/#website"},"primaryImageOfPage":{"@id":"https:\/\/blogs.thesocialmedia.com\/leblogmoto\/2006\/04\/14\/biaggi-quipier\/#primaryimage"},"image":{"@id":"https:\/\/blogs.thesocialmedia.com\/leblogmoto\/2006\/04\/14\/biaggi-quipier\/#primaryimage"},"thumbnailUrl":"http:\/\/www.leblogmoto.com\/images\/monza23.jpg","datePublished":"2006-04-14T23:54:36+00:00","dateModified":"2012-07-11T13:21:40+00:00","author":{"@id":"https:\/\/blogs.thesocialmedia.com\/leblogmoto\/#\/schema\/person\/1a1dcfc7cec206573105eb4af91155c2"},"breadcrumb":{"@id":"https:\/\/blogs.thesocialmedia.com\/leblogmoto\/2006\/04\/14\/biaggi-quipier\/#breadcrumb"},"inLanguage":"fr-FR","potentialAction":[{"@type":"ReadAction","target":["https:\/\/blogs.thesocialmedia.com\/leblogmoto\/2006\/04\/14\/biaggi-quipier\/"]}]},{"@type":"ImageObject","inLanguage":"fr-FR","@id":"https:\/\/blogs.thesocialmedia.com\/leblogmoto\/2006\/04\/14\/biaggi-quipier\/#primaryimage","url":"http:\/\/www.leblogmoto.com\/images\/monza23.jpg","contentUrl":"http:\/\/www.leblogmoto.com\/images\/monza23.jpg"},{"@type":"BreadcrumbList","@id":"https:\/\/blogs.thesocialmedia.com\/leblogmoto\/2006\/04\/14\/biaggi-quipier\/#breadcrumb","itemListElement":[{"@type":"ListItem","position":1,"name":"Accueil","item":"https:\/\/blogs.thesocialmedia.com\/leblogmoto\/"},{"@type":"ListItem","position":2,"name":"BIAGGI \u00e9quipier de SCHUMI !"}]},{"@type":"WebSite","@id":"https:\/\/blogs.thesocialmedia.com\/leblogmoto\/#website","url":"https:\/\/blogs.thesocialmedia.com\/leblogmoto\/","name":"leblogmoto","description":"Toute l&#039;actualit\u00e9 des 2 roues","potentialAction":[{"@type":"SearchAction","target":{"@type":"EntryPoint","urlTemplate":"https:\/\/blogs.thesocialmedia.com\/leblogmoto\/?s={search_term_string}"},"query-input":{"@type":"PropertyValueSpecification","valueRequired":true,"valueName":"search_term_string"}}],"inLanguage":"fr-FR"},{"@type":"Person","@id":"https:\/\/blogs.thesocialmedia.com\/leblogmoto\/#\/schema\/person\/1a1dcfc7cec206573105eb4af91155c2","name":"andre leconde","image":{"@type":"ImageObject","inLanguage":"fr-FR","@id":"https:\/\/blogs.thesocialmedia.com\/leblogmoto\/#\/schema\/person\/image\/","url":"https:\/\/secure.gravatar.com\/avatar\/?s=96&d=mm&r=g","contentUrl":"https:\/\/secure.gravatar.com\/avatar\/?s=96&d=mm&r=g","caption":"andre leconde"},"url":"https:\/\/blogs.thesocialmedia.com\/leblogmoto\/author\/andre-leconde\/"}]}},"_links":{"self":[{"href":"https:\/\/blogs.thesocialmedia.com\/leblogmoto\/wp-json\/wp\/v2\/posts\/1913","targetHints":{"allow":["GET"]}}],"collection":[{"href":"https:\/\/blogs.thesocialmedia.com\/leblogmoto\/wp-json\/wp\/v2\/posts"}],"about":[{"href":"https:\/\/blogs.thesocialmedia.com\/leblogmoto\/wp-json\/wp\/v2\/types\/post"}],"author":[{"embeddable":true,"href":"https:\/\/blogs.thesocialmedia.com\/leblogmoto\/wp-json\/wp\/v2\/users\/336"}],"replies":[{"embeddable":true,"href":"https:\/\/blogs.thesocialmedia.com\/leblogmoto\/wp-json\/wp\/v2\/comments?post=1913"}],"version-history":[{"count":1,"href":"https:\/\/blogs.thesocialmedia.com\/leblogmoto\/wp-json\/wp\/v2\/posts\/1913\/revisions"}],"predecessor-version":[{"id":3263,"href":"https:\/\/blogs.thesocialmedia.com\/leblogmoto\/wp-json\/wp\/v2\/posts\/1913\/revisions\/3263"}],"wp:attachment":[{"href":"https:\/\/blogs.thesocialmedia.com\/leblogmoto\/wp-json\/wp\/v2\/media?parent=1913"}],"wp:term":[{"taxonomy":"category","embeddable":true,"href":"https:\/\/blogs.thesocialmedia.com\/leblogmoto\/wp-json\/wp\/v2\/categories?post=1913"},{"taxonomy":"post_tag","embeddable":true,"href":"https:\/\/blogs.thesocialmedia.com\/leblogmoto\/wp-json\/wp\/v2\/tags?post=1913"}],"curies":[{"name":"wp","href":"https:\/\/api.w.org\/{rel}","templated":true}]}}