{"id":1914,"date":"2006-04-14T22:49:55","date_gmt":"2006-04-14T22:49:55","guid":{"rendered":"http:\/\/blogs.thesocialmedia.com\/leblogmoto\/2006\/04\/14\/la-patrouille-v\/"},"modified":"2012-07-11T14:20:08","modified_gmt":"2012-07-11T14:20:08","slug":"la-patrouille-v","status":"publish","type":"post","link":"https:\/\/blogs.thesocialmedia.com\/leblogmoto\/2006\/04\/14\/la-patrouille-v\/","title":{"rendered":"La patrouille venue d&rsquo;ailleurs"},"content":{"rendered":"<p><a href=\"http:\/\/blogs.thesocialmedia.com\/leblogmoto\/files\/2012\/07\/0102060378300.jpg\"><img loading=\"lazy\" decoding=\"async\" height=\"358\" alt=\"0102060378300\" src=\"http:\/\/www.leblogmoto.com\/images\/0102060378300.jpg\" width=\"250\"  \/><\/a>Jusque l\u00e0, un membre des <a href=\"http:\/\/www.leblogmoto.com\/2006\/01\/bmw_exicone_de_.html\">forces de l&rsquo;ordre<\/a> qui s&rsquo;affirmait oeuvrer sur deux roues \u00e9tait synonyme, le plus souvent, de <a href=\"http:\/\/www.leblogmoto.com\/2005\/12\/lhomo_motardicu.html\">motard<\/a>.<\/p>\n<p>Maintenant, il va falloir adapter son langage \u00e0 une nouvelle conjoncture. L&rsquo;int\u00e9ress\u00e9 pourra tr\u00e8s bien, aussi, se d\u00e9placer avec une \u00e9trange machine se nommant le &quot;<strong>Segway Human Transporter<\/strong>&quot;.<\/p>\n<p>Ce concept am\u00e9ricain est le r\u00eave \u00e9veill\u00e9 de tout \u00e9cologiste qui n&rsquo;est pas pr\u00eat \u00e0 renoncer \u00e0 sa mobilit\u00e9 pour ses convictions. La propulsion est <a href=\"http:\/\/www.leblogmoto.com\/2006\/01\/les_impratifs_e.html\">\u00e9lectrique<\/a>, d&rsquo;une autonomie d&rsquo;une quarantaine de kilom\u00e8tres pour des vitesses susceptibles de monter \u00e0 20 km\/h.<\/p>\n<p>Et ce n&rsquo;est pas virtuel. Outre-Rhin, du c\u00f4t\u00e9 de la Sarre, on a \u00e9quip\u00e9 une Brigade sp\u00e9ciale de ses engins. Une vingtaine de fonctionnaires ont \u00e9t\u00e9 form\u00e9s \u00e0 leur maniement, qui n\u00e9cessite une certaine accoutumance&#8230;<\/p>\n<\/p>\n<p>&nbsp; &nbsp; <\/p>\n<p><a href=\"http:\/\/clabedan.typepad.com\/.shared\/image.html?\/photos\/uncategorized\/0102060375700.jpg\"><img loading=\"lazy\" decoding=\"async\" height=\"198\" alt=\"0102060375700\" src=\"http:\/\/www.leblogmoto.com\/images\/0102060375700.jpg\" width=\"250\"  \/><\/a>On acc\u00e9l\u00e8re en tirant le manche, on freine en le poussant et une barre orientable se charge de la direction. Il para\u00eet que sa maniabilit\u00e9 est bluffante et comme il se d\u00e9monte, il se range facilement.<\/p>\n<p>Une course poursuite avec de tels engins ne manquerait pas de piment et aurait des allures de film de science-fiction. Reste que leur utilisation n&rsquo;est pas possible sur la voie publique n&rsquo;\u00e9tant \u00e9quip\u00e9s ni de luminaires et encore moins de plaques. Mais du c\u00f4t\u00e9 de la Sarre, on va s&rsquo;occuper d&rsquo;am\u00e9nager \u00e7a, avec m\u00eame une place pour le <strong>giro deux tons<\/strong>.<\/p>\n<p><a href=\"http:\/\/blogs.thesocialmedia.com\/leblogmoto\/files\/2012\/07\/0102060377500.jpg\"><img loading=\"lazy\" decoding=\"async\" height=\"347\" alt=\"0102060377500\" src=\"http:\/\/www.leblogmoto.com\/images\/0102060377500.jpg\" width=\"250\"  \/><\/a>C&rsquo;est des plus s\u00e9rieux, et, comme on le voit, l&rsquo;id\u00e9e fait son chemin \u00e0 travers l&rsquo;Europe.&nbsp; &nbsp;<\/p>\n<p>Etonnant non ?<\/p>\n<p>SOURCE: <a href=\"http:\/\/www.spiegel.de\/\">www.spiegel.de<\/a>&nbsp; &nbsp;<\/p>\n","protected":false},"excerpt":{"rendered":"<p>Jusque l\u00e0, un membre des forces de l&rsquo;ordre qui s&rsquo;affirmait oeuvrer sur deux roues \u00e9tait synonyme, le plus souvent, de motard. Maintenant, il va falloir adapter son langage \u00e0 une nouvelle conjoncture. L&rsquo;int\u00e9ress\u00e9 pourra tr\u00e8s bien, aussi, se d\u00e9placer avec une \u00e9trange machine se nommant le &quot;Segway Human Transporter&quot;. Ce concept am\u00e9ricain est le r\u00eave [&hellip;]<\/p>\n","protected":false},"author":336,"featured_media":0,"comment_status":"open","ping_status":"open","sticky":false,"template":"","format":"standard","meta":{"footnotes":""},"categories":[30,17],"tags":[],"class_list":["post-1914","post","type-post","status-publish","format-standard","hentry","category-bio-carburantsvehicules-propres","category-divers"],"yoast_head":"<!-- This site is optimized with the Yoast SEO plugin v26.0 - https:\/\/yoast.com\/wordpress\/plugins\/seo\/ -->\n<title>La patrouille venue d&#039;ailleurs - leblogmoto.com<\/title>\n<meta name=\"robots\" content=\"index, follow, max-snippet:-1, max-image-preview:large, max-video-preview:-1\" \/>\n<link rel=\"canonical\" href=\"https:\/\/blogs.thesocialmedia.com\/leblogmoto\/2006\/04\/14\/la-patrouille-v\/\" \/>\n<meta name=\"twitter:card\" content=\"summary_large_image\" \/>\n<meta name=\"twitter:title\" content=\"La patrouille venue d&#039;ailleurs - leblogmoto.com\" \/>\n<meta name=\"twitter:description\" content=\"Jusque l\u00e0, un membre des forces de l&rsquo;ordre qui s&rsquo;affirmait oeuvrer sur deux roues \u00e9tait synonyme, le plus souvent, de motard. Maintenant, il va falloir adapter son langage \u00e0 une nouvelle conjoncture. L&rsquo;int\u00e9ress\u00e9 pourra tr\u00e8s bien, aussi, se d\u00e9placer avec une \u00e9trange machine se nommant le &quot;Segway Human Transporter&quot;. Ce concept am\u00e9ricain est le r\u00eave [&hellip;]\" \/>\n<meta name=\"twitter:image\" content=\"http:\/\/www.leblogmoto.com\/images\/0102060378300.jpg\" \/>\n<meta name=\"twitter:label1\" content=\"\u00c9crit par\" \/>\n\t<meta name=\"twitter:data1\" content=\"andre leconde\" \/>\n\t<meta name=\"twitter:label2\" content=\"Dur\u00e9e de lecture estim\u00e9e\" \/>\n\t<meta name=\"twitter:data2\" content=\"1 minute\" \/>\n<script type=\"application\/ld+json\" class=\"yoast-schema-graph\">{\"@context\":\"https:\/\/schema.org\",\"@graph\":[{\"@type\":\"WebPage\",\"@id\":\"https:\/\/blogs.thesocialmedia.com\/leblogmoto\/2006\/04\/14\/la-patrouille-v\/\",\"url\":\"https:\/\/blogs.thesocialmedia.com\/leblogmoto\/2006\/04\/14\/la-patrouille-v\/\",\"name\":\"La patrouille venue d'ailleurs - leblogmoto.com\",\"isPartOf\":{\"@id\":\"https:\/\/blogs.thesocialmedia.com\/leblogmoto\/#website\"},\"primaryImageOfPage\":{\"@id\":\"https:\/\/blogs.thesocialmedia.com\/leblogmoto\/2006\/04\/14\/la-patrouille-v\/#primaryimage\"},\"image\":{\"@id\":\"https:\/\/blogs.thesocialmedia.com\/leblogmoto\/2006\/04\/14\/la-patrouille-v\/#primaryimage\"},\"thumbnailUrl\":\"http:\/\/www.leblogmoto.com\/images\/0102060378300.jpg\",\"datePublished\":\"2006-04-14T22:49:55+00:00\",\"dateModified\":\"2012-07-11T14:20:08+00:00\",\"author\":{\"@id\":\"https:\/\/blogs.thesocialmedia.com\/leblogmoto\/#\/schema\/person\/1a1dcfc7cec206573105eb4af91155c2\"},\"breadcrumb\":{\"@id\":\"https:\/\/blogs.thesocialmedia.com\/leblogmoto\/2006\/04\/14\/la-patrouille-v\/#breadcrumb\"},\"inLanguage\":\"fr-FR\",\"potentialAction\":[{\"@type\":\"ReadAction\",\"target\":[\"https:\/\/blogs.thesocialmedia.com\/leblogmoto\/2006\/04\/14\/la-patrouille-v\/\"]}]},{\"@type\":\"ImageObject\",\"inLanguage\":\"fr-FR\",\"@id\":\"https:\/\/blogs.thesocialmedia.com\/leblogmoto\/2006\/04\/14\/la-patrouille-v\/#primaryimage\",\"url\":\"http:\/\/www.leblogmoto.com\/images\/0102060378300.jpg\",\"contentUrl\":\"http:\/\/www.leblogmoto.com\/images\/0102060378300.jpg\"},{\"@type\":\"BreadcrumbList\",\"@id\":\"https:\/\/blogs.thesocialmedia.com\/leblogmoto\/2006\/04\/14\/la-patrouille-v\/#breadcrumb\",\"itemListElement\":[{\"@type\":\"ListItem\",\"position\":1,\"name\":\"Accueil\",\"item\":\"https:\/\/blogs.thesocialmedia.com\/leblogmoto\/\"},{\"@type\":\"ListItem\",\"position\":2,\"name\":\"La patrouille venue d&rsquo;ailleurs\"}]},{\"@type\":\"WebSite\",\"@id\":\"https:\/\/blogs.thesocialmedia.com\/leblogmoto\/#website\",\"url\":\"https:\/\/blogs.thesocialmedia.com\/leblogmoto\/\",\"name\":\"leblogmoto\",\"description\":\"Toute l&#039;actualit\u00e9 des 2 roues\",\"potentialAction\":[{\"@type\":\"SearchAction\",\"target\":{\"@type\":\"EntryPoint\",\"urlTemplate\":\"https:\/\/blogs.thesocialmedia.com\/leblogmoto\/?s={search_term_string}\"},\"query-input\":{\"@type\":\"PropertyValueSpecification\",\"valueRequired\":true,\"valueName\":\"search_term_string\"}}],\"inLanguage\":\"fr-FR\"},{\"@type\":\"Person\",\"@id\":\"https:\/\/blogs.thesocialmedia.com\/leblogmoto\/#\/schema\/person\/1a1dcfc7cec206573105eb4af91155c2\",\"name\":\"andre leconde\",\"image\":{\"@type\":\"ImageObject\",\"inLanguage\":\"fr-FR\",\"@id\":\"https:\/\/blogs.thesocialmedia.com\/leblogmoto\/#\/schema\/person\/image\/\",\"url\":\"https:\/\/secure.gravatar.com\/avatar\/?s=96&d=mm&r=g\",\"contentUrl\":\"https:\/\/secure.gravatar.com\/avatar\/?s=96&d=mm&r=g\",\"caption\":\"andre leconde\"},\"url\":\"https:\/\/blogs.thesocialmedia.com\/leblogmoto\/author\/andre-leconde\/\"}]}<\/script>\n<!-- \/ Yoast SEO plugin. -->","yoast_head_json":{"title":"La patrouille venue d'ailleurs - leblogmoto.com","robots":{"index":"index","follow":"follow","max-snippet":"max-snippet:-1","max-image-preview":"max-image-preview:large","max-video-preview":"max-video-preview:-1"},"canonical":"https:\/\/blogs.thesocialmedia.com\/leblogmoto\/2006\/04\/14\/la-patrouille-v\/","twitter_card":"summary_large_image","twitter_title":"La patrouille venue d'ailleurs - leblogmoto.com","twitter_description":"Jusque l\u00e0, un membre des forces de l&rsquo;ordre qui s&rsquo;affirmait oeuvrer sur deux roues \u00e9tait synonyme, le plus souvent, de motard. Maintenant, il va falloir adapter son langage \u00e0 une nouvelle conjoncture. L&rsquo;int\u00e9ress\u00e9 pourra tr\u00e8s bien, aussi, se d\u00e9placer avec une \u00e9trange machine se nommant le &quot;Segway Human Transporter&quot;. Ce concept am\u00e9ricain est le r\u00eave [&hellip;]","twitter_image":"http:\/\/www.leblogmoto.com\/images\/0102060378300.jpg","twitter_misc":{"\u00c9crit par":"andre leconde","Dur\u00e9e de lecture estim\u00e9e":"1 minute"},"schema":{"@context":"https:\/\/schema.org","@graph":[{"@type":"WebPage","@id":"https:\/\/blogs.thesocialmedia.com\/leblogmoto\/2006\/04\/14\/la-patrouille-v\/","url":"https:\/\/blogs.thesocialmedia.com\/leblogmoto\/2006\/04\/14\/la-patrouille-v\/","name":"La patrouille venue d'ailleurs - leblogmoto.com","isPartOf":{"@id":"https:\/\/blogs.thesocialmedia.com\/leblogmoto\/#website"},"primaryImageOfPage":{"@id":"https:\/\/blogs.thesocialmedia.com\/leblogmoto\/2006\/04\/14\/la-patrouille-v\/#primaryimage"},"image":{"@id":"https:\/\/blogs.thesocialmedia.com\/leblogmoto\/2006\/04\/14\/la-patrouille-v\/#primaryimage"},"thumbnailUrl":"http:\/\/www.leblogmoto.com\/images\/0102060378300.jpg","datePublished":"2006-04-14T22:49:55+00:00","dateModified":"2012-07-11T14:20:08+00:00","author":{"@id":"https:\/\/blogs.thesocialmedia.com\/leblogmoto\/#\/schema\/person\/1a1dcfc7cec206573105eb4af91155c2"},"breadcrumb":{"@id":"https:\/\/blogs.thesocialmedia.com\/leblogmoto\/2006\/04\/14\/la-patrouille-v\/#breadcrumb"},"inLanguage":"fr-FR","potentialAction":[{"@type":"ReadAction","target":["https:\/\/blogs.thesocialmedia.com\/leblogmoto\/2006\/04\/14\/la-patrouille-v\/"]}]},{"@type":"ImageObject","inLanguage":"fr-FR","@id":"https:\/\/blogs.thesocialmedia.com\/leblogmoto\/2006\/04\/14\/la-patrouille-v\/#primaryimage","url":"http:\/\/www.leblogmoto.com\/images\/0102060378300.jpg","contentUrl":"http:\/\/www.leblogmoto.com\/images\/0102060378300.jpg"},{"@type":"BreadcrumbList","@id":"https:\/\/blogs.thesocialmedia.com\/leblogmoto\/2006\/04\/14\/la-patrouille-v\/#breadcrumb","itemListElement":[{"@type":"ListItem","position":1,"name":"Accueil","item":"https:\/\/blogs.thesocialmedia.com\/leblogmoto\/"},{"@type":"ListItem","position":2,"name":"La patrouille venue d&rsquo;ailleurs"}]},{"@type":"WebSite","@id":"https:\/\/blogs.thesocialmedia.com\/leblogmoto\/#website","url":"https:\/\/blogs.thesocialmedia.com\/leblogmoto\/","name":"leblogmoto","description":"Toute l&#039;actualit\u00e9 des 2 roues","potentialAction":[{"@type":"SearchAction","target":{"@type":"EntryPoint","urlTemplate":"https:\/\/blogs.thesocialmedia.com\/leblogmoto\/?s={search_term_string}"},"query-input":{"@type":"PropertyValueSpecification","valueRequired":true,"valueName":"search_term_string"}}],"inLanguage":"fr-FR"},{"@type":"Person","@id":"https:\/\/blogs.thesocialmedia.com\/leblogmoto\/#\/schema\/person\/1a1dcfc7cec206573105eb4af91155c2","name":"andre leconde","image":{"@type":"ImageObject","inLanguage":"fr-FR","@id":"https:\/\/blogs.thesocialmedia.com\/leblogmoto\/#\/schema\/person\/image\/","url":"https:\/\/secure.gravatar.com\/avatar\/?s=96&d=mm&r=g","contentUrl":"https:\/\/secure.gravatar.com\/avatar\/?s=96&d=mm&r=g","caption":"andre leconde"},"url":"https:\/\/blogs.thesocialmedia.com\/leblogmoto\/author\/andre-leconde\/"}]}},"_links":{"self":[{"href":"https:\/\/blogs.thesocialmedia.com\/leblogmoto\/wp-json\/wp\/v2\/posts\/1914","targetHints":{"allow":["GET"]}}],"collection":[{"href":"https:\/\/blogs.thesocialmedia.com\/leblogmoto\/wp-json\/wp\/v2\/posts"}],"about":[{"href":"https:\/\/blogs.thesocialmedia.com\/leblogmoto\/wp-json\/wp\/v2\/types\/post"}],"author":[{"embeddable":true,"href":"https:\/\/blogs.thesocialmedia.com\/leblogmoto\/wp-json\/wp\/v2\/users\/336"}],"replies":[{"embeddable":true,"href":"https:\/\/blogs.thesocialmedia.com\/leblogmoto\/wp-json\/wp\/v2\/comments?post=1914"}],"version-history":[{"count":2,"href":"https:\/\/blogs.thesocialmedia.com\/leblogmoto\/wp-json\/wp\/v2\/posts\/1914\/revisions"}],"predecessor-version":[{"id":7326,"href":"https:\/\/blogs.thesocialmedia.com\/leblogmoto\/wp-json\/wp\/v2\/posts\/1914\/revisions\/7326"}],"wp:attachment":[{"href":"https:\/\/blogs.thesocialmedia.com\/leblogmoto\/wp-json\/wp\/v2\/media?parent=1914"}],"wp:term":[{"taxonomy":"category","embeddable":true,"href":"https:\/\/blogs.thesocialmedia.com\/leblogmoto\/wp-json\/wp\/v2\/categories?post=1914"},{"taxonomy":"post_tag","embeddable":true,"href":"https:\/\/blogs.thesocialmedia.com\/leblogmoto\/wp-json\/wp\/v2\/tags?post=1914"}],"curies":[{"name":"wp","href":"https:\/\/api.w.org\/{rel}","templated":true}]}}