{"id":1915,"date":"2006-04-14T19:28:48","date_gmt":"2006-04-14T19:28:48","guid":{"rendered":"http:\/\/blogs.thesocialmedia.com\/leblogmoto\/2006\/04\/14\/sbk-misano-test\/"},"modified":"2012-07-11T14:20:06","modified_gmt":"2012-07-11T14:20:06","slug":"sbk-misano-test","status":"publish","type":"post","link":"https:\/\/blogs.thesocialmedia.com\/leblogmoto\/2006\/04\/14\/sbk-misano-test\/","title":{"rendered":"SBK MISANO TEST: BAYLISS et les autres"},"content":{"rendered":"<p><a href=\"http:\/\/blogs.thesocialmedia.com\/leblogmoto\/files\/2012\/07\/troymisano.jpg\"><\/a><a href=\"http:\/\/clabedan.typepad.com\/.shared\/image.html?\/photos\/uncategorized\/temimer04.jpg\"><img loading=\"lazy\" decoding=\"async\" height=\"165\" alt=\"Temimer04\" src=\"http:\/\/www.leblogmoto.com\/images\/temimer04.jpg\" width=\"250\"  \/><\/a>L&rsquo;Australien de 37 ans a bien fait de revenir \u00e0 ses premi\u00e8res amours. Plus que jamais, il s&rsquo;installe progressivement dans la peau du Patron de cette <a href=\"http:\/\/www.leblogmoto.com\/2006\/02\/sbk_situation_d.html\">saison 2006<\/a>, faisant d\u00e9j\u00e0 s\u00e9rieusement vaciller la couronne mondiale pourtant encore pos\u00e9e sur la t\u00eate de son compatriote <strong>CORSER<\/strong> qui ne d\u00e9m\u00e9rite pas.<\/p>\n<p>Sa domination se fait l&rsquo;\u00e9cho d&rsquo;un retour de <a href=\"http:\/\/www.leblogmoto.com\/2006\/03\/sbk_ducati_vers.html\">DUCATI<\/a> aux affaires. Avec une entame de saison sympathique en <strong>MotoGP<\/strong>, la marque de BOLOGNE a toutes les raisons de s&rsquo;enthousiasmer d&rsquo;un d\u00e9but de saison laissant augurer de belles perspectives&#8230;&nbsp; &nbsp;<\/p>\n<p><a href=\"http:\/\/clabedan.typepad.com\/.shared\/image.html?\/photos\/uncategorized\/2220060225w564h374_101_p01_laconi_action.jpg\"><\/a><a href=\"http:\/\/clabedan.typepad.com\/.shared\/image.html?\/photos\/uncategorized\/image_news_9137.jpg\"><img loading=\"lazy\" decoding=\"async\" height=\"163\" alt=\"Image_news_9137\" src=\"http:\/\/www.leblogmoto.com\/images\/image_news_9137.jpg\" width=\"250\"  \/><\/a><strong>BAYLISS<\/strong> n&rsquo;a pas fait dans le d\u00e9tail \u00e0 <strong>MISANO<\/strong>. Il a descendu le record de la piste de la discipline qu&rsquo;il d\u00e9tenait depuis <strong>2002<\/strong> et s&rsquo;est d\u00e9tach\u00e9 chronom\u00e9triquement du reste d&rsquo;une meute qui se tient dans un mouchoir de poche. <strong>1&rsquo;33 317<\/strong> pour &quot;Baylisstic&quot;, mais de <strong>1&rsquo;33 824<\/strong> \u00e0 <strong>1&rsquo;33 984<\/strong>, pas moins de <strong>quatre<\/strong> pilotes se tiennent !<\/p>\n<p>Second, <strong>CORSER<\/strong> reste optimiste m\u00eame si <strong>HAGA<\/strong> et l&rsquo;autre <strong>DUCATI<\/strong> de <strong>LANZI<\/strong> le suivent de tr\u00e8s pr\u00e8s. <strong>KAGAYAMA<\/strong> est huiti\u00e8me alors que la derni\u00e8re SUZUKI, celle de <strong>FORET<\/strong>, pointe \u00e0 une bonne treizi\u00e8me position, juste derri\u00e8re <strong>GIMBERT<\/strong>. Fabien apprend lentement et s\u00fbrement et commence \u00e0 tourner dans les temps de KAGAYAMA. Il prend du plaisir et affirme qu&rsquo;il est encore loin des 100%. Le Fran\u00e7ais peut nous r\u00e9server de bonnes surprises vers la seconde partie de la saison.<\/p>\n<p><a href=\"http:\/\/blogs.thesocialmedia.com\/leblogmoto\/files\/2012\/07\/2220060225w564h374_101_p01_laconi_action_1.jpg\"><img loading=\"lazy\" decoding=\"async\" height=\"165\" alt=\"2220060225w564h374_101_p01_laconi_action_1\" src=\"http:\/\/www.leblogmoto.com\/images\/2220060225w564h374_101_p01_laconi_action_1.jpg\" width=\"250\"  \/><\/a>C\u00f4t\u00e9 <strong>KAWA<\/strong>, beau tir group\u00e9 de la cinqui\u00e8me \u00e0 la septi\u00e8me place du trio des verts, <strong>WALKER<\/strong> et <strong>NIETO<\/strong> encadrant <strong>LACONI<\/strong>. Les <strong>ZX 10R<\/strong> sont dans le rythme.<\/p>\n<p>Pour ce qui est des rempla\u00e7ants, c&rsquo;est <strong>BUSSE\u00cf<\/strong> qui prendra la place de MUGGERIDGE dans un team TEN KATE qui n&rsquo;\u00e9tait pas pr\u00e9sent sur la c\u00f4te Adriatique. Pour l&rsquo;autre HONDA, celle de <a href=\"http:\/\/www.leblogmoto.com\/2006\/04\/sbk_tests_misan.html\">l&rsquo;infortun\u00e9 CHILI<\/a>, c&rsquo;est <strong>NANNELLI <\/strong>qui s&rsquo;y est essay\u00e9, laissant pour un temps sa DUCATI SuperSport.<\/p>\n<p>Reprise des hostilit\u00e9s du <strong>21 au 23 avril<\/strong> pour la troisi\u00e8me manche du championnat \u00e0 <strong>VALENCIA<\/strong>.&nbsp; &nbsp;&nbsp; &nbsp; <\/p>\n","protected":false},"excerpt":{"rendered":"<p>L&rsquo;Australien de 37 ans a bien fait de revenir \u00e0 ses premi\u00e8res amours. Plus que jamais, il s&rsquo;installe progressivement dans la peau du Patron de cette saison 2006, faisant d\u00e9j\u00e0 s\u00e9rieusement vaciller la couronne mondiale pourtant encore pos\u00e9e sur la t\u00eate de son compatriote CORSER qui ne d\u00e9m\u00e9rite pas. Sa domination se fait l&rsquo;\u00e9cho d&rsquo;un [&hellip;]<\/p>\n","protected":false},"author":336,"featured_media":0,"comment_status":"open","ping_status":"open","sticky":false,"template":"","format":"standard","meta":{"footnotes":""},"categories":[32,46],"tags":[],"class_list":["post-1915","post","type-post","status-publish","format-standard","hentry","category-sport-moto","category-superbike"],"yoast_head":"<!-- This site is optimized with the Yoast SEO plugin v26.0 - https:\/\/yoast.com\/wordpress\/plugins\/seo\/ -->\n<title>SBK MISANO TEST: BAYLISS et les autres - leblogmoto.com<\/title>\n<meta name=\"robots\" content=\"index, follow, max-snippet:-1, max-image-preview:large, max-video-preview:-1\" \/>\n<link rel=\"canonical\" href=\"https:\/\/blogs.thesocialmedia.com\/leblogmoto\/2006\/04\/14\/sbk-misano-test\/\" \/>\n<meta name=\"twitter:card\" content=\"summary_large_image\" \/>\n<meta name=\"twitter:title\" content=\"SBK MISANO TEST: BAYLISS et les autres - leblogmoto.com\" \/>\n<meta name=\"twitter:description\" content=\"L&rsquo;Australien de 37 ans a bien fait de revenir \u00e0 ses premi\u00e8res amours. Plus que jamais, il s&rsquo;installe progressivement dans la peau du Patron de cette saison 2006, faisant d\u00e9j\u00e0 s\u00e9rieusement vaciller la couronne mondiale pourtant encore pos\u00e9e sur la t\u00eate de son compatriote CORSER qui ne d\u00e9m\u00e9rite pas. Sa domination se fait l&rsquo;\u00e9cho d&rsquo;un [&hellip;]\" \/>\n<meta name=\"twitter:image\" content=\"http:\/\/www.leblogmoto.com\/images\/temimer04.jpg\" \/>\n<meta name=\"twitter:label1\" content=\"\u00c9crit par\" \/>\n\t<meta name=\"twitter:data1\" content=\"andre leconde\" \/>\n\t<meta name=\"twitter:label2\" content=\"Dur\u00e9e de lecture estim\u00e9e\" \/>\n\t<meta name=\"twitter:data2\" content=\"2 minutes\" \/>\n<script type=\"application\/ld+json\" class=\"yoast-schema-graph\">{\"@context\":\"https:\/\/schema.org\",\"@graph\":[{\"@type\":\"WebPage\",\"@id\":\"https:\/\/blogs.thesocialmedia.com\/leblogmoto\/2006\/04\/14\/sbk-misano-test\/\",\"url\":\"https:\/\/blogs.thesocialmedia.com\/leblogmoto\/2006\/04\/14\/sbk-misano-test\/\",\"name\":\"SBK MISANO TEST: BAYLISS et les autres - leblogmoto.com\",\"isPartOf\":{\"@id\":\"https:\/\/blogs.thesocialmedia.com\/leblogmoto\/#website\"},\"primaryImageOfPage\":{\"@id\":\"https:\/\/blogs.thesocialmedia.com\/leblogmoto\/2006\/04\/14\/sbk-misano-test\/#primaryimage\"},\"image\":{\"@id\":\"https:\/\/blogs.thesocialmedia.com\/leblogmoto\/2006\/04\/14\/sbk-misano-test\/#primaryimage\"},\"thumbnailUrl\":\"http:\/\/www.leblogmoto.com\/images\/temimer04.jpg\",\"datePublished\":\"2006-04-14T19:28:48+00:00\",\"dateModified\":\"2012-07-11T14:20:06+00:00\",\"author\":{\"@id\":\"https:\/\/blogs.thesocialmedia.com\/leblogmoto\/#\/schema\/person\/1a1dcfc7cec206573105eb4af91155c2\"},\"breadcrumb\":{\"@id\":\"https:\/\/blogs.thesocialmedia.com\/leblogmoto\/2006\/04\/14\/sbk-misano-test\/#breadcrumb\"},\"inLanguage\":\"fr-FR\",\"potentialAction\":[{\"@type\":\"ReadAction\",\"target\":[\"https:\/\/blogs.thesocialmedia.com\/leblogmoto\/2006\/04\/14\/sbk-misano-test\/\"]}]},{\"@type\":\"ImageObject\",\"inLanguage\":\"fr-FR\",\"@id\":\"https:\/\/blogs.thesocialmedia.com\/leblogmoto\/2006\/04\/14\/sbk-misano-test\/#primaryimage\",\"url\":\"http:\/\/www.leblogmoto.com\/images\/temimer04.jpg\",\"contentUrl\":\"http:\/\/www.leblogmoto.com\/images\/temimer04.jpg\"},{\"@type\":\"BreadcrumbList\",\"@id\":\"https:\/\/blogs.thesocialmedia.com\/leblogmoto\/2006\/04\/14\/sbk-misano-test\/#breadcrumb\",\"itemListElement\":[{\"@type\":\"ListItem\",\"position\":1,\"name\":\"Accueil\",\"item\":\"https:\/\/blogs.thesocialmedia.com\/leblogmoto\/\"},{\"@type\":\"ListItem\",\"position\":2,\"name\":\"SBK MISANO TEST: BAYLISS et les autres\"}]},{\"@type\":\"WebSite\",\"@id\":\"https:\/\/blogs.thesocialmedia.com\/leblogmoto\/#website\",\"url\":\"https:\/\/blogs.thesocialmedia.com\/leblogmoto\/\",\"name\":\"leblogmoto\",\"description\":\"Toute l&#039;actualit\u00e9 des 2 roues\",\"potentialAction\":[{\"@type\":\"SearchAction\",\"target\":{\"@type\":\"EntryPoint\",\"urlTemplate\":\"https:\/\/blogs.thesocialmedia.com\/leblogmoto\/?s={search_term_string}\"},\"query-input\":{\"@type\":\"PropertyValueSpecification\",\"valueRequired\":true,\"valueName\":\"search_term_string\"}}],\"inLanguage\":\"fr-FR\"},{\"@type\":\"Person\",\"@id\":\"https:\/\/blogs.thesocialmedia.com\/leblogmoto\/#\/schema\/person\/1a1dcfc7cec206573105eb4af91155c2\",\"name\":\"andre leconde\",\"image\":{\"@type\":\"ImageObject\",\"inLanguage\":\"fr-FR\",\"@id\":\"https:\/\/blogs.thesocialmedia.com\/leblogmoto\/#\/schema\/person\/image\/\",\"url\":\"https:\/\/secure.gravatar.com\/avatar\/?s=96&d=mm&r=g\",\"contentUrl\":\"https:\/\/secure.gravatar.com\/avatar\/?s=96&d=mm&r=g\",\"caption\":\"andre leconde\"},\"url\":\"https:\/\/blogs.thesocialmedia.com\/leblogmoto\/author\/andre-leconde\/\"}]}<\/script>\n<!-- \/ Yoast SEO plugin. -->","yoast_head_json":{"title":"SBK MISANO TEST: BAYLISS et les autres - leblogmoto.com","robots":{"index":"index","follow":"follow","max-snippet":"max-snippet:-1","max-image-preview":"max-image-preview:large","max-video-preview":"max-video-preview:-1"},"canonical":"https:\/\/blogs.thesocialmedia.com\/leblogmoto\/2006\/04\/14\/sbk-misano-test\/","twitter_card":"summary_large_image","twitter_title":"SBK MISANO TEST: BAYLISS et les autres - leblogmoto.com","twitter_description":"L&rsquo;Australien de 37 ans a bien fait de revenir \u00e0 ses premi\u00e8res amours. Plus que jamais, il s&rsquo;installe progressivement dans la peau du Patron de cette saison 2006, faisant d\u00e9j\u00e0 s\u00e9rieusement vaciller la couronne mondiale pourtant encore pos\u00e9e sur la t\u00eate de son compatriote CORSER qui ne d\u00e9m\u00e9rite pas. Sa domination se fait l&rsquo;\u00e9cho d&rsquo;un [&hellip;]","twitter_image":"http:\/\/www.leblogmoto.com\/images\/temimer04.jpg","twitter_misc":{"\u00c9crit par":"andre leconde","Dur\u00e9e de lecture estim\u00e9e":"2 minutes"},"schema":{"@context":"https:\/\/schema.org","@graph":[{"@type":"WebPage","@id":"https:\/\/blogs.thesocialmedia.com\/leblogmoto\/2006\/04\/14\/sbk-misano-test\/","url":"https:\/\/blogs.thesocialmedia.com\/leblogmoto\/2006\/04\/14\/sbk-misano-test\/","name":"SBK MISANO TEST: BAYLISS et les autres - leblogmoto.com","isPartOf":{"@id":"https:\/\/blogs.thesocialmedia.com\/leblogmoto\/#website"},"primaryImageOfPage":{"@id":"https:\/\/blogs.thesocialmedia.com\/leblogmoto\/2006\/04\/14\/sbk-misano-test\/#primaryimage"},"image":{"@id":"https:\/\/blogs.thesocialmedia.com\/leblogmoto\/2006\/04\/14\/sbk-misano-test\/#primaryimage"},"thumbnailUrl":"http:\/\/www.leblogmoto.com\/images\/temimer04.jpg","datePublished":"2006-04-14T19:28:48+00:00","dateModified":"2012-07-11T14:20:06+00:00","author":{"@id":"https:\/\/blogs.thesocialmedia.com\/leblogmoto\/#\/schema\/person\/1a1dcfc7cec206573105eb4af91155c2"},"breadcrumb":{"@id":"https:\/\/blogs.thesocialmedia.com\/leblogmoto\/2006\/04\/14\/sbk-misano-test\/#breadcrumb"},"inLanguage":"fr-FR","potentialAction":[{"@type":"ReadAction","target":["https:\/\/blogs.thesocialmedia.com\/leblogmoto\/2006\/04\/14\/sbk-misano-test\/"]}]},{"@type":"ImageObject","inLanguage":"fr-FR","@id":"https:\/\/blogs.thesocialmedia.com\/leblogmoto\/2006\/04\/14\/sbk-misano-test\/#primaryimage","url":"http:\/\/www.leblogmoto.com\/images\/temimer04.jpg","contentUrl":"http:\/\/www.leblogmoto.com\/images\/temimer04.jpg"},{"@type":"BreadcrumbList","@id":"https:\/\/blogs.thesocialmedia.com\/leblogmoto\/2006\/04\/14\/sbk-misano-test\/#breadcrumb","itemListElement":[{"@type":"ListItem","position":1,"name":"Accueil","item":"https:\/\/blogs.thesocialmedia.com\/leblogmoto\/"},{"@type":"ListItem","position":2,"name":"SBK MISANO TEST: BAYLISS et les autres"}]},{"@type":"WebSite","@id":"https:\/\/blogs.thesocialmedia.com\/leblogmoto\/#website","url":"https:\/\/blogs.thesocialmedia.com\/leblogmoto\/","name":"leblogmoto","description":"Toute l&#039;actualit\u00e9 des 2 roues","potentialAction":[{"@type":"SearchAction","target":{"@type":"EntryPoint","urlTemplate":"https:\/\/blogs.thesocialmedia.com\/leblogmoto\/?s={search_term_string}"},"query-input":{"@type":"PropertyValueSpecification","valueRequired":true,"valueName":"search_term_string"}}],"inLanguage":"fr-FR"},{"@type":"Person","@id":"https:\/\/blogs.thesocialmedia.com\/leblogmoto\/#\/schema\/person\/1a1dcfc7cec206573105eb4af91155c2","name":"andre leconde","image":{"@type":"ImageObject","inLanguage":"fr-FR","@id":"https:\/\/blogs.thesocialmedia.com\/leblogmoto\/#\/schema\/person\/image\/","url":"https:\/\/secure.gravatar.com\/avatar\/?s=96&d=mm&r=g","contentUrl":"https:\/\/secure.gravatar.com\/avatar\/?s=96&d=mm&r=g","caption":"andre leconde"},"url":"https:\/\/blogs.thesocialmedia.com\/leblogmoto\/author\/andre-leconde\/"}]}},"_links":{"self":[{"href":"https:\/\/blogs.thesocialmedia.com\/leblogmoto\/wp-json\/wp\/v2\/posts\/1915","targetHints":{"allow":["GET"]}}],"collection":[{"href":"https:\/\/blogs.thesocialmedia.com\/leblogmoto\/wp-json\/wp\/v2\/posts"}],"about":[{"href":"https:\/\/blogs.thesocialmedia.com\/leblogmoto\/wp-json\/wp\/v2\/types\/post"}],"author":[{"embeddable":true,"href":"https:\/\/blogs.thesocialmedia.com\/leblogmoto\/wp-json\/wp\/v2\/users\/336"}],"replies":[{"embeddable":true,"href":"https:\/\/blogs.thesocialmedia.com\/leblogmoto\/wp-json\/wp\/v2\/comments?post=1915"}],"version-history":[{"count":2,"href":"https:\/\/blogs.thesocialmedia.com\/leblogmoto\/wp-json\/wp\/v2\/posts\/1915\/revisions"}],"predecessor-version":[{"id":7323,"href":"https:\/\/blogs.thesocialmedia.com\/leblogmoto\/wp-json\/wp\/v2\/posts\/1915\/revisions\/7323"}],"wp:attachment":[{"href":"https:\/\/blogs.thesocialmedia.com\/leblogmoto\/wp-json\/wp\/v2\/media?parent=1915"}],"wp:term":[{"taxonomy":"category","embeddable":true,"href":"https:\/\/blogs.thesocialmedia.com\/leblogmoto\/wp-json\/wp\/v2\/categories?post=1915"},{"taxonomy":"post_tag","embeddable":true,"href":"https:\/\/blogs.thesocialmedia.com\/leblogmoto\/wp-json\/wp\/v2\/tags?post=1915"}],"curies":[{"name":"wp","href":"https:\/\/api.w.org\/{rel}","templated":true}]}}