{"id":1916,"date":"2006-04-14T18:33:46","date_gmt":"2006-04-14T18:33:46","guid":{"rendered":"http:\/\/blogs.thesocialmedia.com\/leblogmoto\/2006\/04\/14\/aprilia-vivemen\/"},"modified":"2012-07-11T14:20:02","modified_gmt":"2012-07-11T14:20:02","slug":"aprilia-vivemen","status":"publish","type":"post","link":"https:\/\/blogs.thesocialmedia.com\/leblogmoto\/2006\/04\/14\/aprilia-vivemen\/","title":{"rendered":"APRILIA: Vivement demain !"},"content":{"rendered":"<p><a href=\"http:\/\/blogs.thesocialmedia.com\/leblogmoto\/files\/2012\/07\/10360_aprilia_sbk_v4_nel_2008.jpg\"><img loading=\"lazy\" decoding=\"async\" height=\"191\" alt=\"10360_aprilia_sbk_v4_nel_2008\" src=\"http:\/\/www.leblogmoto.com\/images\/10360_aprilia_sbk_v4_nel_2008.jpg\" width=\"250\"  \/><\/a>Les futurs projets d&rsquo;<strong>APRILIA<\/strong> \u00e0 <a href=\"http:\/\/www.leblogmoto.com\/2006\/02\/sbk_2008_le_ret.html\">l&rsquo;horizon 2008<\/a> prennent progressivement forme.<\/p>\n<p>C&rsquo;est bien en <a href=\"http:\/\/www.leblogmoto.com\/2006\/04\/ktm_rc8_objecti.html\">WSBK<\/a> que le blason de NOALE ira croiser le fer. Une discipline qui peut donc se targuer d&rsquo;une bonne sant\u00e9 et virtuellement d&rsquo;un avenir radieux. Beaucoup, et <a href=\"http:\/\/www.leblogmoto.com\/2006\/04\/motogp_2007_le_.html\">non des moindres<\/a>, ne peuvent en dire autant&#8230;<\/p>\n<p>Le groupe <strong>PIAGGIO<\/strong> a apport\u00e9 le nerf de la guerre et APRILIA se lancerait dans la bataille avec un <strong>V4<\/strong>. Et ce bouilleur serait maison, mettant progressivement au rancart la politique actuelle de sous-traitance par ROTAX.<\/p>\n<p>Circuit en <strong>2008<\/strong>, et concession en <strong>2009<\/strong> seraient les \u00e9ch\u00e9ances fix\u00e9es. Le projet serait dirig\u00e9 par <strong>Sergio ROBBIANO<\/strong>, connu pour avoir s\u00e9vi sur la DUCATI 916, la CAGIVA MITO, et chez BIMOTA.&nbsp; <\/p>\n<p>Vivement demain !<\/p>\n","protected":false},"excerpt":{"rendered":"<p>Les futurs projets d&rsquo;APRILIA \u00e0 l&rsquo;horizon 2008 prennent progressivement forme. C&rsquo;est bien en WSBK que le blason de NOALE ira croiser le fer. Une discipline qui peut donc se targuer d&rsquo;une bonne sant\u00e9 et virtuellement d&rsquo;un avenir radieux. Beaucoup, et non des moindres, ne peuvent en dire autant&#8230; Le groupe PIAGGIO a apport\u00e9 le nerf [&hellip;]<\/p>\n","protected":false},"author":336,"featured_media":0,"comment_status":"open","ping_status":"open","sticky":false,"template":"","format":"standard","meta":{"footnotes":""},"categories":[31,32,46],"tags":[],"class_list":["post-1916","post","type-post","status-publish","format-standard","hentry","category-aprilia","category-sport-moto","category-superbike"],"yoast_head":"<!-- This site is optimized with the Yoast SEO plugin v26.0 - https:\/\/yoast.com\/wordpress\/plugins\/seo\/ -->\n<title>APRILIA: Vivement demain ! - leblogmoto.com<\/title>\n<meta name=\"robots\" content=\"index, follow, max-snippet:-1, max-image-preview:large, max-video-preview:-1\" \/>\n<link rel=\"canonical\" href=\"https:\/\/blogs.thesocialmedia.com\/leblogmoto\/2006\/04\/14\/aprilia-vivemen\/\" \/>\n<meta name=\"twitter:card\" content=\"summary_large_image\" \/>\n<meta name=\"twitter:title\" content=\"APRILIA: Vivement demain ! - leblogmoto.com\" \/>\n<meta name=\"twitter:description\" content=\"Les futurs projets d&rsquo;APRILIA \u00e0 l&rsquo;horizon 2008 prennent progressivement forme. C&rsquo;est bien en WSBK que le blason de NOALE ira croiser le fer. Une discipline qui peut donc se targuer d&rsquo;une bonne sant\u00e9 et virtuellement d&rsquo;un avenir radieux. Beaucoup, et non des moindres, ne peuvent en dire autant&#8230; Le groupe PIAGGIO a apport\u00e9 le nerf [&hellip;]\" \/>\n<meta name=\"twitter:image\" content=\"http:\/\/www.leblogmoto.com\/images\/10360_aprilia_sbk_v4_nel_2008.jpg\" \/>\n<meta name=\"twitter:label1\" content=\"\u00c9crit par\" \/>\n\t<meta name=\"twitter:data1\" content=\"andre leconde\" \/>\n\t<meta name=\"twitter:label2\" content=\"Dur\u00e9e de lecture estim\u00e9e\" \/>\n\t<meta name=\"twitter:data2\" content=\"1 minute\" \/>\n<script type=\"application\/ld+json\" class=\"yoast-schema-graph\">{\"@context\":\"https:\/\/schema.org\",\"@graph\":[{\"@type\":\"WebPage\",\"@id\":\"https:\/\/blogs.thesocialmedia.com\/leblogmoto\/2006\/04\/14\/aprilia-vivemen\/\",\"url\":\"https:\/\/blogs.thesocialmedia.com\/leblogmoto\/2006\/04\/14\/aprilia-vivemen\/\",\"name\":\"APRILIA: Vivement demain ! - leblogmoto.com\",\"isPartOf\":{\"@id\":\"https:\/\/blogs.thesocialmedia.com\/leblogmoto\/#website\"},\"primaryImageOfPage\":{\"@id\":\"https:\/\/blogs.thesocialmedia.com\/leblogmoto\/2006\/04\/14\/aprilia-vivemen\/#primaryimage\"},\"image\":{\"@id\":\"https:\/\/blogs.thesocialmedia.com\/leblogmoto\/2006\/04\/14\/aprilia-vivemen\/#primaryimage\"},\"thumbnailUrl\":\"http:\/\/www.leblogmoto.com\/images\/10360_aprilia_sbk_v4_nel_2008.jpg\",\"datePublished\":\"2006-04-14T18:33:46+00:00\",\"dateModified\":\"2012-07-11T14:20:02+00:00\",\"author\":{\"@id\":\"https:\/\/blogs.thesocialmedia.com\/leblogmoto\/#\/schema\/person\/1a1dcfc7cec206573105eb4af91155c2\"},\"breadcrumb\":{\"@id\":\"https:\/\/blogs.thesocialmedia.com\/leblogmoto\/2006\/04\/14\/aprilia-vivemen\/#breadcrumb\"},\"inLanguage\":\"fr-FR\",\"potentialAction\":[{\"@type\":\"ReadAction\",\"target\":[\"https:\/\/blogs.thesocialmedia.com\/leblogmoto\/2006\/04\/14\/aprilia-vivemen\/\"]}]},{\"@type\":\"ImageObject\",\"inLanguage\":\"fr-FR\",\"@id\":\"https:\/\/blogs.thesocialmedia.com\/leblogmoto\/2006\/04\/14\/aprilia-vivemen\/#primaryimage\",\"url\":\"http:\/\/www.leblogmoto.com\/images\/10360_aprilia_sbk_v4_nel_2008.jpg\",\"contentUrl\":\"http:\/\/www.leblogmoto.com\/images\/10360_aprilia_sbk_v4_nel_2008.jpg\"},{\"@type\":\"BreadcrumbList\",\"@id\":\"https:\/\/blogs.thesocialmedia.com\/leblogmoto\/2006\/04\/14\/aprilia-vivemen\/#breadcrumb\",\"itemListElement\":[{\"@type\":\"ListItem\",\"position\":1,\"name\":\"Accueil\",\"item\":\"https:\/\/blogs.thesocialmedia.com\/leblogmoto\/\"},{\"@type\":\"ListItem\",\"position\":2,\"name\":\"APRILIA: Vivement demain !\"}]},{\"@type\":\"WebSite\",\"@id\":\"https:\/\/blogs.thesocialmedia.com\/leblogmoto\/#website\",\"url\":\"https:\/\/blogs.thesocialmedia.com\/leblogmoto\/\",\"name\":\"leblogmoto\",\"description\":\"Toute l&#039;actualit\u00e9 des 2 roues\",\"potentialAction\":[{\"@type\":\"SearchAction\",\"target\":{\"@type\":\"EntryPoint\",\"urlTemplate\":\"https:\/\/blogs.thesocialmedia.com\/leblogmoto\/?s={search_term_string}\"},\"query-input\":{\"@type\":\"PropertyValueSpecification\",\"valueRequired\":true,\"valueName\":\"search_term_string\"}}],\"inLanguage\":\"fr-FR\"},{\"@type\":\"Person\",\"@id\":\"https:\/\/blogs.thesocialmedia.com\/leblogmoto\/#\/schema\/person\/1a1dcfc7cec206573105eb4af91155c2\",\"name\":\"andre leconde\",\"image\":{\"@type\":\"ImageObject\",\"inLanguage\":\"fr-FR\",\"@id\":\"https:\/\/blogs.thesocialmedia.com\/leblogmoto\/#\/schema\/person\/image\/\",\"url\":\"https:\/\/secure.gravatar.com\/avatar\/?s=96&d=mm&r=g\",\"contentUrl\":\"https:\/\/secure.gravatar.com\/avatar\/?s=96&d=mm&r=g\",\"caption\":\"andre leconde\"},\"url\":\"https:\/\/blogs.thesocialmedia.com\/leblogmoto\/author\/andre-leconde\/\"}]}<\/script>\n<!-- \/ Yoast SEO plugin. -->","yoast_head_json":{"title":"APRILIA: Vivement demain ! - leblogmoto.com","robots":{"index":"index","follow":"follow","max-snippet":"max-snippet:-1","max-image-preview":"max-image-preview:large","max-video-preview":"max-video-preview:-1"},"canonical":"https:\/\/blogs.thesocialmedia.com\/leblogmoto\/2006\/04\/14\/aprilia-vivemen\/","twitter_card":"summary_large_image","twitter_title":"APRILIA: Vivement demain ! - leblogmoto.com","twitter_description":"Les futurs projets d&rsquo;APRILIA \u00e0 l&rsquo;horizon 2008 prennent progressivement forme. C&rsquo;est bien en WSBK que le blason de NOALE ira croiser le fer. Une discipline qui peut donc se targuer d&rsquo;une bonne sant\u00e9 et virtuellement d&rsquo;un avenir radieux. Beaucoup, et non des moindres, ne peuvent en dire autant&#8230; Le groupe PIAGGIO a apport\u00e9 le nerf [&hellip;]","twitter_image":"http:\/\/www.leblogmoto.com\/images\/10360_aprilia_sbk_v4_nel_2008.jpg","twitter_misc":{"\u00c9crit par":"andre leconde","Dur\u00e9e de lecture estim\u00e9e":"1 minute"},"schema":{"@context":"https:\/\/schema.org","@graph":[{"@type":"WebPage","@id":"https:\/\/blogs.thesocialmedia.com\/leblogmoto\/2006\/04\/14\/aprilia-vivemen\/","url":"https:\/\/blogs.thesocialmedia.com\/leblogmoto\/2006\/04\/14\/aprilia-vivemen\/","name":"APRILIA: Vivement demain ! - leblogmoto.com","isPartOf":{"@id":"https:\/\/blogs.thesocialmedia.com\/leblogmoto\/#website"},"primaryImageOfPage":{"@id":"https:\/\/blogs.thesocialmedia.com\/leblogmoto\/2006\/04\/14\/aprilia-vivemen\/#primaryimage"},"image":{"@id":"https:\/\/blogs.thesocialmedia.com\/leblogmoto\/2006\/04\/14\/aprilia-vivemen\/#primaryimage"},"thumbnailUrl":"http:\/\/www.leblogmoto.com\/images\/10360_aprilia_sbk_v4_nel_2008.jpg","datePublished":"2006-04-14T18:33:46+00:00","dateModified":"2012-07-11T14:20:02+00:00","author":{"@id":"https:\/\/blogs.thesocialmedia.com\/leblogmoto\/#\/schema\/person\/1a1dcfc7cec206573105eb4af91155c2"},"breadcrumb":{"@id":"https:\/\/blogs.thesocialmedia.com\/leblogmoto\/2006\/04\/14\/aprilia-vivemen\/#breadcrumb"},"inLanguage":"fr-FR","potentialAction":[{"@type":"ReadAction","target":["https:\/\/blogs.thesocialmedia.com\/leblogmoto\/2006\/04\/14\/aprilia-vivemen\/"]}]},{"@type":"ImageObject","inLanguage":"fr-FR","@id":"https:\/\/blogs.thesocialmedia.com\/leblogmoto\/2006\/04\/14\/aprilia-vivemen\/#primaryimage","url":"http:\/\/www.leblogmoto.com\/images\/10360_aprilia_sbk_v4_nel_2008.jpg","contentUrl":"http:\/\/www.leblogmoto.com\/images\/10360_aprilia_sbk_v4_nel_2008.jpg"},{"@type":"BreadcrumbList","@id":"https:\/\/blogs.thesocialmedia.com\/leblogmoto\/2006\/04\/14\/aprilia-vivemen\/#breadcrumb","itemListElement":[{"@type":"ListItem","position":1,"name":"Accueil","item":"https:\/\/blogs.thesocialmedia.com\/leblogmoto\/"},{"@type":"ListItem","position":2,"name":"APRILIA: Vivement demain !"}]},{"@type":"WebSite","@id":"https:\/\/blogs.thesocialmedia.com\/leblogmoto\/#website","url":"https:\/\/blogs.thesocialmedia.com\/leblogmoto\/","name":"leblogmoto","description":"Toute l&#039;actualit\u00e9 des 2 roues","potentialAction":[{"@type":"SearchAction","target":{"@type":"EntryPoint","urlTemplate":"https:\/\/blogs.thesocialmedia.com\/leblogmoto\/?s={search_term_string}"},"query-input":{"@type":"PropertyValueSpecification","valueRequired":true,"valueName":"search_term_string"}}],"inLanguage":"fr-FR"},{"@type":"Person","@id":"https:\/\/blogs.thesocialmedia.com\/leblogmoto\/#\/schema\/person\/1a1dcfc7cec206573105eb4af91155c2","name":"andre leconde","image":{"@type":"ImageObject","inLanguage":"fr-FR","@id":"https:\/\/blogs.thesocialmedia.com\/leblogmoto\/#\/schema\/person\/image\/","url":"https:\/\/secure.gravatar.com\/avatar\/?s=96&d=mm&r=g","contentUrl":"https:\/\/secure.gravatar.com\/avatar\/?s=96&d=mm&r=g","caption":"andre leconde"},"url":"https:\/\/blogs.thesocialmedia.com\/leblogmoto\/author\/andre-leconde\/"}]}},"_links":{"self":[{"href":"https:\/\/blogs.thesocialmedia.com\/leblogmoto\/wp-json\/wp\/v2\/posts\/1916","targetHints":{"allow":["GET"]}}],"collection":[{"href":"https:\/\/blogs.thesocialmedia.com\/leblogmoto\/wp-json\/wp\/v2\/posts"}],"about":[{"href":"https:\/\/blogs.thesocialmedia.com\/leblogmoto\/wp-json\/wp\/v2\/types\/post"}],"author":[{"embeddable":true,"href":"https:\/\/blogs.thesocialmedia.com\/leblogmoto\/wp-json\/wp\/v2\/users\/336"}],"replies":[{"embeddable":true,"href":"https:\/\/blogs.thesocialmedia.com\/leblogmoto\/wp-json\/wp\/v2\/comments?post=1916"}],"version-history":[{"count":2,"href":"https:\/\/blogs.thesocialmedia.com\/leblogmoto\/wp-json\/wp\/v2\/posts\/1916\/revisions"}],"predecessor-version":[{"id":7320,"href":"https:\/\/blogs.thesocialmedia.com\/leblogmoto\/wp-json\/wp\/v2\/posts\/1916\/revisions\/7320"}],"wp:attachment":[{"href":"https:\/\/blogs.thesocialmedia.com\/leblogmoto\/wp-json\/wp\/v2\/media?parent=1916"}],"wp:term":[{"taxonomy":"category","embeddable":true,"href":"https:\/\/blogs.thesocialmedia.com\/leblogmoto\/wp-json\/wp\/v2\/categories?post=1916"},{"taxonomy":"post_tag","embeddable":true,"href":"https:\/\/blogs.thesocialmedia.com\/leblogmoto\/wp-json\/wp\/v2\/tags?post=1916"}],"curies":[{"name":"wp","href":"https:\/\/api.w.org\/{rel}","templated":true}]}}