{"id":1922,"date":"2006-04-12T21:47:04","date_gmt":"2006-04-12T21:47:04","guid":{"rendered":"http:\/\/blogs.thesocialmedia.com\/leblogmoto\/2006\/04\/12\/rappels-massifs\/"},"modified":"2012-07-11T14:19:53","modified_gmt":"2012-07-11T14:19:53","slug":"rappels-massifs","status":"publish","type":"post","link":"https:\/\/blogs.thesocialmedia.com\/leblogmoto\/2006\/04\/12\/rappels-massifs\/","title":{"rendered":"Rappels massifs chez BMW"},"content":{"rendered":"<p><a href=\"http:\/\/blogs.thesocialmedia.com\/leblogmoto\/files\/2012\/07\/bmw_logo_1.jpg\"><img loading=\"lazy\" decoding=\"async\" height=\"173\" alt=\"Bmw_logo_1\" src=\"http:\/\/www.leblogmoto.com\/images\/bmw_logo_1.jpg\" width=\"250\"  \/><\/a>Le constructeur <a href=\"http:\/\/www.leblogmoto.com\/2006\/04\/bmw_f_800_s_et_.html\">BMW<\/a> a fait savoir qu&rsquo;il allait proc\u00e9der \u00e0 une op\u00e9ration cons\u00e9quente de rappel de ses motos, en raison d&rsquo;un dysfonctionnement relev\u00e9 du syst\u00e8me <strong>ABS<\/strong>.<\/p>\n<p><strong>90 000<\/strong> machines devraient \u00eatre concern\u00e9es parmis les mod\u00e8les <a href=\"http:\/\/www.leblogmoto.com\/2005\/11\/bmw_r_1200_s.html\">Boxer<\/a> et <a href=\"http:\/\/www.leblogmoto.com\/2005\/11\/bmw_k_1200_r.html\">K<\/a>. <\/p>\n<p>BMW pr\u00e9cise, qu&rsquo;en usage quotidien, aucun danger n&rsquo;est \u00e0 craindre. L&rsquo;op\u00e9ration \u00e0 effectuer ne co\u00fbtera bien s\u00fbr rien \u00e0 un client qui ne devrait pas \u00eatre sevr\u00e9 de sa machine plus deux heures.<\/p>\n<p>Les pr\u00e9cisions quant \u00e0 la constatation de ce probl\u00e8me et les modalit\u00e9s de ces rappels sont encore \u00e0 venir.<\/p>\n<p>SOURCE: <a href=\"http:\/\/www.wheels24.co.za\">www.wheels24.co.za<\/a>&nbsp; <\/p><\/p>\n","protected":false},"excerpt":{"rendered":"<p>Le constructeur BMW a fait savoir qu&rsquo;il allait proc\u00e9der \u00e0 une op\u00e9ration cons\u00e9quente de rappel de ses motos, en raison d&rsquo;un dysfonctionnement relev\u00e9 du syst\u00e8me ABS. 90 000 machines devraient \u00eatre concern\u00e9es parmis les mod\u00e8les Boxer et K. BMW pr\u00e9cise, qu&rsquo;en usage quotidien, aucun danger n&rsquo;est \u00e0 craindre. L&rsquo;op\u00e9ration \u00e0 effectuer ne co\u00fbtera bien s\u00fbr [&hellip;]<\/p>\n","protected":false},"author":336,"featured_media":0,"comment_status":"open","ping_status":"open","sticky":false,"template":"","format":"standard","meta":{"footnotes":""},"categories":[49,7],"tags":[],"class_list":["post-1922","post","type-post","status-publish","format-standard","hentry","category-actualites-entreprise","category-bmw"],"yoast_head":"<!-- This site is optimized with the Yoast SEO plugin v26.0 - https:\/\/yoast.com\/wordpress\/plugins\/seo\/ -->\n<title>Rappels massifs chez BMW - leblogmoto.com<\/title>\n<meta name=\"robots\" content=\"index, follow, max-snippet:-1, max-image-preview:large, max-video-preview:-1\" \/>\n<link rel=\"canonical\" href=\"https:\/\/blogs.thesocialmedia.com\/leblogmoto\/2006\/04\/12\/rappels-massifs\/\" \/>\n<meta name=\"twitter:card\" content=\"summary_large_image\" \/>\n<meta name=\"twitter:title\" content=\"Rappels massifs chez BMW - leblogmoto.com\" \/>\n<meta name=\"twitter:description\" content=\"Le constructeur BMW a fait savoir qu&rsquo;il allait proc\u00e9der \u00e0 une op\u00e9ration cons\u00e9quente de rappel de ses motos, en raison d&rsquo;un dysfonctionnement relev\u00e9 du syst\u00e8me ABS. 90 000 machines devraient \u00eatre concern\u00e9es parmis les mod\u00e8les Boxer et K. BMW pr\u00e9cise, qu&rsquo;en usage quotidien, aucun danger n&rsquo;est \u00e0 craindre. L&rsquo;op\u00e9ration \u00e0 effectuer ne co\u00fbtera bien s\u00fbr [&hellip;]\" \/>\n<meta name=\"twitter:image\" content=\"http:\/\/www.leblogmoto.com\/images\/bmw_logo_1.jpg\" \/>\n<meta name=\"twitter:label1\" content=\"\u00c9crit par\" \/>\n\t<meta name=\"twitter:data1\" content=\"andre leconde\" \/>\n\t<meta name=\"twitter:label2\" content=\"Dur\u00e9e de lecture estim\u00e9e\" \/>\n\t<meta name=\"twitter:data2\" content=\"1 minute\" \/>\n<script type=\"application\/ld+json\" class=\"yoast-schema-graph\">{\"@context\":\"https:\/\/schema.org\",\"@graph\":[{\"@type\":\"WebPage\",\"@id\":\"https:\/\/blogs.thesocialmedia.com\/leblogmoto\/2006\/04\/12\/rappels-massifs\/\",\"url\":\"https:\/\/blogs.thesocialmedia.com\/leblogmoto\/2006\/04\/12\/rappels-massifs\/\",\"name\":\"Rappels massifs chez BMW - leblogmoto.com\",\"isPartOf\":{\"@id\":\"https:\/\/blogs.thesocialmedia.com\/leblogmoto\/#website\"},\"primaryImageOfPage\":{\"@id\":\"https:\/\/blogs.thesocialmedia.com\/leblogmoto\/2006\/04\/12\/rappels-massifs\/#primaryimage\"},\"image\":{\"@id\":\"https:\/\/blogs.thesocialmedia.com\/leblogmoto\/2006\/04\/12\/rappels-massifs\/#primaryimage\"},\"thumbnailUrl\":\"http:\/\/www.leblogmoto.com\/images\/bmw_logo_1.jpg\",\"datePublished\":\"2006-04-12T21:47:04+00:00\",\"dateModified\":\"2012-07-11T14:19:53+00:00\",\"author\":{\"@id\":\"https:\/\/blogs.thesocialmedia.com\/leblogmoto\/#\/schema\/person\/1a1dcfc7cec206573105eb4af91155c2\"},\"breadcrumb\":{\"@id\":\"https:\/\/blogs.thesocialmedia.com\/leblogmoto\/2006\/04\/12\/rappels-massifs\/#breadcrumb\"},\"inLanguage\":\"fr-FR\",\"potentialAction\":[{\"@type\":\"ReadAction\",\"target\":[\"https:\/\/blogs.thesocialmedia.com\/leblogmoto\/2006\/04\/12\/rappels-massifs\/\"]}]},{\"@type\":\"ImageObject\",\"inLanguage\":\"fr-FR\",\"@id\":\"https:\/\/blogs.thesocialmedia.com\/leblogmoto\/2006\/04\/12\/rappels-massifs\/#primaryimage\",\"url\":\"http:\/\/www.leblogmoto.com\/images\/bmw_logo_1.jpg\",\"contentUrl\":\"http:\/\/www.leblogmoto.com\/images\/bmw_logo_1.jpg\"},{\"@type\":\"BreadcrumbList\",\"@id\":\"https:\/\/blogs.thesocialmedia.com\/leblogmoto\/2006\/04\/12\/rappels-massifs\/#breadcrumb\",\"itemListElement\":[{\"@type\":\"ListItem\",\"position\":1,\"name\":\"Accueil\",\"item\":\"https:\/\/blogs.thesocialmedia.com\/leblogmoto\/\"},{\"@type\":\"ListItem\",\"position\":2,\"name\":\"Rappels massifs chez BMW\"}]},{\"@type\":\"WebSite\",\"@id\":\"https:\/\/blogs.thesocialmedia.com\/leblogmoto\/#website\",\"url\":\"https:\/\/blogs.thesocialmedia.com\/leblogmoto\/\",\"name\":\"leblogmoto\",\"description\":\"Toute l&#039;actualit\u00e9 des 2 roues\",\"potentialAction\":[{\"@type\":\"SearchAction\",\"target\":{\"@type\":\"EntryPoint\",\"urlTemplate\":\"https:\/\/blogs.thesocialmedia.com\/leblogmoto\/?s={search_term_string}\"},\"query-input\":{\"@type\":\"PropertyValueSpecification\",\"valueRequired\":true,\"valueName\":\"search_term_string\"}}],\"inLanguage\":\"fr-FR\"},{\"@type\":\"Person\",\"@id\":\"https:\/\/blogs.thesocialmedia.com\/leblogmoto\/#\/schema\/person\/1a1dcfc7cec206573105eb4af91155c2\",\"name\":\"andre leconde\",\"image\":{\"@type\":\"ImageObject\",\"inLanguage\":\"fr-FR\",\"@id\":\"https:\/\/blogs.thesocialmedia.com\/leblogmoto\/#\/schema\/person\/image\/\",\"url\":\"https:\/\/secure.gravatar.com\/avatar\/?s=96&d=mm&r=g\",\"contentUrl\":\"https:\/\/secure.gravatar.com\/avatar\/?s=96&d=mm&r=g\",\"caption\":\"andre leconde\"},\"url\":\"https:\/\/blogs.thesocialmedia.com\/leblogmoto\/author\/andre-leconde\/\"}]}<\/script>\n<!-- \/ Yoast SEO plugin. -->","yoast_head_json":{"title":"Rappels massifs chez BMW - leblogmoto.com","robots":{"index":"index","follow":"follow","max-snippet":"max-snippet:-1","max-image-preview":"max-image-preview:large","max-video-preview":"max-video-preview:-1"},"canonical":"https:\/\/blogs.thesocialmedia.com\/leblogmoto\/2006\/04\/12\/rappels-massifs\/","twitter_card":"summary_large_image","twitter_title":"Rappels massifs chez BMW - leblogmoto.com","twitter_description":"Le constructeur BMW a fait savoir qu&rsquo;il allait proc\u00e9der \u00e0 une op\u00e9ration cons\u00e9quente de rappel de ses motos, en raison d&rsquo;un dysfonctionnement relev\u00e9 du syst\u00e8me ABS. 90 000 machines devraient \u00eatre concern\u00e9es parmis les mod\u00e8les Boxer et K. BMW pr\u00e9cise, qu&rsquo;en usage quotidien, aucun danger n&rsquo;est \u00e0 craindre. L&rsquo;op\u00e9ration \u00e0 effectuer ne co\u00fbtera bien s\u00fbr [&hellip;]","twitter_image":"http:\/\/www.leblogmoto.com\/images\/bmw_logo_1.jpg","twitter_misc":{"\u00c9crit par":"andre leconde","Dur\u00e9e de lecture estim\u00e9e":"1 minute"},"schema":{"@context":"https:\/\/schema.org","@graph":[{"@type":"WebPage","@id":"https:\/\/blogs.thesocialmedia.com\/leblogmoto\/2006\/04\/12\/rappels-massifs\/","url":"https:\/\/blogs.thesocialmedia.com\/leblogmoto\/2006\/04\/12\/rappels-massifs\/","name":"Rappels massifs chez BMW - leblogmoto.com","isPartOf":{"@id":"https:\/\/blogs.thesocialmedia.com\/leblogmoto\/#website"},"primaryImageOfPage":{"@id":"https:\/\/blogs.thesocialmedia.com\/leblogmoto\/2006\/04\/12\/rappels-massifs\/#primaryimage"},"image":{"@id":"https:\/\/blogs.thesocialmedia.com\/leblogmoto\/2006\/04\/12\/rappels-massifs\/#primaryimage"},"thumbnailUrl":"http:\/\/www.leblogmoto.com\/images\/bmw_logo_1.jpg","datePublished":"2006-04-12T21:47:04+00:00","dateModified":"2012-07-11T14:19:53+00:00","author":{"@id":"https:\/\/blogs.thesocialmedia.com\/leblogmoto\/#\/schema\/person\/1a1dcfc7cec206573105eb4af91155c2"},"breadcrumb":{"@id":"https:\/\/blogs.thesocialmedia.com\/leblogmoto\/2006\/04\/12\/rappels-massifs\/#breadcrumb"},"inLanguage":"fr-FR","potentialAction":[{"@type":"ReadAction","target":["https:\/\/blogs.thesocialmedia.com\/leblogmoto\/2006\/04\/12\/rappels-massifs\/"]}]},{"@type":"ImageObject","inLanguage":"fr-FR","@id":"https:\/\/blogs.thesocialmedia.com\/leblogmoto\/2006\/04\/12\/rappels-massifs\/#primaryimage","url":"http:\/\/www.leblogmoto.com\/images\/bmw_logo_1.jpg","contentUrl":"http:\/\/www.leblogmoto.com\/images\/bmw_logo_1.jpg"},{"@type":"BreadcrumbList","@id":"https:\/\/blogs.thesocialmedia.com\/leblogmoto\/2006\/04\/12\/rappels-massifs\/#breadcrumb","itemListElement":[{"@type":"ListItem","position":1,"name":"Accueil","item":"https:\/\/blogs.thesocialmedia.com\/leblogmoto\/"},{"@type":"ListItem","position":2,"name":"Rappels massifs chez BMW"}]},{"@type":"WebSite","@id":"https:\/\/blogs.thesocialmedia.com\/leblogmoto\/#website","url":"https:\/\/blogs.thesocialmedia.com\/leblogmoto\/","name":"leblogmoto","description":"Toute l&#039;actualit\u00e9 des 2 roues","potentialAction":[{"@type":"SearchAction","target":{"@type":"EntryPoint","urlTemplate":"https:\/\/blogs.thesocialmedia.com\/leblogmoto\/?s={search_term_string}"},"query-input":{"@type":"PropertyValueSpecification","valueRequired":true,"valueName":"search_term_string"}}],"inLanguage":"fr-FR"},{"@type":"Person","@id":"https:\/\/blogs.thesocialmedia.com\/leblogmoto\/#\/schema\/person\/1a1dcfc7cec206573105eb4af91155c2","name":"andre leconde","image":{"@type":"ImageObject","inLanguage":"fr-FR","@id":"https:\/\/blogs.thesocialmedia.com\/leblogmoto\/#\/schema\/person\/image\/","url":"https:\/\/secure.gravatar.com\/avatar\/?s=96&d=mm&r=g","contentUrl":"https:\/\/secure.gravatar.com\/avatar\/?s=96&d=mm&r=g","caption":"andre leconde"},"url":"https:\/\/blogs.thesocialmedia.com\/leblogmoto\/author\/andre-leconde\/"}]}},"_links":{"self":[{"href":"https:\/\/blogs.thesocialmedia.com\/leblogmoto\/wp-json\/wp\/v2\/posts\/1922","targetHints":{"allow":["GET"]}}],"collection":[{"href":"https:\/\/blogs.thesocialmedia.com\/leblogmoto\/wp-json\/wp\/v2\/posts"}],"about":[{"href":"https:\/\/blogs.thesocialmedia.com\/leblogmoto\/wp-json\/wp\/v2\/types\/post"}],"author":[{"embeddable":true,"href":"https:\/\/blogs.thesocialmedia.com\/leblogmoto\/wp-json\/wp\/v2\/users\/336"}],"replies":[{"embeddable":true,"href":"https:\/\/blogs.thesocialmedia.com\/leblogmoto\/wp-json\/wp\/v2\/comments?post=1922"}],"version-history":[{"count":2,"href":"https:\/\/blogs.thesocialmedia.com\/leblogmoto\/wp-json\/wp\/v2\/posts\/1922\/revisions"}],"predecessor-version":[{"id":7310,"href":"https:\/\/blogs.thesocialmedia.com\/leblogmoto\/wp-json\/wp\/v2\/posts\/1922\/revisions\/7310"}],"wp:attachment":[{"href":"https:\/\/blogs.thesocialmedia.com\/leblogmoto\/wp-json\/wp\/v2\/media?parent=1922"}],"wp:term":[{"taxonomy":"category","embeddable":true,"href":"https:\/\/blogs.thesocialmedia.com\/leblogmoto\/wp-json\/wp\/v2\/categories?post=1922"},{"taxonomy":"post_tag","embeddable":true,"href":"https:\/\/blogs.thesocialmedia.com\/leblogmoto\/wp-json\/wp\/v2\/tags?post=1922"}],"curies":[{"name":"wp","href":"https:\/\/api.w.org\/{rel}","templated":true}]}}