{"id":1928,"date":"2006-04-10T19:32:35","date_gmt":"2006-04-10T19:32:35","guid":{"rendered":"http:\/\/blogs.thesocialmedia.com\/leblogmoto\/2006\/04\/10\/le-mans-avec-mc\/"},"modified":"2012-07-11T14:19:43","modified_gmt":"2012-07-11T14:19:43","slug":"le-mans-avec-mc","status":"publish","type":"post","link":"https:\/\/blogs.thesocialmedia.com\/leblogmoto\/2006\/04\/10\/le-mans-avec-mc\/","title":{"rendered":"LE MANS: Avec Mc COY chez GMT 94"},"content":{"rendered":"<p><a href=\"http:\/\/blogs.thesocialmedia.com\/leblogmoto\/files\/2012\/07\/041209_fpr.jpg\"><img loading=\"lazy\" decoding=\"async\" height=\"188\" alt=\"041209_fpr\" src=\"http:\/\/www.leblogmoto.com\/images\/041209_fpr.jpg\" width=\"250\"  \/><\/a>L&rsquo;australien n&rsquo;a rien perdu de sa motivation et cherche une solution pour ranimer sa carri\u00e8re. La tentative vers le <a href=\"http:\/\/www.leblogmoto.com\/2006\/03\/mc_coy_vise_le_.html\">SM<\/a> semble au point mort, si bien que le petit Garry s&rsquo;est propos\u00e9 pour disputer la prestigieuse \u00e9preuve des <strong>24H00 du MANS<\/strong>.<\/p>\n<p>Il effectuera ce tour d&rsquo;horloge avec&nbsp; une <strong>YAMAHA<\/strong>, mais pas n&rsquo;importe laquelle puisqu&rsquo;il s&rsquo;ag\u00eet d&rsquo;une <a href=\"http:\/\/www.leblogmoto.com\/2005\/06\/yamaha_yzf_1000.html\">R1<\/a> fran\u00e7aise, engag\u00e9e par le Team <strong>GMT 94<\/strong> qui n&rsquo;en finit pas de se tailler une r\u00e9putation d&rsquo;\u00e9curie de pointe, amplifi\u00e9e depuis son engagement en <a href=\"http:\/\/www.leblogmoto.com\/2006\/02\/sbk_situation_d.html\">WSBK<\/a>&#8230;&nbsp; <\/p>\n<p><a href=\"http:\/\/clabedan.typepad.com\/.shared\/image.html?\/photos\/uncategorized\/team9401.jpg\"><img loading=\"lazy\" decoding=\"async\" height=\"332\" alt=\"Team9401\" src=\"http:\/\/www.leblogmoto.com\/images\/team9401.jpg\" width=\"250\"  \/><\/a>Les <strong>23 et 24 avril<\/strong> prochain, il faudra surveiller cette machine du <strong>Guyot Motorcycle Team<\/strong>, structure qui a d\u00e9j\u00e0 enlev\u00e9 les 24H00 en <strong>2001<\/strong> et <strong>2005<\/strong>.<\/p>\n<p>Sur sa selle, un trio d&rsquo;enfer aura d&rsquo;autres ambitions que de faire de la simple figuration puisque en compagnie de <strong>McCOY<\/strong>, les bien connus<strong> David CHECA<\/strong> et <strong>GIMBERT<\/strong> seront de la partie.<\/p>\n<p>Avec ses <strong>cinq<\/strong> victoires en GP et <strong>une<\/strong> en SBK, Garry McCOY aura \u00e0 coeur de bien faire pour se relancer au travers une \u00e9preuve phare. Et pour ce faire, un succ\u00e8s serait \u00e9videmment tr\u00e9s bien venu.<\/p>\n<p>SOURCE: <a href=\"http:\/\/www.gmt.fr\">www.gmt.fr<\/a><\/p>\n<p>&nbsp; <\/p>\n","protected":false},"excerpt":{"rendered":"<p>L&rsquo;australien n&rsquo;a rien perdu de sa motivation et cherche une solution pour ranimer sa carri\u00e8re. La tentative vers le SM semble au point mort, si bien que le petit Garry s&rsquo;est propos\u00e9 pour disputer la prestigieuse \u00e9preuve des 24H00 du MANS. Il effectuera ce tour d&rsquo;horloge avec&nbsp; une YAMAHA, mais pas n&rsquo;importe laquelle puisqu&rsquo;il s&rsquo;ag\u00eet [&hellip;]<\/p>\n","protected":false},"author":336,"featured_media":0,"comment_status":"open","ping_status":"open","sticky":false,"template":"","format":"standard","meta":{"footnotes":""},"categories":[32,44],"tags":[],"class_list":["post-1928","post","type-post","status-publish","format-standard","hentry","category-sport-moto","category-yamaha"],"yoast_head":"<!-- This site is optimized with the Yoast SEO plugin v26.0 - https:\/\/yoast.com\/wordpress\/plugins\/seo\/ -->\n<title>LE MANS: Avec Mc COY chez GMT 94 - leblogmoto.com<\/title>\n<meta name=\"robots\" content=\"index, follow, max-snippet:-1, max-image-preview:large, max-video-preview:-1\" \/>\n<link rel=\"canonical\" href=\"https:\/\/blogs.thesocialmedia.com\/leblogmoto\/2006\/04\/10\/le-mans-avec-mc\/\" \/>\n<meta name=\"twitter:card\" content=\"summary_large_image\" \/>\n<meta name=\"twitter:title\" content=\"LE MANS: Avec Mc COY chez GMT 94 - leblogmoto.com\" \/>\n<meta name=\"twitter:description\" content=\"L&rsquo;australien n&rsquo;a rien perdu de sa motivation et cherche une solution pour ranimer sa carri\u00e8re. La tentative vers le SM semble au point mort, si bien que le petit Garry s&rsquo;est propos\u00e9 pour disputer la prestigieuse \u00e9preuve des 24H00 du MANS. Il effectuera ce tour d&rsquo;horloge avec&nbsp; une YAMAHA, mais pas n&rsquo;importe laquelle puisqu&rsquo;il s&rsquo;ag\u00eet [&hellip;]\" \/>\n<meta name=\"twitter:image\" content=\"http:\/\/www.leblogmoto.com\/images\/041209_fpr.jpg\" \/>\n<meta name=\"twitter:label1\" content=\"\u00c9crit par\" \/>\n\t<meta name=\"twitter:data1\" content=\"andre leconde\" \/>\n\t<meta name=\"twitter:label2\" content=\"Dur\u00e9e de lecture estim\u00e9e\" \/>\n\t<meta name=\"twitter:data2\" content=\"1 minute\" \/>\n<script type=\"application\/ld+json\" class=\"yoast-schema-graph\">{\"@context\":\"https:\/\/schema.org\",\"@graph\":[{\"@type\":\"WebPage\",\"@id\":\"https:\/\/blogs.thesocialmedia.com\/leblogmoto\/2006\/04\/10\/le-mans-avec-mc\/\",\"url\":\"https:\/\/blogs.thesocialmedia.com\/leblogmoto\/2006\/04\/10\/le-mans-avec-mc\/\",\"name\":\"LE MANS: Avec Mc COY chez GMT 94 - leblogmoto.com\",\"isPartOf\":{\"@id\":\"https:\/\/blogs.thesocialmedia.com\/leblogmoto\/#website\"},\"primaryImageOfPage\":{\"@id\":\"https:\/\/blogs.thesocialmedia.com\/leblogmoto\/2006\/04\/10\/le-mans-avec-mc\/#primaryimage\"},\"image\":{\"@id\":\"https:\/\/blogs.thesocialmedia.com\/leblogmoto\/2006\/04\/10\/le-mans-avec-mc\/#primaryimage\"},\"thumbnailUrl\":\"http:\/\/www.leblogmoto.com\/images\/041209_fpr.jpg\",\"datePublished\":\"2006-04-10T19:32:35+00:00\",\"dateModified\":\"2012-07-11T14:19:43+00:00\",\"author\":{\"@id\":\"https:\/\/blogs.thesocialmedia.com\/leblogmoto\/#\/schema\/person\/1a1dcfc7cec206573105eb4af91155c2\"},\"breadcrumb\":{\"@id\":\"https:\/\/blogs.thesocialmedia.com\/leblogmoto\/2006\/04\/10\/le-mans-avec-mc\/#breadcrumb\"},\"inLanguage\":\"fr-FR\",\"potentialAction\":[{\"@type\":\"ReadAction\",\"target\":[\"https:\/\/blogs.thesocialmedia.com\/leblogmoto\/2006\/04\/10\/le-mans-avec-mc\/\"]}]},{\"@type\":\"ImageObject\",\"inLanguage\":\"fr-FR\",\"@id\":\"https:\/\/blogs.thesocialmedia.com\/leblogmoto\/2006\/04\/10\/le-mans-avec-mc\/#primaryimage\",\"url\":\"http:\/\/www.leblogmoto.com\/images\/041209_fpr.jpg\",\"contentUrl\":\"http:\/\/www.leblogmoto.com\/images\/041209_fpr.jpg\"},{\"@type\":\"BreadcrumbList\",\"@id\":\"https:\/\/blogs.thesocialmedia.com\/leblogmoto\/2006\/04\/10\/le-mans-avec-mc\/#breadcrumb\",\"itemListElement\":[{\"@type\":\"ListItem\",\"position\":1,\"name\":\"Accueil\",\"item\":\"https:\/\/blogs.thesocialmedia.com\/leblogmoto\/\"},{\"@type\":\"ListItem\",\"position\":2,\"name\":\"LE MANS: Avec Mc COY chez GMT 94\"}]},{\"@type\":\"WebSite\",\"@id\":\"https:\/\/blogs.thesocialmedia.com\/leblogmoto\/#website\",\"url\":\"https:\/\/blogs.thesocialmedia.com\/leblogmoto\/\",\"name\":\"leblogmoto\",\"description\":\"Toute l&#039;actualit\u00e9 des 2 roues\",\"potentialAction\":[{\"@type\":\"SearchAction\",\"target\":{\"@type\":\"EntryPoint\",\"urlTemplate\":\"https:\/\/blogs.thesocialmedia.com\/leblogmoto\/?s={search_term_string}\"},\"query-input\":{\"@type\":\"PropertyValueSpecification\",\"valueRequired\":true,\"valueName\":\"search_term_string\"}}],\"inLanguage\":\"fr-FR\"},{\"@type\":\"Person\",\"@id\":\"https:\/\/blogs.thesocialmedia.com\/leblogmoto\/#\/schema\/person\/1a1dcfc7cec206573105eb4af91155c2\",\"name\":\"andre leconde\",\"image\":{\"@type\":\"ImageObject\",\"inLanguage\":\"fr-FR\",\"@id\":\"https:\/\/blogs.thesocialmedia.com\/leblogmoto\/#\/schema\/person\/image\/\",\"url\":\"https:\/\/secure.gravatar.com\/avatar\/?s=96&d=mm&r=g\",\"contentUrl\":\"https:\/\/secure.gravatar.com\/avatar\/?s=96&d=mm&r=g\",\"caption\":\"andre leconde\"},\"url\":\"https:\/\/blogs.thesocialmedia.com\/leblogmoto\/author\/andre-leconde\/\"}]}<\/script>\n<!-- \/ Yoast SEO plugin. -->","yoast_head_json":{"title":"LE MANS: Avec Mc COY chez GMT 94 - leblogmoto.com","robots":{"index":"index","follow":"follow","max-snippet":"max-snippet:-1","max-image-preview":"max-image-preview:large","max-video-preview":"max-video-preview:-1"},"canonical":"https:\/\/blogs.thesocialmedia.com\/leblogmoto\/2006\/04\/10\/le-mans-avec-mc\/","twitter_card":"summary_large_image","twitter_title":"LE MANS: Avec Mc COY chez GMT 94 - leblogmoto.com","twitter_description":"L&rsquo;australien n&rsquo;a rien perdu de sa motivation et cherche une solution pour ranimer sa carri\u00e8re. La tentative vers le SM semble au point mort, si bien que le petit Garry s&rsquo;est propos\u00e9 pour disputer la prestigieuse \u00e9preuve des 24H00 du MANS. Il effectuera ce tour d&rsquo;horloge avec&nbsp; une YAMAHA, mais pas n&rsquo;importe laquelle puisqu&rsquo;il s&rsquo;ag\u00eet [&hellip;]","twitter_image":"http:\/\/www.leblogmoto.com\/images\/041209_fpr.jpg","twitter_misc":{"\u00c9crit par":"andre leconde","Dur\u00e9e de lecture estim\u00e9e":"1 minute"},"schema":{"@context":"https:\/\/schema.org","@graph":[{"@type":"WebPage","@id":"https:\/\/blogs.thesocialmedia.com\/leblogmoto\/2006\/04\/10\/le-mans-avec-mc\/","url":"https:\/\/blogs.thesocialmedia.com\/leblogmoto\/2006\/04\/10\/le-mans-avec-mc\/","name":"LE MANS: Avec Mc COY chez GMT 94 - leblogmoto.com","isPartOf":{"@id":"https:\/\/blogs.thesocialmedia.com\/leblogmoto\/#website"},"primaryImageOfPage":{"@id":"https:\/\/blogs.thesocialmedia.com\/leblogmoto\/2006\/04\/10\/le-mans-avec-mc\/#primaryimage"},"image":{"@id":"https:\/\/blogs.thesocialmedia.com\/leblogmoto\/2006\/04\/10\/le-mans-avec-mc\/#primaryimage"},"thumbnailUrl":"http:\/\/www.leblogmoto.com\/images\/041209_fpr.jpg","datePublished":"2006-04-10T19:32:35+00:00","dateModified":"2012-07-11T14:19:43+00:00","author":{"@id":"https:\/\/blogs.thesocialmedia.com\/leblogmoto\/#\/schema\/person\/1a1dcfc7cec206573105eb4af91155c2"},"breadcrumb":{"@id":"https:\/\/blogs.thesocialmedia.com\/leblogmoto\/2006\/04\/10\/le-mans-avec-mc\/#breadcrumb"},"inLanguage":"fr-FR","potentialAction":[{"@type":"ReadAction","target":["https:\/\/blogs.thesocialmedia.com\/leblogmoto\/2006\/04\/10\/le-mans-avec-mc\/"]}]},{"@type":"ImageObject","inLanguage":"fr-FR","@id":"https:\/\/blogs.thesocialmedia.com\/leblogmoto\/2006\/04\/10\/le-mans-avec-mc\/#primaryimage","url":"http:\/\/www.leblogmoto.com\/images\/041209_fpr.jpg","contentUrl":"http:\/\/www.leblogmoto.com\/images\/041209_fpr.jpg"},{"@type":"BreadcrumbList","@id":"https:\/\/blogs.thesocialmedia.com\/leblogmoto\/2006\/04\/10\/le-mans-avec-mc\/#breadcrumb","itemListElement":[{"@type":"ListItem","position":1,"name":"Accueil","item":"https:\/\/blogs.thesocialmedia.com\/leblogmoto\/"},{"@type":"ListItem","position":2,"name":"LE MANS: Avec Mc COY chez GMT 94"}]},{"@type":"WebSite","@id":"https:\/\/blogs.thesocialmedia.com\/leblogmoto\/#website","url":"https:\/\/blogs.thesocialmedia.com\/leblogmoto\/","name":"leblogmoto","description":"Toute l&#039;actualit\u00e9 des 2 roues","potentialAction":[{"@type":"SearchAction","target":{"@type":"EntryPoint","urlTemplate":"https:\/\/blogs.thesocialmedia.com\/leblogmoto\/?s={search_term_string}"},"query-input":{"@type":"PropertyValueSpecification","valueRequired":true,"valueName":"search_term_string"}}],"inLanguage":"fr-FR"},{"@type":"Person","@id":"https:\/\/blogs.thesocialmedia.com\/leblogmoto\/#\/schema\/person\/1a1dcfc7cec206573105eb4af91155c2","name":"andre leconde","image":{"@type":"ImageObject","inLanguage":"fr-FR","@id":"https:\/\/blogs.thesocialmedia.com\/leblogmoto\/#\/schema\/person\/image\/","url":"https:\/\/secure.gravatar.com\/avatar\/?s=96&d=mm&r=g","contentUrl":"https:\/\/secure.gravatar.com\/avatar\/?s=96&d=mm&r=g","caption":"andre leconde"},"url":"https:\/\/blogs.thesocialmedia.com\/leblogmoto\/author\/andre-leconde\/"}]}},"_links":{"self":[{"href":"https:\/\/blogs.thesocialmedia.com\/leblogmoto\/wp-json\/wp\/v2\/posts\/1928","targetHints":{"allow":["GET"]}}],"collection":[{"href":"https:\/\/blogs.thesocialmedia.com\/leblogmoto\/wp-json\/wp\/v2\/posts"}],"about":[{"href":"https:\/\/blogs.thesocialmedia.com\/leblogmoto\/wp-json\/wp\/v2\/types\/post"}],"author":[{"embeddable":true,"href":"https:\/\/blogs.thesocialmedia.com\/leblogmoto\/wp-json\/wp\/v2\/users\/336"}],"replies":[{"embeddable":true,"href":"https:\/\/blogs.thesocialmedia.com\/leblogmoto\/wp-json\/wp\/v2\/comments?post=1928"}],"version-history":[{"count":2,"href":"https:\/\/blogs.thesocialmedia.com\/leblogmoto\/wp-json\/wp\/v2\/posts\/1928\/revisions"}],"predecessor-version":[{"id":7298,"href":"https:\/\/blogs.thesocialmedia.com\/leblogmoto\/wp-json\/wp\/v2\/posts\/1928\/revisions\/7298"}],"wp:attachment":[{"href":"https:\/\/blogs.thesocialmedia.com\/leblogmoto\/wp-json\/wp\/v2\/media?parent=1928"}],"wp:term":[{"taxonomy":"category","embeddable":true,"href":"https:\/\/blogs.thesocialmedia.com\/leblogmoto\/wp-json\/wp\/v2\/categories?post=1928"},{"taxonomy":"post_tag","embeddable":true,"href":"https:\/\/blogs.thesocialmedia.com\/leblogmoto\/wp-json\/wp\/v2\/tags?post=1928"}],"curies":[{"name":"wp","href":"https:\/\/api.w.org\/{rel}","templated":true}]}}