{"id":1929,"date":"2006-04-09T21:39:18","date_gmt":"2006-04-09T21:39:18","guid":{"rendered":"http:\/\/blogs.thesocialmedia.com\/leblogmoto\/2006\/04\/09\/gp-heurts-et-ma\/"},"modified":"2012-07-11T14:19:41","modified_gmt":"2012-07-11T14:19:41","slug":"gp-heurts-et-ma","status":"publish","type":"post","link":"https:\/\/blogs.thesocialmedia.com\/leblogmoto\/2006\/04\/09\/gp-heurts-et-ma\/","title":{"rendered":"GP: Heurts et malheurs des \u00ab\u00a0frenchies\u00a0\u00bb"},"content":{"rendered":"<p><a href=\"http:\/\/blogs.thesocialmedia.com\/leblogmoto\/files\/2012\/07\/tohubohu_infirmiere.jpg\"><\/a><\/p>\n<p><a href=\"http:\/\/clabedan.typepad.com\/.shared\/image.html?\/photos\/uncategorized\/infirmiere.jpg\"><img loading=\"lazy\" decoding=\"async\" height=\"347\" alt=\"Infirmiere\" src=\"http:\/\/www.leblogmoto.com\/images\/infirmiere.jpg\" width=\"250\"  \/><\/a>L&rsquo;infirmerie de Grand-Prix compte deux tricolores de marque en ce d\u00e9but de saison. <\/p>\n<p><strong>Randy DE PUNIET<\/strong> et <strong>Alexis MASBOU<\/strong> payent au prix fort des chutes subies lors des s\u00e9ances de JEREZ. <\/p>\n<p>L&rsquo;un a toute la main droite s\u00e9v\u00e8rement contusionn\u00e9e alors que l&rsquo;autre se remet de multiples fractures au pied droit.<\/p>\n<p>Les deux pilotes se remettent doucement, tout en honorant leur statut de professionnel gr\u00e2ce aux soins intensifs prodigu\u00e9s par la clinique mobile du docteur <strong>COSTA<\/strong>. <\/p>\n<p>Etat des lieux&#8230;&nbsp; <\/p>\n<p><a href=\"http:\/\/blogs.thesocialmedia.com\/leblogmoto\/files\/2012\/07\/g06bdepu213.jpg\"><\/a><a href=\"http:\/\/clabedan.typepad.com\/.shared\/image.html?\/photos\/uncategorized\/01_01_4.jpg\"><img loading=\"lazy\" decoding=\"async\" height=\"210\" alt=\"01_01_4\" src=\"http:\/\/www.leblogmoto.com\/images\/01_01_4.jpg\" width=\"250\"  \/><\/a><strong>Alexis MASBOU<\/strong> souffre de pas moins de <strong>six<\/strong> fractures contract\u00e9es au pied droit suite \u00e0 une mauvaise culbute lors des essais <a href=\"http:\/\/www.leblogmoto.com\/2006\/04\/qatar_125_bauti.html\">125<\/a> de JEREZ. <strong>Sept<\/strong> jours d&rsquo;immobilisation n&rsquo;auront pas suffit pour consolider le d\u00e9sastre mais, malgr\u00e9 tout, Alexis a essay\u00e9 de rouler au <strong>QATAR<\/strong>. En vain. A la fin du mois, en <strong>Turquie<\/strong>, tout devrait \u00eatre plus ou moins en ordre pour reprendre la piste et chasser le chrono.<\/p>\n<p><a href=\"http:\/\/clabedan.typepad.com\/.shared\/image.html?\/photos\/uncategorized\/g06bdepu123.jpg\"><\/a>Pour <strong>Randy<\/strong>, c&rsquo;est warm-up de JEREZ qui a plac\u00e9 sa main droite sous la torture. Poignet tr\u00e8s contusionn\u00e9 et doigts \u00e0 la mobilit\u00e9 r\u00e9duite font de chaque acc\u00e9l\u00e9ration et <a href=\"http:\/\/clabedan.typepad.com\/.shared\/image.html?\/photos\/uncategorized\/g06bdepu123_1.jpg\"><img loading=\"lazy\" decoding=\"async\" height=\"165\" alt=\"G06bdepu123_1\" src=\"http:\/\/www.leblogmoto.com\/images\/g06bdepu123_1.jpg\" width=\"250\"  \/><\/a> freinage un <a href=\"http:\/\/www.leblogmoto.com\/2006\/04\/motogp_qatar_st.html\">calvaire<\/a>. Et ce d&rsquo;autant plus que cette partie droite est on ne peut plus importante pour le feeling du pilotage. Cette blessure l&rsquo;a contraint \u00e0 abandonner lors du GP espagnol alors qu&rsquo;elle l&rsquo;a vraiment handicap\u00e9 lors des <a href=\"http:\/\/www.leblogmoto.com\/2006\/04\/motogp_qatar_la.html\">essais qataris<\/a>. Les attelles et autres strappings ne devraient plus \u00eatre qu&rsquo;un mauvais souvenir \u00e0 l&rsquo;escale d&rsquo;Istanbul. La saison du fran\u00e7ais y devrait v\u00e9ritablement d\u00e9buter.<\/p>\n<p>Ce bilan d\u00e9montre deux choses: que le sport moto est impitoyable et que ses pilotes sont des sacr\u00e9s durs \u00e0 cuire.&nbsp; &nbsp;&nbsp; &nbsp; <\/p><\/p>\n","protected":false},"excerpt":{"rendered":"<p>L&rsquo;infirmerie de Grand-Prix compte deux tricolores de marque en ce d\u00e9but de saison. Randy DE PUNIET et Alexis MASBOU payent au prix fort des chutes subies lors des s\u00e9ances de JEREZ. L&rsquo;un a toute la main droite s\u00e9v\u00e8rement contusionn\u00e9e alors que l&rsquo;autre se remet de multiples fractures au pied droit. Les deux pilotes se remettent [&hellip;]<\/p>\n","protected":false},"author":336,"featured_media":0,"comment_status":"open","ping_status":"open","sticky":false,"template":"","format":"standard","meta":{"footnotes":""},"categories":[3,22,32],"tags":[],"class_list":["post-1929","post","type-post","status-publish","format-standard","hentry","category-actualite","category-motogp","category-sport-moto"],"yoast_head":"<!-- This site is optimized with the Yoast SEO plugin v26.0 - https:\/\/yoast.com\/wordpress\/plugins\/seo\/ -->\n<title>GP: Heurts et malheurs des &quot;frenchies&quot; - leblogmoto.com<\/title>\n<meta name=\"robots\" content=\"index, follow, max-snippet:-1, max-image-preview:large, max-video-preview:-1\" \/>\n<link rel=\"canonical\" href=\"https:\/\/blogs.thesocialmedia.com\/leblogmoto\/2006\/04\/09\/gp-heurts-et-ma\/\" \/>\n<meta name=\"twitter:card\" content=\"summary_large_image\" \/>\n<meta name=\"twitter:title\" content=\"GP: Heurts et malheurs des &quot;frenchies&quot; - leblogmoto.com\" \/>\n<meta name=\"twitter:description\" content=\"L&rsquo;infirmerie de Grand-Prix compte deux tricolores de marque en ce d\u00e9but de saison. Randy DE PUNIET et Alexis MASBOU payent au prix fort des chutes subies lors des s\u00e9ances de JEREZ. L&rsquo;un a toute la main droite s\u00e9v\u00e8rement contusionn\u00e9e alors que l&rsquo;autre se remet de multiples fractures au pied droit. Les deux pilotes se remettent [&hellip;]\" \/>\n<meta name=\"twitter:image\" content=\"http:\/\/www.leblogmoto.com\/images\/infirmiere.jpg\" \/>\n<meta name=\"twitter:label1\" content=\"\u00c9crit par\" \/>\n\t<meta name=\"twitter:data1\" content=\"andre leconde\" \/>\n\t<meta name=\"twitter:label2\" content=\"Dur\u00e9e de lecture estim\u00e9e\" \/>\n\t<meta name=\"twitter:data2\" content=\"1 minute\" \/>\n<script type=\"application\/ld+json\" class=\"yoast-schema-graph\">{\"@context\":\"https:\/\/schema.org\",\"@graph\":[{\"@type\":\"WebPage\",\"@id\":\"https:\/\/blogs.thesocialmedia.com\/leblogmoto\/2006\/04\/09\/gp-heurts-et-ma\/\",\"url\":\"https:\/\/blogs.thesocialmedia.com\/leblogmoto\/2006\/04\/09\/gp-heurts-et-ma\/\",\"name\":\"GP: Heurts et malheurs des \\\"frenchies\\\" - leblogmoto.com\",\"isPartOf\":{\"@id\":\"https:\/\/blogs.thesocialmedia.com\/leblogmoto\/#website\"},\"primaryImageOfPage\":{\"@id\":\"https:\/\/blogs.thesocialmedia.com\/leblogmoto\/2006\/04\/09\/gp-heurts-et-ma\/#primaryimage\"},\"image\":{\"@id\":\"https:\/\/blogs.thesocialmedia.com\/leblogmoto\/2006\/04\/09\/gp-heurts-et-ma\/#primaryimage\"},\"thumbnailUrl\":\"http:\/\/www.leblogmoto.com\/images\/infirmiere.jpg\",\"datePublished\":\"2006-04-09T21:39:18+00:00\",\"dateModified\":\"2012-07-11T14:19:41+00:00\",\"author\":{\"@id\":\"https:\/\/blogs.thesocialmedia.com\/leblogmoto\/#\/schema\/person\/1a1dcfc7cec206573105eb4af91155c2\"},\"breadcrumb\":{\"@id\":\"https:\/\/blogs.thesocialmedia.com\/leblogmoto\/2006\/04\/09\/gp-heurts-et-ma\/#breadcrumb\"},\"inLanguage\":\"fr-FR\",\"potentialAction\":[{\"@type\":\"ReadAction\",\"target\":[\"https:\/\/blogs.thesocialmedia.com\/leblogmoto\/2006\/04\/09\/gp-heurts-et-ma\/\"]}]},{\"@type\":\"ImageObject\",\"inLanguage\":\"fr-FR\",\"@id\":\"https:\/\/blogs.thesocialmedia.com\/leblogmoto\/2006\/04\/09\/gp-heurts-et-ma\/#primaryimage\",\"url\":\"http:\/\/www.leblogmoto.com\/images\/infirmiere.jpg\",\"contentUrl\":\"http:\/\/www.leblogmoto.com\/images\/infirmiere.jpg\"},{\"@type\":\"BreadcrumbList\",\"@id\":\"https:\/\/blogs.thesocialmedia.com\/leblogmoto\/2006\/04\/09\/gp-heurts-et-ma\/#breadcrumb\",\"itemListElement\":[{\"@type\":\"ListItem\",\"position\":1,\"name\":\"Accueil\",\"item\":\"https:\/\/blogs.thesocialmedia.com\/leblogmoto\/\"},{\"@type\":\"ListItem\",\"position\":2,\"name\":\"GP: Heurts et malheurs des \u00ab\u00a0frenchies\u00a0\u00bb\"}]},{\"@type\":\"WebSite\",\"@id\":\"https:\/\/blogs.thesocialmedia.com\/leblogmoto\/#website\",\"url\":\"https:\/\/blogs.thesocialmedia.com\/leblogmoto\/\",\"name\":\"leblogmoto\",\"description\":\"Toute l&#039;actualit\u00e9 des 2 roues\",\"potentialAction\":[{\"@type\":\"SearchAction\",\"target\":{\"@type\":\"EntryPoint\",\"urlTemplate\":\"https:\/\/blogs.thesocialmedia.com\/leblogmoto\/?s={search_term_string}\"},\"query-input\":{\"@type\":\"PropertyValueSpecification\",\"valueRequired\":true,\"valueName\":\"search_term_string\"}}],\"inLanguage\":\"fr-FR\"},{\"@type\":\"Person\",\"@id\":\"https:\/\/blogs.thesocialmedia.com\/leblogmoto\/#\/schema\/person\/1a1dcfc7cec206573105eb4af91155c2\",\"name\":\"andre leconde\",\"image\":{\"@type\":\"ImageObject\",\"inLanguage\":\"fr-FR\",\"@id\":\"https:\/\/blogs.thesocialmedia.com\/leblogmoto\/#\/schema\/person\/image\/\",\"url\":\"https:\/\/secure.gravatar.com\/avatar\/?s=96&d=mm&r=g\",\"contentUrl\":\"https:\/\/secure.gravatar.com\/avatar\/?s=96&d=mm&r=g\",\"caption\":\"andre leconde\"},\"url\":\"https:\/\/blogs.thesocialmedia.com\/leblogmoto\/author\/andre-leconde\/\"}]}<\/script>\n<!-- \/ Yoast SEO plugin. -->","yoast_head_json":{"title":"GP: Heurts et malheurs des \"frenchies\" - leblogmoto.com","robots":{"index":"index","follow":"follow","max-snippet":"max-snippet:-1","max-image-preview":"max-image-preview:large","max-video-preview":"max-video-preview:-1"},"canonical":"https:\/\/blogs.thesocialmedia.com\/leblogmoto\/2006\/04\/09\/gp-heurts-et-ma\/","twitter_card":"summary_large_image","twitter_title":"GP: Heurts et malheurs des \"frenchies\" - leblogmoto.com","twitter_description":"L&rsquo;infirmerie de Grand-Prix compte deux tricolores de marque en ce d\u00e9but de saison. Randy DE PUNIET et Alexis MASBOU payent au prix fort des chutes subies lors des s\u00e9ances de JEREZ. L&rsquo;un a toute la main droite s\u00e9v\u00e8rement contusionn\u00e9e alors que l&rsquo;autre se remet de multiples fractures au pied droit. Les deux pilotes se remettent [&hellip;]","twitter_image":"http:\/\/www.leblogmoto.com\/images\/infirmiere.jpg","twitter_misc":{"\u00c9crit par":"andre leconde","Dur\u00e9e de lecture estim\u00e9e":"1 minute"},"schema":{"@context":"https:\/\/schema.org","@graph":[{"@type":"WebPage","@id":"https:\/\/blogs.thesocialmedia.com\/leblogmoto\/2006\/04\/09\/gp-heurts-et-ma\/","url":"https:\/\/blogs.thesocialmedia.com\/leblogmoto\/2006\/04\/09\/gp-heurts-et-ma\/","name":"GP: Heurts et malheurs des \"frenchies\" - leblogmoto.com","isPartOf":{"@id":"https:\/\/blogs.thesocialmedia.com\/leblogmoto\/#website"},"primaryImageOfPage":{"@id":"https:\/\/blogs.thesocialmedia.com\/leblogmoto\/2006\/04\/09\/gp-heurts-et-ma\/#primaryimage"},"image":{"@id":"https:\/\/blogs.thesocialmedia.com\/leblogmoto\/2006\/04\/09\/gp-heurts-et-ma\/#primaryimage"},"thumbnailUrl":"http:\/\/www.leblogmoto.com\/images\/infirmiere.jpg","datePublished":"2006-04-09T21:39:18+00:00","dateModified":"2012-07-11T14:19:41+00:00","author":{"@id":"https:\/\/blogs.thesocialmedia.com\/leblogmoto\/#\/schema\/person\/1a1dcfc7cec206573105eb4af91155c2"},"breadcrumb":{"@id":"https:\/\/blogs.thesocialmedia.com\/leblogmoto\/2006\/04\/09\/gp-heurts-et-ma\/#breadcrumb"},"inLanguage":"fr-FR","potentialAction":[{"@type":"ReadAction","target":["https:\/\/blogs.thesocialmedia.com\/leblogmoto\/2006\/04\/09\/gp-heurts-et-ma\/"]}]},{"@type":"ImageObject","inLanguage":"fr-FR","@id":"https:\/\/blogs.thesocialmedia.com\/leblogmoto\/2006\/04\/09\/gp-heurts-et-ma\/#primaryimage","url":"http:\/\/www.leblogmoto.com\/images\/infirmiere.jpg","contentUrl":"http:\/\/www.leblogmoto.com\/images\/infirmiere.jpg"},{"@type":"BreadcrumbList","@id":"https:\/\/blogs.thesocialmedia.com\/leblogmoto\/2006\/04\/09\/gp-heurts-et-ma\/#breadcrumb","itemListElement":[{"@type":"ListItem","position":1,"name":"Accueil","item":"https:\/\/blogs.thesocialmedia.com\/leblogmoto\/"},{"@type":"ListItem","position":2,"name":"GP: Heurts et malheurs des \u00ab\u00a0frenchies\u00a0\u00bb"}]},{"@type":"WebSite","@id":"https:\/\/blogs.thesocialmedia.com\/leblogmoto\/#website","url":"https:\/\/blogs.thesocialmedia.com\/leblogmoto\/","name":"leblogmoto","description":"Toute l&#039;actualit\u00e9 des 2 roues","potentialAction":[{"@type":"SearchAction","target":{"@type":"EntryPoint","urlTemplate":"https:\/\/blogs.thesocialmedia.com\/leblogmoto\/?s={search_term_string}"},"query-input":{"@type":"PropertyValueSpecification","valueRequired":true,"valueName":"search_term_string"}}],"inLanguage":"fr-FR"},{"@type":"Person","@id":"https:\/\/blogs.thesocialmedia.com\/leblogmoto\/#\/schema\/person\/1a1dcfc7cec206573105eb4af91155c2","name":"andre leconde","image":{"@type":"ImageObject","inLanguage":"fr-FR","@id":"https:\/\/blogs.thesocialmedia.com\/leblogmoto\/#\/schema\/person\/image\/","url":"https:\/\/secure.gravatar.com\/avatar\/?s=96&d=mm&r=g","contentUrl":"https:\/\/secure.gravatar.com\/avatar\/?s=96&d=mm&r=g","caption":"andre leconde"},"url":"https:\/\/blogs.thesocialmedia.com\/leblogmoto\/author\/andre-leconde\/"}]}},"_links":{"self":[{"href":"https:\/\/blogs.thesocialmedia.com\/leblogmoto\/wp-json\/wp\/v2\/posts\/1929","targetHints":{"allow":["GET"]}}],"collection":[{"href":"https:\/\/blogs.thesocialmedia.com\/leblogmoto\/wp-json\/wp\/v2\/posts"}],"about":[{"href":"https:\/\/blogs.thesocialmedia.com\/leblogmoto\/wp-json\/wp\/v2\/types\/post"}],"author":[{"embeddable":true,"href":"https:\/\/blogs.thesocialmedia.com\/leblogmoto\/wp-json\/wp\/v2\/users\/336"}],"replies":[{"embeddable":true,"href":"https:\/\/blogs.thesocialmedia.com\/leblogmoto\/wp-json\/wp\/v2\/comments?post=1929"}],"version-history":[{"count":2,"href":"https:\/\/blogs.thesocialmedia.com\/leblogmoto\/wp-json\/wp\/v2\/posts\/1929\/revisions"}],"predecessor-version":[{"id":7296,"href":"https:\/\/blogs.thesocialmedia.com\/leblogmoto\/wp-json\/wp\/v2\/posts\/1929\/revisions\/7296"}],"wp:attachment":[{"href":"https:\/\/blogs.thesocialmedia.com\/leblogmoto\/wp-json\/wp\/v2\/media?parent=1929"}],"wp:term":[{"taxonomy":"category","embeddable":true,"href":"https:\/\/blogs.thesocialmedia.com\/leblogmoto\/wp-json\/wp\/v2\/categories?post=1929"},{"taxonomy":"post_tag","embeddable":true,"href":"https:\/\/blogs.thesocialmedia.com\/leblogmoto\/wp-json\/wp\/v2\/tags?post=1929"}],"curies":[{"name":"wp","href":"https:\/\/api.w.org\/{rel}","templated":true}]}}