{"id":193,"date":"2009-04-05T23:55:11","date_gmt":"2009-04-05T23:55:11","guid":{"rendered":"http:\/\/blogs.thesocialmedia.com\/leblogmoto\/2009\/04\/05\/ezpeleta-confiant-quant-a-la-stabilite-du-plateau-en-2009\/"},"modified":"2012-07-11T17:17:39","modified_gmt":"2012-07-11T17:17:39","slug":"ezpeleta-confiant-quant-a-la-stabilite-du-plateau-en-2009","status":"publish","type":"post","link":"https:\/\/blogs.thesocialmedia.com\/leblogmoto\/2009\/04\/05\/ezpeleta-confiant-quant-a-la-stabilite-du-plateau-en-2009\/","title":{"rendered":"Ezpeleta ne craint pas d&rsquo;autres d\u00e9fections en 2009."},"content":{"rendered":"<p><a href=\"http:\/\/blogs.thesocialmedia.com\/leblogmoto\/files\/2012\/07\/6a00d83451b18369e201156fe811a6970b-popup.png\"><img decoding=\"async\" alt=\"MotoGP Carmelo Ezpeleta 2\" class=\"at-xid-6a00d83451b18369e201156fe811a6970b \" src=\"http:\/\/blogs.thesocialmedia.com\/leblogmoto\/files\/2012\/07\/6a00d83451b18369e201156fe811a6970b-500wi.jpg\" \/><\/a> <\/p>\n<p>L&#039;Espagnol affiche r\u00e9solument sa confiance quant \u00e0 la stabilit\u00e9 du plateau. Contact\u00e9 par <a href=\"http:\/\/www.autosport.com\/\">Autosport<\/a>, le pr\u00e9sident de la <a href=\"http:\/\/www.dorna.com\/\">Dorna<\/a> est formel: aucune (autre) \u00e9quipe de MotoGP ne risque de se d\u00e9sengager courant 2009, malgr\u00e9 la situation \u00e9conomique actuelle. L&#039;hiver avait vu <a href=\"http:\/\/www.leblogmoto.com\/2009\/01\/kawasaki-comme.html\">Kawasaki<\/a> annoncer avec perte et fracas&#160;son retrait de la comp\u00e9tition, \u00e0 la surprise de nombreux acteurs du landernau. Dans une moindre mesure, le team satellite Pramac Ducati s&#039;est retrouv\u00e9 Fanny apr\u00e8s&#160;la perte de&#160;son sponsor principal, l&#039;Italien Alice, le fournisseur d&#039;acc\u00e8s internet. Quand le site anglais lui demande si cela est toujours pour lui une source d&#039;inqui\u00e9tude, <a href=\"http:\/\/www.leblogmoto.com\/2009\/01\/carmelo-menace.html\">Carmelo Ezpeleta<\/a> r\u00e9pond laconiquement: &quot;Non, et nous sommes en contact avec les \u00e9quipes quotidiennement. Pour nous le maintien des \u00e9quipes est la chose principale, pas seulement pour cette ann\u00e9e mais aussi \u00e0 l&#039;avenir. Nous avons besoin de cela pour parvenir \u00e0 vingt motos (l&#039;ann\u00e9e prochaine) et rendre le leasing des machines moins co\u00fbteux. Ce sont des choses sur lesquelles nous travaillons d\u00e8s \u00e0 pr\u00e9sent&quot;. <\/p>\n<\/p>\n<p>Par chance (?), la plupart des budgets des \u00e9quipes pour la saison actuelle ont \u00e9t\u00e9 d\u00e9cid\u00e9s en avril et mai 2008, soit bien avant les premiers effets de la crise financi\u00e8re. Mais Ezpeleta est certain que la politique de r\u00e9duction des co\u00fbts engag\u00e9e par la FIM, et publi\u00e9e le week-end dernier, produira des effets b\u00e9n\u00e9fiques sur les diff\u00e9rentes \u00e9curies.<\/p>\n<p>&quot;Nous faisons en sorte de rendre 2010 plus facile que 2009&quot; affirme t&#039;il. Et pour cela la nouvelle r\u00e9glementation qui entrera en vigueur la saison prochaine pr\u00e9voit d&#039;abaisser drastiquement les co\u00fbts, surtout pour \u00e9viter les d\u00e9fections des \u00e9quipes clientes, car ce sont elles plus que les teams officiels (voire fournisseurs pour certains), qui sont vis\u00e9s. <\/p>\n<p>M\u00eame si le <a href=\"http:\/\/www.leblogmoto.com\/2009\/01\/kawasaki-serait.html\">sort<\/a> de Kawasaki devrait inqui\u00e9ter, et montrer que ceux-ci ne sont pas non plus \u00e0 l&#039;abri. Concernant les r\u00e8gles, sont ainsi pr\u00e9vues: l&#039;interdiction du mulet, ou moto de rechange; la limitation \u00e0 six moteurs maximums utilisables par pilote et par saison; et la r\u00e9duction du nombre des essais. <\/p>\n","protected":false},"excerpt":{"rendered":"<p>L&#039;Espagnol affiche r\u00e9solument sa confiance quant \u00e0 la stabilit\u00e9 du plateau. Contact\u00e9 par Autosport, le pr\u00e9sident de la Dorna est formel: aucune (autre) \u00e9quipe de MotoGP ne risque de se d\u00e9sengager courant 2009, malgr\u00e9 la situation \u00e9conomique actuelle. L&#039;hiver avait vu Kawasaki annoncer avec perte et fracas&#160;son retrait de la comp\u00e9tition, \u00e0 la surprise de [&hellip;]<\/p>\n","protected":false},"author":324,"featured_media":13194,"comment_status":"open","ping_status":"open","sticky":false,"template":"","format":"standard","meta":{"footnotes":""},"categories":[3,22],"tags":[],"class_list":["post-193","post","type-post","status-publish","format-standard","has-post-thumbnail","hentry","category-actualite","category-motogp"],"yoast_head":"<!-- This site is optimized with the Yoast SEO plugin v26.0 - https:\/\/yoast.com\/wordpress\/plugins\/seo\/ -->\n<title>Ezpeleta ne craint pas d&#039;autres d\u00e9fections en 2009. - leblogmoto.com<\/title>\n<meta name=\"robots\" content=\"index, follow, max-snippet:-1, max-image-preview:large, max-video-preview:-1\" \/>\n<link rel=\"canonical\" href=\"https:\/\/blogs.thesocialmedia.com\/leblogmoto\/2009\/04\/05\/ezpeleta-confiant-quant-a-la-stabilite-du-plateau-en-2009\/\" \/>\n<meta name=\"twitter:card\" content=\"summary_large_image\" \/>\n<meta name=\"twitter:title\" content=\"Ezpeleta ne craint pas d&#039;autres d\u00e9fections en 2009. - leblogmoto.com\" \/>\n<meta name=\"twitter:description\" content=\"L&#039;Espagnol affiche r\u00e9solument sa confiance quant \u00e0 la stabilit\u00e9 du plateau. Contact\u00e9 par Autosport, le pr\u00e9sident de la Dorna est formel: aucune (autre) \u00e9quipe de MotoGP ne risque de se d\u00e9sengager courant 2009, malgr\u00e9 la situation \u00e9conomique actuelle. L&#039;hiver avait vu Kawasaki annoncer avec perte et fracas&#160;son retrait de la comp\u00e9tition, \u00e0 la surprise de [&hellip;]\" \/>\n<meta name=\"twitter:image\" content=\"https:\/\/blogs.thesocialmedia.com\/leblogmoto\/files\/2012\/07\/6a00d83451b18369e201156fe811a6970b-500wi.jpg\" \/>\n<meta name=\"twitter:label1\" content=\"\u00c9crit par\" \/>\n\t<meta name=\"twitter:data1\" content=\"benoit rieu\" \/>\n\t<meta name=\"twitter:label2\" content=\"Dur\u00e9e de lecture estim\u00e9e\" \/>\n\t<meta name=\"twitter:data2\" content=\"2 minutes\" \/>\n<script type=\"application\/ld+json\" class=\"yoast-schema-graph\">{\"@context\":\"https:\/\/schema.org\",\"@graph\":[{\"@type\":\"WebPage\",\"@id\":\"https:\/\/blogs.thesocialmedia.com\/leblogmoto\/2009\/04\/05\/ezpeleta-confiant-quant-a-la-stabilite-du-plateau-en-2009\/\",\"url\":\"https:\/\/blogs.thesocialmedia.com\/leblogmoto\/2009\/04\/05\/ezpeleta-confiant-quant-a-la-stabilite-du-plateau-en-2009\/\",\"name\":\"Ezpeleta ne craint pas d'autres d\u00e9fections en 2009. - leblogmoto.com\",\"isPartOf\":{\"@id\":\"https:\/\/blogs.thesocialmedia.com\/leblogmoto\/#website\"},\"primaryImageOfPage\":{\"@id\":\"https:\/\/blogs.thesocialmedia.com\/leblogmoto\/2009\/04\/05\/ezpeleta-confiant-quant-a-la-stabilite-du-plateau-en-2009\/#primaryimage\"},\"image\":{\"@id\":\"https:\/\/blogs.thesocialmedia.com\/leblogmoto\/2009\/04\/05\/ezpeleta-confiant-quant-a-la-stabilite-du-plateau-en-2009\/#primaryimage\"},\"thumbnailUrl\":\"https:\/\/blogs.thesocialmedia.com\/leblogmoto\/files\/2012\/07\/6a00d83451b18369e201156fe811a6970b-500wi.jpg\",\"datePublished\":\"2009-04-05T23:55:11+00:00\",\"dateModified\":\"2012-07-11T17:17:39+00:00\",\"author\":{\"@id\":\"https:\/\/blogs.thesocialmedia.com\/leblogmoto\/#\/schema\/person\/18bfe773e5725ed6d24f743da805362a\"},\"breadcrumb\":{\"@id\":\"https:\/\/blogs.thesocialmedia.com\/leblogmoto\/2009\/04\/05\/ezpeleta-confiant-quant-a-la-stabilite-du-plateau-en-2009\/#breadcrumb\"},\"inLanguage\":\"fr-FR\",\"potentialAction\":[{\"@type\":\"ReadAction\",\"target\":[\"https:\/\/blogs.thesocialmedia.com\/leblogmoto\/2009\/04\/05\/ezpeleta-confiant-quant-a-la-stabilite-du-plateau-en-2009\/\"]}]},{\"@type\":\"ImageObject\",\"inLanguage\":\"fr-FR\",\"@id\":\"https:\/\/blogs.thesocialmedia.com\/leblogmoto\/2009\/04\/05\/ezpeleta-confiant-quant-a-la-stabilite-du-plateau-en-2009\/#primaryimage\",\"url\":\"https:\/\/blogs.thesocialmedia.com\/leblogmoto\/files\/2012\/07\/6a00d83451b18369e201156fe811a6970b-500wi.jpg\",\"contentUrl\":\"https:\/\/blogs.thesocialmedia.com\/leblogmoto\/files\/2012\/07\/6a00d83451b18369e201156fe811a6970b-500wi.jpg\",\"width\":\"500\",\"height\":\"312\"},{\"@type\":\"BreadcrumbList\",\"@id\":\"https:\/\/blogs.thesocialmedia.com\/leblogmoto\/2009\/04\/05\/ezpeleta-confiant-quant-a-la-stabilite-du-plateau-en-2009\/#breadcrumb\",\"itemListElement\":[{\"@type\":\"ListItem\",\"position\":1,\"name\":\"Accueil\",\"item\":\"https:\/\/blogs.thesocialmedia.com\/leblogmoto\/\"},{\"@type\":\"ListItem\",\"position\":2,\"name\":\"Ezpeleta ne craint pas d&rsquo;autres d\u00e9fections en 2009.\"}]},{\"@type\":\"WebSite\",\"@id\":\"https:\/\/blogs.thesocialmedia.com\/leblogmoto\/#website\",\"url\":\"https:\/\/blogs.thesocialmedia.com\/leblogmoto\/\",\"name\":\"leblogmoto\",\"description\":\"Toute l&#039;actualit\u00e9 des 2 roues\",\"potentialAction\":[{\"@type\":\"SearchAction\",\"target\":{\"@type\":\"EntryPoint\",\"urlTemplate\":\"https:\/\/blogs.thesocialmedia.com\/leblogmoto\/?s={search_term_string}\"},\"query-input\":{\"@type\":\"PropertyValueSpecification\",\"valueRequired\":true,\"valueName\":\"search_term_string\"}}],\"inLanguage\":\"fr-FR\"},{\"@type\":\"Person\",\"@id\":\"https:\/\/blogs.thesocialmedia.com\/leblogmoto\/#\/schema\/person\/18bfe773e5725ed6d24f743da805362a\",\"name\":\"benoit rieu\",\"image\":{\"@type\":\"ImageObject\",\"inLanguage\":\"fr-FR\",\"@id\":\"https:\/\/blogs.thesocialmedia.com\/leblogmoto\/#\/schema\/person\/image\/\",\"url\":\"https:\/\/secure.gravatar.com\/avatar\/?s=96&d=mm&r=g\",\"contentUrl\":\"https:\/\/secure.gravatar.com\/avatar\/?s=96&d=mm&r=g\",\"caption\":\"benoit rieu\"},\"url\":\"https:\/\/blogs.thesocialmedia.com\/leblogmoto\/author\/benoit-rieu\/\"}]}<\/script>\n<!-- \/ Yoast SEO plugin. -->","yoast_head_json":{"title":"Ezpeleta ne craint pas d'autres d\u00e9fections en 2009. - leblogmoto.com","robots":{"index":"index","follow":"follow","max-snippet":"max-snippet:-1","max-image-preview":"max-image-preview:large","max-video-preview":"max-video-preview:-1"},"canonical":"https:\/\/blogs.thesocialmedia.com\/leblogmoto\/2009\/04\/05\/ezpeleta-confiant-quant-a-la-stabilite-du-plateau-en-2009\/","twitter_card":"summary_large_image","twitter_title":"Ezpeleta ne craint pas d'autres d\u00e9fections en 2009. - leblogmoto.com","twitter_description":"L&#039;Espagnol affiche r\u00e9solument sa confiance quant \u00e0 la stabilit\u00e9 du plateau. Contact\u00e9 par Autosport, le pr\u00e9sident de la Dorna est formel: aucune (autre) \u00e9quipe de MotoGP ne risque de se d\u00e9sengager courant 2009, malgr\u00e9 la situation \u00e9conomique actuelle. L&#039;hiver avait vu Kawasaki annoncer avec perte et fracas&#160;son retrait de la comp\u00e9tition, \u00e0 la surprise de [&hellip;]","twitter_image":"https:\/\/blogs.thesocialmedia.com\/leblogmoto\/files\/2012\/07\/6a00d83451b18369e201156fe811a6970b-500wi.jpg","twitter_misc":{"\u00c9crit par":"benoit rieu","Dur\u00e9e de lecture estim\u00e9e":"2 minutes"},"schema":{"@context":"https:\/\/schema.org","@graph":[{"@type":"WebPage","@id":"https:\/\/blogs.thesocialmedia.com\/leblogmoto\/2009\/04\/05\/ezpeleta-confiant-quant-a-la-stabilite-du-plateau-en-2009\/","url":"https:\/\/blogs.thesocialmedia.com\/leblogmoto\/2009\/04\/05\/ezpeleta-confiant-quant-a-la-stabilite-du-plateau-en-2009\/","name":"Ezpeleta ne craint pas d'autres d\u00e9fections en 2009. - leblogmoto.com","isPartOf":{"@id":"https:\/\/blogs.thesocialmedia.com\/leblogmoto\/#website"},"primaryImageOfPage":{"@id":"https:\/\/blogs.thesocialmedia.com\/leblogmoto\/2009\/04\/05\/ezpeleta-confiant-quant-a-la-stabilite-du-plateau-en-2009\/#primaryimage"},"image":{"@id":"https:\/\/blogs.thesocialmedia.com\/leblogmoto\/2009\/04\/05\/ezpeleta-confiant-quant-a-la-stabilite-du-plateau-en-2009\/#primaryimage"},"thumbnailUrl":"https:\/\/blogs.thesocialmedia.com\/leblogmoto\/files\/2012\/07\/6a00d83451b18369e201156fe811a6970b-500wi.jpg","datePublished":"2009-04-05T23:55:11+00:00","dateModified":"2012-07-11T17:17:39+00:00","author":{"@id":"https:\/\/blogs.thesocialmedia.com\/leblogmoto\/#\/schema\/person\/18bfe773e5725ed6d24f743da805362a"},"breadcrumb":{"@id":"https:\/\/blogs.thesocialmedia.com\/leblogmoto\/2009\/04\/05\/ezpeleta-confiant-quant-a-la-stabilite-du-plateau-en-2009\/#breadcrumb"},"inLanguage":"fr-FR","potentialAction":[{"@type":"ReadAction","target":["https:\/\/blogs.thesocialmedia.com\/leblogmoto\/2009\/04\/05\/ezpeleta-confiant-quant-a-la-stabilite-du-plateau-en-2009\/"]}]},{"@type":"ImageObject","inLanguage":"fr-FR","@id":"https:\/\/blogs.thesocialmedia.com\/leblogmoto\/2009\/04\/05\/ezpeleta-confiant-quant-a-la-stabilite-du-plateau-en-2009\/#primaryimage","url":"https:\/\/blogs.thesocialmedia.com\/leblogmoto\/files\/2012\/07\/6a00d83451b18369e201156fe811a6970b-500wi.jpg","contentUrl":"https:\/\/blogs.thesocialmedia.com\/leblogmoto\/files\/2012\/07\/6a00d83451b18369e201156fe811a6970b-500wi.jpg","width":"500","height":"312"},{"@type":"BreadcrumbList","@id":"https:\/\/blogs.thesocialmedia.com\/leblogmoto\/2009\/04\/05\/ezpeleta-confiant-quant-a-la-stabilite-du-plateau-en-2009\/#breadcrumb","itemListElement":[{"@type":"ListItem","position":1,"name":"Accueil","item":"https:\/\/blogs.thesocialmedia.com\/leblogmoto\/"},{"@type":"ListItem","position":2,"name":"Ezpeleta ne craint pas d&rsquo;autres d\u00e9fections en 2009."}]},{"@type":"WebSite","@id":"https:\/\/blogs.thesocialmedia.com\/leblogmoto\/#website","url":"https:\/\/blogs.thesocialmedia.com\/leblogmoto\/","name":"leblogmoto","description":"Toute l&#039;actualit\u00e9 des 2 roues","potentialAction":[{"@type":"SearchAction","target":{"@type":"EntryPoint","urlTemplate":"https:\/\/blogs.thesocialmedia.com\/leblogmoto\/?s={search_term_string}"},"query-input":{"@type":"PropertyValueSpecification","valueRequired":true,"valueName":"search_term_string"}}],"inLanguage":"fr-FR"},{"@type":"Person","@id":"https:\/\/blogs.thesocialmedia.com\/leblogmoto\/#\/schema\/person\/18bfe773e5725ed6d24f743da805362a","name":"benoit rieu","image":{"@type":"ImageObject","inLanguage":"fr-FR","@id":"https:\/\/blogs.thesocialmedia.com\/leblogmoto\/#\/schema\/person\/image\/","url":"https:\/\/secure.gravatar.com\/avatar\/?s=96&d=mm&r=g","contentUrl":"https:\/\/secure.gravatar.com\/avatar\/?s=96&d=mm&r=g","caption":"benoit rieu"},"url":"https:\/\/blogs.thesocialmedia.com\/leblogmoto\/author\/benoit-rieu\/"}]}},"_links":{"self":[{"href":"https:\/\/blogs.thesocialmedia.com\/leblogmoto\/wp-json\/wp\/v2\/posts\/193","targetHints":{"allow":["GET"]}}],"collection":[{"href":"https:\/\/blogs.thesocialmedia.com\/leblogmoto\/wp-json\/wp\/v2\/posts"}],"about":[{"href":"https:\/\/blogs.thesocialmedia.com\/leblogmoto\/wp-json\/wp\/v2\/types\/post"}],"author":[{"embeddable":true,"href":"https:\/\/blogs.thesocialmedia.com\/leblogmoto\/wp-json\/wp\/v2\/users\/324"}],"replies":[{"embeddable":true,"href":"https:\/\/blogs.thesocialmedia.com\/leblogmoto\/wp-json\/wp\/v2\/comments?post=193"}],"version-history":[{"count":2,"href":"https:\/\/blogs.thesocialmedia.com\/leblogmoto\/wp-json\/wp\/v2\/posts\/193\/revisions"}],"predecessor-version":[{"id":13196,"href":"https:\/\/blogs.thesocialmedia.com\/leblogmoto\/wp-json\/wp\/v2\/posts\/193\/revisions\/13196"}],"wp:featuredmedia":[{"embeddable":true,"href":"https:\/\/blogs.thesocialmedia.com\/leblogmoto\/wp-json\/wp\/v2\/media\/13194"}],"wp:attachment":[{"href":"https:\/\/blogs.thesocialmedia.com\/leblogmoto\/wp-json\/wp\/v2\/media?parent=193"}],"wp:term":[{"taxonomy":"category","embeddable":true,"href":"https:\/\/blogs.thesocialmedia.com\/leblogmoto\/wp-json\/wp\/v2\/categories?post=193"},{"taxonomy":"post_tag","embeddable":true,"href":"https:\/\/blogs.thesocialmedia.com\/leblogmoto\/wp-json\/wp\/v2\/tags?post=193"}],"curies":[{"name":"wp","href":"https:\/\/api.w.org\/{rel}","templated":true}]}}