{"id":1930,"date":"2006-04-08T20:10:05","date_gmt":"2006-04-08T20:10:05","guid":{"rendered":"http:\/\/blogs.thesocialmedia.com\/leblogmoto\/2006\/04\/08\/motogp-2007-le\/"},"modified":"2012-07-11T14:19:39","modified_gmt":"2012-07-11T14:19:39","slug":"motogp-2007-le","status":"publish","type":"post","link":"https:\/\/blogs.thesocialmedia.com\/leblogmoto\/2006\/04\/08\/motogp-2007-le\/","title":{"rendered":"MOTOGP 2007: Le risque d&rsquo;une r\u00e9duction des effectifs"},"content":{"rendered":"<p><a href=\"http:\/\/blogs.thesocialmedia.com\/leblogmoto\/files\/2012\/07\/motogp.jpg\"><img loading=\"lazy\" decoding=\"async\" height=\"177\" alt=\"Motogp\" src=\"http:\/\/www.leblogmoto.com\/images\/motogp.jpg\" width=\"250\"  \/><\/a>Le passage \u00e0 la motorisation des <strong>800 cm3<\/strong> risque d&rsquo;avoir la mauvaise circonstance adventice d&rsquo;entra\u00eener une r\u00e9duction drastique des effectifs du plateau <strong>MotoGP<\/strong>. <\/p>\n<p>D\u00e9j\u00e0 que celui-ci est <a href=\"http:\/\/www.leblogmoto.com\/2005\/11\/que_couve_la_po.html\">fam\u00e9lique<\/a> avec quelques <strong>dix neuf<\/strong> machines seulement, et que des <a href=\"http:\/\/www.leblogauto.com\/2005\/12\/kronos_rcupre_l.html\">sponsors<\/a> majeurs sont  all\u00e9s voir ailleurs, la nouvelle r\u00e9glementation tant voulue par <strong>HONDA<\/strong> pour reprendre techniquement la main sur ses adversaires, risque bien de ressembler, au final, \u00e0 une victoire \u00e0 la Pyrrhus. <\/p>\n<p>Car si la marque a\u00eel\u00e9e a d\u00e9j\u00e0 annonc\u00e9 qu&rsquo;elle alignerait au moins <strong>cinq<\/strong> de ces nouvelles machines l&rsquo;an prochain, ses concurrents commencent \u00e0 distiller l&rsquo;information qu&rsquo;ils n&rsquo;auraient pas du tout l&rsquo;intention d&rsquo;aller au-del\u00e0 du classique bin\u00f4me&#8230; <\/p>\n<p><a href=\"http:\/\/clabedan.typepad.com\/.shared\/image.html?\/photos\/uncategorized\/2005_0709_184808aa.jpg\"><img loading=\"lazy\" decoding=\"async\" height=\"333\" alt=\"2005_0709_184808aa\" src=\"http:\/\/www.leblogmoto.com\/images\/2005_0709_184808aa.jpg\" width=\"250\"  \/><\/a>Et ceux qui l&rsquo;auraient annonc\u00e9 sont <strong>KAWASAKI<\/strong> et <strong>SUZUKI<\/strong>. Ces derniers auraient \u00e9t\u00e9 approch\u00e9s par <strong>Carmelo EZPELETA<\/strong>, ponte de la <strong>DORNA<\/strong>, qui leur aurait propos\u00e9 une augmentation substantielle de leur part en droits TV s&rsquo;ils alignaient chacun <strong>quatre<\/strong> motos dans les box.<\/p>\n<p>Les deux constructeurs auraient poliment d\u00e9clin\u00e9 l&rsquo;offre, si bien que l&rsquo;inqui\u00e8tude s&rsquo;installe chez les promoteurs. Ces derniers, par ailleurs, doivent pr\u00e9senter un produit impeccable car contraints par la Commission Europ\u00e9enne d&rsquo;en vendre une bonne partie pour s&rsquo;approprier la F.1.<\/p>\n<p>L\u00e0 dessus, les intentions de <strong>YAMAHA<\/strong> ne sont pas claires, quant \u00e0 <strong>DUCATI<\/strong> tout est encore flou. L&rsquo;option d&rsquo;accepter encore des <strong>990<\/strong> cm3, mais <strong>brid\u00e9s<\/strong>, prend progressivement corps pour garder le peu de team qui survit encore. Elle est toujours plus r\u00e9aliste que de compter sur un d\u00e9barquement b\u00e9ni de bouilleurs <a href=\"http:\/\/www.leblogmoto.com\/2006\/04\/illmor_motogp_f.html\">ILLMOR<\/a>.<\/p>\n<p>Reste que ces incertitudes li\u00e9es \u00e0 un \u00e9ventuel d\u00e9part de la star ROSSI pourraient bien faire para\u00eetre la saison passionnante qui se dessine comme un arbre cachant la f\u00f4ret. <\/p>\n<p>Pendant ce temps, les <a href=\"http:\/\/www.leblogmoto.com\/2006\/04\/ktm_rc8_objecti.html\">d\u00e9clarations de candidature au WSBK<\/a> se multiplient.&nbsp; &nbsp; <\/p>\n<p>SOURCE: <a href=\"http:\/\/www.gpone.com\">www.gpone.com<\/a> <\/p>\n","protected":false},"excerpt":{"rendered":"<p>Le passage \u00e0 la motorisation des 800 cm3 risque d&rsquo;avoir la mauvaise circonstance adventice d&rsquo;entra\u00eener une r\u00e9duction drastique des effectifs du plateau MotoGP. D\u00e9j\u00e0 que celui-ci est fam\u00e9lique avec quelques dix neuf machines seulement, et que des sponsors majeurs sont all\u00e9s voir ailleurs, la nouvelle r\u00e9glementation tant voulue par HONDA pour reprendre techniquement la main [&hellip;]<\/p>\n","protected":false},"author":336,"featured_media":0,"comment_status":"open","ping_status":"open","sticky":false,"template":"","format":"standard","meta":{"footnotes":""},"categories":[22,32],"tags":[],"class_list":["post-1930","post","type-post","status-publish","format-standard","hentry","category-motogp","category-sport-moto"],"yoast_head":"<!-- This site is optimized with the Yoast SEO plugin v26.0 - https:\/\/yoast.com\/wordpress\/plugins\/seo\/ -->\n<title>MOTOGP 2007: Le risque d&#039;une r\u00e9duction des effectifs - leblogmoto.com<\/title>\n<meta name=\"robots\" content=\"index, follow, max-snippet:-1, max-image-preview:large, max-video-preview:-1\" \/>\n<link rel=\"canonical\" href=\"https:\/\/blogs.thesocialmedia.com\/leblogmoto\/2006\/04\/08\/motogp-2007-le\/\" \/>\n<meta name=\"twitter:card\" content=\"summary_large_image\" \/>\n<meta name=\"twitter:title\" content=\"MOTOGP 2007: Le risque d&#039;une r\u00e9duction des effectifs - leblogmoto.com\" \/>\n<meta name=\"twitter:description\" content=\"Le passage \u00e0 la motorisation des 800 cm3 risque d&rsquo;avoir la mauvaise circonstance adventice d&rsquo;entra\u00eener une r\u00e9duction drastique des effectifs du plateau MotoGP. D\u00e9j\u00e0 que celui-ci est fam\u00e9lique avec quelques dix neuf machines seulement, et que des sponsors majeurs sont all\u00e9s voir ailleurs, la nouvelle r\u00e9glementation tant voulue par HONDA pour reprendre techniquement la main [&hellip;]\" \/>\n<meta name=\"twitter:image\" content=\"http:\/\/www.leblogmoto.com\/images\/motogp.jpg\" \/>\n<meta name=\"twitter:label1\" content=\"\u00c9crit par\" \/>\n\t<meta name=\"twitter:data1\" content=\"andre leconde\" \/>\n\t<meta name=\"twitter:label2\" content=\"Dur\u00e9e de lecture estim\u00e9e\" \/>\n\t<meta name=\"twitter:data2\" content=\"2 minutes\" \/>\n<script type=\"application\/ld+json\" class=\"yoast-schema-graph\">{\"@context\":\"https:\/\/schema.org\",\"@graph\":[{\"@type\":\"WebPage\",\"@id\":\"https:\/\/blogs.thesocialmedia.com\/leblogmoto\/2006\/04\/08\/motogp-2007-le\/\",\"url\":\"https:\/\/blogs.thesocialmedia.com\/leblogmoto\/2006\/04\/08\/motogp-2007-le\/\",\"name\":\"MOTOGP 2007: Le risque d'une r\u00e9duction des effectifs - leblogmoto.com\",\"isPartOf\":{\"@id\":\"https:\/\/blogs.thesocialmedia.com\/leblogmoto\/#website\"},\"primaryImageOfPage\":{\"@id\":\"https:\/\/blogs.thesocialmedia.com\/leblogmoto\/2006\/04\/08\/motogp-2007-le\/#primaryimage\"},\"image\":{\"@id\":\"https:\/\/blogs.thesocialmedia.com\/leblogmoto\/2006\/04\/08\/motogp-2007-le\/#primaryimage\"},\"thumbnailUrl\":\"http:\/\/www.leblogmoto.com\/images\/motogp.jpg\",\"datePublished\":\"2006-04-08T20:10:05+00:00\",\"dateModified\":\"2012-07-11T14:19:39+00:00\",\"author\":{\"@id\":\"https:\/\/blogs.thesocialmedia.com\/leblogmoto\/#\/schema\/person\/1a1dcfc7cec206573105eb4af91155c2\"},\"breadcrumb\":{\"@id\":\"https:\/\/blogs.thesocialmedia.com\/leblogmoto\/2006\/04\/08\/motogp-2007-le\/#breadcrumb\"},\"inLanguage\":\"fr-FR\",\"potentialAction\":[{\"@type\":\"ReadAction\",\"target\":[\"https:\/\/blogs.thesocialmedia.com\/leblogmoto\/2006\/04\/08\/motogp-2007-le\/\"]}]},{\"@type\":\"ImageObject\",\"inLanguage\":\"fr-FR\",\"@id\":\"https:\/\/blogs.thesocialmedia.com\/leblogmoto\/2006\/04\/08\/motogp-2007-le\/#primaryimage\",\"url\":\"http:\/\/www.leblogmoto.com\/images\/motogp.jpg\",\"contentUrl\":\"http:\/\/www.leblogmoto.com\/images\/motogp.jpg\"},{\"@type\":\"BreadcrumbList\",\"@id\":\"https:\/\/blogs.thesocialmedia.com\/leblogmoto\/2006\/04\/08\/motogp-2007-le\/#breadcrumb\",\"itemListElement\":[{\"@type\":\"ListItem\",\"position\":1,\"name\":\"Accueil\",\"item\":\"https:\/\/blogs.thesocialmedia.com\/leblogmoto\/\"},{\"@type\":\"ListItem\",\"position\":2,\"name\":\"MOTOGP 2007: Le risque d&rsquo;une r\u00e9duction des effectifs\"}]},{\"@type\":\"WebSite\",\"@id\":\"https:\/\/blogs.thesocialmedia.com\/leblogmoto\/#website\",\"url\":\"https:\/\/blogs.thesocialmedia.com\/leblogmoto\/\",\"name\":\"leblogmoto\",\"description\":\"Toute l&#039;actualit\u00e9 des 2 roues\",\"potentialAction\":[{\"@type\":\"SearchAction\",\"target\":{\"@type\":\"EntryPoint\",\"urlTemplate\":\"https:\/\/blogs.thesocialmedia.com\/leblogmoto\/?s={search_term_string}\"},\"query-input\":{\"@type\":\"PropertyValueSpecification\",\"valueRequired\":true,\"valueName\":\"search_term_string\"}}],\"inLanguage\":\"fr-FR\"},{\"@type\":\"Person\",\"@id\":\"https:\/\/blogs.thesocialmedia.com\/leblogmoto\/#\/schema\/person\/1a1dcfc7cec206573105eb4af91155c2\",\"name\":\"andre leconde\",\"image\":{\"@type\":\"ImageObject\",\"inLanguage\":\"fr-FR\",\"@id\":\"https:\/\/blogs.thesocialmedia.com\/leblogmoto\/#\/schema\/person\/image\/\",\"url\":\"https:\/\/secure.gravatar.com\/avatar\/?s=96&d=mm&r=g\",\"contentUrl\":\"https:\/\/secure.gravatar.com\/avatar\/?s=96&d=mm&r=g\",\"caption\":\"andre leconde\"},\"url\":\"https:\/\/blogs.thesocialmedia.com\/leblogmoto\/author\/andre-leconde\/\"}]}<\/script>\n<!-- \/ Yoast SEO plugin. -->","yoast_head_json":{"title":"MOTOGP 2007: Le risque d'une r\u00e9duction des effectifs - leblogmoto.com","robots":{"index":"index","follow":"follow","max-snippet":"max-snippet:-1","max-image-preview":"max-image-preview:large","max-video-preview":"max-video-preview:-1"},"canonical":"https:\/\/blogs.thesocialmedia.com\/leblogmoto\/2006\/04\/08\/motogp-2007-le\/","twitter_card":"summary_large_image","twitter_title":"MOTOGP 2007: Le risque d'une r\u00e9duction des effectifs - leblogmoto.com","twitter_description":"Le passage \u00e0 la motorisation des 800 cm3 risque d&rsquo;avoir la mauvaise circonstance adventice d&rsquo;entra\u00eener une r\u00e9duction drastique des effectifs du plateau MotoGP. D\u00e9j\u00e0 que celui-ci est fam\u00e9lique avec quelques dix neuf machines seulement, et que des sponsors majeurs sont all\u00e9s voir ailleurs, la nouvelle r\u00e9glementation tant voulue par HONDA pour reprendre techniquement la main [&hellip;]","twitter_image":"http:\/\/www.leblogmoto.com\/images\/motogp.jpg","twitter_misc":{"\u00c9crit par":"andre leconde","Dur\u00e9e de lecture estim\u00e9e":"2 minutes"},"schema":{"@context":"https:\/\/schema.org","@graph":[{"@type":"WebPage","@id":"https:\/\/blogs.thesocialmedia.com\/leblogmoto\/2006\/04\/08\/motogp-2007-le\/","url":"https:\/\/blogs.thesocialmedia.com\/leblogmoto\/2006\/04\/08\/motogp-2007-le\/","name":"MOTOGP 2007: Le risque d'une r\u00e9duction des effectifs - leblogmoto.com","isPartOf":{"@id":"https:\/\/blogs.thesocialmedia.com\/leblogmoto\/#website"},"primaryImageOfPage":{"@id":"https:\/\/blogs.thesocialmedia.com\/leblogmoto\/2006\/04\/08\/motogp-2007-le\/#primaryimage"},"image":{"@id":"https:\/\/blogs.thesocialmedia.com\/leblogmoto\/2006\/04\/08\/motogp-2007-le\/#primaryimage"},"thumbnailUrl":"http:\/\/www.leblogmoto.com\/images\/motogp.jpg","datePublished":"2006-04-08T20:10:05+00:00","dateModified":"2012-07-11T14:19:39+00:00","author":{"@id":"https:\/\/blogs.thesocialmedia.com\/leblogmoto\/#\/schema\/person\/1a1dcfc7cec206573105eb4af91155c2"},"breadcrumb":{"@id":"https:\/\/blogs.thesocialmedia.com\/leblogmoto\/2006\/04\/08\/motogp-2007-le\/#breadcrumb"},"inLanguage":"fr-FR","potentialAction":[{"@type":"ReadAction","target":["https:\/\/blogs.thesocialmedia.com\/leblogmoto\/2006\/04\/08\/motogp-2007-le\/"]}]},{"@type":"ImageObject","inLanguage":"fr-FR","@id":"https:\/\/blogs.thesocialmedia.com\/leblogmoto\/2006\/04\/08\/motogp-2007-le\/#primaryimage","url":"http:\/\/www.leblogmoto.com\/images\/motogp.jpg","contentUrl":"http:\/\/www.leblogmoto.com\/images\/motogp.jpg"},{"@type":"BreadcrumbList","@id":"https:\/\/blogs.thesocialmedia.com\/leblogmoto\/2006\/04\/08\/motogp-2007-le\/#breadcrumb","itemListElement":[{"@type":"ListItem","position":1,"name":"Accueil","item":"https:\/\/blogs.thesocialmedia.com\/leblogmoto\/"},{"@type":"ListItem","position":2,"name":"MOTOGP 2007: Le risque d&rsquo;une r\u00e9duction des effectifs"}]},{"@type":"WebSite","@id":"https:\/\/blogs.thesocialmedia.com\/leblogmoto\/#website","url":"https:\/\/blogs.thesocialmedia.com\/leblogmoto\/","name":"leblogmoto","description":"Toute l&#039;actualit\u00e9 des 2 roues","potentialAction":[{"@type":"SearchAction","target":{"@type":"EntryPoint","urlTemplate":"https:\/\/blogs.thesocialmedia.com\/leblogmoto\/?s={search_term_string}"},"query-input":{"@type":"PropertyValueSpecification","valueRequired":true,"valueName":"search_term_string"}}],"inLanguage":"fr-FR"},{"@type":"Person","@id":"https:\/\/blogs.thesocialmedia.com\/leblogmoto\/#\/schema\/person\/1a1dcfc7cec206573105eb4af91155c2","name":"andre leconde","image":{"@type":"ImageObject","inLanguage":"fr-FR","@id":"https:\/\/blogs.thesocialmedia.com\/leblogmoto\/#\/schema\/person\/image\/","url":"https:\/\/secure.gravatar.com\/avatar\/?s=96&d=mm&r=g","contentUrl":"https:\/\/secure.gravatar.com\/avatar\/?s=96&d=mm&r=g","caption":"andre leconde"},"url":"https:\/\/blogs.thesocialmedia.com\/leblogmoto\/author\/andre-leconde\/"}]}},"_links":{"self":[{"href":"https:\/\/blogs.thesocialmedia.com\/leblogmoto\/wp-json\/wp\/v2\/posts\/1930","targetHints":{"allow":["GET"]}}],"collection":[{"href":"https:\/\/blogs.thesocialmedia.com\/leblogmoto\/wp-json\/wp\/v2\/posts"}],"about":[{"href":"https:\/\/blogs.thesocialmedia.com\/leblogmoto\/wp-json\/wp\/v2\/types\/post"}],"author":[{"embeddable":true,"href":"https:\/\/blogs.thesocialmedia.com\/leblogmoto\/wp-json\/wp\/v2\/users\/336"}],"replies":[{"embeddable":true,"href":"https:\/\/blogs.thesocialmedia.com\/leblogmoto\/wp-json\/wp\/v2\/comments?post=1930"}],"version-history":[{"count":2,"href":"https:\/\/blogs.thesocialmedia.com\/leblogmoto\/wp-json\/wp\/v2\/posts\/1930\/revisions"}],"predecessor-version":[{"id":7293,"href":"https:\/\/blogs.thesocialmedia.com\/leblogmoto\/wp-json\/wp\/v2\/posts\/1930\/revisions\/7293"}],"wp:attachment":[{"href":"https:\/\/blogs.thesocialmedia.com\/leblogmoto\/wp-json\/wp\/v2\/media?parent=1930"}],"wp:term":[{"taxonomy":"category","embeddable":true,"href":"https:\/\/blogs.thesocialmedia.com\/leblogmoto\/wp-json\/wp\/v2\/categories?post=1930"},{"taxonomy":"post_tag","embeddable":true,"href":"https:\/\/blogs.thesocialmedia.com\/leblogmoto\/wp-json\/wp\/v2\/tags?post=1930"}],"curies":[{"name":"wp","href":"https:\/\/api.w.org\/{rel}","templated":true}]}}