{"id":1932,"date":"2006-04-08T15:40:13","date_gmt":"2006-04-08T15:40:13","guid":{"rendered":"http:\/\/blogs.thesocialmedia.com\/leblogmoto\/2006\/04\/08\/qatar-motogp-ro\/"},"modified":"2012-07-11T14:19:36","modified_gmt":"2012-07-11T14:19:36","slug":"qatar-motogp-ro","status":"publish","type":"post","link":"https:\/\/blogs.thesocialmedia.com\/leblogmoto\/2006\/04\/08\/qatar-motogp-ro\/","title":{"rendered":"QATAR MOTOGP: ROSSI avait hiss\u00e9 la grande voile"},"content":{"rendered":"<p><a href=\"http:\/\/blogs.thesocialmedia.com\/leblogmoto\/files\/2012\/07\/wideqatmotgp.jpg\"><img loading=\"lazy\" decoding=\"async\" height=\"165\" alt=\"Wideqatmotgp\" src=\"http:\/\/www.leblogmoto.com\/images\/wideqatmotgp.jpg\" width=\"250\"  \/><\/a>Sur le <a href=\"http:\/\/www.leblogmoto.com\/2006\/04\/qatar_250_loren.html\">venteux<\/a> circuit de LOSAIL, le champion du Monde <strong>Valentino ROSSI<\/strong> a jou\u00e9 les rabattants pour la jeune g\u00e9n\u00e9ration montante.<\/p>\n<p>Vainqueur d&rsquo;une course qu&rsquo;il a parfaitement men\u00e9 \u00e0 sa main, il se repositionne au championnat en signant cette <strong>54<\/strong>\u00e8me victoire dans la cat\u00e9gorie reine, faisant de lui l&rsquo;\u00e9gal de <strong>DOOHAN<\/strong>.<\/p>\n<p>Derri\u00e8re, ce sont les &quot;vieux&quot; qui ont aussi donn\u00e9 la le\u00e7on, <strong>HAYDEN<\/strong> devan\u00e7ant un <strong>CAPIROSSI <\/strong>qui, alors qu&rsquo;il f\u00eate ses <strong>33<\/strong> ans, demeure toujours le leader du championnat&#8230;<\/p>\n<p><a href=\"http:\/\/www.leblogmoto.com\/2006\/04\/motogp_qatar_st.html\"><img loading=\"lazy\" decoding=\"async\" height=\"210\" alt=\"Caseystoner\" src=\"http:\/\/www.leblogmoto.com\/images\/caseystoner.jpg\" width=\"250\"  \/>STONER<\/a> n&rsquo;aura tenu qu&rsquo;un demi GP avant de c\u00e9der sous les coups de butoir de <strong>ROSSI<\/strong>, d&rsquo;<strong>HAYDEN<\/strong>, de <strong>CAPIREX<\/strong> et de <strong>GIBERNAU<\/strong>. Il a marqu\u00e9 n\u00e9anmoins ce meeting avec sa <a href=\"http:\/\/www.leblogmoto.com\/2006\/04\/motogp_qatar_la.html\">pole<\/a> et signe son meilleur r\u00e9sultat en MotoGP avec cette cinqui\u00e8me position.<\/p>\n<p>Derri\u00e8re, la bataille a \u00e9t\u00e9 rude entre <strong>MELANDRI<\/strong> et <strong>PEDROSA<\/strong> pour une sixi\u00e8me place qui revient au final \u00e0 l&rsquo;ib\u00e8re. <strong>ELIAS<\/strong> finit huiti\u00e8me alors que l&rsquo;on attendait mieux de lui, parti de l&rsquo;ext\u00e9rieur de la premi\u00e8re ligne.<\/p>\n<p><strong>Randy <\/strong>n&rsquo;a rien pu d\u00e9montrer, victime d&rsquo;un accrochage avec <strong>HOFMANN<\/strong> avant m\u00eame la fin du premier tour.<\/p>\n<p><a href=\"http:\/\/clabedan.typepad.com\/.shared\/image.html?\/photos\/uncategorized\/foto_centrale_1.jpg\"><img loading=\"lazy\" decoding=\"async\" height=\"209\" alt=\"Foto_centrale_1\" src=\"http:\/\/www.leblogmoto.com\/images\/foto_centrale_1.jpg\" width=\"250\"  \/><\/a>Au championnat, <strong>CAPIROSSI<\/strong> garde les commandes avec 41 points devant <strong>HAYDEN<\/strong> \u00e0 cinq unit\u00e9s et <strong>PEDROSA<\/strong> \u00e0 onze longueurs. <strong>ROSSI<\/strong> avec ses 27 points qataris s&rsquo;installent quatri\u00e8me devant <strong>ELIAS<\/strong>, <strong>STONER<\/strong> et <strong>MELANDRI<\/strong>.<\/p>\n<p>Le championnat sera long et serr\u00e9. <strong>ROSSI<\/strong> est l\u00e0, <strong>HAYDEN<\/strong> sait que c&rsquo;est l&rsquo;ann\u00e9e ou jamais, <strong>CAPIREX<\/strong> peut compter sur une DUCATI et des BRIDGESTONE v\u00e9loces et constants tandis que les jeunes pousses tenteront toujours des coups d&rsquo;\u00e9clat.<\/p>\n<p>Vivement la <strong>Turquie<\/strong>, le <strong>30 avril<\/strong>.&nbsp; &nbsp;&nbsp; &nbsp;&nbsp; &nbsp; <\/p>\n","protected":false},"excerpt":{"rendered":"<p>Sur le venteux circuit de LOSAIL, le champion du Monde Valentino ROSSI a jou\u00e9 les rabattants pour la jeune g\u00e9n\u00e9ration montante. Vainqueur d&rsquo;une course qu&rsquo;il a parfaitement men\u00e9 \u00e0 sa main, il se repositionne au championnat en signant cette 54\u00e8me victoire dans la cat\u00e9gorie reine, faisant de lui l&rsquo;\u00e9gal de DOOHAN. Derri\u00e8re, ce sont les [&hellip;]<\/p>\n","protected":false},"author":336,"featured_media":0,"comment_status":"open","ping_status":"open","sticky":false,"template":"","format":"standard","meta":{"footnotes":""},"categories":[22,32],"tags":[],"class_list":["post-1932","post","type-post","status-publish","format-standard","hentry","category-motogp","category-sport-moto"],"yoast_head":"<!-- This site is optimized with the Yoast SEO plugin v26.0 - https:\/\/yoast.com\/wordpress\/plugins\/seo\/ -->\n<title>QATAR MOTOGP: ROSSI avait hiss\u00e9 la grande voile - leblogmoto.com<\/title>\n<meta name=\"robots\" content=\"index, follow, max-snippet:-1, max-image-preview:large, max-video-preview:-1\" \/>\n<link rel=\"canonical\" href=\"https:\/\/blogs.thesocialmedia.com\/leblogmoto\/2006\/04\/08\/qatar-motogp-ro\/\" \/>\n<meta name=\"twitter:card\" content=\"summary_large_image\" \/>\n<meta name=\"twitter:title\" content=\"QATAR MOTOGP: ROSSI avait hiss\u00e9 la grande voile - leblogmoto.com\" \/>\n<meta name=\"twitter:description\" content=\"Sur le venteux circuit de LOSAIL, le champion du Monde Valentino ROSSI a jou\u00e9 les rabattants pour la jeune g\u00e9n\u00e9ration montante. Vainqueur d&rsquo;une course qu&rsquo;il a parfaitement men\u00e9 \u00e0 sa main, il se repositionne au championnat en signant cette 54\u00e8me victoire dans la cat\u00e9gorie reine, faisant de lui l&rsquo;\u00e9gal de DOOHAN. Derri\u00e8re, ce sont les [&hellip;]\" \/>\n<meta name=\"twitter:image\" content=\"http:\/\/www.leblogmoto.com\/images\/wideqatmotgp.jpg\" \/>\n<meta name=\"twitter:label1\" content=\"\u00c9crit par\" \/>\n\t<meta name=\"twitter:data1\" content=\"andre leconde\" \/>\n\t<meta name=\"twitter:label2\" content=\"Dur\u00e9e de lecture estim\u00e9e\" \/>\n\t<meta name=\"twitter:data2\" content=\"1 minute\" \/>\n<script type=\"application\/ld+json\" class=\"yoast-schema-graph\">{\"@context\":\"https:\/\/schema.org\",\"@graph\":[{\"@type\":\"WebPage\",\"@id\":\"https:\/\/blogs.thesocialmedia.com\/leblogmoto\/2006\/04\/08\/qatar-motogp-ro\/\",\"url\":\"https:\/\/blogs.thesocialmedia.com\/leblogmoto\/2006\/04\/08\/qatar-motogp-ro\/\",\"name\":\"QATAR MOTOGP: ROSSI avait hiss\u00e9 la grande voile - leblogmoto.com\",\"isPartOf\":{\"@id\":\"https:\/\/blogs.thesocialmedia.com\/leblogmoto\/#website\"},\"primaryImageOfPage\":{\"@id\":\"https:\/\/blogs.thesocialmedia.com\/leblogmoto\/2006\/04\/08\/qatar-motogp-ro\/#primaryimage\"},\"image\":{\"@id\":\"https:\/\/blogs.thesocialmedia.com\/leblogmoto\/2006\/04\/08\/qatar-motogp-ro\/#primaryimage\"},\"thumbnailUrl\":\"http:\/\/www.leblogmoto.com\/images\/wideqatmotgp.jpg\",\"datePublished\":\"2006-04-08T15:40:13+00:00\",\"dateModified\":\"2012-07-11T14:19:36+00:00\",\"author\":{\"@id\":\"https:\/\/blogs.thesocialmedia.com\/leblogmoto\/#\/schema\/person\/1a1dcfc7cec206573105eb4af91155c2\"},\"breadcrumb\":{\"@id\":\"https:\/\/blogs.thesocialmedia.com\/leblogmoto\/2006\/04\/08\/qatar-motogp-ro\/#breadcrumb\"},\"inLanguage\":\"fr-FR\",\"potentialAction\":[{\"@type\":\"ReadAction\",\"target\":[\"https:\/\/blogs.thesocialmedia.com\/leblogmoto\/2006\/04\/08\/qatar-motogp-ro\/\"]}]},{\"@type\":\"ImageObject\",\"inLanguage\":\"fr-FR\",\"@id\":\"https:\/\/blogs.thesocialmedia.com\/leblogmoto\/2006\/04\/08\/qatar-motogp-ro\/#primaryimage\",\"url\":\"http:\/\/www.leblogmoto.com\/images\/wideqatmotgp.jpg\",\"contentUrl\":\"http:\/\/www.leblogmoto.com\/images\/wideqatmotgp.jpg\"},{\"@type\":\"BreadcrumbList\",\"@id\":\"https:\/\/blogs.thesocialmedia.com\/leblogmoto\/2006\/04\/08\/qatar-motogp-ro\/#breadcrumb\",\"itemListElement\":[{\"@type\":\"ListItem\",\"position\":1,\"name\":\"Accueil\",\"item\":\"https:\/\/blogs.thesocialmedia.com\/leblogmoto\/\"},{\"@type\":\"ListItem\",\"position\":2,\"name\":\"QATAR MOTOGP: ROSSI avait hiss\u00e9 la grande voile\"}]},{\"@type\":\"WebSite\",\"@id\":\"https:\/\/blogs.thesocialmedia.com\/leblogmoto\/#website\",\"url\":\"https:\/\/blogs.thesocialmedia.com\/leblogmoto\/\",\"name\":\"leblogmoto\",\"description\":\"Toute l&#039;actualit\u00e9 des 2 roues\",\"potentialAction\":[{\"@type\":\"SearchAction\",\"target\":{\"@type\":\"EntryPoint\",\"urlTemplate\":\"https:\/\/blogs.thesocialmedia.com\/leblogmoto\/?s={search_term_string}\"},\"query-input\":{\"@type\":\"PropertyValueSpecification\",\"valueRequired\":true,\"valueName\":\"search_term_string\"}}],\"inLanguage\":\"fr-FR\"},{\"@type\":\"Person\",\"@id\":\"https:\/\/blogs.thesocialmedia.com\/leblogmoto\/#\/schema\/person\/1a1dcfc7cec206573105eb4af91155c2\",\"name\":\"andre leconde\",\"image\":{\"@type\":\"ImageObject\",\"inLanguage\":\"fr-FR\",\"@id\":\"https:\/\/blogs.thesocialmedia.com\/leblogmoto\/#\/schema\/person\/image\/\",\"url\":\"https:\/\/secure.gravatar.com\/avatar\/?s=96&d=mm&r=g\",\"contentUrl\":\"https:\/\/secure.gravatar.com\/avatar\/?s=96&d=mm&r=g\",\"caption\":\"andre leconde\"},\"url\":\"https:\/\/blogs.thesocialmedia.com\/leblogmoto\/author\/andre-leconde\/\"}]}<\/script>\n<!-- \/ Yoast SEO plugin. -->","yoast_head_json":{"title":"QATAR MOTOGP: ROSSI avait hiss\u00e9 la grande voile - leblogmoto.com","robots":{"index":"index","follow":"follow","max-snippet":"max-snippet:-1","max-image-preview":"max-image-preview:large","max-video-preview":"max-video-preview:-1"},"canonical":"https:\/\/blogs.thesocialmedia.com\/leblogmoto\/2006\/04\/08\/qatar-motogp-ro\/","twitter_card":"summary_large_image","twitter_title":"QATAR MOTOGP: ROSSI avait hiss\u00e9 la grande voile - leblogmoto.com","twitter_description":"Sur le venteux circuit de LOSAIL, le champion du Monde Valentino ROSSI a jou\u00e9 les rabattants pour la jeune g\u00e9n\u00e9ration montante. Vainqueur d&rsquo;une course qu&rsquo;il a parfaitement men\u00e9 \u00e0 sa main, il se repositionne au championnat en signant cette 54\u00e8me victoire dans la cat\u00e9gorie reine, faisant de lui l&rsquo;\u00e9gal de DOOHAN. Derri\u00e8re, ce sont les [&hellip;]","twitter_image":"http:\/\/www.leblogmoto.com\/images\/wideqatmotgp.jpg","twitter_misc":{"\u00c9crit par":"andre leconde","Dur\u00e9e de lecture estim\u00e9e":"1 minute"},"schema":{"@context":"https:\/\/schema.org","@graph":[{"@type":"WebPage","@id":"https:\/\/blogs.thesocialmedia.com\/leblogmoto\/2006\/04\/08\/qatar-motogp-ro\/","url":"https:\/\/blogs.thesocialmedia.com\/leblogmoto\/2006\/04\/08\/qatar-motogp-ro\/","name":"QATAR MOTOGP: ROSSI avait hiss\u00e9 la grande voile - leblogmoto.com","isPartOf":{"@id":"https:\/\/blogs.thesocialmedia.com\/leblogmoto\/#website"},"primaryImageOfPage":{"@id":"https:\/\/blogs.thesocialmedia.com\/leblogmoto\/2006\/04\/08\/qatar-motogp-ro\/#primaryimage"},"image":{"@id":"https:\/\/blogs.thesocialmedia.com\/leblogmoto\/2006\/04\/08\/qatar-motogp-ro\/#primaryimage"},"thumbnailUrl":"http:\/\/www.leblogmoto.com\/images\/wideqatmotgp.jpg","datePublished":"2006-04-08T15:40:13+00:00","dateModified":"2012-07-11T14:19:36+00:00","author":{"@id":"https:\/\/blogs.thesocialmedia.com\/leblogmoto\/#\/schema\/person\/1a1dcfc7cec206573105eb4af91155c2"},"breadcrumb":{"@id":"https:\/\/blogs.thesocialmedia.com\/leblogmoto\/2006\/04\/08\/qatar-motogp-ro\/#breadcrumb"},"inLanguage":"fr-FR","potentialAction":[{"@type":"ReadAction","target":["https:\/\/blogs.thesocialmedia.com\/leblogmoto\/2006\/04\/08\/qatar-motogp-ro\/"]}]},{"@type":"ImageObject","inLanguage":"fr-FR","@id":"https:\/\/blogs.thesocialmedia.com\/leblogmoto\/2006\/04\/08\/qatar-motogp-ro\/#primaryimage","url":"http:\/\/www.leblogmoto.com\/images\/wideqatmotgp.jpg","contentUrl":"http:\/\/www.leblogmoto.com\/images\/wideqatmotgp.jpg"},{"@type":"BreadcrumbList","@id":"https:\/\/blogs.thesocialmedia.com\/leblogmoto\/2006\/04\/08\/qatar-motogp-ro\/#breadcrumb","itemListElement":[{"@type":"ListItem","position":1,"name":"Accueil","item":"https:\/\/blogs.thesocialmedia.com\/leblogmoto\/"},{"@type":"ListItem","position":2,"name":"QATAR MOTOGP: ROSSI avait hiss\u00e9 la grande voile"}]},{"@type":"WebSite","@id":"https:\/\/blogs.thesocialmedia.com\/leblogmoto\/#website","url":"https:\/\/blogs.thesocialmedia.com\/leblogmoto\/","name":"leblogmoto","description":"Toute l&#039;actualit\u00e9 des 2 roues","potentialAction":[{"@type":"SearchAction","target":{"@type":"EntryPoint","urlTemplate":"https:\/\/blogs.thesocialmedia.com\/leblogmoto\/?s={search_term_string}"},"query-input":{"@type":"PropertyValueSpecification","valueRequired":true,"valueName":"search_term_string"}}],"inLanguage":"fr-FR"},{"@type":"Person","@id":"https:\/\/blogs.thesocialmedia.com\/leblogmoto\/#\/schema\/person\/1a1dcfc7cec206573105eb4af91155c2","name":"andre leconde","image":{"@type":"ImageObject","inLanguage":"fr-FR","@id":"https:\/\/blogs.thesocialmedia.com\/leblogmoto\/#\/schema\/person\/image\/","url":"https:\/\/secure.gravatar.com\/avatar\/?s=96&d=mm&r=g","contentUrl":"https:\/\/secure.gravatar.com\/avatar\/?s=96&d=mm&r=g","caption":"andre leconde"},"url":"https:\/\/blogs.thesocialmedia.com\/leblogmoto\/author\/andre-leconde\/"}]}},"_links":{"self":[{"href":"https:\/\/blogs.thesocialmedia.com\/leblogmoto\/wp-json\/wp\/v2\/posts\/1932","targetHints":{"allow":["GET"]}}],"collection":[{"href":"https:\/\/blogs.thesocialmedia.com\/leblogmoto\/wp-json\/wp\/v2\/posts"}],"about":[{"href":"https:\/\/blogs.thesocialmedia.com\/leblogmoto\/wp-json\/wp\/v2\/types\/post"}],"author":[{"embeddable":true,"href":"https:\/\/blogs.thesocialmedia.com\/leblogmoto\/wp-json\/wp\/v2\/users\/336"}],"replies":[{"embeddable":true,"href":"https:\/\/blogs.thesocialmedia.com\/leblogmoto\/wp-json\/wp\/v2\/comments?post=1932"}],"version-history":[{"count":2,"href":"https:\/\/blogs.thesocialmedia.com\/leblogmoto\/wp-json\/wp\/v2\/posts\/1932\/revisions"}],"predecessor-version":[{"id":7289,"href":"https:\/\/blogs.thesocialmedia.com\/leblogmoto\/wp-json\/wp\/v2\/posts\/1932\/revisions\/7289"}],"wp:attachment":[{"href":"https:\/\/blogs.thesocialmedia.com\/leblogmoto\/wp-json\/wp\/v2\/media?parent=1932"}],"wp:term":[{"taxonomy":"category","embeddable":true,"href":"https:\/\/blogs.thesocialmedia.com\/leblogmoto\/wp-json\/wp\/v2\/categories?post=1932"},{"taxonomy":"post_tag","embeddable":true,"href":"https:\/\/blogs.thesocialmedia.com\/leblogmoto\/wp-json\/wp\/v2\/tags?post=1932"}],"curies":[{"name":"wp","href":"https:\/\/api.w.org\/{rel}","templated":true}]}}