{"id":1934,"date":"2006-04-08T11:53:32","date_gmt":"2006-04-08T11:53:32","guid":{"rendered":"http:\/\/blogs.thesocialmedia.com\/leblogmoto\/2006\/04\/08\/qatar-125-bauti\/"},"modified":"2012-07-11T14:19:31","modified_gmt":"2012-07-11T14:19:31","slug":"qatar-125-bauti","status":"publish","type":"post","link":"https:\/\/blogs.thesocialmedia.com\/leblogmoto\/2006\/04\/08\/qatar-125-bauti\/","title":{"rendered":"QATAR 125: BAUTISTA a le vent en poupe"},"content":{"rendered":"<p><a href=\"http:\/\/blogs.thesocialmedia.com\/leblogmoto\/files\/2012\/07\/aprilia_rs_125_gp.jpg\"><img loading=\"lazy\" decoding=\"async\" height=\"131\" alt=\"Aprilia_rs_125_gp\" src=\"http:\/\/www.leblogmoto.com\/images\/aprilia_rs_125_gp.jpg\" width=\"250\"  \/><\/a>Depuis 2000, <strong>Arnaud VINCENT<\/strong> et 56 \u00e9preuves, la 125 n&rsquo;avait jamais connu un vainqueur de deux GP cons\u00e9cutifs.<\/p>\n<p>C&rsquo;est chose faite depuis cette \u00e9tape qatarie, avec <a href=\"http:\/\/www.leblogmoto.com\/2006\/03\/125_bautista_la.html\">BAUTISTA<\/a> qui signe sa deuxi\u00e8me victoire. Une premi\u00e8re place acquise sans contestation, puisque l&rsquo;espagnol, auteur de <a href=\"http:\/\/www.leblogmoto.com\/2006\/04\/125_qatar_bauti.html\">la pole<\/a> a sereinement remont\u00e9 ses adversaires apr\u00e8s un d\u00e9part prudent sous des bourasques de vent qui ramenaient du sable sur la piste. Le voil\u00e0 leader et maintenant favori du championnat&#8230;<\/p>\n<p><a href=\"http:\/\/clabedan.typepad.com\/.shared\/image.html?\/photos\/uncategorized\/07042006160848_pasini20752020kallio2036.jpg\"><img loading=\"lazy\" decoding=\"async\" height=\"166\" alt=\"07042006160848_pasini20752020kallio2036\" src=\"http:\/\/www.leblogmoto.com\/images\/07042006160848_pasini20752020kallio2036.jpg\" width=\"250\"  \/><\/a>Derri\u00e8re, le podium s&rsquo;est disput\u00e9 entre <strong>KALLIO<\/strong>, <strong>GADEA<\/strong>, <strong>PASINI<\/strong> et <strong>PESEK<\/strong>. <\/p>\n<p>Dans le dernier tour, le tch\u00e8que \u00e0 la <strong>DERBI<\/strong> \u00e9tait victime de la fougue de ce peloton qui roulait tr\u00e9s serr\u00e9 et chut\u00e9 apr\u00e8s un accrochage avec <strong>PASINI<\/strong>. <strong>KALLIO<\/strong> rejoignait <strong>GADEA<\/strong> et lui soufflait la deuxi\u00e8me place \u00e0 l&rsquo;aspi de la derni\u00e8re ligne droite pour dix milli\u00e8mes.<\/p>\n<p>BAUTISTA, KALLIO, GADEA et PASINI, voil\u00e0 le quatuor de t\u00eate. <strong>LUTHI<\/strong>, toujours diminu\u00e9, finit bon huiti\u00e8me alors que <strong>DI MEGLIO<\/strong> a d\u00fb abandonner en d\u00e9but de course. <strong>MASBOU<\/strong> \u00e9tait quant \u00e0 lui forfait, se ressentant toujours de la blessure \u00e0 son pied. <\/p>\n<p><strong><em><u>CHAMPIONNAT<\/u><\/em><\/strong>: BAUTISTA 50 &#8211; KALLIO 33 &#8211; PASINI 29 &#8211; GADEA 25 &#8211; PESEK 20<\/p><\/p>\n","protected":false},"excerpt":{"rendered":"<p>Depuis 2000, Arnaud VINCENT et 56 \u00e9preuves, la 125 n&rsquo;avait jamais connu un vainqueur de deux GP cons\u00e9cutifs. C&rsquo;est chose faite depuis cette \u00e9tape qatarie, avec BAUTISTA qui signe sa deuxi\u00e8me victoire. Une premi\u00e8re place acquise sans contestation, puisque l&rsquo;espagnol, auteur de la pole a sereinement remont\u00e9 ses adversaires apr\u00e8s un d\u00e9part prudent sous des [&hellip;]<\/p>\n","protected":false},"author":336,"featured_media":0,"comment_status":"open","ping_status":"open","sticky":false,"template":"","format":"standard","meta":{"footnotes":""},"categories":[22,32],"tags":[],"class_list":["post-1934","post","type-post","status-publish","format-standard","hentry","category-motogp","category-sport-moto"],"yoast_head":"<!-- This site is optimized with the Yoast SEO plugin v26.0 - https:\/\/yoast.com\/wordpress\/plugins\/seo\/ -->\n<title>QATAR 125: BAUTISTA a le vent en poupe - leblogmoto.com<\/title>\n<meta name=\"robots\" content=\"index, follow, max-snippet:-1, max-image-preview:large, max-video-preview:-1\" \/>\n<link rel=\"canonical\" href=\"https:\/\/blogs.thesocialmedia.com\/leblogmoto\/2006\/04\/08\/qatar-125-bauti\/\" \/>\n<meta name=\"twitter:card\" content=\"summary_large_image\" \/>\n<meta name=\"twitter:title\" content=\"QATAR 125: BAUTISTA a le vent en poupe - leblogmoto.com\" \/>\n<meta name=\"twitter:description\" content=\"Depuis 2000, Arnaud VINCENT et 56 \u00e9preuves, la 125 n&rsquo;avait jamais connu un vainqueur de deux GP cons\u00e9cutifs. C&rsquo;est chose faite depuis cette \u00e9tape qatarie, avec BAUTISTA qui signe sa deuxi\u00e8me victoire. Une premi\u00e8re place acquise sans contestation, puisque l&rsquo;espagnol, auteur de la pole a sereinement remont\u00e9 ses adversaires apr\u00e8s un d\u00e9part prudent sous des [&hellip;]\" \/>\n<meta name=\"twitter:image\" content=\"http:\/\/www.leblogmoto.com\/images\/aprilia_rs_125_gp.jpg\" \/>\n<meta name=\"twitter:label1\" content=\"\u00c9crit par\" \/>\n\t<meta name=\"twitter:data1\" content=\"andre leconde\" \/>\n\t<meta name=\"twitter:label2\" content=\"Dur\u00e9e de lecture estim\u00e9e\" \/>\n\t<meta name=\"twitter:data2\" content=\"1 minute\" \/>\n<script type=\"application\/ld+json\" class=\"yoast-schema-graph\">{\"@context\":\"https:\/\/schema.org\",\"@graph\":[{\"@type\":\"WebPage\",\"@id\":\"https:\/\/blogs.thesocialmedia.com\/leblogmoto\/2006\/04\/08\/qatar-125-bauti\/\",\"url\":\"https:\/\/blogs.thesocialmedia.com\/leblogmoto\/2006\/04\/08\/qatar-125-bauti\/\",\"name\":\"QATAR 125: BAUTISTA a le vent en poupe - leblogmoto.com\",\"isPartOf\":{\"@id\":\"https:\/\/blogs.thesocialmedia.com\/leblogmoto\/#website\"},\"primaryImageOfPage\":{\"@id\":\"https:\/\/blogs.thesocialmedia.com\/leblogmoto\/2006\/04\/08\/qatar-125-bauti\/#primaryimage\"},\"image\":{\"@id\":\"https:\/\/blogs.thesocialmedia.com\/leblogmoto\/2006\/04\/08\/qatar-125-bauti\/#primaryimage\"},\"thumbnailUrl\":\"http:\/\/www.leblogmoto.com\/images\/aprilia_rs_125_gp.jpg\",\"datePublished\":\"2006-04-08T11:53:32+00:00\",\"dateModified\":\"2012-07-11T14:19:31+00:00\",\"author\":{\"@id\":\"https:\/\/blogs.thesocialmedia.com\/leblogmoto\/#\/schema\/person\/1a1dcfc7cec206573105eb4af91155c2\"},\"breadcrumb\":{\"@id\":\"https:\/\/blogs.thesocialmedia.com\/leblogmoto\/2006\/04\/08\/qatar-125-bauti\/#breadcrumb\"},\"inLanguage\":\"fr-FR\",\"potentialAction\":[{\"@type\":\"ReadAction\",\"target\":[\"https:\/\/blogs.thesocialmedia.com\/leblogmoto\/2006\/04\/08\/qatar-125-bauti\/\"]}]},{\"@type\":\"ImageObject\",\"inLanguage\":\"fr-FR\",\"@id\":\"https:\/\/blogs.thesocialmedia.com\/leblogmoto\/2006\/04\/08\/qatar-125-bauti\/#primaryimage\",\"url\":\"http:\/\/www.leblogmoto.com\/images\/aprilia_rs_125_gp.jpg\",\"contentUrl\":\"http:\/\/www.leblogmoto.com\/images\/aprilia_rs_125_gp.jpg\"},{\"@type\":\"BreadcrumbList\",\"@id\":\"https:\/\/blogs.thesocialmedia.com\/leblogmoto\/2006\/04\/08\/qatar-125-bauti\/#breadcrumb\",\"itemListElement\":[{\"@type\":\"ListItem\",\"position\":1,\"name\":\"Accueil\",\"item\":\"https:\/\/blogs.thesocialmedia.com\/leblogmoto\/\"},{\"@type\":\"ListItem\",\"position\":2,\"name\":\"QATAR 125: BAUTISTA a le vent en poupe\"}]},{\"@type\":\"WebSite\",\"@id\":\"https:\/\/blogs.thesocialmedia.com\/leblogmoto\/#website\",\"url\":\"https:\/\/blogs.thesocialmedia.com\/leblogmoto\/\",\"name\":\"leblogmoto\",\"description\":\"Toute l&#039;actualit\u00e9 des 2 roues\",\"potentialAction\":[{\"@type\":\"SearchAction\",\"target\":{\"@type\":\"EntryPoint\",\"urlTemplate\":\"https:\/\/blogs.thesocialmedia.com\/leblogmoto\/?s={search_term_string}\"},\"query-input\":{\"@type\":\"PropertyValueSpecification\",\"valueRequired\":true,\"valueName\":\"search_term_string\"}}],\"inLanguage\":\"fr-FR\"},{\"@type\":\"Person\",\"@id\":\"https:\/\/blogs.thesocialmedia.com\/leblogmoto\/#\/schema\/person\/1a1dcfc7cec206573105eb4af91155c2\",\"name\":\"andre leconde\",\"image\":{\"@type\":\"ImageObject\",\"inLanguage\":\"fr-FR\",\"@id\":\"https:\/\/blogs.thesocialmedia.com\/leblogmoto\/#\/schema\/person\/image\/\",\"url\":\"https:\/\/secure.gravatar.com\/avatar\/?s=96&d=mm&r=g\",\"contentUrl\":\"https:\/\/secure.gravatar.com\/avatar\/?s=96&d=mm&r=g\",\"caption\":\"andre leconde\"},\"url\":\"https:\/\/blogs.thesocialmedia.com\/leblogmoto\/author\/andre-leconde\/\"}]}<\/script>\n<!-- \/ Yoast SEO plugin. -->","yoast_head_json":{"title":"QATAR 125: BAUTISTA a le vent en poupe - leblogmoto.com","robots":{"index":"index","follow":"follow","max-snippet":"max-snippet:-1","max-image-preview":"max-image-preview:large","max-video-preview":"max-video-preview:-1"},"canonical":"https:\/\/blogs.thesocialmedia.com\/leblogmoto\/2006\/04\/08\/qatar-125-bauti\/","twitter_card":"summary_large_image","twitter_title":"QATAR 125: BAUTISTA a le vent en poupe - leblogmoto.com","twitter_description":"Depuis 2000, Arnaud VINCENT et 56 \u00e9preuves, la 125 n&rsquo;avait jamais connu un vainqueur de deux GP cons\u00e9cutifs. C&rsquo;est chose faite depuis cette \u00e9tape qatarie, avec BAUTISTA qui signe sa deuxi\u00e8me victoire. Une premi\u00e8re place acquise sans contestation, puisque l&rsquo;espagnol, auteur de la pole a sereinement remont\u00e9 ses adversaires apr\u00e8s un d\u00e9part prudent sous des [&hellip;]","twitter_image":"http:\/\/www.leblogmoto.com\/images\/aprilia_rs_125_gp.jpg","twitter_misc":{"\u00c9crit par":"andre leconde","Dur\u00e9e de lecture estim\u00e9e":"1 minute"},"schema":{"@context":"https:\/\/schema.org","@graph":[{"@type":"WebPage","@id":"https:\/\/blogs.thesocialmedia.com\/leblogmoto\/2006\/04\/08\/qatar-125-bauti\/","url":"https:\/\/blogs.thesocialmedia.com\/leblogmoto\/2006\/04\/08\/qatar-125-bauti\/","name":"QATAR 125: BAUTISTA a le vent en poupe - leblogmoto.com","isPartOf":{"@id":"https:\/\/blogs.thesocialmedia.com\/leblogmoto\/#website"},"primaryImageOfPage":{"@id":"https:\/\/blogs.thesocialmedia.com\/leblogmoto\/2006\/04\/08\/qatar-125-bauti\/#primaryimage"},"image":{"@id":"https:\/\/blogs.thesocialmedia.com\/leblogmoto\/2006\/04\/08\/qatar-125-bauti\/#primaryimage"},"thumbnailUrl":"http:\/\/www.leblogmoto.com\/images\/aprilia_rs_125_gp.jpg","datePublished":"2006-04-08T11:53:32+00:00","dateModified":"2012-07-11T14:19:31+00:00","author":{"@id":"https:\/\/blogs.thesocialmedia.com\/leblogmoto\/#\/schema\/person\/1a1dcfc7cec206573105eb4af91155c2"},"breadcrumb":{"@id":"https:\/\/blogs.thesocialmedia.com\/leblogmoto\/2006\/04\/08\/qatar-125-bauti\/#breadcrumb"},"inLanguage":"fr-FR","potentialAction":[{"@type":"ReadAction","target":["https:\/\/blogs.thesocialmedia.com\/leblogmoto\/2006\/04\/08\/qatar-125-bauti\/"]}]},{"@type":"ImageObject","inLanguage":"fr-FR","@id":"https:\/\/blogs.thesocialmedia.com\/leblogmoto\/2006\/04\/08\/qatar-125-bauti\/#primaryimage","url":"http:\/\/www.leblogmoto.com\/images\/aprilia_rs_125_gp.jpg","contentUrl":"http:\/\/www.leblogmoto.com\/images\/aprilia_rs_125_gp.jpg"},{"@type":"BreadcrumbList","@id":"https:\/\/blogs.thesocialmedia.com\/leblogmoto\/2006\/04\/08\/qatar-125-bauti\/#breadcrumb","itemListElement":[{"@type":"ListItem","position":1,"name":"Accueil","item":"https:\/\/blogs.thesocialmedia.com\/leblogmoto\/"},{"@type":"ListItem","position":2,"name":"QATAR 125: BAUTISTA a le vent en poupe"}]},{"@type":"WebSite","@id":"https:\/\/blogs.thesocialmedia.com\/leblogmoto\/#website","url":"https:\/\/blogs.thesocialmedia.com\/leblogmoto\/","name":"leblogmoto","description":"Toute l&#039;actualit\u00e9 des 2 roues","potentialAction":[{"@type":"SearchAction","target":{"@type":"EntryPoint","urlTemplate":"https:\/\/blogs.thesocialmedia.com\/leblogmoto\/?s={search_term_string}"},"query-input":{"@type":"PropertyValueSpecification","valueRequired":true,"valueName":"search_term_string"}}],"inLanguage":"fr-FR"},{"@type":"Person","@id":"https:\/\/blogs.thesocialmedia.com\/leblogmoto\/#\/schema\/person\/1a1dcfc7cec206573105eb4af91155c2","name":"andre leconde","image":{"@type":"ImageObject","inLanguage":"fr-FR","@id":"https:\/\/blogs.thesocialmedia.com\/leblogmoto\/#\/schema\/person\/image\/","url":"https:\/\/secure.gravatar.com\/avatar\/?s=96&d=mm&r=g","contentUrl":"https:\/\/secure.gravatar.com\/avatar\/?s=96&d=mm&r=g","caption":"andre leconde"},"url":"https:\/\/blogs.thesocialmedia.com\/leblogmoto\/author\/andre-leconde\/"}]}},"_links":{"self":[{"href":"https:\/\/blogs.thesocialmedia.com\/leblogmoto\/wp-json\/wp\/v2\/posts\/1934","targetHints":{"allow":["GET"]}}],"collection":[{"href":"https:\/\/blogs.thesocialmedia.com\/leblogmoto\/wp-json\/wp\/v2\/posts"}],"about":[{"href":"https:\/\/blogs.thesocialmedia.com\/leblogmoto\/wp-json\/wp\/v2\/types\/post"}],"author":[{"embeddable":true,"href":"https:\/\/blogs.thesocialmedia.com\/leblogmoto\/wp-json\/wp\/v2\/users\/336"}],"replies":[{"embeddable":true,"href":"https:\/\/blogs.thesocialmedia.com\/leblogmoto\/wp-json\/wp\/v2\/comments?post=1934"}],"version-history":[{"count":2,"href":"https:\/\/blogs.thesocialmedia.com\/leblogmoto\/wp-json\/wp\/v2\/posts\/1934\/revisions"}],"predecessor-version":[{"id":7285,"href":"https:\/\/blogs.thesocialmedia.com\/leblogmoto\/wp-json\/wp\/v2\/posts\/1934\/revisions\/7285"}],"wp:attachment":[{"href":"https:\/\/blogs.thesocialmedia.com\/leblogmoto\/wp-json\/wp\/v2\/media?parent=1934"}],"wp:term":[{"taxonomy":"category","embeddable":true,"href":"https:\/\/blogs.thesocialmedia.com\/leblogmoto\/wp-json\/wp\/v2\/categories?post=1934"},{"taxonomy":"post_tag","embeddable":true,"href":"https:\/\/blogs.thesocialmedia.com\/leblogmoto\/wp-json\/wp\/v2\/tags?post=1934"}],"curies":[{"name":"wp","href":"https:\/\/api.w.org\/{rel}","templated":true}]}}