{"id":1936,"date":"2006-04-07T21:40:54","date_gmt":"2006-04-07T21:40:54","guid":{"rendered":"http:\/\/blogs.thesocialmedia.com\/leblogmoto\/2006\/04\/07\/dark-dog-academ-2\/"},"modified":"2012-07-11T14:19:29","modified_gmt":"2012-07-11T14:19:29","slug":"dark-dog-academ-2","status":"publish","type":"post","link":"https:\/\/blogs.thesocialmedia.com\/leblogmoto\/2006\/04\/07\/dark-dog-academ-2\/","title":{"rendered":"DARK DOG ACADEMY: Noierait-elle ses chiots ?"},"content":{"rendered":"<p><a href=\"http:\/\/blogs.thesocialmedia.com\/leblogmoto\/files\/2012\/07\/logo_darkdogacademy.jpg\"><img loading=\"lazy\" decoding=\"async\" height=\"93\" alt=\"Logo_darkdogacademy\" src=\"http:\/\/www.leblogmoto.com\/images\/logo_darkdogacademy.jpg\" width=\"250\"  \/><\/a>Ca ne rigole gu\u00e8re chez <strong>Marc FONTAN<\/strong>, directeur de la <a href=\"http:\/\/www.leblogmoto.com\/2006\/03\/dark_dog_academ.html\">Dark Dog Academy<\/a>. A peine deux courses de disputer pour ses soci\u00e8taires soit <strong>Lucas DE CAROLIS<\/strong> et <strong>David PERRET<\/strong> et d\u00e9j\u00e0 un vir\u00e9 sans autre forme de proc\u00e8s.<\/p>\n<p><strong>David PERRET<\/strong>, champion des <a href=\"http:\/\/www.leblogmoto.com\/2006\/03\/france_open_vit.html\">Promosports 600<\/a> en 2005, a ainsi \u00e9t\u00e9 pri\u00e9 d&rsquo;aller voir ailleurs. Certes, le discours officiel est suffisamment mielleux pour que chacun donne l&rsquo;impression de s&rsquo;\u00eatre quitt\u00e9 en bon terme, comme pour mettre fin \u00e0 un stupide malentendu qui profitera \u00e0 l&rsquo;\u00e9closion de tous. Enfin, c&rsquo;est surtout Mac FONTAN qui le dit&#8230;&nbsp; <\/p>\n<p><a href=\"http:\/\/clabedan.typepad.com\/.shared\/image.html?\/photos\/uncategorized\/msmarcfontan.jpg\"><img loading=\"lazy\" decoding=\"async\" height=\"171\" alt=\"Msmarcfontan\" src=\"http:\/\/www.leblogmoto.com\/images\/msmarcfontan.jpg\" width=\"250\"  \/><\/a>Que ce type de fili\u00e8re am\u00e8ne des contraintes particuli\u00e8res n\u00e9cessitant un investissement fort de celui qui s&rsquo;y engage, personne n&rsquo;en doute. Reste que <strong>David PERRET<\/strong>, qui a quand m\u00eame un palmar\u00e8s \u00e0 faire valoir, n&rsquo;est pas arriv\u00e9 comme tomb\u00e9 du ciel. Des s\u00e9lections ont eu lieu pour acc\u00e9der \u00e0 ce concept, dont leur finalit\u00e9 est, justement, de d\u00e9celer les incompatibilit\u00e9s.<\/p>\n<p>Il faut croire qu&rsquo;elles n&rsquo;ont pas \u00e9t\u00e9 suffisamment rigoureuses pour mettre \u00e0 jour des contradictions essentielles. Reste qu&rsquo;elles ne devaient pas \u00eatre si insondables que cela, puisqu&rsquo;il n&rsquo;a fallu que <strong>deux meetings<\/strong> pour en faire une raison de clash, sans pr\u00e9avis.&nbsp; &nbsp; <\/p>\n<p><strong>DE CAROLIS<\/strong>, quant \u00e0 lui, donne satisfaction. Son futur bin\u00f4me sera apparemment choisi entre Jonathan <strong>CASTANET<\/strong>, Sylvain <strong>BARRIER<\/strong> ou Mathieu <strong>GINEST<\/strong>. Les trois seront bient\u00f4t test\u00e9s. En esp\u00e9rant que, cette fois, la d\u00e9cision soit prise apr\u00e8s une m\u00fbre et sereine r\u00e9flexion de part et d&rsquo;autre.<\/p>\n<p>SOURCE: <a href=\"http:\/\/www.moto-net.com\/\">www.moto-net.com<\/a>&nbsp; &nbsp;&nbsp; <\/p>\n","protected":false},"excerpt":{"rendered":"<p>Ca ne rigole gu\u00e8re chez Marc FONTAN, directeur de la Dark Dog Academy. A peine deux courses de disputer pour ses soci\u00e8taires soit Lucas DE CAROLIS et David PERRET et d\u00e9j\u00e0 un vir\u00e9 sans autre forme de proc\u00e8s. David PERRET, champion des Promosports 600 en 2005, a ainsi \u00e9t\u00e9 pri\u00e9 d&rsquo;aller voir ailleurs. Certes, le [&hellip;]<\/p>\n","protected":false},"author":336,"featured_media":0,"comment_status":"open","ping_status":"open","sticky":false,"template":"","format":"standard","meta":{"footnotes":""},"categories":[32],"tags":[],"class_list":["post-1936","post","type-post","status-publish","format-standard","hentry","category-sport-moto"],"yoast_head":"<!-- This site is optimized with the Yoast SEO plugin v26.0 - https:\/\/yoast.com\/wordpress\/plugins\/seo\/ -->\n<title>DARK DOG ACADEMY: Noierait-elle ses chiots ? - leblogmoto.com<\/title>\n<meta name=\"robots\" content=\"index, follow, max-snippet:-1, max-image-preview:large, max-video-preview:-1\" \/>\n<link rel=\"canonical\" href=\"https:\/\/blogs.thesocialmedia.com\/leblogmoto\/2006\/04\/07\/dark-dog-academ-2\/\" \/>\n<meta name=\"twitter:card\" content=\"summary_large_image\" \/>\n<meta name=\"twitter:title\" content=\"DARK DOG ACADEMY: Noierait-elle ses chiots ? - leblogmoto.com\" \/>\n<meta name=\"twitter:description\" content=\"Ca ne rigole gu\u00e8re chez Marc FONTAN, directeur de la Dark Dog Academy. A peine deux courses de disputer pour ses soci\u00e8taires soit Lucas DE CAROLIS et David PERRET et d\u00e9j\u00e0 un vir\u00e9 sans autre forme de proc\u00e8s. David PERRET, champion des Promosports 600 en 2005, a ainsi \u00e9t\u00e9 pri\u00e9 d&rsquo;aller voir ailleurs. Certes, le [&hellip;]\" \/>\n<meta name=\"twitter:image\" content=\"http:\/\/www.leblogmoto.com\/images\/logo_darkdogacademy.jpg\" \/>\n<meta name=\"twitter:label1\" content=\"\u00c9crit par\" \/>\n\t<meta name=\"twitter:data1\" content=\"andre leconde\" \/>\n\t<meta name=\"twitter:label2\" content=\"Dur\u00e9e de lecture estim\u00e9e\" \/>\n\t<meta name=\"twitter:data2\" content=\"1 minute\" \/>\n<script type=\"application\/ld+json\" class=\"yoast-schema-graph\">{\"@context\":\"https:\/\/schema.org\",\"@graph\":[{\"@type\":\"WebPage\",\"@id\":\"https:\/\/blogs.thesocialmedia.com\/leblogmoto\/2006\/04\/07\/dark-dog-academ-2\/\",\"url\":\"https:\/\/blogs.thesocialmedia.com\/leblogmoto\/2006\/04\/07\/dark-dog-academ-2\/\",\"name\":\"DARK DOG ACADEMY: Noierait-elle ses chiots ? - leblogmoto.com\",\"isPartOf\":{\"@id\":\"https:\/\/blogs.thesocialmedia.com\/leblogmoto\/#website\"},\"primaryImageOfPage\":{\"@id\":\"https:\/\/blogs.thesocialmedia.com\/leblogmoto\/2006\/04\/07\/dark-dog-academ-2\/#primaryimage\"},\"image\":{\"@id\":\"https:\/\/blogs.thesocialmedia.com\/leblogmoto\/2006\/04\/07\/dark-dog-academ-2\/#primaryimage\"},\"thumbnailUrl\":\"http:\/\/www.leblogmoto.com\/images\/logo_darkdogacademy.jpg\",\"datePublished\":\"2006-04-07T21:40:54+00:00\",\"dateModified\":\"2012-07-11T14:19:29+00:00\",\"author\":{\"@id\":\"https:\/\/blogs.thesocialmedia.com\/leblogmoto\/#\/schema\/person\/1a1dcfc7cec206573105eb4af91155c2\"},\"breadcrumb\":{\"@id\":\"https:\/\/blogs.thesocialmedia.com\/leblogmoto\/2006\/04\/07\/dark-dog-academ-2\/#breadcrumb\"},\"inLanguage\":\"fr-FR\",\"potentialAction\":[{\"@type\":\"ReadAction\",\"target\":[\"https:\/\/blogs.thesocialmedia.com\/leblogmoto\/2006\/04\/07\/dark-dog-academ-2\/\"]}]},{\"@type\":\"ImageObject\",\"inLanguage\":\"fr-FR\",\"@id\":\"https:\/\/blogs.thesocialmedia.com\/leblogmoto\/2006\/04\/07\/dark-dog-academ-2\/#primaryimage\",\"url\":\"http:\/\/www.leblogmoto.com\/images\/logo_darkdogacademy.jpg\",\"contentUrl\":\"http:\/\/www.leblogmoto.com\/images\/logo_darkdogacademy.jpg\"},{\"@type\":\"BreadcrumbList\",\"@id\":\"https:\/\/blogs.thesocialmedia.com\/leblogmoto\/2006\/04\/07\/dark-dog-academ-2\/#breadcrumb\",\"itemListElement\":[{\"@type\":\"ListItem\",\"position\":1,\"name\":\"Accueil\",\"item\":\"https:\/\/blogs.thesocialmedia.com\/leblogmoto\/\"},{\"@type\":\"ListItem\",\"position\":2,\"name\":\"DARK DOG ACADEMY: Noierait-elle ses chiots ?\"}]},{\"@type\":\"WebSite\",\"@id\":\"https:\/\/blogs.thesocialmedia.com\/leblogmoto\/#website\",\"url\":\"https:\/\/blogs.thesocialmedia.com\/leblogmoto\/\",\"name\":\"leblogmoto\",\"description\":\"Toute l&#039;actualit\u00e9 des 2 roues\",\"potentialAction\":[{\"@type\":\"SearchAction\",\"target\":{\"@type\":\"EntryPoint\",\"urlTemplate\":\"https:\/\/blogs.thesocialmedia.com\/leblogmoto\/?s={search_term_string}\"},\"query-input\":{\"@type\":\"PropertyValueSpecification\",\"valueRequired\":true,\"valueName\":\"search_term_string\"}}],\"inLanguage\":\"fr-FR\"},{\"@type\":\"Person\",\"@id\":\"https:\/\/blogs.thesocialmedia.com\/leblogmoto\/#\/schema\/person\/1a1dcfc7cec206573105eb4af91155c2\",\"name\":\"andre leconde\",\"image\":{\"@type\":\"ImageObject\",\"inLanguage\":\"fr-FR\",\"@id\":\"https:\/\/blogs.thesocialmedia.com\/leblogmoto\/#\/schema\/person\/image\/\",\"url\":\"https:\/\/secure.gravatar.com\/avatar\/?s=96&d=mm&r=g\",\"contentUrl\":\"https:\/\/secure.gravatar.com\/avatar\/?s=96&d=mm&r=g\",\"caption\":\"andre leconde\"},\"url\":\"https:\/\/blogs.thesocialmedia.com\/leblogmoto\/author\/andre-leconde\/\"}]}<\/script>\n<!-- \/ Yoast SEO plugin. -->","yoast_head_json":{"title":"DARK DOG ACADEMY: Noierait-elle ses chiots ? - leblogmoto.com","robots":{"index":"index","follow":"follow","max-snippet":"max-snippet:-1","max-image-preview":"max-image-preview:large","max-video-preview":"max-video-preview:-1"},"canonical":"https:\/\/blogs.thesocialmedia.com\/leblogmoto\/2006\/04\/07\/dark-dog-academ-2\/","twitter_card":"summary_large_image","twitter_title":"DARK DOG ACADEMY: Noierait-elle ses chiots ? - leblogmoto.com","twitter_description":"Ca ne rigole gu\u00e8re chez Marc FONTAN, directeur de la Dark Dog Academy. A peine deux courses de disputer pour ses soci\u00e8taires soit Lucas DE CAROLIS et David PERRET et d\u00e9j\u00e0 un vir\u00e9 sans autre forme de proc\u00e8s. David PERRET, champion des Promosports 600 en 2005, a ainsi \u00e9t\u00e9 pri\u00e9 d&rsquo;aller voir ailleurs. Certes, le [&hellip;]","twitter_image":"http:\/\/www.leblogmoto.com\/images\/logo_darkdogacademy.jpg","twitter_misc":{"\u00c9crit par":"andre leconde","Dur\u00e9e de lecture estim\u00e9e":"1 minute"},"schema":{"@context":"https:\/\/schema.org","@graph":[{"@type":"WebPage","@id":"https:\/\/blogs.thesocialmedia.com\/leblogmoto\/2006\/04\/07\/dark-dog-academ-2\/","url":"https:\/\/blogs.thesocialmedia.com\/leblogmoto\/2006\/04\/07\/dark-dog-academ-2\/","name":"DARK DOG ACADEMY: Noierait-elle ses chiots ? - leblogmoto.com","isPartOf":{"@id":"https:\/\/blogs.thesocialmedia.com\/leblogmoto\/#website"},"primaryImageOfPage":{"@id":"https:\/\/blogs.thesocialmedia.com\/leblogmoto\/2006\/04\/07\/dark-dog-academ-2\/#primaryimage"},"image":{"@id":"https:\/\/blogs.thesocialmedia.com\/leblogmoto\/2006\/04\/07\/dark-dog-academ-2\/#primaryimage"},"thumbnailUrl":"http:\/\/www.leblogmoto.com\/images\/logo_darkdogacademy.jpg","datePublished":"2006-04-07T21:40:54+00:00","dateModified":"2012-07-11T14:19:29+00:00","author":{"@id":"https:\/\/blogs.thesocialmedia.com\/leblogmoto\/#\/schema\/person\/1a1dcfc7cec206573105eb4af91155c2"},"breadcrumb":{"@id":"https:\/\/blogs.thesocialmedia.com\/leblogmoto\/2006\/04\/07\/dark-dog-academ-2\/#breadcrumb"},"inLanguage":"fr-FR","potentialAction":[{"@type":"ReadAction","target":["https:\/\/blogs.thesocialmedia.com\/leblogmoto\/2006\/04\/07\/dark-dog-academ-2\/"]}]},{"@type":"ImageObject","inLanguage":"fr-FR","@id":"https:\/\/blogs.thesocialmedia.com\/leblogmoto\/2006\/04\/07\/dark-dog-academ-2\/#primaryimage","url":"http:\/\/www.leblogmoto.com\/images\/logo_darkdogacademy.jpg","contentUrl":"http:\/\/www.leblogmoto.com\/images\/logo_darkdogacademy.jpg"},{"@type":"BreadcrumbList","@id":"https:\/\/blogs.thesocialmedia.com\/leblogmoto\/2006\/04\/07\/dark-dog-academ-2\/#breadcrumb","itemListElement":[{"@type":"ListItem","position":1,"name":"Accueil","item":"https:\/\/blogs.thesocialmedia.com\/leblogmoto\/"},{"@type":"ListItem","position":2,"name":"DARK DOG ACADEMY: Noierait-elle ses chiots ?"}]},{"@type":"WebSite","@id":"https:\/\/blogs.thesocialmedia.com\/leblogmoto\/#website","url":"https:\/\/blogs.thesocialmedia.com\/leblogmoto\/","name":"leblogmoto","description":"Toute l&#039;actualit\u00e9 des 2 roues","potentialAction":[{"@type":"SearchAction","target":{"@type":"EntryPoint","urlTemplate":"https:\/\/blogs.thesocialmedia.com\/leblogmoto\/?s={search_term_string}"},"query-input":{"@type":"PropertyValueSpecification","valueRequired":true,"valueName":"search_term_string"}}],"inLanguage":"fr-FR"},{"@type":"Person","@id":"https:\/\/blogs.thesocialmedia.com\/leblogmoto\/#\/schema\/person\/1a1dcfc7cec206573105eb4af91155c2","name":"andre leconde","image":{"@type":"ImageObject","inLanguage":"fr-FR","@id":"https:\/\/blogs.thesocialmedia.com\/leblogmoto\/#\/schema\/person\/image\/","url":"https:\/\/secure.gravatar.com\/avatar\/?s=96&d=mm&r=g","contentUrl":"https:\/\/secure.gravatar.com\/avatar\/?s=96&d=mm&r=g","caption":"andre leconde"},"url":"https:\/\/blogs.thesocialmedia.com\/leblogmoto\/author\/andre-leconde\/"}]}},"_links":{"self":[{"href":"https:\/\/blogs.thesocialmedia.com\/leblogmoto\/wp-json\/wp\/v2\/posts\/1936","targetHints":{"allow":["GET"]}}],"collection":[{"href":"https:\/\/blogs.thesocialmedia.com\/leblogmoto\/wp-json\/wp\/v2\/posts"}],"about":[{"href":"https:\/\/blogs.thesocialmedia.com\/leblogmoto\/wp-json\/wp\/v2\/types\/post"}],"author":[{"embeddable":true,"href":"https:\/\/blogs.thesocialmedia.com\/leblogmoto\/wp-json\/wp\/v2\/users\/336"}],"replies":[{"embeddable":true,"href":"https:\/\/blogs.thesocialmedia.com\/leblogmoto\/wp-json\/wp\/v2\/comments?post=1936"}],"version-history":[{"count":2,"href":"https:\/\/blogs.thesocialmedia.com\/leblogmoto\/wp-json\/wp\/v2\/posts\/1936\/revisions"}],"predecessor-version":[{"id":7281,"href":"https:\/\/blogs.thesocialmedia.com\/leblogmoto\/wp-json\/wp\/v2\/posts\/1936\/revisions\/7281"}],"wp:attachment":[{"href":"https:\/\/blogs.thesocialmedia.com\/leblogmoto\/wp-json\/wp\/v2\/media?parent=1936"}],"wp:term":[{"taxonomy":"category","embeddable":true,"href":"https:\/\/blogs.thesocialmedia.com\/leblogmoto\/wp-json\/wp\/v2\/categories?post=1936"},{"taxonomy":"post_tag","embeddable":true,"href":"https:\/\/blogs.thesocialmedia.com\/leblogmoto\/wp-json\/wp\/v2\/tags?post=1936"}],"curies":[{"name":"wp","href":"https:\/\/api.w.org\/{rel}","templated":true}]}}