{"id":1937,"date":"2006-04-07T19:33:27","date_gmt":"2006-04-07T19:33:27","guid":{"rendered":"http:\/\/blogs.thesocialmedia.com\/leblogmoto\/2006\/04\/07\/80-harley-sur-l\/"},"modified":"2012-07-11T14:19:28","modified_gmt":"2012-07-11T14:19:28","slug":"80-harley-sur-l","status":"publish","type":"post","link":"https:\/\/blogs.thesocialmedia.com\/leblogmoto\/2006\/04\/07\/80-harley-sur-l\/","title":{"rendered":"80 Harley sur le boulevard Haussmann"},"content":{"rendered":"<p><a href=\"http:\/\/blogs.thesocialmedia.com\/leblogmoto\/files\/2012\/07\/harley_haussman.jpg\"><img loading=\"lazy\" decoding=\"async\" height=\"312\" alt=\"Harley_haussman\" src=\"http:\/\/www.leblogmoto.com\/images\/harley_haussman.JPG\" width=\"470\"  \/><\/a>Pour l\u2019ouverture de l\u2019exposition Los Angeles Fashion des Galeries Lafayette, une parade am\u00e9ricaine a d\u00e9fil\u00e9 sur le boulevard Haussmann, partiellement privatis\u00e9 pour l\u2019occasion, hier soir de 20h30 \u00e0 21 heures. <\/p>\n<p>Entre fanfare et pom-poms girls, 80 Harley-Davidson ronronnantes et rutilantes ont d\u00e9fil\u00e9 sous les temp\u00eates de confettis, enthousiasmant un public venu nombreux pour admirer le spectacle. Un spectacle rarissime \u00e0 Paris qui a r\u00e9gal\u00e9 les yeux et les oreilles des badauds attroup\u00e9s. <\/p>\n<p>Un grand moment de bonheur pour les motards : \u00ab D\u00e9filer \u00e0 Paris, sous les confettis, dans une ambiance pareille, c\u2019est un moment incroyable. \u00bb s\u2019enthousiasme St\u00e9phane Sahakian, directeur du H.O.G. France (Harley Owners Group). \u00ab A la fois f\u00e9\u00e9rique et excitant, c\u2019est un souvenir qui va rester dans nos m\u00e9moires \u00bb.<\/p>\n","protected":false},"excerpt":{"rendered":"<p>Pour l\u2019ouverture de l\u2019exposition Los Angeles Fashion des Galeries Lafayette, une parade am\u00e9ricaine a d\u00e9fil\u00e9 sur le boulevard Haussmann, partiellement privatis\u00e9 pour l\u2019occasion, hier soir de 20h30 \u00e0 21 heures. Entre fanfare et pom-poms girls, 80 Harley-Davidson ronronnantes et rutilantes ont d\u00e9fil\u00e9 sous les temp\u00eates de confettis, enthousiasmant un public venu nombreux pour admirer le [&hellip;]<\/p>\n","protected":false},"author":219,"featured_media":0,"comment_status":"open","ping_status":"open","sticky":false,"template":"","format":"standard","meta":{"footnotes":""},"categories":[3,29],"tags":[],"class_list":["post-1937","post","type-post","status-publish","format-standard","hentry","category-actualite","category-harley-davidson"],"yoast_head":"<!-- This site is optimized with the Yoast SEO plugin v26.0 - https:\/\/yoast.com\/wordpress\/plugins\/seo\/ -->\n<title>80 Harley sur le boulevard Haussmann - leblogmoto.com<\/title>\n<meta name=\"robots\" content=\"index, follow, max-snippet:-1, max-image-preview:large, max-video-preview:-1\" \/>\n<link rel=\"canonical\" href=\"https:\/\/blogs.thesocialmedia.com\/leblogmoto\/2006\/04\/07\/80-harley-sur-l\/\" \/>\n<meta name=\"twitter:card\" content=\"summary_large_image\" \/>\n<meta name=\"twitter:title\" content=\"80 Harley sur le boulevard Haussmann - leblogmoto.com\" \/>\n<meta name=\"twitter:description\" content=\"Pour l\u2019ouverture de l\u2019exposition Los Angeles Fashion des Galeries Lafayette, une parade am\u00e9ricaine a d\u00e9fil\u00e9 sur le boulevard Haussmann, partiellement privatis\u00e9 pour l\u2019occasion, hier soir de 20h30 \u00e0 21 heures. Entre fanfare et pom-poms girls, 80 Harley-Davidson ronronnantes et rutilantes ont d\u00e9fil\u00e9 sous les temp\u00eates de confettis, enthousiasmant un public venu nombreux pour admirer le [&hellip;]\" \/>\n<meta name=\"twitter:image\" content=\"http:\/\/www.leblogmoto.com\/images\/harley_haussman.JPG\" \/>\n<meta name=\"twitter:label1\" content=\"\u00c9crit par\" \/>\n\t<meta name=\"twitter:data1\" content=\"David Christian Koskas\" \/>\n\t<meta name=\"twitter:label2\" content=\"Dur\u00e9e de lecture estim\u00e9e\" \/>\n\t<meta name=\"twitter:data2\" content=\"1 minute\" \/>\n<script type=\"application\/ld+json\" class=\"yoast-schema-graph\">{\"@context\":\"https:\/\/schema.org\",\"@graph\":[{\"@type\":\"WebPage\",\"@id\":\"https:\/\/blogs.thesocialmedia.com\/leblogmoto\/2006\/04\/07\/80-harley-sur-l\/\",\"url\":\"https:\/\/blogs.thesocialmedia.com\/leblogmoto\/2006\/04\/07\/80-harley-sur-l\/\",\"name\":\"80 Harley sur le boulevard Haussmann - leblogmoto.com\",\"isPartOf\":{\"@id\":\"https:\/\/blogs.thesocialmedia.com\/leblogmoto\/#website\"},\"primaryImageOfPage\":{\"@id\":\"https:\/\/blogs.thesocialmedia.com\/leblogmoto\/2006\/04\/07\/80-harley-sur-l\/#primaryimage\"},\"image\":{\"@id\":\"https:\/\/blogs.thesocialmedia.com\/leblogmoto\/2006\/04\/07\/80-harley-sur-l\/#primaryimage\"},\"thumbnailUrl\":\"http:\/\/www.leblogmoto.com\/images\/harley_haussman.JPG\",\"datePublished\":\"2006-04-07T19:33:27+00:00\",\"dateModified\":\"2012-07-11T14:19:28+00:00\",\"author\":{\"@id\":\"https:\/\/blogs.thesocialmedia.com\/leblogmoto\/#\/schema\/person\/deb0b0db470c11cf82cbc870c241f979\"},\"breadcrumb\":{\"@id\":\"https:\/\/blogs.thesocialmedia.com\/leblogmoto\/2006\/04\/07\/80-harley-sur-l\/#breadcrumb\"},\"inLanguage\":\"fr-FR\",\"potentialAction\":[{\"@type\":\"ReadAction\",\"target\":[\"https:\/\/blogs.thesocialmedia.com\/leblogmoto\/2006\/04\/07\/80-harley-sur-l\/\"]}]},{\"@type\":\"ImageObject\",\"inLanguage\":\"fr-FR\",\"@id\":\"https:\/\/blogs.thesocialmedia.com\/leblogmoto\/2006\/04\/07\/80-harley-sur-l\/#primaryimage\",\"url\":\"http:\/\/www.leblogmoto.com\/images\/harley_haussman.JPG\",\"contentUrl\":\"http:\/\/www.leblogmoto.com\/images\/harley_haussman.JPG\"},{\"@type\":\"BreadcrumbList\",\"@id\":\"https:\/\/blogs.thesocialmedia.com\/leblogmoto\/2006\/04\/07\/80-harley-sur-l\/#breadcrumb\",\"itemListElement\":[{\"@type\":\"ListItem\",\"position\":1,\"name\":\"Accueil\",\"item\":\"https:\/\/blogs.thesocialmedia.com\/leblogmoto\/\"},{\"@type\":\"ListItem\",\"position\":2,\"name\":\"80 Harley sur le boulevard Haussmann\"}]},{\"@type\":\"WebSite\",\"@id\":\"https:\/\/blogs.thesocialmedia.com\/leblogmoto\/#website\",\"url\":\"https:\/\/blogs.thesocialmedia.com\/leblogmoto\/\",\"name\":\"leblogmoto\",\"description\":\"Toute l&#039;actualit\u00e9 des 2 roues\",\"potentialAction\":[{\"@type\":\"SearchAction\",\"target\":{\"@type\":\"EntryPoint\",\"urlTemplate\":\"https:\/\/blogs.thesocialmedia.com\/leblogmoto\/?s={search_term_string}\"},\"query-input\":{\"@type\":\"PropertyValueSpecification\",\"valueRequired\":true,\"valueName\":\"search_term_string\"}}],\"inLanguage\":\"fr-FR\"},{\"@type\":\"Person\",\"@id\":\"https:\/\/blogs.thesocialmedia.com\/leblogmoto\/#\/schema\/person\/deb0b0db470c11cf82cbc870c241f979\",\"name\":\"David Christian Koskas\",\"image\":{\"@type\":\"ImageObject\",\"inLanguage\":\"fr-FR\",\"@id\":\"https:\/\/blogs.thesocialmedia.com\/leblogmoto\/#\/schema\/person\/image\/\",\"url\":\"https:\/\/secure.gravatar.com\/avatar\/3b119f8169c8019feae7e6b32a2a6c3a?s=96&d=mm&r=g\",\"contentUrl\":\"https:\/\/secure.gravatar.com\/avatar\/3b119f8169c8019feae7e6b32a2a6c3a?s=96&d=mm&r=g\",\"caption\":\"David Christian Koskas\"},\"url\":\"https:\/\/blogs.thesocialmedia.com\/leblogmoto\/author\/david-koskas\/\"}]}<\/script>\n<!-- \/ Yoast SEO plugin. -->","yoast_head_json":{"title":"80 Harley sur le boulevard Haussmann - leblogmoto.com","robots":{"index":"index","follow":"follow","max-snippet":"max-snippet:-1","max-image-preview":"max-image-preview:large","max-video-preview":"max-video-preview:-1"},"canonical":"https:\/\/blogs.thesocialmedia.com\/leblogmoto\/2006\/04\/07\/80-harley-sur-l\/","twitter_card":"summary_large_image","twitter_title":"80 Harley sur le boulevard Haussmann - leblogmoto.com","twitter_description":"Pour l\u2019ouverture de l\u2019exposition Los Angeles Fashion des Galeries Lafayette, une parade am\u00e9ricaine a d\u00e9fil\u00e9 sur le boulevard Haussmann, partiellement privatis\u00e9 pour l\u2019occasion, hier soir de 20h30 \u00e0 21 heures. Entre fanfare et pom-poms girls, 80 Harley-Davidson ronronnantes et rutilantes ont d\u00e9fil\u00e9 sous les temp\u00eates de confettis, enthousiasmant un public venu nombreux pour admirer le [&hellip;]","twitter_image":"http:\/\/www.leblogmoto.com\/images\/harley_haussman.JPG","twitter_misc":{"\u00c9crit par":"David Christian Koskas","Dur\u00e9e de lecture estim\u00e9e":"1 minute"},"schema":{"@context":"https:\/\/schema.org","@graph":[{"@type":"WebPage","@id":"https:\/\/blogs.thesocialmedia.com\/leblogmoto\/2006\/04\/07\/80-harley-sur-l\/","url":"https:\/\/blogs.thesocialmedia.com\/leblogmoto\/2006\/04\/07\/80-harley-sur-l\/","name":"80 Harley sur le boulevard Haussmann - leblogmoto.com","isPartOf":{"@id":"https:\/\/blogs.thesocialmedia.com\/leblogmoto\/#website"},"primaryImageOfPage":{"@id":"https:\/\/blogs.thesocialmedia.com\/leblogmoto\/2006\/04\/07\/80-harley-sur-l\/#primaryimage"},"image":{"@id":"https:\/\/blogs.thesocialmedia.com\/leblogmoto\/2006\/04\/07\/80-harley-sur-l\/#primaryimage"},"thumbnailUrl":"http:\/\/www.leblogmoto.com\/images\/harley_haussman.JPG","datePublished":"2006-04-07T19:33:27+00:00","dateModified":"2012-07-11T14:19:28+00:00","author":{"@id":"https:\/\/blogs.thesocialmedia.com\/leblogmoto\/#\/schema\/person\/deb0b0db470c11cf82cbc870c241f979"},"breadcrumb":{"@id":"https:\/\/blogs.thesocialmedia.com\/leblogmoto\/2006\/04\/07\/80-harley-sur-l\/#breadcrumb"},"inLanguage":"fr-FR","potentialAction":[{"@type":"ReadAction","target":["https:\/\/blogs.thesocialmedia.com\/leblogmoto\/2006\/04\/07\/80-harley-sur-l\/"]}]},{"@type":"ImageObject","inLanguage":"fr-FR","@id":"https:\/\/blogs.thesocialmedia.com\/leblogmoto\/2006\/04\/07\/80-harley-sur-l\/#primaryimage","url":"http:\/\/www.leblogmoto.com\/images\/harley_haussman.JPG","contentUrl":"http:\/\/www.leblogmoto.com\/images\/harley_haussman.JPG"},{"@type":"BreadcrumbList","@id":"https:\/\/blogs.thesocialmedia.com\/leblogmoto\/2006\/04\/07\/80-harley-sur-l\/#breadcrumb","itemListElement":[{"@type":"ListItem","position":1,"name":"Accueil","item":"https:\/\/blogs.thesocialmedia.com\/leblogmoto\/"},{"@type":"ListItem","position":2,"name":"80 Harley sur le boulevard Haussmann"}]},{"@type":"WebSite","@id":"https:\/\/blogs.thesocialmedia.com\/leblogmoto\/#website","url":"https:\/\/blogs.thesocialmedia.com\/leblogmoto\/","name":"leblogmoto","description":"Toute l&#039;actualit\u00e9 des 2 roues","potentialAction":[{"@type":"SearchAction","target":{"@type":"EntryPoint","urlTemplate":"https:\/\/blogs.thesocialmedia.com\/leblogmoto\/?s={search_term_string}"},"query-input":{"@type":"PropertyValueSpecification","valueRequired":true,"valueName":"search_term_string"}}],"inLanguage":"fr-FR"},{"@type":"Person","@id":"https:\/\/blogs.thesocialmedia.com\/leblogmoto\/#\/schema\/person\/deb0b0db470c11cf82cbc870c241f979","name":"David Christian Koskas","image":{"@type":"ImageObject","inLanguage":"fr-FR","@id":"https:\/\/blogs.thesocialmedia.com\/leblogmoto\/#\/schema\/person\/image\/","url":"https:\/\/secure.gravatar.com\/avatar\/3b119f8169c8019feae7e6b32a2a6c3a?s=96&d=mm&r=g","contentUrl":"https:\/\/secure.gravatar.com\/avatar\/3b119f8169c8019feae7e6b32a2a6c3a?s=96&d=mm&r=g","caption":"David Christian Koskas"},"url":"https:\/\/blogs.thesocialmedia.com\/leblogmoto\/author\/david-koskas\/"}]}},"_links":{"self":[{"href":"https:\/\/blogs.thesocialmedia.com\/leblogmoto\/wp-json\/wp\/v2\/posts\/1937","targetHints":{"allow":["GET"]}}],"collection":[{"href":"https:\/\/blogs.thesocialmedia.com\/leblogmoto\/wp-json\/wp\/v2\/posts"}],"about":[{"href":"https:\/\/blogs.thesocialmedia.com\/leblogmoto\/wp-json\/wp\/v2\/types\/post"}],"author":[{"embeddable":true,"href":"https:\/\/blogs.thesocialmedia.com\/leblogmoto\/wp-json\/wp\/v2\/users\/219"}],"replies":[{"embeddable":true,"href":"https:\/\/blogs.thesocialmedia.com\/leblogmoto\/wp-json\/wp\/v2\/comments?post=1937"}],"version-history":[{"count":2,"href":"https:\/\/blogs.thesocialmedia.com\/leblogmoto\/wp-json\/wp\/v2\/posts\/1937\/revisions"}],"predecessor-version":[{"id":7279,"href":"https:\/\/blogs.thesocialmedia.com\/leblogmoto\/wp-json\/wp\/v2\/posts\/1937\/revisions\/7279"}],"wp:attachment":[{"href":"https:\/\/blogs.thesocialmedia.com\/leblogmoto\/wp-json\/wp\/v2\/media?parent=1937"}],"wp:term":[{"taxonomy":"category","embeddable":true,"href":"https:\/\/blogs.thesocialmedia.com\/leblogmoto\/wp-json\/wp\/v2\/categories?post=1937"},{"taxonomy":"post_tag","embeddable":true,"href":"https:\/\/blogs.thesocialmedia.com\/leblogmoto\/wp-json\/wp\/v2\/tags?post=1937"}],"curies":[{"name":"wp","href":"https:\/\/api.w.org\/{rel}","templated":true}]}}