{"id":194,"date":"2009-04-05T23:54:24","date_gmt":"2009-04-05T23:54:24","guid":{"rendered":"http:\/\/blogs.thesocialmedia.com\/leblogmoto\/2009\/04\/05\/de-quoi-etre-heureux-de-sarreter-a-laplomb-du-feu\/"},"modified":"2012-07-11T17:17:37","modified_gmt":"2012-07-11T17:17:37","slug":"de-quoi-etre-heureux-de-sarreter-a-laplomb-du-feu","status":"publish","type":"post","link":"https:\/\/blogs.thesocialmedia.com\/leblogmoto\/2009\/04\/05\/de-quoi-etre-heureux-de-sarreter-a-laplomb-du-feu\/","title":{"rendered":"Pour patienter avec style devant l&rsquo;aplomb du feu."},"content":{"rendered":"<p><a href=\"http:\/\/blogs.thesocialmedia.com\/leblogmoto\/files\/2012\/07\/6a00d83451b18369e201156ef0ddb7970c-popup.png\"><img decoding=\"async\" alt=\"Moto Circulation Luxofor\" class=\"at-xid-6a00d83451b18369e201156ef0ddb7970c \" src=\"http:\/\/blogs.thesocialmedia.com\/leblogmoto\/files\/2012\/07\/6a00d83451b18369e201156ef0ddb7970c-500wi.jpg\" style=\"width: 470px\" \/><\/a> <\/p>\n<p>Voil\u00e0 qui devrait r\u00e9jouir, ou sinon apporter un peu de changement, aux usagers qui comme nous sont aux premi\u00e8res loges lors des feux rouges. Et je vise l&#039;ensemble des deux-roues \u00e9videmment, motoris\u00e9s ou non d&#039;ailleurs. Art Lebedev est le concepteur de l&#039;<a href=\"http:\/\/www.clubic.com\/actualite-71066-optimus-maximus-clavier-oled-1500.html\">Optimus Maximus<\/a>, un clavier pour geeks fortun\u00e9s, qui incorpore la technologie OLED dans ses touches, des touches que l&#039;on peut alors configurer. Ici, le studio de design russe s&#039;est attaqu\u00e9 aux feux de signalisation routi\u00e8re avec le Luxofor, en utilisant le m\u00eame principe, un \u00e9cran plat et carr\u00e9, sous lequel on retrouve des LED (diode \u00e9lectroluminescentes). J&#039;ignore la conformit\u00e9 de l&#039;installation, mais l&#039;ensemble me para\u00eet visible, clair, tout en \u00e9tant extr\u00eamement reposant pour les yeux. Il n&#039;oublie pas d&#039;y ajouter quelques &quot;innovations&quot; telle que ce d\u00e9compte pour le feux des pi\u00e9tons, un compte-\u00e0-rebours que l&#039;on retrouve d\u00e9j\u00e0 dans certaines villes d&#039;Europe continentale. Conscient qu&#039;il n&#039;y a pas de signalisation universelle et soucieux de m\u00e9nager les us et coutumes locaux, il a aussi pens\u00e9 \u00e0 <a href=\"http:\/\/www.artlebedev.com\/everything\/luxofor\/\">d\u00e9cliner sa cr\u00e9ation<\/a> selon les grandes m\u00e9tropoles, New York, Tokyo, et Moscou, \u00e0 l&#039;exception regrettable des grandes villes europ\u00e9ennes. <\/p>\n<\/p>\n<p><em>Remarque: visiblement leur designer ont oubli\u00e9 sur leur \u00e9tude de redoubler le feu \u00e0 hauteur de motard\/conducteur comme il est d&#039;usage chez nous.<\/em><\/p>\n","protected":false},"excerpt":{"rendered":"<p>Voil\u00e0 qui devrait r\u00e9jouir, ou sinon apporter un peu de changement, aux usagers qui comme nous sont aux premi\u00e8res loges lors des feux rouges. Et je vise l&#039;ensemble des deux-roues \u00e9videmment, motoris\u00e9s ou non d&#039;ailleurs. Art Lebedev est le concepteur de l&#039;Optimus Maximus, un clavier pour geeks fortun\u00e9s, qui incorpore la technologie OLED dans ses [&hellip;]<\/p>\n","protected":false},"author":324,"featured_media":13191,"comment_status":"open","ping_status":"open","sticky":false,"template":"","format":"standard","meta":{"footnotes":""},"categories":[17,27],"tags":[],"class_list":["post-194","post","type-post","status-publish","format-standard","has-post-thumbnail","hentry","category-divers","category-securite"],"yoast_head":"<!-- This site is optimized with the Yoast SEO plugin v26.0 - https:\/\/yoast.com\/wordpress\/plugins\/seo\/ -->\n<title>Pour patienter avec style devant l&#039;aplomb du feu. - leblogmoto.com<\/title>\n<meta name=\"robots\" content=\"index, follow, max-snippet:-1, max-image-preview:large, max-video-preview:-1\" \/>\n<link rel=\"canonical\" href=\"https:\/\/blogs.thesocialmedia.com\/leblogmoto\/2009\/04\/05\/de-quoi-etre-heureux-de-sarreter-a-laplomb-du-feu\/\" \/>\n<meta name=\"twitter:card\" content=\"summary_large_image\" \/>\n<meta name=\"twitter:title\" content=\"Pour patienter avec style devant l&#039;aplomb du feu. - leblogmoto.com\" \/>\n<meta name=\"twitter:description\" content=\"Voil\u00e0 qui devrait r\u00e9jouir, ou sinon apporter un peu de changement, aux usagers qui comme nous sont aux premi\u00e8res loges lors des feux rouges. Et je vise l&#039;ensemble des deux-roues \u00e9videmment, motoris\u00e9s ou non d&#039;ailleurs. Art Lebedev est le concepteur de l&#039;Optimus Maximus, un clavier pour geeks fortun\u00e9s, qui incorpore la technologie OLED dans ses [&hellip;]\" \/>\n<meta name=\"twitter:image\" content=\"https:\/\/blogs.thesocialmedia.com\/leblogmoto\/files\/2012\/07\/6a00d83451b18369e201156ef0ddb7970c-500wi.jpg\" \/>\n<meta name=\"twitter:label1\" content=\"\u00c9crit par\" \/>\n\t<meta name=\"twitter:data1\" content=\"benoit rieu\" \/>\n\t<meta name=\"twitter:label2\" content=\"Dur\u00e9e de lecture estim\u00e9e\" \/>\n\t<meta name=\"twitter:data2\" content=\"1 minute\" \/>\n<script type=\"application\/ld+json\" class=\"yoast-schema-graph\">{\"@context\":\"https:\/\/schema.org\",\"@graph\":[{\"@type\":\"WebPage\",\"@id\":\"https:\/\/blogs.thesocialmedia.com\/leblogmoto\/2009\/04\/05\/de-quoi-etre-heureux-de-sarreter-a-laplomb-du-feu\/\",\"url\":\"https:\/\/blogs.thesocialmedia.com\/leblogmoto\/2009\/04\/05\/de-quoi-etre-heureux-de-sarreter-a-laplomb-du-feu\/\",\"name\":\"Pour patienter avec style devant l'aplomb du feu. - leblogmoto.com\",\"isPartOf\":{\"@id\":\"https:\/\/blogs.thesocialmedia.com\/leblogmoto\/#website\"},\"primaryImageOfPage\":{\"@id\":\"https:\/\/blogs.thesocialmedia.com\/leblogmoto\/2009\/04\/05\/de-quoi-etre-heureux-de-sarreter-a-laplomb-du-feu\/#primaryimage\"},\"image\":{\"@id\":\"https:\/\/blogs.thesocialmedia.com\/leblogmoto\/2009\/04\/05\/de-quoi-etre-heureux-de-sarreter-a-laplomb-du-feu\/#primaryimage\"},\"thumbnailUrl\":\"https:\/\/blogs.thesocialmedia.com\/leblogmoto\/files\/2012\/07\/6a00d83451b18369e201156ef0ddb7970c-500wi.jpg\",\"datePublished\":\"2009-04-05T23:54:24+00:00\",\"dateModified\":\"2012-07-11T17:17:37+00:00\",\"author\":{\"@id\":\"https:\/\/blogs.thesocialmedia.com\/leblogmoto\/#\/schema\/person\/18bfe773e5725ed6d24f743da805362a\"},\"breadcrumb\":{\"@id\":\"https:\/\/blogs.thesocialmedia.com\/leblogmoto\/2009\/04\/05\/de-quoi-etre-heureux-de-sarreter-a-laplomb-du-feu\/#breadcrumb\"},\"inLanguage\":\"fr-FR\",\"potentialAction\":[{\"@type\":\"ReadAction\",\"target\":[\"https:\/\/blogs.thesocialmedia.com\/leblogmoto\/2009\/04\/05\/de-quoi-etre-heureux-de-sarreter-a-laplomb-du-feu\/\"]}]},{\"@type\":\"ImageObject\",\"inLanguage\":\"fr-FR\",\"@id\":\"https:\/\/blogs.thesocialmedia.com\/leblogmoto\/2009\/04\/05\/de-quoi-etre-heureux-de-sarreter-a-laplomb-du-feu\/#primaryimage\",\"url\":\"https:\/\/blogs.thesocialmedia.com\/leblogmoto\/files\/2012\/07\/6a00d83451b18369e201156ef0ddb7970c-500wi.jpg\",\"contentUrl\":\"https:\/\/blogs.thesocialmedia.com\/leblogmoto\/files\/2012\/07\/6a00d83451b18369e201156ef0ddb7970c-500wi.jpg\",\"width\":\"500\",\"height\":\"685\"},{\"@type\":\"BreadcrumbList\",\"@id\":\"https:\/\/blogs.thesocialmedia.com\/leblogmoto\/2009\/04\/05\/de-quoi-etre-heureux-de-sarreter-a-laplomb-du-feu\/#breadcrumb\",\"itemListElement\":[{\"@type\":\"ListItem\",\"position\":1,\"name\":\"Accueil\",\"item\":\"https:\/\/blogs.thesocialmedia.com\/leblogmoto\/\"},{\"@type\":\"ListItem\",\"position\":2,\"name\":\"Pour patienter avec style devant l&rsquo;aplomb du feu.\"}]},{\"@type\":\"WebSite\",\"@id\":\"https:\/\/blogs.thesocialmedia.com\/leblogmoto\/#website\",\"url\":\"https:\/\/blogs.thesocialmedia.com\/leblogmoto\/\",\"name\":\"leblogmoto\",\"description\":\"Toute l&#039;actualit\u00e9 des 2 roues\",\"potentialAction\":[{\"@type\":\"SearchAction\",\"target\":{\"@type\":\"EntryPoint\",\"urlTemplate\":\"https:\/\/blogs.thesocialmedia.com\/leblogmoto\/?s={search_term_string}\"},\"query-input\":{\"@type\":\"PropertyValueSpecification\",\"valueRequired\":true,\"valueName\":\"search_term_string\"}}],\"inLanguage\":\"fr-FR\"},{\"@type\":\"Person\",\"@id\":\"https:\/\/blogs.thesocialmedia.com\/leblogmoto\/#\/schema\/person\/18bfe773e5725ed6d24f743da805362a\",\"name\":\"benoit rieu\",\"image\":{\"@type\":\"ImageObject\",\"inLanguage\":\"fr-FR\",\"@id\":\"https:\/\/blogs.thesocialmedia.com\/leblogmoto\/#\/schema\/person\/image\/\",\"url\":\"https:\/\/secure.gravatar.com\/avatar\/?s=96&d=mm&r=g\",\"contentUrl\":\"https:\/\/secure.gravatar.com\/avatar\/?s=96&d=mm&r=g\",\"caption\":\"benoit rieu\"},\"url\":\"https:\/\/blogs.thesocialmedia.com\/leblogmoto\/author\/benoit-rieu\/\"}]}<\/script>\n<!-- \/ Yoast SEO plugin. -->","yoast_head_json":{"title":"Pour patienter avec style devant l'aplomb du feu. - leblogmoto.com","robots":{"index":"index","follow":"follow","max-snippet":"max-snippet:-1","max-image-preview":"max-image-preview:large","max-video-preview":"max-video-preview:-1"},"canonical":"https:\/\/blogs.thesocialmedia.com\/leblogmoto\/2009\/04\/05\/de-quoi-etre-heureux-de-sarreter-a-laplomb-du-feu\/","twitter_card":"summary_large_image","twitter_title":"Pour patienter avec style devant l'aplomb du feu. - leblogmoto.com","twitter_description":"Voil\u00e0 qui devrait r\u00e9jouir, ou sinon apporter un peu de changement, aux usagers qui comme nous sont aux premi\u00e8res loges lors des feux rouges. Et je vise l&#039;ensemble des deux-roues \u00e9videmment, motoris\u00e9s ou non d&#039;ailleurs. Art Lebedev est le concepteur de l&#039;Optimus Maximus, un clavier pour geeks fortun\u00e9s, qui incorpore la technologie OLED dans ses [&hellip;]","twitter_image":"https:\/\/blogs.thesocialmedia.com\/leblogmoto\/files\/2012\/07\/6a00d83451b18369e201156ef0ddb7970c-500wi.jpg","twitter_misc":{"\u00c9crit par":"benoit rieu","Dur\u00e9e de lecture estim\u00e9e":"1 minute"},"schema":{"@context":"https:\/\/schema.org","@graph":[{"@type":"WebPage","@id":"https:\/\/blogs.thesocialmedia.com\/leblogmoto\/2009\/04\/05\/de-quoi-etre-heureux-de-sarreter-a-laplomb-du-feu\/","url":"https:\/\/blogs.thesocialmedia.com\/leblogmoto\/2009\/04\/05\/de-quoi-etre-heureux-de-sarreter-a-laplomb-du-feu\/","name":"Pour patienter avec style devant l'aplomb du feu. - leblogmoto.com","isPartOf":{"@id":"https:\/\/blogs.thesocialmedia.com\/leblogmoto\/#website"},"primaryImageOfPage":{"@id":"https:\/\/blogs.thesocialmedia.com\/leblogmoto\/2009\/04\/05\/de-quoi-etre-heureux-de-sarreter-a-laplomb-du-feu\/#primaryimage"},"image":{"@id":"https:\/\/blogs.thesocialmedia.com\/leblogmoto\/2009\/04\/05\/de-quoi-etre-heureux-de-sarreter-a-laplomb-du-feu\/#primaryimage"},"thumbnailUrl":"https:\/\/blogs.thesocialmedia.com\/leblogmoto\/files\/2012\/07\/6a00d83451b18369e201156ef0ddb7970c-500wi.jpg","datePublished":"2009-04-05T23:54:24+00:00","dateModified":"2012-07-11T17:17:37+00:00","author":{"@id":"https:\/\/blogs.thesocialmedia.com\/leblogmoto\/#\/schema\/person\/18bfe773e5725ed6d24f743da805362a"},"breadcrumb":{"@id":"https:\/\/blogs.thesocialmedia.com\/leblogmoto\/2009\/04\/05\/de-quoi-etre-heureux-de-sarreter-a-laplomb-du-feu\/#breadcrumb"},"inLanguage":"fr-FR","potentialAction":[{"@type":"ReadAction","target":["https:\/\/blogs.thesocialmedia.com\/leblogmoto\/2009\/04\/05\/de-quoi-etre-heureux-de-sarreter-a-laplomb-du-feu\/"]}]},{"@type":"ImageObject","inLanguage":"fr-FR","@id":"https:\/\/blogs.thesocialmedia.com\/leblogmoto\/2009\/04\/05\/de-quoi-etre-heureux-de-sarreter-a-laplomb-du-feu\/#primaryimage","url":"https:\/\/blogs.thesocialmedia.com\/leblogmoto\/files\/2012\/07\/6a00d83451b18369e201156ef0ddb7970c-500wi.jpg","contentUrl":"https:\/\/blogs.thesocialmedia.com\/leblogmoto\/files\/2012\/07\/6a00d83451b18369e201156ef0ddb7970c-500wi.jpg","width":"500","height":"685"},{"@type":"BreadcrumbList","@id":"https:\/\/blogs.thesocialmedia.com\/leblogmoto\/2009\/04\/05\/de-quoi-etre-heureux-de-sarreter-a-laplomb-du-feu\/#breadcrumb","itemListElement":[{"@type":"ListItem","position":1,"name":"Accueil","item":"https:\/\/blogs.thesocialmedia.com\/leblogmoto\/"},{"@type":"ListItem","position":2,"name":"Pour patienter avec style devant l&rsquo;aplomb du feu."}]},{"@type":"WebSite","@id":"https:\/\/blogs.thesocialmedia.com\/leblogmoto\/#website","url":"https:\/\/blogs.thesocialmedia.com\/leblogmoto\/","name":"leblogmoto","description":"Toute l&#039;actualit\u00e9 des 2 roues","potentialAction":[{"@type":"SearchAction","target":{"@type":"EntryPoint","urlTemplate":"https:\/\/blogs.thesocialmedia.com\/leblogmoto\/?s={search_term_string}"},"query-input":{"@type":"PropertyValueSpecification","valueRequired":true,"valueName":"search_term_string"}}],"inLanguage":"fr-FR"},{"@type":"Person","@id":"https:\/\/blogs.thesocialmedia.com\/leblogmoto\/#\/schema\/person\/18bfe773e5725ed6d24f743da805362a","name":"benoit rieu","image":{"@type":"ImageObject","inLanguage":"fr-FR","@id":"https:\/\/blogs.thesocialmedia.com\/leblogmoto\/#\/schema\/person\/image\/","url":"https:\/\/secure.gravatar.com\/avatar\/?s=96&d=mm&r=g","contentUrl":"https:\/\/secure.gravatar.com\/avatar\/?s=96&d=mm&r=g","caption":"benoit rieu"},"url":"https:\/\/blogs.thesocialmedia.com\/leblogmoto\/author\/benoit-rieu\/"}]}},"_links":{"self":[{"href":"https:\/\/blogs.thesocialmedia.com\/leblogmoto\/wp-json\/wp\/v2\/posts\/194","targetHints":{"allow":["GET"]}}],"collection":[{"href":"https:\/\/blogs.thesocialmedia.com\/leblogmoto\/wp-json\/wp\/v2\/posts"}],"about":[{"href":"https:\/\/blogs.thesocialmedia.com\/leblogmoto\/wp-json\/wp\/v2\/types\/post"}],"author":[{"embeddable":true,"href":"https:\/\/blogs.thesocialmedia.com\/leblogmoto\/wp-json\/wp\/v2\/users\/324"}],"replies":[{"embeddable":true,"href":"https:\/\/blogs.thesocialmedia.com\/leblogmoto\/wp-json\/wp\/v2\/comments?post=194"}],"version-history":[{"count":2,"href":"https:\/\/blogs.thesocialmedia.com\/leblogmoto\/wp-json\/wp\/v2\/posts\/194\/revisions"}],"predecessor-version":[{"id":13193,"href":"https:\/\/blogs.thesocialmedia.com\/leblogmoto\/wp-json\/wp\/v2\/posts\/194\/revisions\/13193"}],"wp:featuredmedia":[{"embeddable":true,"href":"https:\/\/blogs.thesocialmedia.com\/leblogmoto\/wp-json\/wp\/v2\/media\/13191"}],"wp:attachment":[{"href":"https:\/\/blogs.thesocialmedia.com\/leblogmoto\/wp-json\/wp\/v2\/media?parent=194"}],"wp:term":[{"taxonomy":"category","embeddable":true,"href":"https:\/\/blogs.thesocialmedia.com\/leblogmoto\/wp-json\/wp\/v2\/categories?post=194"},{"taxonomy":"post_tag","embeddable":true,"href":"https:\/\/blogs.thesocialmedia.com\/leblogmoto\/wp-json\/wp\/v2\/tags?post=194"}],"curies":[{"name":"wp","href":"https:\/\/api.w.org\/{rel}","templated":true}]}}