{"id":1940,"date":"2006-04-07T18:13:51","date_gmt":"2006-04-07T18:13:51","guid":{"rendered":"http:\/\/blogs.thesocialmedia.com\/leblogmoto\/2006\/04\/07\/motogp-qatar-la\/"},"modified":"2012-07-11T14:19:19","modified_gmt":"2012-07-11T14:19:19","slug":"motogp-qatar-la","status":"publish","type":"post","link":"https:\/\/blogs.thesocialmedia.com\/leblogmoto\/2006\/04\/07\/motogp-qatar-la\/","title":{"rendered":"MOTOGP QATAR: La pole pour STONER"},"content":{"rendered":"<p><a href=\"http:\/\/blogs.thesocialmedia.com\/leblogmoto\/files\/2012\/07\/stoner_g.jpg\"><img loading=\"lazy\" decoding=\"async\" height=\"250\" alt=\"Stoner_g\" src=\"http:\/\/www.leblogmoto.com\/images\/stoner_g.jpg\" width=\"250\"  \/><\/a>Vu le rythme affich\u00e9 <a href=\"http:\/\/www.leblogmoto.com\/2006\/04\/motogp_qatar_st.html\">depuis le d\u00e9but<\/a> du meeting, il n&rsquo;est pas \u00e9tonnant de voir <strong>STONER<\/strong> et le team <strong>LCR <\/strong>signer, sur le <a href=\"http:\/\/www.leblogmoto.com\/2006\/04\/qatar_la_motogp.html\">circuit de Losail<\/a>, au QATAR, leur premi\u00e8re pole en MotoGP.<\/p>\n<p>Impressionnant de v\u00e9locit\u00e9 et de constance, ce duo s&rsquo;av\u00e9rera redoutable en course, demain. Derri\u00e8re, <strong>CAPIROSSI <\/strong>suit de pr\u00e8s juste devant un Toni<strong> ELIAS<\/strong> qui pousse d\u00e9j\u00e0 <strong>MELANDRI<\/strong> dans l&rsquo;ombre. <\/p>\n<p>La seconde ligne est constitu\u00e9e de <strong>HAYDEN<\/strong>, <strong>PEDROSA <\/strong>et, enfin, <strong>ROSSI<\/strong>, toujours en proie \u00e0 une YAMAHA r\u00e9tive et une jeune concurrence exacerb\u00e9e&#8230;&nbsp; <\/p>\n<p><a href=\"http:\/\/clabedan.typepad.com\/.shared\/image.html?\/photos\/uncategorized\/toni_3.jpg\"><img loading=\"lazy\" decoding=\"async\" height=\"166\" alt=\"Toni_3\" src=\"http:\/\/www.leblogmoto.com\/images\/toni_3.jpg\" width=\"250\"  \/><\/a>Il faudra, cette saison, que <strong>ROSSI <\/strong>use de tout son immense talent pour faire face \u00e0 cette offensive frontale de ces jeunes pousses tout juste d\u00e9barqu\u00e9es de la <strong>250<\/strong>. Il serait d\u00e8s lors peut \u00eatre bon de l\u00e2cher un peu le volant d&rsquo;une F.1 FERRARI pour se concentrer enti\u00e8rement \u00e0 la d\u00e9fense d&rsquo;un titre qui n&rsquo;a jamais \u00e9t\u00e9 autant menac\u00e9.<\/p>\n<p>Ses concurrents de la saison derni\u00e8re semblent d\u00e9j\u00e0 avoir pris un sacr\u00e9 coup de vieux. Seuls, le teigneux <strong>CAPIROSSI <\/strong>et l&rsquo;affam\u00e9 <strong>HAYDEN <\/strong>tiennent une comparaison que <strong>GIBERNAU<\/strong>, <strong>MELANDRI <\/strong>et consorts ne semblent plus en mesure de soutenir. Plus loin, sur la grille, la r\u00e9volution silencieuse a aussi court avec un <strong>VERMEULEN<\/strong> qui semble d\u00e9j\u00e0 prendre la mesure de son \u00e9quipier <strong>HOPKINS<\/strong>. Quant \u00e0 <strong>TAMADA<\/strong>, il est nul part.<\/p>\n<p><a href=\"http:\/\/blogs.thesocialmedia.com\/leblogmoto\/files\/2012\/07\/g06bdepu115.jpg\"><img loading=\"lazy\" decoding=\"async\" height=\"165\" alt=\"G06bdepu115\" src=\"http:\/\/www.leblogmoto.com\/images\/g06bdepu115.jpg\" width=\"250\"  \/><\/a><strong>Randy<\/strong>, quant \u00e0 lui, s&rsquo;est courageusement qualifi\u00e9 au quinzi\u00e8me rang, mais il souffre tellement que l&rsquo;on peut l\u00e9gitimement se demander s&rsquo;il pourra finir en course demain. Car le GP, au QATAR, c&rsquo;est <strong>Samedi<\/strong>.<\/p>\n<p><em><strong><u>La grille<\/u><\/strong><\/em>: STONER-CAPIROSSI-ELIAS&nbsp; &#8211;&nbsp; HAYDEN-PEDROSA-ROSSI&nbsp; &#8211; GIBERNAU-EDWARDS-NAKANO-<\/p>\n<p>ROBERTS Jr-VERMEULEN-MELANDRI&nbsp; &#8211;&nbsp; HOPKINS-CHECA-DE PUNIET&nbsp; &#8211;&nbsp; TAMADA-ELLISON-HOFFMAN-CARDOSO&nbsp; <\/p>\n<p>&nbsp; <\/p>\n","protected":false},"excerpt":{"rendered":"<p>Vu le rythme affich\u00e9 depuis le d\u00e9but du meeting, il n&rsquo;est pas \u00e9tonnant de voir STONER et le team LCR signer, sur le circuit de Losail, au QATAR, leur premi\u00e8re pole en MotoGP. Impressionnant de v\u00e9locit\u00e9 et de constance, ce duo s&rsquo;av\u00e9rera redoutable en course, demain. Derri\u00e8re, CAPIROSSI suit de pr\u00e8s juste devant un Toni [&hellip;]<\/p>\n","protected":false},"author":336,"featured_media":0,"comment_status":"open","ping_status":"open","sticky":false,"template":"","format":"standard","meta":{"footnotes":""},"categories":[3,22,32],"tags":[],"class_list":["post-1940","post","type-post","status-publish","format-standard","hentry","category-actualite","category-motogp","category-sport-moto"],"yoast_head":"<!-- This site is optimized with the Yoast SEO plugin v26.0 - https:\/\/yoast.com\/wordpress\/plugins\/seo\/ -->\n<title>MOTOGP QATAR: La pole pour STONER - leblogmoto.com<\/title>\n<meta name=\"robots\" content=\"index, follow, max-snippet:-1, max-image-preview:large, max-video-preview:-1\" \/>\n<link rel=\"canonical\" href=\"https:\/\/blogs.thesocialmedia.com\/leblogmoto\/2006\/04\/07\/motogp-qatar-la\/\" \/>\n<meta name=\"twitter:card\" content=\"summary_large_image\" \/>\n<meta name=\"twitter:title\" content=\"MOTOGP QATAR: La pole pour STONER - leblogmoto.com\" \/>\n<meta name=\"twitter:description\" content=\"Vu le rythme affich\u00e9 depuis le d\u00e9but du meeting, il n&rsquo;est pas \u00e9tonnant de voir STONER et le team LCR signer, sur le circuit de Losail, au QATAR, leur premi\u00e8re pole en MotoGP. Impressionnant de v\u00e9locit\u00e9 et de constance, ce duo s&rsquo;av\u00e9rera redoutable en course, demain. Derri\u00e8re, CAPIROSSI suit de pr\u00e8s juste devant un Toni [&hellip;]\" \/>\n<meta name=\"twitter:image\" content=\"http:\/\/www.leblogmoto.com\/images\/stoner_g.jpg\" \/>\n<meta name=\"twitter:label1\" content=\"\u00c9crit par\" \/>\n\t<meta name=\"twitter:data1\" content=\"andre leconde\" \/>\n\t<meta name=\"twitter:label2\" content=\"Dur\u00e9e de lecture estim\u00e9e\" \/>\n\t<meta name=\"twitter:data2\" content=\"1 minute\" \/>\n<script type=\"application\/ld+json\" class=\"yoast-schema-graph\">{\"@context\":\"https:\/\/schema.org\",\"@graph\":[{\"@type\":\"WebPage\",\"@id\":\"https:\/\/blogs.thesocialmedia.com\/leblogmoto\/2006\/04\/07\/motogp-qatar-la\/\",\"url\":\"https:\/\/blogs.thesocialmedia.com\/leblogmoto\/2006\/04\/07\/motogp-qatar-la\/\",\"name\":\"MOTOGP QATAR: La pole pour STONER - leblogmoto.com\",\"isPartOf\":{\"@id\":\"https:\/\/blogs.thesocialmedia.com\/leblogmoto\/#website\"},\"primaryImageOfPage\":{\"@id\":\"https:\/\/blogs.thesocialmedia.com\/leblogmoto\/2006\/04\/07\/motogp-qatar-la\/#primaryimage\"},\"image\":{\"@id\":\"https:\/\/blogs.thesocialmedia.com\/leblogmoto\/2006\/04\/07\/motogp-qatar-la\/#primaryimage\"},\"thumbnailUrl\":\"http:\/\/www.leblogmoto.com\/images\/stoner_g.jpg\",\"datePublished\":\"2006-04-07T18:13:51+00:00\",\"dateModified\":\"2012-07-11T14:19:19+00:00\",\"author\":{\"@id\":\"https:\/\/blogs.thesocialmedia.com\/leblogmoto\/#\/schema\/person\/1a1dcfc7cec206573105eb4af91155c2\"},\"breadcrumb\":{\"@id\":\"https:\/\/blogs.thesocialmedia.com\/leblogmoto\/2006\/04\/07\/motogp-qatar-la\/#breadcrumb\"},\"inLanguage\":\"fr-FR\",\"potentialAction\":[{\"@type\":\"ReadAction\",\"target\":[\"https:\/\/blogs.thesocialmedia.com\/leblogmoto\/2006\/04\/07\/motogp-qatar-la\/\"]}]},{\"@type\":\"ImageObject\",\"inLanguage\":\"fr-FR\",\"@id\":\"https:\/\/blogs.thesocialmedia.com\/leblogmoto\/2006\/04\/07\/motogp-qatar-la\/#primaryimage\",\"url\":\"http:\/\/www.leblogmoto.com\/images\/stoner_g.jpg\",\"contentUrl\":\"http:\/\/www.leblogmoto.com\/images\/stoner_g.jpg\"},{\"@type\":\"BreadcrumbList\",\"@id\":\"https:\/\/blogs.thesocialmedia.com\/leblogmoto\/2006\/04\/07\/motogp-qatar-la\/#breadcrumb\",\"itemListElement\":[{\"@type\":\"ListItem\",\"position\":1,\"name\":\"Accueil\",\"item\":\"https:\/\/blogs.thesocialmedia.com\/leblogmoto\/\"},{\"@type\":\"ListItem\",\"position\":2,\"name\":\"MOTOGP QATAR: La pole pour STONER\"}]},{\"@type\":\"WebSite\",\"@id\":\"https:\/\/blogs.thesocialmedia.com\/leblogmoto\/#website\",\"url\":\"https:\/\/blogs.thesocialmedia.com\/leblogmoto\/\",\"name\":\"leblogmoto\",\"description\":\"Toute l&#039;actualit\u00e9 des 2 roues\",\"potentialAction\":[{\"@type\":\"SearchAction\",\"target\":{\"@type\":\"EntryPoint\",\"urlTemplate\":\"https:\/\/blogs.thesocialmedia.com\/leblogmoto\/?s={search_term_string}\"},\"query-input\":{\"@type\":\"PropertyValueSpecification\",\"valueRequired\":true,\"valueName\":\"search_term_string\"}}],\"inLanguage\":\"fr-FR\"},{\"@type\":\"Person\",\"@id\":\"https:\/\/blogs.thesocialmedia.com\/leblogmoto\/#\/schema\/person\/1a1dcfc7cec206573105eb4af91155c2\",\"name\":\"andre leconde\",\"image\":{\"@type\":\"ImageObject\",\"inLanguage\":\"fr-FR\",\"@id\":\"https:\/\/blogs.thesocialmedia.com\/leblogmoto\/#\/schema\/person\/image\/\",\"url\":\"https:\/\/secure.gravatar.com\/avatar\/?s=96&d=mm&r=g\",\"contentUrl\":\"https:\/\/secure.gravatar.com\/avatar\/?s=96&d=mm&r=g\",\"caption\":\"andre leconde\"},\"url\":\"https:\/\/blogs.thesocialmedia.com\/leblogmoto\/author\/andre-leconde\/\"}]}<\/script>\n<!-- \/ Yoast SEO plugin. -->","yoast_head_json":{"title":"MOTOGP QATAR: La pole pour STONER - leblogmoto.com","robots":{"index":"index","follow":"follow","max-snippet":"max-snippet:-1","max-image-preview":"max-image-preview:large","max-video-preview":"max-video-preview:-1"},"canonical":"https:\/\/blogs.thesocialmedia.com\/leblogmoto\/2006\/04\/07\/motogp-qatar-la\/","twitter_card":"summary_large_image","twitter_title":"MOTOGP QATAR: La pole pour STONER - leblogmoto.com","twitter_description":"Vu le rythme affich\u00e9 depuis le d\u00e9but du meeting, il n&rsquo;est pas \u00e9tonnant de voir STONER et le team LCR signer, sur le circuit de Losail, au QATAR, leur premi\u00e8re pole en MotoGP. Impressionnant de v\u00e9locit\u00e9 et de constance, ce duo s&rsquo;av\u00e9rera redoutable en course, demain. Derri\u00e8re, CAPIROSSI suit de pr\u00e8s juste devant un Toni [&hellip;]","twitter_image":"http:\/\/www.leblogmoto.com\/images\/stoner_g.jpg","twitter_misc":{"\u00c9crit par":"andre leconde","Dur\u00e9e de lecture estim\u00e9e":"1 minute"},"schema":{"@context":"https:\/\/schema.org","@graph":[{"@type":"WebPage","@id":"https:\/\/blogs.thesocialmedia.com\/leblogmoto\/2006\/04\/07\/motogp-qatar-la\/","url":"https:\/\/blogs.thesocialmedia.com\/leblogmoto\/2006\/04\/07\/motogp-qatar-la\/","name":"MOTOGP QATAR: La pole pour STONER - leblogmoto.com","isPartOf":{"@id":"https:\/\/blogs.thesocialmedia.com\/leblogmoto\/#website"},"primaryImageOfPage":{"@id":"https:\/\/blogs.thesocialmedia.com\/leblogmoto\/2006\/04\/07\/motogp-qatar-la\/#primaryimage"},"image":{"@id":"https:\/\/blogs.thesocialmedia.com\/leblogmoto\/2006\/04\/07\/motogp-qatar-la\/#primaryimage"},"thumbnailUrl":"http:\/\/www.leblogmoto.com\/images\/stoner_g.jpg","datePublished":"2006-04-07T18:13:51+00:00","dateModified":"2012-07-11T14:19:19+00:00","author":{"@id":"https:\/\/blogs.thesocialmedia.com\/leblogmoto\/#\/schema\/person\/1a1dcfc7cec206573105eb4af91155c2"},"breadcrumb":{"@id":"https:\/\/blogs.thesocialmedia.com\/leblogmoto\/2006\/04\/07\/motogp-qatar-la\/#breadcrumb"},"inLanguage":"fr-FR","potentialAction":[{"@type":"ReadAction","target":["https:\/\/blogs.thesocialmedia.com\/leblogmoto\/2006\/04\/07\/motogp-qatar-la\/"]}]},{"@type":"ImageObject","inLanguage":"fr-FR","@id":"https:\/\/blogs.thesocialmedia.com\/leblogmoto\/2006\/04\/07\/motogp-qatar-la\/#primaryimage","url":"http:\/\/www.leblogmoto.com\/images\/stoner_g.jpg","contentUrl":"http:\/\/www.leblogmoto.com\/images\/stoner_g.jpg"},{"@type":"BreadcrumbList","@id":"https:\/\/blogs.thesocialmedia.com\/leblogmoto\/2006\/04\/07\/motogp-qatar-la\/#breadcrumb","itemListElement":[{"@type":"ListItem","position":1,"name":"Accueil","item":"https:\/\/blogs.thesocialmedia.com\/leblogmoto\/"},{"@type":"ListItem","position":2,"name":"MOTOGP QATAR: La pole pour STONER"}]},{"@type":"WebSite","@id":"https:\/\/blogs.thesocialmedia.com\/leblogmoto\/#website","url":"https:\/\/blogs.thesocialmedia.com\/leblogmoto\/","name":"leblogmoto","description":"Toute l&#039;actualit\u00e9 des 2 roues","potentialAction":[{"@type":"SearchAction","target":{"@type":"EntryPoint","urlTemplate":"https:\/\/blogs.thesocialmedia.com\/leblogmoto\/?s={search_term_string}"},"query-input":{"@type":"PropertyValueSpecification","valueRequired":true,"valueName":"search_term_string"}}],"inLanguage":"fr-FR"},{"@type":"Person","@id":"https:\/\/blogs.thesocialmedia.com\/leblogmoto\/#\/schema\/person\/1a1dcfc7cec206573105eb4af91155c2","name":"andre leconde","image":{"@type":"ImageObject","inLanguage":"fr-FR","@id":"https:\/\/blogs.thesocialmedia.com\/leblogmoto\/#\/schema\/person\/image\/","url":"https:\/\/secure.gravatar.com\/avatar\/?s=96&d=mm&r=g","contentUrl":"https:\/\/secure.gravatar.com\/avatar\/?s=96&d=mm&r=g","caption":"andre leconde"},"url":"https:\/\/blogs.thesocialmedia.com\/leblogmoto\/author\/andre-leconde\/"}]}},"_links":{"self":[{"href":"https:\/\/blogs.thesocialmedia.com\/leblogmoto\/wp-json\/wp\/v2\/posts\/1940","targetHints":{"allow":["GET"]}}],"collection":[{"href":"https:\/\/blogs.thesocialmedia.com\/leblogmoto\/wp-json\/wp\/v2\/posts"}],"about":[{"href":"https:\/\/blogs.thesocialmedia.com\/leblogmoto\/wp-json\/wp\/v2\/types\/post"}],"author":[{"embeddable":true,"href":"https:\/\/blogs.thesocialmedia.com\/leblogmoto\/wp-json\/wp\/v2\/users\/336"}],"replies":[{"embeddable":true,"href":"https:\/\/blogs.thesocialmedia.com\/leblogmoto\/wp-json\/wp\/v2\/comments?post=1940"}],"version-history":[{"count":2,"href":"https:\/\/blogs.thesocialmedia.com\/leblogmoto\/wp-json\/wp\/v2\/posts\/1940\/revisions"}],"predecessor-version":[{"id":7273,"href":"https:\/\/blogs.thesocialmedia.com\/leblogmoto\/wp-json\/wp\/v2\/posts\/1940\/revisions\/7273"}],"wp:attachment":[{"href":"https:\/\/blogs.thesocialmedia.com\/leblogmoto\/wp-json\/wp\/v2\/media?parent=1940"}],"wp:term":[{"taxonomy":"category","embeddable":true,"href":"https:\/\/blogs.thesocialmedia.com\/leblogmoto\/wp-json\/wp\/v2\/categories?post=1940"},{"taxonomy":"post_tag","embeddable":true,"href":"https:\/\/blogs.thesocialmedia.com\/leblogmoto\/wp-json\/wp\/v2\/tags?post=1940"}],"curies":[{"name":"wp","href":"https:\/\/api.w.org\/{rel}","templated":true}]}}