{"id":1941,"date":"2006-04-06T21:14:15","date_gmt":"2006-04-06T21:14:15","guid":{"rendered":"http:\/\/blogs.thesocialmedia.com\/leblogmoto\/2006\/04\/06\/qatar-la-motogp\/"},"modified":"2012-07-11T14:19:17","modified_gmt":"2012-07-11T14:19:17","slug":"qatar-la-motogp","status":"publish","type":"post","link":"https:\/\/blogs.thesocialmedia.com\/leblogmoto\/2006\/04\/06\/qatar-la-motogp\/","title":{"rendered":"QATAR: La MotoGP entre dans la nuit"},"content":{"rendered":"<p><a href=\"http:\/\/blogs.thesocialmedia.com\/leblogmoto\/files\/2012\/07\/eclipse2084o52023620_jpg.jpg\"><img loading=\"lazy\" decoding=\"async\" height=\"187\" alt=\"Eclipse2084o52023620_jpg\" src=\"http:\/\/www.leblogmoto.com\/images\/eclipse2084o52023620_jpg.jpg\" width=\"250\"  \/><\/a>Il ne s&rsquo;\u00e9coulera sans doute pas longtemps avant que le premier GP moto nocturne de l&rsquo;Histoire ne se d\u00e9roule au milieu du d\u00e9sert du <a href=\"http:\/\/www.leblogmoto.com\/2006\/04\/motogp_qatar_st.html\">QATAR<\/a>.<\/p>\n<p><a href=\"http:\/\/www.leblogmoto.com\/2006\/03\/bientt_un_gp_en.html\">L&rsquo;id\u00e9e a d\u00e9j\u00e0 \u00e9t\u00e9 evoqu\u00e9e<\/a> et jaug\u00e9e par <strong>ROSSI<\/strong> lui-m\u00eame. Elle continue de faire son chemin. A peine les s\u00e9ances d&rsquo;essais de ce Jeudi 6 avril termin\u00e9es, <strong>ROBERTS Jr<\/strong>, <strong>CAPIROSSI<\/strong> et <strong>ROSSI<\/strong>, membres de la commission de s\u00e9curit\u00e9 des pilotes, ont enfourch\u00e9 des motos pour se lancer dans la nuit sur le circuit de LOSAIL.<\/p>\n<p>Voici les nouvelles conclusions&#8230;&nbsp; <\/p>\n<p><a href=\"http:\/\/clabedan.typepad.com\/.shared\/image.html?\/photos\/uncategorized\/rossineg.jpg\"><img loading=\"lazy\" decoding=\"async\" height=\"388\" alt=\"Rossineg\" src=\"http:\/\/www.leblogmoto.com\/images\/rossineg.jpg\" width=\"250\"  \/><\/a>Le trio est unanime, c&rsquo;est <strong>possible<\/strong>. A condition de revoir fondamentalement l&rsquo;\u00e9clairage de la piste, dont les zones d&rsquo;ombre handicapent s\u00e9rieusement la pr\u00e9cision des freinages.<\/p>\n<p>D\u00e9tail important, ces tests ne se sont pas faits avec les machines de GP. ROSSI b\u00e9n\u00e9ficiait d&rsquo;une <strong>R6<\/strong> en DUNLOP, CAPIROSSI d&rsquo;une <strong>999R<\/strong> en MICHELIN et ROBERTS Jr d&rsquo;une <strong>CBR600RR<\/strong> \u00e9galement en Bibendum.<\/p>\n<p>Les travaux vont semble-t-il commencer tr\u00e9s vite pour que ce concept devienne r\u00e9alit\u00e9. Les luminaires op\u00e9rationnels, ce sont \u00e0 bord de leur MotoGP que ces testeurs de luxe iront t\u00e2ter \u00e0 nouveau le terrain. <\/p>\n<p>Il n&rsquo;est donc plus improbable d&rsquo;imaginer une \u00e9preuve disput\u00e9e sous la ti\u00e9deur d&rsquo;un soir tombant sur le d\u00e9sert. Un soulagement pour les m\u00e9caniques et une nouvelle donne pour les pneumatiques. <\/p>\n<p>SOURCE: <a href=\"http:\/\/www.cyclenews.com\/\">www.cyclenews.com<\/a> <\/p>\n","protected":false},"excerpt":{"rendered":"<p>Il ne s&rsquo;\u00e9coulera sans doute pas longtemps avant que le premier GP moto nocturne de l&rsquo;Histoire ne se d\u00e9roule au milieu du d\u00e9sert du QATAR. L&rsquo;id\u00e9e a d\u00e9j\u00e0 \u00e9t\u00e9 evoqu\u00e9e et jaug\u00e9e par ROSSI lui-m\u00eame. Elle continue de faire son chemin. A peine les s\u00e9ances d&rsquo;essais de ce Jeudi 6 avril termin\u00e9es, ROBERTS Jr, CAPIROSSI [&hellip;]<\/p>\n","protected":false},"author":336,"featured_media":0,"comment_status":"open","ping_status":"open","sticky":false,"template":"","format":"standard","meta":{"footnotes":""},"categories":[3,9,22,32],"tags":[],"class_list":["post-1941","post","type-post","status-publish","format-standard","hentry","category-actualite","category-historique","category-motogp","category-sport-moto"],"yoast_head":"<!-- This site is optimized with the Yoast SEO plugin v26.0 - https:\/\/yoast.com\/wordpress\/plugins\/seo\/ -->\n<title>QATAR: La MotoGP entre dans la nuit - leblogmoto.com<\/title>\n<meta name=\"robots\" content=\"index, follow, max-snippet:-1, max-image-preview:large, max-video-preview:-1\" \/>\n<link rel=\"canonical\" href=\"https:\/\/blogs.thesocialmedia.com\/leblogmoto\/2006\/04\/06\/qatar-la-motogp\/\" \/>\n<meta name=\"twitter:card\" content=\"summary_large_image\" \/>\n<meta name=\"twitter:title\" content=\"QATAR: La MotoGP entre dans la nuit - leblogmoto.com\" \/>\n<meta name=\"twitter:description\" content=\"Il ne s&rsquo;\u00e9coulera sans doute pas longtemps avant que le premier GP moto nocturne de l&rsquo;Histoire ne se d\u00e9roule au milieu du d\u00e9sert du QATAR. L&rsquo;id\u00e9e a d\u00e9j\u00e0 \u00e9t\u00e9 evoqu\u00e9e et jaug\u00e9e par ROSSI lui-m\u00eame. Elle continue de faire son chemin. A peine les s\u00e9ances d&rsquo;essais de ce Jeudi 6 avril termin\u00e9es, ROBERTS Jr, CAPIROSSI [&hellip;]\" \/>\n<meta name=\"twitter:image\" content=\"http:\/\/www.leblogmoto.com\/images\/eclipse2084o52023620_jpg.jpg\" \/>\n<meta name=\"twitter:label1\" content=\"\u00c9crit par\" \/>\n\t<meta name=\"twitter:data1\" content=\"andre leconde\" \/>\n\t<meta name=\"twitter:label2\" content=\"Dur\u00e9e de lecture estim\u00e9e\" \/>\n\t<meta name=\"twitter:data2\" content=\"1 minute\" \/>\n<script type=\"application\/ld+json\" class=\"yoast-schema-graph\">{\"@context\":\"https:\/\/schema.org\",\"@graph\":[{\"@type\":\"WebPage\",\"@id\":\"https:\/\/blogs.thesocialmedia.com\/leblogmoto\/2006\/04\/06\/qatar-la-motogp\/\",\"url\":\"https:\/\/blogs.thesocialmedia.com\/leblogmoto\/2006\/04\/06\/qatar-la-motogp\/\",\"name\":\"QATAR: La MotoGP entre dans la nuit - leblogmoto.com\",\"isPartOf\":{\"@id\":\"https:\/\/blogs.thesocialmedia.com\/leblogmoto\/#website\"},\"primaryImageOfPage\":{\"@id\":\"https:\/\/blogs.thesocialmedia.com\/leblogmoto\/2006\/04\/06\/qatar-la-motogp\/#primaryimage\"},\"image\":{\"@id\":\"https:\/\/blogs.thesocialmedia.com\/leblogmoto\/2006\/04\/06\/qatar-la-motogp\/#primaryimage\"},\"thumbnailUrl\":\"http:\/\/www.leblogmoto.com\/images\/eclipse2084o52023620_jpg.jpg\",\"datePublished\":\"2006-04-06T21:14:15+00:00\",\"dateModified\":\"2012-07-11T14:19:17+00:00\",\"author\":{\"@id\":\"https:\/\/blogs.thesocialmedia.com\/leblogmoto\/#\/schema\/person\/1a1dcfc7cec206573105eb4af91155c2\"},\"breadcrumb\":{\"@id\":\"https:\/\/blogs.thesocialmedia.com\/leblogmoto\/2006\/04\/06\/qatar-la-motogp\/#breadcrumb\"},\"inLanguage\":\"fr-FR\",\"potentialAction\":[{\"@type\":\"ReadAction\",\"target\":[\"https:\/\/blogs.thesocialmedia.com\/leblogmoto\/2006\/04\/06\/qatar-la-motogp\/\"]}]},{\"@type\":\"ImageObject\",\"inLanguage\":\"fr-FR\",\"@id\":\"https:\/\/blogs.thesocialmedia.com\/leblogmoto\/2006\/04\/06\/qatar-la-motogp\/#primaryimage\",\"url\":\"http:\/\/www.leblogmoto.com\/images\/eclipse2084o52023620_jpg.jpg\",\"contentUrl\":\"http:\/\/www.leblogmoto.com\/images\/eclipse2084o52023620_jpg.jpg\"},{\"@type\":\"BreadcrumbList\",\"@id\":\"https:\/\/blogs.thesocialmedia.com\/leblogmoto\/2006\/04\/06\/qatar-la-motogp\/#breadcrumb\",\"itemListElement\":[{\"@type\":\"ListItem\",\"position\":1,\"name\":\"Accueil\",\"item\":\"https:\/\/blogs.thesocialmedia.com\/leblogmoto\/\"},{\"@type\":\"ListItem\",\"position\":2,\"name\":\"QATAR: La MotoGP entre dans la nuit\"}]},{\"@type\":\"WebSite\",\"@id\":\"https:\/\/blogs.thesocialmedia.com\/leblogmoto\/#website\",\"url\":\"https:\/\/blogs.thesocialmedia.com\/leblogmoto\/\",\"name\":\"leblogmoto\",\"description\":\"Toute l&#039;actualit\u00e9 des 2 roues\",\"potentialAction\":[{\"@type\":\"SearchAction\",\"target\":{\"@type\":\"EntryPoint\",\"urlTemplate\":\"https:\/\/blogs.thesocialmedia.com\/leblogmoto\/?s={search_term_string}\"},\"query-input\":{\"@type\":\"PropertyValueSpecification\",\"valueRequired\":true,\"valueName\":\"search_term_string\"}}],\"inLanguage\":\"fr-FR\"},{\"@type\":\"Person\",\"@id\":\"https:\/\/blogs.thesocialmedia.com\/leblogmoto\/#\/schema\/person\/1a1dcfc7cec206573105eb4af91155c2\",\"name\":\"andre leconde\",\"image\":{\"@type\":\"ImageObject\",\"inLanguage\":\"fr-FR\",\"@id\":\"https:\/\/blogs.thesocialmedia.com\/leblogmoto\/#\/schema\/person\/image\/\",\"url\":\"https:\/\/secure.gravatar.com\/avatar\/?s=96&d=mm&r=g\",\"contentUrl\":\"https:\/\/secure.gravatar.com\/avatar\/?s=96&d=mm&r=g\",\"caption\":\"andre leconde\"},\"url\":\"https:\/\/blogs.thesocialmedia.com\/leblogmoto\/author\/andre-leconde\/\"}]}<\/script>\n<!-- \/ Yoast SEO plugin. -->","yoast_head_json":{"title":"QATAR: La MotoGP entre dans la nuit - leblogmoto.com","robots":{"index":"index","follow":"follow","max-snippet":"max-snippet:-1","max-image-preview":"max-image-preview:large","max-video-preview":"max-video-preview:-1"},"canonical":"https:\/\/blogs.thesocialmedia.com\/leblogmoto\/2006\/04\/06\/qatar-la-motogp\/","twitter_card":"summary_large_image","twitter_title":"QATAR: La MotoGP entre dans la nuit - leblogmoto.com","twitter_description":"Il ne s&rsquo;\u00e9coulera sans doute pas longtemps avant que le premier GP moto nocturne de l&rsquo;Histoire ne se d\u00e9roule au milieu du d\u00e9sert du QATAR. L&rsquo;id\u00e9e a d\u00e9j\u00e0 \u00e9t\u00e9 evoqu\u00e9e et jaug\u00e9e par ROSSI lui-m\u00eame. Elle continue de faire son chemin. A peine les s\u00e9ances d&rsquo;essais de ce Jeudi 6 avril termin\u00e9es, ROBERTS Jr, CAPIROSSI [&hellip;]","twitter_image":"http:\/\/www.leblogmoto.com\/images\/eclipse2084o52023620_jpg.jpg","twitter_misc":{"\u00c9crit par":"andre leconde","Dur\u00e9e de lecture estim\u00e9e":"1 minute"},"schema":{"@context":"https:\/\/schema.org","@graph":[{"@type":"WebPage","@id":"https:\/\/blogs.thesocialmedia.com\/leblogmoto\/2006\/04\/06\/qatar-la-motogp\/","url":"https:\/\/blogs.thesocialmedia.com\/leblogmoto\/2006\/04\/06\/qatar-la-motogp\/","name":"QATAR: La MotoGP entre dans la nuit - leblogmoto.com","isPartOf":{"@id":"https:\/\/blogs.thesocialmedia.com\/leblogmoto\/#website"},"primaryImageOfPage":{"@id":"https:\/\/blogs.thesocialmedia.com\/leblogmoto\/2006\/04\/06\/qatar-la-motogp\/#primaryimage"},"image":{"@id":"https:\/\/blogs.thesocialmedia.com\/leblogmoto\/2006\/04\/06\/qatar-la-motogp\/#primaryimage"},"thumbnailUrl":"http:\/\/www.leblogmoto.com\/images\/eclipse2084o52023620_jpg.jpg","datePublished":"2006-04-06T21:14:15+00:00","dateModified":"2012-07-11T14:19:17+00:00","author":{"@id":"https:\/\/blogs.thesocialmedia.com\/leblogmoto\/#\/schema\/person\/1a1dcfc7cec206573105eb4af91155c2"},"breadcrumb":{"@id":"https:\/\/blogs.thesocialmedia.com\/leblogmoto\/2006\/04\/06\/qatar-la-motogp\/#breadcrumb"},"inLanguage":"fr-FR","potentialAction":[{"@type":"ReadAction","target":["https:\/\/blogs.thesocialmedia.com\/leblogmoto\/2006\/04\/06\/qatar-la-motogp\/"]}]},{"@type":"ImageObject","inLanguage":"fr-FR","@id":"https:\/\/blogs.thesocialmedia.com\/leblogmoto\/2006\/04\/06\/qatar-la-motogp\/#primaryimage","url":"http:\/\/www.leblogmoto.com\/images\/eclipse2084o52023620_jpg.jpg","contentUrl":"http:\/\/www.leblogmoto.com\/images\/eclipse2084o52023620_jpg.jpg"},{"@type":"BreadcrumbList","@id":"https:\/\/blogs.thesocialmedia.com\/leblogmoto\/2006\/04\/06\/qatar-la-motogp\/#breadcrumb","itemListElement":[{"@type":"ListItem","position":1,"name":"Accueil","item":"https:\/\/blogs.thesocialmedia.com\/leblogmoto\/"},{"@type":"ListItem","position":2,"name":"QATAR: La MotoGP entre dans la nuit"}]},{"@type":"WebSite","@id":"https:\/\/blogs.thesocialmedia.com\/leblogmoto\/#website","url":"https:\/\/blogs.thesocialmedia.com\/leblogmoto\/","name":"leblogmoto","description":"Toute l&#039;actualit\u00e9 des 2 roues","potentialAction":[{"@type":"SearchAction","target":{"@type":"EntryPoint","urlTemplate":"https:\/\/blogs.thesocialmedia.com\/leblogmoto\/?s={search_term_string}"},"query-input":{"@type":"PropertyValueSpecification","valueRequired":true,"valueName":"search_term_string"}}],"inLanguage":"fr-FR"},{"@type":"Person","@id":"https:\/\/blogs.thesocialmedia.com\/leblogmoto\/#\/schema\/person\/1a1dcfc7cec206573105eb4af91155c2","name":"andre leconde","image":{"@type":"ImageObject","inLanguage":"fr-FR","@id":"https:\/\/blogs.thesocialmedia.com\/leblogmoto\/#\/schema\/person\/image\/","url":"https:\/\/secure.gravatar.com\/avatar\/?s=96&d=mm&r=g","contentUrl":"https:\/\/secure.gravatar.com\/avatar\/?s=96&d=mm&r=g","caption":"andre leconde"},"url":"https:\/\/blogs.thesocialmedia.com\/leblogmoto\/author\/andre-leconde\/"}]}},"_links":{"self":[{"href":"https:\/\/blogs.thesocialmedia.com\/leblogmoto\/wp-json\/wp\/v2\/posts\/1941","targetHints":{"allow":["GET"]}}],"collection":[{"href":"https:\/\/blogs.thesocialmedia.com\/leblogmoto\/wp-json\/wp\/v2\/posts"}],"about":[{"href":"https:\/\/blogs.thesocialmedia.com\/leblogmoto\/wp-json\/wp\/v2\/types\/post"}],"author":[{"embeddable":true,"href":"https:\/\/blogs.thesocialmedia.com\/leblogmoto\/wp-json\/wp\/v2\/users\/336"}],"replies":[{"embeddable":true,"href":"https:\/\/blogs.thesocialmedia.com\/leblogmoto\/wp-json\/wp\/v2\/comments?post=1941"}],"version-history":[{"count":2,"href":"https:\/\/blogs.thesocialmedia.com\/leblogmoto\/wp-json\/wp\/v2\/posts\/1941\/revisions"}],"predecessor-version":[{"id":7270,"href":"https:\/\/blogs.thesocialmedia.com\/leblogmoto\/wp-json\/wp\/v2\/posts\/1941\/revisions\/7270"}],"wp:attachment":[{"href":"https:\/\/blogs.thesocialmedia.com\/leblogmoto\/wp-json\/wp\/v2\/media?parent=1941"}],"wp:term":[{"taxonomy":"category","embeddable":true,"href":"https:\/\/blogs.thesocialmedia.com\/leblogmoto\/wp-json\/wp\/v2\/categories?post=1941"},{"taxonomy":"post_tag","embeddable":true,"href":"https:\/\/blogs.thesocialmedia.com\/leblogmoto\/wp-json\/wp\/v2\/tags?post=1941"}],"curies":[{"name":"wp","href":"https:\/\/api.w.org\/{rel}","templated":true}]}}