{"id":1942,"date":"2006-04-06T19:19:57","date_gmt":"2006-04-06T19:19:57","guid":{"rendered":"http:\/\/blogs.thesocialmedia.com\/leblogmoto\/2006\/04\/06\/motogp-qatar-st\/"},"modified":"2012-07-11T14:19:15","modified_gmt":"2012-07-11T14:19:15","slug":"motogp-qatar-st","status":"publish","type":"post","link":"https:\/\/blogs.thesocialmedia.com\/leblogmoto\/2006\/04\/06\/motogp-qatar-st\/","title":{"rendered":"MOTOGP QATAR: STONER malgr\u00e9 ROBERTS Jr"},"content":{"rendered":"<p><a href=\"http:\/\/blogs.thesocialmedia.com\/leblogmoto\/files\/2012\/07\/caseyaction.jpg\"><img loading=\"lazy\" decoding=\"async\" height=\"166\" alt=\"Caseyaction\" src=\"http:\/\/www.leblogmoto.com\/images\/caseyaction.jpg\" width=\"250\"  \/><\/a>La premi\u00e8re journ\u00e9e Qatarie a rendu son verdict, avant les s\u00e9ances de demain dont l&rsquo;issue devrait d\u00e9finitivement sceller la grille de d\u00e9part. Si le dernier exercice de ce Jeudi a permis \u00e0 <strong>Kenny ROBERTS Jr<\/strong> de conclure en t\u00eate avec la KR211V familiale, c&rsquo;est n\u00e9anmoins <strong>STONER<\/strong> qui a fait la plus grosse impression.<\/p>\n<p>Le rookie australien, au guidon de la <strong>HONDA<\/strong> de l&rsquo;\u00e9curie <a href=\"http:\/\/www.leblogmoto.com\/2005\/12\/les_dernires_ne.html\">LCR<\/a> non moins r\u00e9cente dans la cat\u00e9gorie, a \u00e9t\u00e9 des plus constants au cours de ces essais, ne c\u00e9dant son leadership \u00e0 l&rsquo;Am\u00e9ricain que pour un malheureux milli\u00e8me. La <a href=\"http:\/\/www.leblogmoto.com\/2006\/03\/la_dorna_monte__1.html\">vague jeune<\/a> continue de d\u00e9ferler&#8230;&nbsp; &nbsp;&nbsp; &nbsp;<\/p>\n<p><a href=\"http:\/\/clabedan.typepad.com\/.shared\/image.html?\/photos\/uncategorized\/g06bdepu116.jpg\"><\/a><a href=\"http:\/\/clabedan.typepad.com\/.shared\/image.html?\/photos\/uncategorized\/kennyroberts.jpg\"><img loading=\"lazy\" decoding=\"async\" height=\"168\" alt=\"Kennyroberts\" src=\"http:\/\/www.leblogmoto.com\/images\/kennyroberts.jpg\" width=\"250\"  \/><\/a>Meilleur chrono de la premi\u00e8re s\u00e9ance, deuxi\u00e8me \u00e0 tout juste un milli\u00e8me de la seconde qu&rsquo;il tenait bien en main, <strong>Casey STONER<\/strong> a impressionn\u00e9 sur le circuit de LOSAIL. Avec un <strong>ROBERTS Jr<\/strong>, dont il faudra attendre v\u00e9ritablement demain pour savoir s&rsquo;il conna\u00eet une r\u00e9surrection, ou si sa prestation n&rsquo;est que la cons\u00e9quence d&rsquo;un r\u00e9flexe post-mortem, il est le seul \u00e0 \u00eatre descendu sous la barre des <strong>1&rsquo;57<\/strong>.<\/p>\n<p>Ni <strong>MELANDRI<\/strong>, ni <strong>EDWARDS<\/strong>, et encore moins le duo italien <a href=\"http:\/\/www.leblogmoto.com\/2006\/03\/motogp_que_demo.html\">CAPIROSSI<\/a> et <a href=\"http:\/\/www.leblogmoto.com\/2006\/03\/yamaha_mobilisa.html\">ROSSI<\/a> qui suivent dans cet ordre n&rsquo;ont r\u00e9ussi cette performance. Septi\u00e8me et huiti\u00e8me, <a href=\"http:\/\/www.leblogmoto.com\/2006\/03\/pedrosa_dj_outs.html\">PEDROSA<\/a> et <strong>ELIAS<\/strong> devancent <strong>HAYDEN<\/strong> et <strong>GIBERNAU,<\/strong> d\u00e9montrant la r\u00e9alit\u00e9 d&rsquo;un changement en cours dans la cat\u00e9gorie reine de la vitesse. M\u00eame VERMEULEN a devanc\u00e9 son a\u00een\u00e9 HOPKINS, les SUZ pointant douzi\u00e8me et quatorzi\u00e8me, encadrant la KAWA de <strong>NAKANO<\/strong>. <\/p>\n<p><a href=\"http:\/\/clabedan.typepad.com\/.shared\/image.html?\/photos\/uncategorized\/g06bdepu116_1.jpg\"><img loading=\"lazy\" decoding=\"async\" height=\"165\" alt=\"G06bdepu116_1\" src=\"http:\/\/www.leblogmoto.com\/images\/g06bdepu116_1.jpg\" width=\"250\"  \/><\/a>Reste que dans ce concert de rookie, <strong>DE PUNIET<\/strong> n&rsquo;y fait pas encore entendre sa voix. La faute \u00e0 la vilaine blessure \u00e0 la main contract\u00e9e lors du warm-up de JEREZ. <\/p>\n<p>F\u00e2cheux, mais il faut serrer les dents en esp\u00e9rant des jours meilleurs&#8230;&nbsp; &nbsp;&nbsp; <\/p>\n","protected":false},"excerpt":{"rendered":"<p>La premi\u00e8re journ\u00e9e Qatarie a rendu son verdict, avant les s\u00e9ances de demain dont l&rsquo;issue devrait d\u00e9finitivement sceller la grille de d\u00e9part. Si le dernier exercice de ce Jeudi a permis \u00e0 Kenny ROBERTS Jr de conclure en t\u00eate avec la KR211V familiale, c&rsquo;est n\u00e9anmoins STONER qui a fait la plus grosse impression. Le rookie [&hellip;]<\/p>\n","protected":false},"author":336,"featured_media":0,"comment_status":"open","ping_status":"open","sticky":false,"template":"","format":"standard","meta":{"footnotes":""},"categories":[22,32],"tags":[],"class_list":["post-1942","post","type-post","status-publish","format-standard","hentry","category-motogp","category-sport-moto"],"yoast_head":"<!-- This site is optimized with the Yoast SEO plugin v26.0 - https:\/\/yoast.com\/wordpress\/plugins\/seo\/ -->\n<title>MOTOGP QATAR: STONER malgr\u00e9 ROBERTS Jr - leblogmoto.com<\/title>\n<meta name=\"robots\" content=\"index, follow, max-snippet:-1, max-image-preview:large, max-video-preview:-1\" \/>\n<link rel=\"canonical\" href=\"https:\/\/blogs.thesocialmedia.com\/leblogmoto\/2006\/04\/06\/motogp-qatar-st\/\" \/>\n<meta name=\"twitter:card\" content=\"summary_large_image\" \/>\n<meta name=\"twitter:title\" content=\"MOTOGP QATAR: STONER malgr\u00e9 ROBERTS Jr - leblogmoto.com\" \/>\n<meta name=\"twitter:description\" content=\"La premi\u00e8re journ\u00e9e Qatarie a rendu son verdict, avant les s\u00e9ances de demain dont l&rsquo;issue devrait d\u00e9finitivement sceller la grille de d\u00e9part. Si le dernier exercice de ce Jeudi a permis \u00e0 Kenny ROBERTS Jr de conclure en t\u00eate avec la KR211V familiale, c&rsquo;est n\u00e9anmoins STONER qui a fait la plus grosse impression. Le rookie [&hellip;]\" \/>\n<meta name=\"twitter:image\" content=\"http:\/\/www.leblogmoto.com\/images\/caseyaction.jpg\" \/>\n<meta name=\"twitter:label1\" content=\"\u00c9crit par\" \/>\n\t<meta name=\"twitter:data1\" content=\"andre leconde\" \/>\n\t<meta name=\"twitter:label2\" content=\"Dur\u00e9e de lecture estim\u00e9e\" \/>\n\t<meta name=\"twitter:data2\" content=\"2 minutes\" \/>\n<script type=\"application\/ld+json\" class=\"yoast-schema-graph\">{\"@context\":\"https:\/\/schema.org\",\"@graph\":[{\"@type\":\"WebPage\",\"@id\":\"https:\/\/blogs.thesocialmedia.com\/leblogmoto\/2006\/04\/06\/motogp-qatar-st\/\",\"url\":\"https:\/\/blogs.thesocialmedia.com\/leblogmoto\/2006\/04\/06\/motogp-qatar-st\/\",\"name\":\"MOTOGP QATAR: STONER malgr\u00e9 ROBERTS Jr - leblogmoto.com\",\"isPartOf\":{\"@id\":\"https:\/\/blogs.thesocialmedia.com\/leblogmoto\/#website\"},\"primaryImageOfPage\":{\"@id\":\"https:\/\/blogs.thesocialmedia.com\/leblogmoto\/2006\/04\/06\/motogp-qatar-st\/#primaryimage\"},\"image\":{\"@id\":\"https:\/\/blogs.thesocialmedia.com\/leblogmoto\/2006\/04\/06\/motogp-qatar-st\/#primaryimage\"},\"thumbnailUrl\":\"http:\/\/www.leblogmoto.com\/images\/caseyaction.jpg\",\"datePublished\":\"2006-04-06T19:19:57+00:00\",\"dateModified\":\"2012-07-11T14:19:15+00:00\",\"author\":{\"@id\":\"https:\/\/blogs.thesocialmedia.com\/leblogmoto\/#\/schema\/person\/1a1dcfc7cec206573105eb4af91155c2\"},\"breadcrumb\":{\"@id\":\"https:\/\/blogs.thesocialmedia.com\/leblogmoto\/2006\/04\/06\/motogp-qatar-st\/#breadcrumb\"},\"inLanguage\":\"fr-FR\",\"potentialAction\":[{\"@type\":\"ReadAction\",\"target\":[\"https:\/\/blogs.thesocialmedia.com\/leblogmoto\/2006\/04\/06\/motogp-qatar-st\/\"]}]},{\"@type\":\"ImageObject\",\"inLanguage\":\"fr-FR\",\"@id\":\"https:\/\/blogs.thesocialmedia.com\/leblogmoto\/2006\/04\/06\/motogp-qatar-st\/#primaryimage\",\"url\":\"http:\/\/www.leblogmoto.com\/images\/caseyaction.jpg\",\"contentUrl\":\"http:\/\/www.leblogmoto.com\/images\/caseyaction.jpg\"},{\"@type\":\"BreadcrumbList\",\"@id\":\"https:\/\/blogs.thesocialmedia.com\/leblogmoto\/2006\/04\/06\/motogp-qatar-st\/#breadcrumb\",\"itemListElement\":[{\"@type\":\"ListItem\",\"position\":1,\"name\":\"Accueil\",\"item\":\"https:\/\/blogs.thesocialmedia.com\/leblogmoto\/\"},{\"@type\":\"ListItem\",\"position\":2,\"name\":\"MOTOGP QATAR: STONER malgr\u00e9 ROBERTS Jr\"}]},{\"@type\":\"WebSite\",\"@id\":\"https:\/\/blogs.thesocialmedia.com\/leblogmoto\/#website\",\"url\":\"https:\/\/blogs.thesocialmedia.com\/leblogmoto\/\",\"name\":\"leblogmoto\",\"description\":\"Toute l&#039;actualit\u00e9 des 2 roues\",\"potentialAction\":[{\"@type\":\"SearchAction\",\"target\":{\"@type\":\"EntryPoint\",\"urlTemplate\":\"https:\/\/blogs.thesocialmedia.com\/leblogmoto\/?s={search_term_string}\"},\"query-input\":{\"@type\":\"PropertyValueSpecification\",\"valueRequired\":true,\"valueName\":\"search_term_string\"}}],\"inLanguage\":\"fr-FR\"},{\"@type\":\"Person\",\"@id\":\"https:\/\/blogs.thesocialmedia.com\/leblogmoto\/#\/schema\/person\/1a1dcfc7cec206573105eb4af91155c2\",\"name\":\"andre leconde\",\"image\":{\"@type\":\"ImageObject\",\"inLanguage\":\"fr-FR\",\"@id\":\"https:\/\/blogs.thesocialmedia.com\/leblogmoto\/#\/schema\/person\/image\/\",\"url\":\"https:\/\/secure.gravatar.com\/avatar\/?s=96&d=mm&r=g\",\"contentUrl\":\"https:\/\/secure.gravatar.com\/avatar\/?s=96&d=mm&r=g\",\"caption\":\"andre leconde\"},\"url\":\"https:\/\/blogs.thesocialmedia.com\/leblogmoto\/author\/andre-leconde\/\"}]}<\/script>\n<!-- \/ Yoast SEO plugin. -->","yoast_head_json":{"title":"MOTOGP QATAR: STONER malgr\u00e9 ROBERTS Jr - leblogmoto.com","robots":{"index":"index","follow":"follow","max-snippet":"max-snippet:-1","max-image-preview":"max-image-preview:large","max-video-preview":"max-video-preview:-1"},"canonical":"https:\/\/blogs.thesocialmedia.com\/leblogmoto\/2006\/04\/06\/motogp-qatar-st\/","twitter_card":"summary_large_image","twitter_title":"MOTOGP QATAR: STONER malgr\u00e9 ROBERTS Jr - leblogmoto.com","twitter_description":"La premi\u00e8re journ\u00e9e Qatarie a rendu son verdict, avant les s\u00e9ances de demain dont l&rsquo;issue devrait d\u00e9finitivement sceller la grille de d\u00e9part. Si le dernier exercice de ce Jeudi a permis \u00e0 Kenny ROBERTS Jr de conclure en t\u00eate avec la KR211V familiale, c&rsquo;est n\u00e9anmoins STONER qui a fait la plus grosse impression. Le rookie [&hellip;]","twitter_image":"http:\/\/www.leblogmoto.com\/images\/caseyaction.jpg","twitter_misc":{"\u00c9crit par":"andre leconde","Dur\u00e9e de lecture estim\u00e9e":"2 minutes"},"schema":{"@context":"https:\/\/schema.org","@graph":[{"@type":"WebPage","@id":"https:\/\/blogs.thesocialmedia.com\/leblogmoto\/2006\/04\/06\/motogp-qatar-st\/","url":"https:\/\/blogs.thesocialmedia.com\/leblogmoto\/2006\/04\/06\/motogp-qatar-st\/","name":"MOTOGP QATAR: STONER malgr\u00e9 ROBERTS Jr - leblogmoto.com","isPartOf":{"@id":"https:\/\/blogs.thesocialmedia.com\/leblogmoto\/#website"},"primaryImageOfPage":{"@id":"https:\/\/blogs.thesocialmedia.com\/leblogmoto\/2006\/04\/06\/motogp-qatar-st\/#primaryimage"},"image":{"@id":"https:\/\/blogs.thesocialmedia.com\/leblogmoto\/2006\/04\/06\/motogp-qatar-st\/#primaryimage"},"thumbnailUrl":"http:\/\/www.leblogmoto.com\/images\/caseyaction.jpg","datePublished":"2006-04-06T19:19:57+00:00","dateModified":"2012-07-11T14:19:15+00:00","author":{"@id":"https:\/\/blogs.thesocialmedia.com\/leblogmoto\/#\/schema\/person\/1a1dcfc7cec206573105eb4af91155c2"},"breadcrumb":{"@id":"https:\/\/blogs.thesocialmedia.com\/leblogmoto\/2006\/04\/06\/motogp-qatar-st\/#breadcrumb"},"inLanguage":"fr-FR","potentialAction":[{"@type":"ReadAction","target":["https:\/\/blogs.thesocialmedia.com\/leblogmoto\/2006\/04\/06\/motogp-qatar-st\/"]}]},{"@type":"ImageObject","inLanguage":"fr-FR","@id":"https:\/\/blogs.thesocialmedia.com\/leblogmoto\/2006\/04\/06\/motogp-qatar-st\/#primaryimage","url":"http:\/\/www.leblogmoto.com\/images\/caseyaction.jpg","contentUrl":"http:\/\/www.leblogmoto.com\/images\/caseyaction.jpg"},{"@type":"BreadcrumbList","@id":"https:\/\/blogs.thesocialmedia.com\/leblogmoto\/2006\/04\/06\/motogp-qatar-st\/#breadcrumb","itemListElement":[{"@type":"ListItem","position":1,"name":"Accueil","item":"https:\/\/blogs.thesocialmedia.com\/leblogmoto\/"},{"@type":"ListItem","position":2,"name":"MOTOGP QATAR: STONER malgr\u00e9 ROBERTS Jr"}]},{"@type":"WebSite","@id":"https:\/\/blogs.thesocialmedia.com\/leblogmoto\/#website","url":"https:\/\/blogs.thesocialmedia.com\/leblogmoto\/","name":"leblogmoto","description":"Toute l&#039;actualit\u00e9 des 2 roues","potentialAction":[{"@type":"SearchAction","target":{"@type":"EntryPoint","urlTemplate":"https:\/\/blogs.thesocialmedia.com\/leblogmoto\/?s={search_term_string}"},"query-input":{"@type":"PropertyValueSpecification","valueRequired":true,"valueName":"search_term_string"}}],"inLanguage":"fr-FR"},{"@type":"Person","@id":"https:\/\/blogs.thesocialmedia.com\/leblogmoto\/#\/schema\/person\/1a1dcfc7cec206573105eb4af91155c2","name":"andre leconde","image":{"@type":"ImageObject","inLanguage":"fr-FR","@id":"https:\/\/blogs.thesocialmedia.com\/leblogmoto\/#\/schema\/person\/image\/","url":"https:\/\/secure.gravatar.com\/avatar\/?s=96&d=mm&r=g","contentUrl":"https:\/\/secure.gravatar.com\/avatar\/?s=96&d=mm&r=g","caption":"andre leconde"},"url":"https:\/\/blogs.thesocialmedia.com\/leblogmoto\/author\/andre-leconde\/"}]}},"_links":{"self":[{"href":"https:\/\/blogs.thesocialmedia.com\/leblogmoto\/wp-json\/wp\/v2\/posts\/1942","targetHints":{"allow":["GET"]}}],"collection":[{"href":"https:\/\/blogs.thesocialmedia.com\/leblogmoto\/wp-json\/wp\/v2\/posts"}],"about":[{"href":"https:\/\/blogs.thesocialmedia.com\/leblogmoto\/wp-json\/wp\/v2\/types\/post"}],"author":[{"embeddable":true,"href":"https:\/\/blogs.thesocialmedia.com\/leblogmoto\/wp-json\/wp\/v2\/users\/336"}],"replies":[{"embeddable":true,"href":"https:\/\/blogs.thesocialmedia.com\/leblogmoto\/wp-json\/wp\/v2\/comments?post=1942"}],"version-history":[{"count":2,"href":"https:\/\/blogs.thesocialmedia.com\/leblogmoto\/wp-json\/wp\/v2\/posts\/1942\/revisions"}],"predecessor-version":[{"id":7268,"href":"https:\/\/blogs.thesocialmedia.com\/leblogmoto\/wp-json\/wp\/v2\/posts\/1942\/revisions\/7268"}],"wp:attachment":[{"href":"https:\/\/blogs.thesocialmedia.com\/leblogmoto\/wp-json\/wp\/v2\/media?parent=1942"}],"wp:term":[{"taxonomy":"category","embeddable":true,"href":"https:\/\/blogs.thesocialmedia.com\/leblogmoto\/wp-json\/wp\/v2\/categories?post=1942"},{"taxonomy":"post_tag","embeddable":true,"href":"https:\/\/blogs.thesocialmedia.com\/leblogmoto\/wp-json\/wp\/v2\/tags?post=1942"}],"curies":[{"name":"wp","href":"https:\/\/api.w.org\/{rel}","templated":true}]}}